{"id":1065,"date":"2016-02-13T12:49:45","date_gmt":"2016-02-13T12:49:45","guid":{"rendered":"http:\/\/blog.causeur.fr\/bonnetdane\/?p=1065"},"modified":"2021-04-22T18:49:39","modified_gmt":"2021-04-22T16:49:39","slug":"confession-dun-enseignant-du-siecle-passe","status":"publish","type":"post","link":"https:\/\/blog.causeur.fr\/bonnetdane\/confession-dun-enseignant-du-siecle-passe-1065","title":{"rendered":"Confession d&rsquo;un enseignant du si\u00e8cle pass\u00e9"},"content":{"rendered":"<p>Dois-je l\u2019avouer ? J\u2019ai toujours pratiqu\u00e9 les Enseignements Pratiques Interdisciplinaires, noyau dur de la r\u00e9forme du coll\u00e8ge. Simplement, je n&rsquo;\u00e9tais pas au courant. J\u2019\u00e9tais comme Monsieur Jourdain, qui faisait de la prose sans le savoir.<br \/>\nJ\u2019ai enseign\u00e9 cinq ans au coll\u00e8ge du Neubourg, dans l\u2019Eure \u2014 vers la fin des ann\u00e9es 1970, au moment o\u00f9 Giscard faisait basculer l\u2019enseignement de premier cycle dans cette merveilleuse invention de la droite la plus b\u00eate du monde, le \u00ab coll\u00e8ge unique \u00bb.<br \/>\nC\u2019est l\u00e0 que j\u2019ai p\u00e9ch\u00e9 \u2014 et plusieurs fois \u2014 contre la transmission verticale des savoirs.<br \/>\nFaisons notre examen de conscience.<\/p>\n<p>Mes \u00e9l\u00e8ves (essentiellement des enfants de travailleurs agricoles, les gens chics envoyaient leur prog\u00e9niture dans le priv\u00e9 \u00e0 Evreux) avaient des niveaux fort disparates, et un destin social plus ou moins dessin\u00e9 \u00e0 l\u2019avance \u2014 l\u2019entreprise locale, ce sont les abattoirs, parmi les plus grands de France, nous allions parfois le visiter (programme : voir ses parents sur leur lieu de travail afin de rapprocher l\u2019\u00e9cole et l\u2019entreprise, etc.) et je rentrais \u00e0 Paris \u2014 o\u00f9 j\u2019habitais \u2014 avec sur moi une odeur de sang qui me permettait d\u2019avoir toute la place dans le turbo-train Evreux-Saint-Lazare. Bref, de pauvres gosses attachants, en exil int\u00e9rieur, si je puis ainsi m\u2019exprimer.<br \/>\nJ\u2019eus donc l\u2019id\u00e9e de les faire travailler sur <em>West Side Story<\/em>.<br \/>\nJe rappelle que cela se passait \u00e0 une \u00e9poque o\u00f9 les projections de films n\u2019existaient pas : les magn\u00e9toscopes \u00e9taient alors si rares que le gouvernement n\u2019avait pas encore pens\u00e9 \u00e0 les bloquer \u00e0 Poitiers, comme jadis les Arabes (on tresse aujourd\u2019hui des guirlandes d\u2019hommages \u00e0 Laurent Fabius, il faut quand m\u00eame se rappeler qu\u2019il a atteint, en 1982, comme ministre du Budget, <a href=\"http:\/\/www.leconomiste.eu\/decryptage-economie\/368-laurent-fabius-contre-les-magnetoscopes-japonais.html\">les tr\u00e9fonds du ridicule tricolore<\/a>). Sans aucun mat\u00e9riel \u2014 j\u2019amenais de Paris chaque jour un lecteur de cassettes (je vous parle d\u2019un temps que les moins de trente ans ne peuvent pas conna\u00eetre) et c\u2019est ainsi que je fis \u00e9couter \u00e0 ma classe de Troisi\u00e8me le chef d\u2019\u0153uvre de Robert Wise et Jerome Robbins \u2014 sans l\u2019image, ce qui est un comble pour un film.<br \/>\nEn collaboration \u2014 et c\u2019est l\u00e0 que commence ma faute, ma tr\u00e8s grande faute \u2014 avec une prof d\u2019anglais que je salue tr\u00e8s bas, si jamais elle tombait sur cette chronique. Parce qu\u2019elle le m\u00e9rite.<br \/>\nPremier acte : choisir deux chansons dont on pourrait exploiter la trame \u2014 en l\u2019occurrence \u00ab <a href=\"https:\/\/www.youtube.com\/watch?v=Qy6wo2wpT2k\">America<\/a> \u00bb et \u00ab <a href=\"https:\/\/www.youtube.com\/watch?v=j7TT4jnnWys\">Gee, Officer Krupke<\/a> \u00bb.<br \/>\nCela se passa en quatre temps.<br \/>\nD\u2019abord, lire (et apprendre, et interpr\u00e9ter) <a href=\"http:\/\/www.westsidestory.com\/site\/level2\/lyrics\/krupke.html\">la chanson en anglais<\/a> \u2014 et ce ne fut pas simple, Internet n&rsquo;existait pas, le vocabulaire et l\u2019accent chicanos \u00e9taient loin d\u2019\u00eatre faciles \u00e0 identifier. Par exemple :<\/p>\n<p><em>Dear kindly Sergeant Krupke,<\/em><br \/>\n<em> You gotta understand,<\/em><br \/>\n<em> It&rsquo;s just our bringin&rsquo; up-ke<\/em><br \/>\n<em> That gets us out of hand.<\/em><br \/>\n<em> Our mothers all are junkies,<\/em><br \/>\n<em> Our fathers all are drunks.<\/em><br \/>\n<em> Golly Moses, natcherly we&rsquo;re punks!<\/em><\/p>\n<p><em>Gee, Officer Krupke, we&rsquo;re very upset;<\/em><br \/>\n<em> We never had the love that ev&rsquo;ry child oughta get.<\/em><br \/>\n<em> We ain&rsquo;t no delinquents,<\/em><br \/>\n<em> We&rsquo;re misunderstood.<\/em><br \/>\n<em> Deep down inside us there is good!<\/em><\/p>\n<p><em>There is good!<\/em><br \/>\n<em> There is good, there is good,<\/em><br \/>\n<em> There is untapped good!<\/em><br \/>\n<em> Like inside, the worst of us is good!<\/em><\/p>\n<p>And so on\u2026<\/p>\n<p>Cela permit aux gosses d\u2019apprendre quelques expressions rares dans les manuels de l\u2019\u00e9poque \u2014 par exemple :<\/p>\n<p><em>Dear kindly Judge, your Honor,<\/em><br \/>\n<em> My parents treat me rough.<\/em><br \/>\n<em> With all their marijuana,<\/em><br \/>\n<em> They won&rsquo;t give me a puff.<\/em><br \/>\n<em> They didn&rsquo;t wanna have me,<\/em><br \/>\n<em> But somehow I was had.<\/em><br \/>\n<em> Leapin&rsquo; lizards! That&rsquo;s why I&rsquo;m so bad!<\/em><\/p>\n<p><em>A puff<\/em> ! O\u00f9 auraient-ils appris \u00e7a ? Pas dans le <em>Vocabulaire anglais<\/em> d\u2019Aim\u00e9 Janicot\u2026<\/p>\n<p>Second temps, traduire en fran\u00e7ais \u2014 d\u2019abord litt\u00e9ralement, puis en po\u00e9tisant la traduction, enfin en int\u00e9grant des m\u00e8tres et des rimes. Cela permit d\u2019\u00e9tudier les r\u00e8gles de versification.<br \/>\nDes essais tent\u00e9s par les uns et les autres, nous tir\u00e2mes une version unique et satisfaisante.<\/p>\n<p>Restait \u00e0 s\u2019approprier (z\u2019avez vu comme je parle bien la langue p\u00e9dagogole ?) les textes. Je les incitai donc \u00e0 transposer l\u2019univers des Portoricains du film dans la sph\u00e8re paysanne normande \u2014 et les r\u00e9sultats furent souvent hilarants.<br \/>\nSurtout quand nous pass\u00e2mes \u00e0 la derni\u00e8re \u00e9tape \u2014 chanter en ch\u0153ur l\u2019adaptation parfaitement infid\u00e8le \u00e0 laquelle nous \u00e9tions parvenus.<br \/>\nNous avons beaucoup ri, et appris deux ou trois choses en parall\u00e8le \u2014 l\u2019histoire de Rom\u00e9o et Juliette, par exemple.<\/p>\n<p>C\u2019\u00e9tait vers 1978 ou 79. Depuis, ce genre d\u2019initiatives a fait flor\u00e8s. Il y a dix ans, une amie prof d\u2019anglais a brav\u00e9 les consignes si intelligentes, lumineuses et ambitieuses de l\u2019Inspection d\u2019anglais et a fait \u00e9tudier le vrai Rom\u00e9o et Juliette \u00e0 ses \u00e9l\u00e8ves de Troisi\u00e8me \u2014 en anglais. Langue, th\u00e9\u00e2tre et \u00ab vivre-ensemble \u00bb \u2014 parce qu\u2019ils ont fini par importer dans la cour de r\u00e9cr\u00e9 le sinjures du cher vieux Williams : \u00ab God damn your bloody eyes \u00bb, c\u2019est quand m\u00eame mieux que \u00ab Putain d\u2019ta m\u00e8re ! \u00bb<br \/>\nDu coup, l\u2019Ouest de la France s\u2019est d\u00e9cha\u00een\u00e9 \u2014 jusqu\u2019\u00e0 travailler sur <a href=\"http:\/\/www.ouest-france.fr\/bretagne\/douarnenez-29100\/ouest-side-story-par-des-collegiens-de-j-m-le-bris-2647465\"><em>Ouest Side story<\/em> <\/a>en 2014.<br \/>\nEt tous ces gens qui ignoraient qu\u2019ils pratiquaient les EPI\u2026 Qui m\u00eame osaient monter \u00e7a sur leurs heures, et en apprenant vraiment quelque chose \u00e0 leurs \u00e9l\u00e8ves\u2026 Sans en r\u00e9f\u00e9rer rue de Grenelle aupr\u00e8s de M\u2019dam\u2019 Robine !<br \/>\nQuel culot !<\/p>\n<p>Le coll\u00e8ge du Neubourg a consid\u00e9rablement aiguis\u00e9 mes instincts p\u00e9dagogiques. Peu de temps apr\u00e8s mon \u00e9quip\u00e9e chez Jerome Robbins, j&rsquo;ai fait composer aux \u00e9l\u00e8ves une s\u00e9rie de publicit\u00e9s immobili\u00e8res parodiques pour vendre le coll\u00e8ge en affichant \u2014 par des photos prises en N&amp;B par votre serviteur \u2014 ce que leur lieu d&rsquo;enseignement pouvait avoir de moins affriolant \u2014 \u00e0 vrai dire, j&rsquo;esp\u00e8re qu&rsquo;il a \u00e9t\u00e9 raval\u00e9 depuis, parce qu&rsquo;\u00e0 l&rsquo;\u00e9poque, il ressemblait \u00e0 une \u00e9cole primaire marseillaise du XV\u00e8me arrondissement. Nous en f\u00eemes un immense panneau, install\u00e9 dans le couloir central de l&rsquo;administration la veille d&rsquo;une journ\u00e9e portes ouvertes\u2026 M\u00eame que je m&rsquo;y \u00e9tais figur\u00e9 moi-m\u00eamen en photo-montage \u2014 non sans narcissisme d\u00e9cal\u00e9\u2026<a href=\"http:\/\/blog.causeur.fr\/bonnetdane\/files\/2016\/02\/Capture-d\u2019\u00e9cran-2016-02-13-\u00e0-14.55.50.png\"><img loading=\"lazy\" decoding=\"async\" class=\"aligncenter size-full wp-image-1072\" src=\"http:\/\/blog.causeur.fr\/bonnetdane\/files\/2016\/02\/Capture-d\u2019\u00e9cran-2016-02-13-\u00e0-14.55.50.png\" alt=\"\" width=\"865\" height=\"464\" srcset=\"https:\/\/blog.causeur.fr\/bonnetdane\/wp-content\/uploads\/sites\/25\/2016\/02\/Capture-d\u2019\u00e9cran-2016-02-13-\u00e0-14.55.50.png 865w, https:\/\/blog.causeur.fr\/bonnetdane\/wp-content\/uploads\/sites\/25\/2016\/02\/Capture-d\u2019\u00e9cran-2016-02-13-\u00e0-14.55.50-300x160.png 300w\" sizes=\"auto, (max-width: 865px) 100vw, 865px\" \/><\/a><\/p>\n<p>&nbsp;<\/p>\n<p>Aveu suppl\u00e9mentaire : j\u2019ai r\u00e9cidiv\u00e9 \u00e0 maintes reprises, au cours de ma carri\u00e8re \u2014 et encore ce mois-ci (bon, une pr\u00e9pa n\u2019est pas un coll\u00e8ge, mais c\u2019est le principe qui compte). Les \u00e9l\u00e8ves bossant en Histoire le XX\u00e8me si\u00e8cle, j\u2019ai s\u00e9lectionn\u00e9 la guerre d\u2019Espagne, choisi de travailler sur <em>les Grands cimeti\u00e8res sous la lune<\/em>, l\u2019admirable pamphlet de Bernanos (mais si, mais si, il y a des \u00e9crivains de droite qui d\u00e9bordent de talent \u2014 surtout \u00e0 cette \u00e9poque !) \u2014 ce qui a permis \u00e0 ma coll\u00e8gue d\u2019espagnol, adroitement sollicit\u00e9e et, je dois dire, admirablement r\u00e9ceptive, de leur faire un topo g\u00e9n\u00e9ral sur la question. Et plus r\u00e9cemment un r\u00e9pertoire des formes espagnoles atteintes de gallicismes et de syntaxe fran\u00e7aise entach\u00e9e d\u2019espagnolades dans <em>Pas pleurer<\/em>, le Goncourt 2014, o\u00f9 Lydie Salvayre (prompt r\u00e9tablissement, si jamais elle me lit) met en sc\u00e8ne sa m\u00e8re, Catalane de naissance et exil\u00e9e depuis 1936, et qui n\u2019a jamais tout \u00e0 fait appris le \u00ab bon \u00bb fran\u00e7ais, mais d\u00e9sappris en partie l\u2019espagnol \u2014 jeu subtil et fort plaisant.<br \/>\nAjoutez \u00e0 \u00e7a la diffusion (on a des lecteurs de DVD \u00e0 pr\u00e9sent) de <em>Pour qui sonne le glas<\/em> et de <em>l\u2019Espoir<\/em>, avec expos\u00e9s concomitants, et analyse du tableau incontournable de Picasso. P*** de b*** de m***, je fais de l\u2019interdisciplinarit\u00e9 \u00e0 moi tout seul !<\/p>\n<p>Tout cela pour dire\u2026<br \/>\nDire qu\u2019un enseignant n\u2019a pas besoin qu\u2019un obscur bureaucrate (je cherche \u00e0 savoir qui a eu l\u2019id\u00e9e de cette r\u00e9forme imb\u00e9cile, et je finirai bien par le d\u00e9couvrir \u2014 tout le monde comprend bien que ce n\u2019est pas NVB, qui ne conna\u00eet de l\u2019EN que ce que ses conseillers, qui en ignorent tout, lui en disent, qui a eu toute seule cette id\u00e9e lumineuse) lui dise ce qu\u2019il a \u00e0 faire pour int\u00e9resser ses \u00e9l\u00e8ves. Ni l\u2019obliger \u00e0 travailler avec des coll\u00e8gues qu\u2019il n\u2019appr\u00e9cie pas forc\u00e9ment \u2014 je travaille plus l&rsquo;humour noir que l\u2019amour universel. C\u2019est juste une question de formation \u2014 et c\u2019est certainement l\u00e0 que le b\u00e2t blesse le plus. Mais si l\u2019on explique \u00e0 des enseignants comment ils peuvent s\u2019\u00e9clater tout en faisant passer des savoirs r\u00e9els, croyez-moi, ils pr\u00e9f\u00e8reront \u00e7a aux s\u00e9ances interminables de vente de la r\u00e9forme, qui ont un co\u00fbt pour un rapport al\u00e9atoire \u2014 restons poli.<\/p>\n<p>Jean-Paul Brighelli<\/p>\n","protected":false},"excerpt":{"rendered":"<p>Dois-je l\u2019avouer ? J\u2019ai toujours pratiqu\u00e9 les Enseignements Pratiques Interdisciplinaires, noyau dur de la r\u00e9forme du coll\u00e8ge. Simplement, je n&rsquo;\u00e9tais pas au courant. J\u2019\u00e9tais comme Monsieur Jourdain, qui faisait de la prose sans le savoir. J\u2019ai enseign\u00e9 cinq ans au coll\u00e8ge du Neubourg, dans l\u2019Eure \u2014 vers la fin des ann\u00e9es 1970, au moment o\u00f9 [&hellip;]<\/p>\n","protected":false},"author":6,"featured_media":0,"comment_status":"open","ping_status":"open","sticky":false,"template":"","format":"standard","meta":{"footnotes":""},"categories":[1],"tags":[907,609,909,908],"class_list":{"0":"post-1065","1":"post","2":"type-post","3":"status-publish","4":"format-standard","6":"category-non-classe","7":"tag-epi","8":"tag-interdisciplinarite","9":"tag-romeo-et-juliette","10":"tag-west-side-story"},"_links":{"self":[{"href":"https:\/\/blog.causeur.fr\/bonnetdane\/wp-json\/wp\/v2\/posts\/1065","targetHints":{"allow":["GET"]}}],"collection":[{"href":"https:\/\/blog.causeur.fr\/bonnetdane\/wp-json\/wp\/v2\/posts"}],"about":[{"href":"https:\/\/blog.causeur.fr\/bonnetdane\/wp-json\/wp\/v2\/types\/post"}],"author":[{"embeddable":true,"href":"https:\/\/blog.causeur.fr\/bonnetdane\/wp-json\/wp\/v2\/users\/6"}],"replies":[{"embeddable":true,"href":"https:\/\/blog.causeur.fr\/bonnetdane\/wp-json\/wp\/v2\/comments?post=1065"}],"version-history":[{"count":0,"href":"https:\/\/blog.causeur.fr\/bonnetdane\/wp-json\/wp\/v2\/posts\/1065\/revisions"}],"wp:attachment":[{"href":"https:\/\/blog.causeur.fr\/bonnetdane\/wp-json\/wp\/v2\/media?parent=1065"}],"wp:term":[{"taxonomy":"category","embeddable":true,"href":"https:\/\/blog.causeur.fr\/bonnetdane\/wp-json\/wp\/v2\/categories?post=1065"},{"taxonomy":"post_tag","embeddable":true,"href":"https:\/\/blog.causeur.fr\/bonnetdane\/wp-json\/wp\/v2\/tags?post=1065"}],"curies":[{"name":"wp","href":"https:\/\/api.w.org\/{rel}","templated":true}]}}