{"id":1069,"date":"2016-02-20T14:16:04","date_gmt":"2016-02-20T14:16:04","guid":{"rendered":"http:\/\/blog.causeur.fr\/bonnetdane\/?p=1069"},"modified":"2021-04-22T18:49:39","modified_gmt":"2021-04-22T16:49:39","slug":"fleur-et-couronnes-tombeau-pour-eco","status":"publish","type":"post","link":"https:\/\/blog.causeur.fr\/bonnetdane\/fleur-et-couronnes-tombeau-pour-eco-1069","title":{"rendered":"\u00ab\u00a0Fleur\u00a0\u00bb et couronnes : tombeau pour Eco"},"content":{"rendered":"<p>Fleur Pellerin, qu\u2019on ne saurait me soup\u00e7onner <a href=\"http:\/\/www.causeur.fr\/pellerin-modiano-29937.html\">d\u2019avoir \u00e9pargn\u00e9e<\/a> quand elle \u00e9tait ministre, mais qui est partie de la rue de Valois avec une classe folle, a tweet\u00e9, t\u00f4t ce matin, le plus joli des hommages abondamment vers\u00e9s sur la fosse d\u00e9j\u00e0 ouverte d\u2019Umberto Eco :<a href=\"http:\/\/blog.causeur.fr\/bonnetdane\/files\/2016\/02\/Capture-d\u2019\u00e9cran-2016-02-20-\u00e0-14.12.58.png\"><img loading=\"lazy\" decoding=\"async\" class=\"aligncenter size-full wp-image-1074\" src=\"http:\/\/blog.causeur.fr\/bonnetdane\/files\/2016\/02\/Capture-d\u2019\u00e9cran-2016-02-20-\u00e0-14.12.58.png\" alt=\"\" width=\"506\" height=\"181\" srcset=\"https:\/\/blog.causeur.fr\/bonnetdane\/wp-content\/uploads\/sites\/25\/2016\/02\/Capture-d\u2019\u00e9cran-2016-02-20-\u00e0-14.12.58.png 506w, https:\/\/blog.causeur.fr\/bonnetdane\/wp-content\/uploads\/sites\/25\/2016\/02\/Capture-d\u2019\u00e9cran-2016-02-20-\u00e0-14.12.58-300x107.png 300w\" sizes=\"auto, (max-width: 506px) 100vw, 506px\" \/><\/a><\/p>\n<p>Et comme elle lit manifestement Bonnetdane, elle a rendu hommage aussi \u00e0 <a href=\"http:\/\/blog.causeur.fr\/bonnetdane\/la-septieme-fonction-du-langage-001043.html\">une chronique r\u00e9cente sur le livre de Laurent Binet<\/a>, dont Eco \u00e9tait le h\u00e9ros supr\u00eame, l\u2019\u00e9couilleur en chef, le grand manitou de l\u2019intellect \u2014 elle lit donc depuis qu\u2019elle n\u2019est plus ministre :<a href=\"http:\/\/blog.causeur.fr\/bonnetdane\/files\/2016\/02\/Capture-d\u2019\u00e9cran-2016-02-20-\u00e0-14.13.20.png\"><img loading=\"lazy\" decoding=\"async\" class=\"aligncenter size-full wp-image-1075\" src=\"http:\/\/blog.causeur.fr\/bonnetdane\/files\/2016\/02\/Capture-d\u2019\u00e9cran-2016-02-20-\u00e0-14.13.20.png\" alt=\"\" width=\"491\" height=\"163\" srcset=\"https:\/\/blog.causeur.fr\/bonnetdane\/wp-content\/uploads\/sites\/25\/2016\/02\/Capture-d\u2019\u00e9cran-2016-02-20-\u00e0-14.13.20.png 491w, https:\/\/blog.causeur.fr\/bonnetdane\/wp-content\/uploads\/sites\/25\/2016\/02\/Capture-d\u2019\u00e9cran-2016-02-20-\u00e0-14.13.20-300x99.png 300w\" sizes=\"auto, (max-width: 491px) 100vw, 491px\" \/><\/a><\/p>\n<p>Pendant ce temps, Sarko se fendait d\u2019une r\u00e9action empes\u00e9e et color\u00e9e d\u2019une vilaine faute d\u2019orthographe \u2014 il devrait m&#8217;embaucher comme \u00ab\u00a0plume\u00a0\u00bb, tiens :<a href=\"http:\/\/blog.causeur.fr\/bonnetdane\/files\/2016\/02\/Capture-d\u2019\u00e9cran-2016-02-20-\u00e0-14.13.51.png\"><img loading=\"lazy\" decoding=\"async\" class=\"aligncenter size-full wp-image-1076\" src=\"http:\/\/blog.causeur.fr\/bonnetdane\/files\/2016\/02\/Capture-d\u2019\u00e9cran-2016-02-20-\u00e0-14.13.51.png\" alt=\"\" width=\"560\" height=\"138\" srcset=\"https:\/\/blog.causeur.fr\/bonnetdane\/wp-content\/uploads\/sites\/25\/2016\/02\/Capture-d\u2019\u00e9cran-2016-02-20-\u00e0-14.13.51.png 560w, https:\/\/blog.causeur.fr\/bonnetdane\/wp-content\/uploads\/sites\/25\/2016\/02\/Capture-d\u2019\u00e9cran-2016-02-20-\u00e0-14.13.51-300x73.png 300w\" sizes=\"auto, (max-width: 560px) 100vw, 560px\" \/><\/a><\/p>\n<p><a href=\"http:\/\/blog.causeur.fr\/bonnetdane\/files\/2016\/02\/12745489_903138706473566_5121668786294762074_n.jpg\"><img loading=\"lazy\" decoding=\"async\" class=\"aligncenter size-medium wp-image-1080\" src=\"http:\/\/blog.causeur.fr\/bonnetdane\/files\/2016\/02\/12745489_903138706473566_5121668786294762074_n-300x300.jpg\" alt=\"\" width=\"300\" height=\"300\" srcset=\"https:\/\/blog.causeur.fr\/bonnetdane\/wp-content\/uploads\/sites\/25\/2016\/02\/12745489_903138706473566_5121668786294762074_n-300x300.jpg 300w, https:\/\/blog.causeur.fr\/bonnetdane\/wp-content\/uploads\/sites\/25\/2016\/02\/12745489_903138706473566_5121668786294762074_n-150x150.jpg 150w, https:\/\/blog.causeur.fr\/bonnetdane\/wp-content\/uploads\/sites\/25\/2016\/02\/12745489_903138706473566_5121668786294762074_n.jpg 960w\" sizes=\"auto, (max-width: 300px) 100vw, 300px\" \/><\/a><\/p>\n<p>Je ne veux pas m\u2019appesantir \u00e0 un \u00e9ni\u00e8me hommage \u2014 je me rappelle trop le \u00ab Tombeau d\u2019Edgar Poe \u00bb, o\u00f9 Mallarm\u00e9 se moquait du monolithe que l\u2019on venait de poser sur la tombe du g\u00e9nial Am\u00e9ricain :<br \/>\n\u00ab Calme bloc ici-bas chu d\u2019un d\u00e9sastre obscur,<br \/>\nQue ce granit au moins montre \u00e0 jamais sa borne<br \/>\nAux noirs vols du blasph\u00e8me \u00e9pars dans le futur. \u00bb<\/p>\n<p>Et ma foi, Eco a pass\u00e9 sa vie \u00e0 cela : contrarier les imb\u00e9ciles (c\u2019est la traduction en langage courant du dernier vers du cher St\u00e9phane). Je lui dois l\u2019une de mes premi\u00e8res \u00e9motions s\u00e9miologique, lorsque vers 13 ans je lus dans la revue <em>Communications<\/em> (n\u00b08) <a href=\"http:\/\/www.persee.fr\/doc\/comm_0588-8018_1966_num_8_1_1116\">son analyse<\/a> de la \u00ab combinatoire narrative \u00bb de James Bond. Un linguiste (je d\u00e9couvrais \u00e0 peu pr\u00e8s le mot) qui donnait du sens \u00e0 Ian Fleming et le prenait au s\u00e9rieux ne pouvait \u00eatre mauvais.<br \/>\nPlus tard, \u00e9tudiant, j\u2019ai accumul\u00e9 les dettes \u00e0 son \u00e9gard \u2014 et voici que je ne pourrai jamais les rembourser. Il a \u00e9t\u00e9 l\u2019un des premiers \u00e0 analyser la part que le lecteur apportait \u00e0 l\u2019\u0153uvre, m\u00eame la plus \u00ab ferm\u00e9e \u00bb (<em><a href=\"https:\/\/www.lettres-et-arts.net\/notions-techniques-definitions\/poetique-oeuvre-ouverte-umberto-eco+76\">l\u2019\u0152uvre ouverte<\/a><\/em>, 1962, et <em><a href=\"http:\/\/litterature.ens-lyon.fr\/litterature\/dossiers\/theories-litteraires\/reception\/eco\">Lector in fabula<\/a><\/em>, 1979). \u00c0 la m\u00eame \u00e9poque, je me livrais \u00e0 des essais de parodies litt\u00e9raires, que j\u2019ai d\u00e9finitivement abandonn\u00e9s quand a paru <em>Pastiches et postiches<\/em> (1963-1996, prolong\u00e9 par <em>Comment voyager avec un saumon<\/em>, 1992-1998) : un grand esprit ouvre le v\u00f4tre, et en m\u00eame temps il st\u00e9rilise vos pr\u00e9tentions futiles \u00e0 penser. Je recommande aux avides lecteurs sa parodie du d\u00e9but de <em>Lolita<\/em>\u00a0\u2014 que je rappelle pour m\u00e9moire :<br \/>\n\u00a0\u00bb Lolita, lumi\u00e8re de ma vie, feu de mes reins. Mon p\u00e9ch\u00e9, mon \u00e2me. Lo-lii-ta : le bout de la langue fait trois petits pas le long du palais pour taper, \u00e0 trois reprises, contre les dents. Lo. Lii. Ta.<br \/>\nLe matin, elle \u00e9tait Lo, simplement Lo, avec son m\u00e8tre quarante-six et son unique chaussette. Elle \u00e9tait Lola en pantalon. Elle \u00e9tait Dolly \u00e0 l&rsquo;\u00e9cole. Elle \u00e9tait Dolor\u00e8s sur les pointill\u00e9s. Mais dans mes bras, elle \u00e9tait toujours Lolita. \u00a0\u00bb<\/p>\n<p>Devenu sous la plume alerte de cet aimable barbu que l\u2019on ne trouvait jamais autrement que souriant, \u00ab Nonita \u00bb (je rappelle qu\u2019<em>una nona<\/em>, c\u2019est une grand-m\u00e8re \u2014 un \u00ab puma \u00bb, dirait l\u2019industrie pornographique) :<\/p>\n<p>\u00ab\u00a0Nonita. Fiore della mia adolescenza, angoscia delle mie notti. Potr\u00f2 mai rivederti. Nonita. Nonita. Nonita. Tre sillabe, come una negazione fatta di dolcezza: No. Ni. Ta. Nonita che io possa ricordarti sinch\u00e9 la tua immagine non sar\u00e0 tenebra e il tuo luogo sepolcro.\u00a0\u00bb<\/p>\n<p>Bien s\u00fbr, pas besoin de traduire \u2014 il \u00e9crivait en italien mais il parlait tant de langues que le fran\u00e7ais, l\u2019anglais ou le latin transparaissent en palimpseste dans le moindre de ses \u00e9crits.<\/p>\n<p>Il avait compris qu\u2019il y a bien plus \u00e0 dire de la laideur que de la beaut\u00e9 \u2014 mais il a publi\u00e9 quand m\u00eame une Histoire de l\u2019une et de l\u2019autre qui forment l\u2019un des plus beaux couples de livres jamais lanc\u00e9 sur le march\u00e9 de l\u2019art \u2014 disponibles en coffret, heureux veinards\u2026<a href=\"http:\/\/blog.causeur.fr\/bonnetdane\/files\/2016\/02\/histoire-de-la-beaut\u00e9-histoire-de-la-laideur-coffret-2-volumes.jpg\"><img loading=\"lazy\" decoding=\"async\" class=\"aligncenter size-full wp-image-1077\" src=\"http:\/\/blog.causeur.fr\/bonnetdane\/files\/2016\/02\/histoire-de-la-beaut\u00e9-histoire-de-la-laideur-coffret-2-volumes.jpg\" alt=\"\" width=\"458\" height=\"312\" srcset=\"https:\/\/blog.causeur.fr\/bonnetdane\/wp-content\/uploads\/sites\/25\/2016\/02\/histoire-de-la-beaut\u00e9-histoire-de-la-laideur-coffret-2-volumes.jpg 458w, https:\/\/blog.causeur.fr\/bonnetdane\/wp-content\/uploads\/sites\/25\/2016\/02\/histoire-de-la-beaut\u00e9-histoire-de-la-laideur-coffret-2-volumes-300x204.jpg 300w\" sizes=\"auto, (max-width: 458px) 100vw, 458px\" \/><\/a><\/p>\n<p>Et ce vieillard quelque peu libidineux illuminant sa trogne \u00e0 la lumi\u00e8re de sa belle captive, ma foi, je serais bien tent\u00e9 de l&rsquo;y reconna\u00eetre.<\/p>\n<p>Je m\u2019aper\u00e7ois que je ne parle pas de ses romans. L\u00e0 aussi, c\u2019\u00e9tait un plaisir de suivre, dans les d\u00e9luges d\u2019une \u00e9rudition titanesque, le jeu qu\u2019il entretenait avec la litt\u00e9rature (parce que si vous ne vous amusez pas en lisant \/ en \u00e9crivant, lancez-vous dans la culture des navets). Bien s\u00fbr, \u00ab Guillaume de Baskerville \u00bb dans <em>le Nom de la rose<\/em>, renvoie \u00e0 Conan Doyle. Bien s\u00fbr, sa d\u00e9duction sur le trajet qu\u2019a emprunt\u00e9 la jument \u00e9gar\u00e9e de l\u2019abb\u00e9, au d\u00e9but, est une allusion \u00e0 l&rsquo;enqu\u00eate sur une chienne perdue dans\u00a0<em>Zadig<\/em>. Mais dans la liste des livres de l\u2019infernale biblioth\u00e8que de l\u2019abbaye \u2014 sans doute le d\u00e9cor le plus piran\u00e9sien \/ borg\u00e9sien de toutes la litt\u00e9rature \u2014 se dissimule un <em>De modo ridendo<\/em> attribu\u00e9 \u00e0 Alcofribas Nasier \u2014 le pseudonyme anagrammatique de Fran\u00e7ois Rabelais pour Pantagruel. C\u2019est \u00e0 cette capacit\u00e9 virtuose \u00e0 jouer avec la langue, les livres et la chronologie que l\u2019on reconna\u00eet le grand, le tr\u00e8s grand \u00e9crivain.<\/p>\n<p>Je ne veux pas lasser le lecteur en enfouissant pr\u00e9matur\u00e9ment le grand homme \u2014 d\u2019autres s\u2019en chargent depuis ce matin. Je me contenterai de reprendre cette magnifique formule de Lucien Jerphagnon (je crois) : \u00ab Il n\u2019est pas mort, il fait semblant \u00bb.<\/p>\n<p>Jean-Paul Brighelli<a href=\"http:\/\/blog.causeur.fr\/bonnetdane\/files\/2016\/02\/AVT_Umberto-Eco_1946-1024x6171.jpg\"><img loading=\"lazy\" decoding=\"async\" class=\"aligncenter size-medium wp-image-1079\" src=\"http:\/\/blog.causeur.fr\/bonnetdane\/files\/2016\/02\/AVT_Umberto-Eco_1946-1024x6171-300x180.jpg\" alt=\"\" width=\"300\" height=\"180\" srcset=\"https:\/\/blog.causeur.fr\/bonnetdane\/wp-content\/uploads\/sites\/25\/2016\/02\/AVT_Umberto-Eco_1946-1024x6171-300x180.jpg 300w, https:\/\/blog.causeur.fr\/bonnetdane\/wp-content\/uploads\/sites\/25\/2016\/02\/AVT_Umberto-Eco_1946-1024x6171.jpg 1024w\" sizes=\"auto, (max-width: 300px) 100vw, 300px\" \/><\/a><\/p>\n<p>&nbsp;<\/p>\n","protected":false},"excerpt":{"rendered":"<p>Fleur Pellerin, qu\u2019on ne saurait me soup\u00e7onner d\u2019avoir \u00e9pargn\u00e9e quand elle \u00e9tait ministre, mais qui est partie de la rue de Valois avec une classe folle, a tweet\u00e9, t\u00f4t ce matin, le plus joli des hommages abondamment vers\u00e9s sur la fosse d\u00e9j\u00e0 ouverte d\u2019Umberto Eco : Et comme elle lit manifestement Bonnetdane, elle a rendu [&hellip;]<\/p>\n","protected":false},"author":6,"featured_media":0,"comment_status":"open","ping_status":"open","sticky":false,"template":"","format":"standard","meta":{"footnotes":""},"categories":[1],"tags":[464,910,913,911,912,216,640],"class_list":{"0":"post-1069","1":"post","2":"type-post","3":"status-publish","4":"format-standard","6":"category-non-classe","7":"tag-fleur-pellerin","8":"tag-loeuvre-ouverte","9":"tag-le-nom-de-la-rose","10":"tag-lector-in-fabula","11":"tag-pastiches-et-postiches","12":"tag-sarkozy","13":"tag-umberto-eco"},"_links":{"self":[{"href":"https:\/\/blog.causeur.fr\/bonnetdane\/wp-json\/wp\/v2\/posts\/1069","targetHints":{"allow":["GET"]}}],"collection":[{"href":"https:\/\/blog.causeur.fr\/bonnetdane\/wp-json\/wp\/v2\/posts"}],"about":[{"href":"https:\/\/blog.causeur.fr\/bonnetdane\/wp-json\/wp\/v2\/types\/post"}],"author":[{"embeddable":true,"href":"https:\/\/blog.causeur.fr\/bonnetdane\/wp-json\/wp\/v2\/users\/6"}],"replies":[{"embeddable":true,"href":"https:\/\/blog.causeur.fr\/bonnetdane\/wp-json\/wp\/v2\/comments?post=1069"}],"version-history":[{"count":0,"href":"https:\/\/blog.causeur.fr\/bonnetdane\/wp-json\/wp\/v2\/posts\/1069\/revisions"}],"wp:attachment":[{"href":"https:\/\/blog.causeur.fr\/bonnetdane\/wp-json\/wp\/v2\/media?parent=1069"}],"wp:term":[{"taxonomy":"category","embeddable":true,"href":"https:\/\/blog.causeur.fr\/bonnetdane\/wp-json\/wp\/v2\/categories?post=1069"},{"taxonomy":"post_tag","embeddable":true,"href":"https:\/\/blog.causeur.fr\/bonnetdane\/wp-json\/wp\/v2\/tags?post=1069"}],"curies":[{"name":"wp","href":"https:\/\/api.w.org\/{rel}","templated":true}]}}