{"id":1087,"date":"2016-03-07T06:26:41","date_gmt":"2016-03-07T06:26:41","guid":{"rendered":"http:\/\/blog.causeur.fr\/bonnetdane\/?p=1087"},"modified":"2021-04-22T18:49:39","modified_gmt":"2021-04-22T16:49:39","slug":"la-france-peau-de-chagrin","status":"publish","type":"post","link":"https:\/\/blog.causeur.fr\/bonnetdane\/la-france-peau-de-chagrin-1087","title":{"rendered":"La France (peau de) chagrin"},"content":{"rendered":"<p>\u00ab L\u2019id\u00e9ologie, \u00e9crivait Hannah Arendt, est un syst\u00e8me d\u2019explication de la vie et du monde qui se flatte de rendre compte de tout \u00e9v\u00e9nement pass\u00e9 ou futur sans faire autrement r\u00e9f\u00e9rence \u00e0 l\u2019exp\u00e9rience r\u00e9elle \u00bb, rappelle Alain Finkielkraut dans un <a href=\"http:\/\/www.causeur.fr\/finkielkraut-gauche-valls-orthographe-36722.html\">r\u00e9cent entretien<\/a> avec Elisabeth L\u00e9vy sur <em>RCJ<\/em> \u2014 entretien repris dans <em>Causeur<\/em> ce mois-ci, mais je m\u2019abstiendrai de conseiller aux fervents de ces chroniques de se plonger dans un magazine o\u00f9 Philippe Meirieu explique qu\u2019il a toujours d\u00e9fendu la culture et la p\u00e9dagogie de l\u2019excellence\u2026<br \/>\nElisabeth L\u00e9vy y avoue toutefois son \u00ab pincement de jalousie \u00bb \u00e0 l\u2019endroit de ses confr\u00e8res du <em>Point<\/em> qui avaient eu l\u2019id\u00e9e de leur titre sur \u00ab la gauche Finkielkraut \u00bb. Oxymore ? se demande le lecteur press\u00e9. Pas m\u00eame : dans le d\u00e9litement de l&rsquo;opposition Droite\/Gauche, il y a bien une vraie gauche dans ce pays, m\u00eame si il lui arrive de voter ailleurs, parce que le vote ne signifie plus rien : quand le temps est au gris et que les gens au caf\u00e9 tiennent des propos excessifs, je pense pour me r\u00e9conforter \u00e0 la t\u00eate que font aujourd\u2019hui tous ces gens qui ont vot\u00e9 Hollande en 2012 \u2014 et je ris, je ris, je ris\u2026<a href=\"http:\/\/blog.causeur.fr\/bonnetdane\/files\/2016\/03\/Capture-d\u2019\u00e9cran-2016-03-07-\u00e0-07.07.00.png\"><img loading=\"lazy\" decoding=\"async\" class=\"aligncenter size-full wp-image-1090\" src=\"http:\/\/blog.causeur.fr\/bonnetdane\/files\/2016\/03\/Capture-d\u2019\u00e9cran-2016-03-07-\u00e0-07.07.00.png\" alt=\"\" width=\"331\" height=\"121\" srcset=\"https:\/\/blog.causeur.fr\/bonnetdane\/wp-content\/uploads\/sites\/25\/2016\/03\/Capture-d\u2019\u00e9cran-2016-03-07-\u00e0-07.07.00.png 331w, https:\/\/blog.causeur.fr\/bonnetdane\/wp-content\/uploads\/sites\/25\/2016\/03\/Capture-d\u2019\u00e9cran-2016-03-07-\u00e0-07.07.00-300x109.png 300w\" sizes=\"auto, (max-width: 331px) 100vw, 331px\" \/><\/a><br \/>\nPrenons un exemple : o\u00f9 se situe le \u00ab <a href=\"http:\/\/comiteorwell.net\/\">Comit\u00e9 Orwell<\/a> \u00bb, qui rassemble tant de signatures diverses \u2014 sauf qu\u2019elles s\u2019accordent sur l\u2019ambition exprim\u00e9e par l\u2019auteur de 1984 : \u00ab Parler de libert\u00e9 n\u2019a de sens qu\u2019\u00e0 condition que ce soit la libert\u00e9 de dire aux gens ce qu\u2019ils n\u2019ont pas envie d\u2019entendre \u00bb. Quelqu\u2019un croit-il sinc\u00e8rement que Jean-Claude Mich\u00e9a, <a href=\"http:\/\/comiteorwell.net\/2016\/02\/26\/grand-entretien-de-jean-claude-michea\/\">longuement interview\u00e9 par le site<\/a>, est de droite ? Quelqu\u2019un doute-t-il de l\u2019engagement \u00e0 gauche de Natacha Polony, ex-candidate chev\u00e8nementiste en 2002 ? Qui peut croire que Caroline Fourest, parce qu\u2019elle dit des choses justes sur l\u2019Islam salafiste, est frontiste ?<br \/>\nAutant penser que Finkielkraut est subtilement antis\u00e9mite\u2026<br \/>\nSi quelqu\u2019un croit que ma pr\u00e9sence \u00e0 B\u00e9ziers le 16 mars prochain\u00a0est en contradiction avec ma pens\u00e9e profonde, qu\u2019il me le fasse savoir, je rectifierai ses propos sur le pr\u00e9 \u2014 h\u00e9las, on ne peut plus le faire, et nombre de courageux anonymes <a href=\"http:\/\/www.neoprofs.org\/t99857-jean-paul-brighelli-debout-la-france-donne-une-conference-chez-robert-menard\">se d\u00e9cha\u00eenent donc \u00e7\u00e0 et l\u00e0<\/a> contre moi \u2014 et contre Finkielkraut, Polony, Mich\u00e9a et consorts. \u00ab On ne va pas \u00e0 B\u00e9ziers \u00bb, s\u2019exclament ces belles consciences. Comme on ne va pas \u00e0 Orange, ni \u00e0 H\u00e9nin-Beaumont, ni \u00e0 Fr\u00e9jus, ni \u00e0 Hayange.<br \/>\nNi bient\u00f4t \u00e0 Marseille, quand Jean-Claude Gaudin, qui n\u2019est pas bien vaillant, aura laiss\u00e9 sa place \u00e0\u2026 \u00e0 qui, \u00e0 votre avis ?<br \/>\nJ\u2019\u00e9tais \u00e0 Ajaccio il y a huit jours : on ne m\u2019a rien dit, que je sache, et pourtant j\u2019y ai tenu le langage de la v\u00e9rit\u00e9 \u2014 celle qui est inaudible aux belles consciences des bobos. Ajaccio on peut (c\u2019est limite, notez bien, depuis que certains Corses se livrent \u00e0 des ratonnades que j\u2019ai <a href=\"http:\/\/www.lefigaro.fr\/vox\/politique\/2015\/12\/30\/31001-20151230ARTFIG00183-jean-paul-brighelli-depuis-giscard-le-gouvernement-francais-n-a-cesse-de-reculer-en-corse.php\">fustig\u00e9es sans m\u00e9nagement<\/a>, et <a href=\"http:\/\/www.lefigaro.fr\/vox\/societe\/2016\/02\/16\/31003-20160216ARTFIG00158-tensions-en-corse-misere-du-football-nationalisme-le-coup-de-gueule-de-jean-paul-brighelli.php\">deux fois plut\u00f4t qu\u2019une<\/a>), et B\u00e9ziers on ne peut pas ! Mais j\u2019irais dans une municipalit\u00e9 hollandiste aussi bien, expliquer les impasses de la r\u00e9forme du coll\u00e8ge et les mensonges de la la\u00efcit\u00e9 am\u00e9nag\u00e9e ! J&rsquo;irais en Tunisie ou en Alg\u00e9rie expliquer que le fondamentalisme religieux est une h\u00e9r\u00e9sie ! Quelqu\u2019un croit-il que je puisse avoir peur ?<\/p>\n<p>\u00c7a me rappelle les ann\u00e9es 1960, quand on interdisait aux belles consciences d\u2019aller en vacances dans l\u2019Espagne franquiste ou en Gr\u00e8ce colonelle \u2014 ni en Afrique du Sud apartheid, ni en Isra\u00ebl sioniste, ni aux Etats-Unis imp\u00e9rialistes, ni-ni. Europe parcellaire, et univers \u00e0 trous. Comment d\u2019ailleurs pouvions-nous subsister dans une France aussi d\u00e9sesp\u00e9r\u00e9ment gaulliste ?<br \/>\nMais justement \u2014 je vais y revenir.<br \/>\nLa France de ces belles consciences est une France de plus en plus mit\u00e9e. Une France qui se racornit \u00e0 quelques pr\u00e9s carr\u00e9s. O\u00f9 diable iront-ils bient\u00f4t, tous ces beaux donneurs de le\u00e7ons ? \u00c0 qui serreront-ils la main ? Le FN, c\u2019est au minimum 30% des voix : je leur conseille de demander \u00e0 leur boulanger un certificat de bonne vie et m\u0153urs de gauche avant de lui acheter une baguette.<br \/>\nJe dis \u00ab de gauche \u00bb, mais en m\u00eame temps, ils vilipendent la politique <a href=\"http:\/\/www.neoprofs.org\/t47476-francois-hollande-est-elu?highlight=Hollande\">pour laquelle ils ont vot\u00e9<\/a>. Faudrait savoir, les mecs : cocus et pas contents ? Ah bon, vous n\u2019aviez pas vot\u00e9 pour la r\u00e9forme du coll\u00e8ge, ni pour les lois sur le travail, ni pour l\u2019aberrante politique \u00e9trang\u00e8re de l\u2019actuel gouvernement, ni pour\u2026 Ni-ni est le petit fr\u00e8re de Oui-Oui !<\/p>\n<p>Faisons comme le conseillait Hannah Arendt, et revenons-en au r\u00e9el.<br \/>\nDans les ann\u00e9es 1960, le r\u00e9el, c\u2019\u00e9tait De Gaulle. Je l\u2019ai suffisamment combattu, \u00e0 l\u2019\u00e9poque, pour ne pas avoir \u00e0 fournir de certificat de gauchisme. Mais je l\u2019ai combattu pour de bonnes raisons \u2014 l\u2019incapacit\u00e9 \u00e0 parler aux enfants du baby-boom, le simplisme de croire qu\u2019un plongeon dans la piscine de Nanterre allait r\u00e9gler les questions que posait le Mouvement du 22 mars, ou de penser qu\u2019une r\u00e9forme suffirait pour apaiser la chienlit. Je n\u2019ai pas combattu la vision d\u2019une France forte, qui savait se tenir face aux Sovi\u00e9tiques et face aux Am\u00e9ricains, une France qui avait su liquider la question alg\u00e9rienne sans s\u2019illusionner sur une victoire qui ne r\u00e9glait rien (parce que l\u2019arm\u00e9e avait gagn\u00e9 la guerre, mais n\u2019aurait pas gagn\u00e9 la paix), une France du France et du Concorde, une Nation et non le petit tas de gel\u00e9e tremblotante que les politiques successives d\u2019aplatissement devant Bruxelles et Berlin ont fait de nous. Tout comme j&rsquo;ai combattu la vraie extr\u00eame-droite, les vrais fachos \u2014 le <a href=\"https:\/\/nidieuxnimaitrenpoitou.wordpress.com\/2013\/04\/20\/21-juin-1973-lattaque-de-la-mutu-appogee-de-lantifascisme-radical-ou-victoire-de-la-bourgeoisie\/\">21 juin 1973, par exemple<\/a>. O\u00f9 \u00e9taient-ils, \u00e0 l&rsquo;\u00e9poque, les donneurs de le\u00e7ons d&rsquo;aujourd&rsquo;hui ? Dans quel trou de rat \u2014 ou de lapin ? Robert M\u00e9nard, \u00e0 l&rsquo;\u00e9poque, \u00e9tait \u00e0 la LCR. Les hollandistes d&rsquo;aujourd&rsquo;hui, les belles consciences donneuses de le\u00e7ons, devraient se demander pourquoi tant d&rsquo;anciens gauchistes se prononcent aujourd&rsquo;hui pour la France \u2014 contre <em>leur<\/em> France.<\/p>\n<p>Il faut restaurer une France forte (toute allusion \u00e0 un slogan sarkozyste est ind\u00e9pendante de ma volont\u00e9), une France qui donnera un id\u00e9al \u00e0 des jeunes que nous ne savons plus int\u00e9grer, et auxquels nous apprendrons des <em>savoirs<\/em> au lieu de les noyer sous les <em>comp\u00e9tences<\/em> \u2014 parce que les savoirs savamment distill\u00e9s suffisent \u00e0 cr\u00e9er ce \u00ab vivre-ensemble \u00bb dont on nous parle tant depuis qu\u2019il est devenu si difficile \u00e0 vivre. Une France la\u00efque o\u00f9 les religions auront toute leur place \u2014 \u00e0 la maison. Une France unifi\u00e9e, et non une France truff\u00e9e de zones blanches sous pr\u00e9texte que \u00e7\u00e0 et l\u00e0 des citoyens fran\u00e7ais votent mal.<br \/>\nAlors oui, je vais \u00e0 B\u00e9ziers comme je vais partout o\u00f9 l\u2019on m\u2019invite \u2014 parce que je ne m\u2019interdis rien de cette France actuelle qui est mienne, qui est n\u00f4tre \u2014 et ceux qui voudraient me donner des le\u00e7ons peuvent se les carrer dans l\u2019h\u00e9misph\u00e8re sud \u2014 par o\u00f9 ils pensent.<\/p>\n<p>Jean-Paul Brighelli<\/p>\n","protected":false},"excerpt":{"rendered":"<p>\u00ab L\u2019id\u00e9ologie, \u00e9crivait Hannah Arendt, est un syst\u00e8me d\u2019explication de la vie et du monde qui se flatte de rendre compte de tout \u00e9v\u00e9nement pass\u00e9 ou futur sans faire autrement r\u00e9f\u00e9rence \u00e0 l\u2019exp\u00e9rience r\u00e9elle \u00bb, rappelle Alain Finkielkraut dans un r\u00e9cent entretien avec Elisabeth L\u00e9vy sur RCJ \u2014 entretien repris dans Causeur ce mois-ci, mais [&hellip;]<\/p>\n","protected":false},"author":6,"featured_media":0,"comment_status":"open","ping_status":"open","sticky":false,"template":"","format":"standard","meta":{"footnotes":""},"categories":[1],"tags":[924,925,161,555,926,652,794],"class_list":{"0":"post-1087","1":"post","2":"type-post","3":"status-publish","4":"format-standard","6":"category-non-classe","7":"tag-beziers","8":"tag-de-gaulle","9":"tag-finkielkraut","10":"tag-france","11":"tag-gauche-droite","12":"tag-michea","13":"tag-polony"},"_links":{"self":[{"href":"https:\/\/blog.causeur.fr\/bonnetdane\/wp-json\/wp\/v2\/posts\/1087","targetHints":{"allow":["GET"]}}],"collection":[{"href":"https:\/\/blog.causeur.fr\/bonnetdane\/wp-json\/wp\/v2\/posts"}],"about":[{"href":"https:\/\/blog.causeur.fr\/bonnetdane\/wp-json\/wp\/v2\/types\/post"}],"author":[{"embeddable":true,"href":"https:\/\/blog.causeur.fr\/bonnetdane\/wp-json\/wp\/v2\/users\/6"}],"replies":[{"embeddable":true,"href":"https:\/\/blog.causeur.fr\/bonnetdane\/wp-json\/wp\/v2\/comments?post=1087"}],"version-history":[{"count":0,"href":"https:\/\/blog.causeur.fr\/bonnetdane\/wp-json\/wp\/v2\/posts\/1087\/revisions"}],"wp:attachment":[{"href":"https:\/\/blog.causeur.fr\/bonnetdane\/wp-json\/wp\/v2\/media?parent=1087"}],"wp:term":[{"taxonomy":"category","embeddable":true,"href":"https:\/\/blog.causeur.fr\/bonnetdane\/wp-json\/wp\/v2\/categories?post=1087"},{"taxonomy":"post_tag","embeddable":true,"href":"https:\/\/blog.causeur.fr\/bonnetdane\/wp-json\/wp\/v2\/tags?post=1087"}],"curies":[{"name":"wp","href":"https:\/\/api.w.org\/{rel}","templated":true}]}}