{"id":1099,"date":"2016-03-20T06:55:37","date_gmt":"2016-03-20T06:55:37","guid":{"rendered":"http:\/\/blog.causeur.fr\/bonnetdane\/?p=1099"},"modified":"2021-04-22T18:49:39","modified_gmt":"2021-04-22T16:49:39","slug":"turqueries","status":"publish","type":"post","link":"https:\/\/blog.causeur.fr\/bonnetdane\/turqueries-1099","title":{"rendered":"Turqueries"},"content":{"rendered":"<p>Pacha, ce n\u2019est pas du tout ce que vous croyez.<br \/>\nVous en \u00e9tiez rest\u00e9s au pacifique Haroun el-Poussah, calife de Bagdad sans cesse menac\u00e9 par les men\u00e9es de l\u2019ignoble vizir Iznogoud. Un pacha d\u00e9bonnaire, enfonc\u00e9 dans son sopha, plus port\u00e9 sur la sieste que sur le pal.<a href=\"http:\/\/blog.causeur.fr\/bonnetdane\/files\/2016\/03\/untitlehhd.jpg\"><img loading=\"lazy\" decoding=\"async\" class=\"aligncenter size-full wp-image-1102\" src=\"http:\/\/blog.causeur.fr\/bonnetdane\/files\/2016\/03\/untitlehhd.jpg\" alt=\"\" width=\"488\" height=\"276\" srcset=\"https:\/\/blog.causeur.fr\/bonnetdane\/wp-content\/uploads\/sites\/25\/2016\/03\/untitlehhd.jpg 488w, https:\/\/blog.causeur.fr\/bonnetdane\/wp-content\/uploads\/sites\/25\/2016\/03\/untitlehhd-300x169.jpg 300w\" sizes=\"auto, (max-width: 488px) 100vw, 488px\" \/><\/a> Mais c\u2019\u00e9tait dans les ann\u00e9es 1960, sous la plume conjointe de Tabary et de Goscinny. Des Turcs \u00e0 l\u2019\u00e9poque on ne savait pas grand-chose, sinon ce qu\u2019en racontait la tradition scolaire \u2014 les \u00ab turqueries \u00bb sont un genre en vogue entre 1660 et 1750, en gros du <em>Bourgeois gentilhomme<\/em> aux portraits de la Pompadour puis de la Du Barry en sultanes sous le pinceau de Van Loo,<a href=\"http:\/\/blog.causeur.fr\/bonnetdane\/files\/2016\/03\/726px-C._van_Loo_Sultane.jpg\"><img loading=\"lazy\" decoding=\"async\" class=\"aligncenter size-full wp-image-1103\" src=\"http:\/\/blog.causeur.fr\/bonnetdane\/files\/2016\/03\/726px-C._van_Loo_Sultane.jpg\" alt=\"\" width=\"726\" height=\"600\" srcset=\"https:\/\/blog.causeur.fr\/bonnetdane\/wp-content\/uploads\/sites\/25\/2016\/03\/726px-C._van_Loo_Sultane.jpg 726w, https:\/\/blog.causeur.fr\/bonnetdane\/wp-content\/uploads\/sites\/25\/2016\/03\/726px-C._van_Loo_Sultane-300x247.jpg 300w\" sizes=\"auto, (max-width: 726px) 100vw, 726px\" \/><\/a> en passant par Montesquieu (<em>les Lettres persanes<\/em>) et Cr\u00e9billon (<em>le Sopha<\/em>).<br \/>\nEvidemment, il y avait eu, longtemps avant (vers 1480), l\u2019extraordinaire portrait de Mehmet II par Bellini. Le peintre v\u00e9nitien avait parfaitement saisi, en un profil ac\u00e9r\u00e9, ce que le sultan supr\u00eame avait en lui de cruaut\u00e9 implacable et d\u2019autocratisme pas du tout \u00e9clair\u00e9.<a href=\"http:\/\/blog.causeur.fr\/bonnetdane\/files\/2016\/03\/220px-Gentile_Bellini_003.jpg\"><img loading=\"lazy\" decoding=\"async\" class=\"aligncenter size-full wp-image-1104\" src=\"http:\/\/blog.causeur.fr\/bonnetdane\/files\/2016\/03\/220px-Gentile_Bellini_003.jpg\" alt=\"\" width=\"220\" height=\"297\" \/><\/a><\/p>\n<p><em>Enter<\/em> <a href=\"https:\/\/www.les-crises.fr\/la-vraie-nature-de-monsieur-erdogan-par-alexandre-del-valle\/\">Erdogan<\/a>.<a href=\"http:\/\/blog.causeur.fr\/bonnetdane\/files\/2016\/03\/recep-tayyip-erdogan.jpg\"><img loading=\"lazy\" decoding=\"async\" class=\"aligncenter size-medium wp-image-1105\" src=\"http:\/\/blog.causeur.fr\/bonnetdane\/files\/2016\/03\/recep-tayyip-erdogan-300x177.jpg\" alt=\"\" width=\"300\" height=\"177\" srcset=\"https:\/\/blog.causeur.fr\/bonnetdane\/wp-content\/uploads\/sites\/25\/2016\/03\/recep-tayyip-erdogan-300x177.jpg 300w, https:\/\/blog.causeur.fr\/bonnetdane\/wp-content\/uploads\/sites\/25\/2016\/03\/recep-tayyip-erdogan-1024x606.jpg 1024w, https:\/\/blog.causeur.fr\/bonnetdane\/wp-content\/uploads\/sites\/25\/2016\/03\/recep-tayyip-erdogan.jpg 1920w\" sizes=\"auto, (max-width: 300px) 100vw, 300px\" \/><\/a><br \/>\nCe brave gar\u00e7on <a href=\"http:\/\/www.humanite.fr\/erdogan-massacre-les-populations-kurdes-593236\">massacreur de son propre peuple<\/a>, <a href=\"http:\/\/www.lepoint.fr\/monde\/turquie-genocide-armenien-erdogan-ne-bougera-pas-15-04-2015-1921504_24.php\">n\u00e9gationniste imp\u00e9nitent<\/a>, acheteur du <a href=\"http:\/\/www.al-monitor.com\/pulse\/tr\/business\/2014\/06\/turkey-syria-isis-selling-smuggled-oil.html#ixzz3sQ4K0HnC\">p\u00e9trole vendu par l\u2019Etat islamique<\/a>, <a href=\"http:\/\/www.lemonde.fr\/proche-orient\/article\/2016\/03\/06\/turquie-mis-sous-tutelle-le-nouveau-zaman-affiche-une-ligne-pro-erdogan_4877434_3218.html\">museleur de presse<\/a> et <a href=\"http:\/\/tempsreel.nouvelobs.com\/monde\/20141124.OBS5990\/turquie-pour-erdogan-l-egalite-homme-femme-est-contre-nature.html\">ami des femmes <\/a>a compris que le XXI\u00e8me si\u00e8cle reformerait les empires : Deng Xiaoping l\u2019avait saisi l\u2019un des premiers, Poutine n\u2019est pas en reste, et Erdogan r\u00eave de remembrer l&rsquo;ancien domaine ottoman, du Bosphore \u00e0 Alger en passant par Aqaba et Damas. Les Am\u00e9ricains, qui se croyaient ma\u00eetres du monde, restent perplexes devant cette r\u00e9surrection d\u2019entit\u00e9s politiques qui existaient quand les Etats-Unis n\u2019\u00e9taient peupl\u00e9s que d\u2019Indiens et de bisons. Quant aux Europ\u00e9ens, ils n\u2019ont jamais \u00e9t\u00e9 un empire \u2014 et je crois profond\u00e9ment que c\u2019est le vice de naissance de l\u2019Europe, qui a refus\u00e9 d\u2019\u00eatre politique, pour ne pas contrarier les r\u00eaves de grandeur des Prussiens qui remontaient et des Fran\u00e7ais qui descendaient \u2014 les Italiens ont pay\u00e9 pour voir, sous Mussolini, ce que co\u00fbtaient les r\u00eaves imp\u00e9riaux, et les Espagnols sont hors jeu depuis les Trait\u00e9s de Westphalie (1648) et des Pyr\u00e9n\u00e9es (1659) \u2014 \u00e7a date\u2026<br \/>\nDu coup, quand l\u2019Europe n\u00e9gocie avec un vrai sultan, elle n\u2019y comprend rien et se laisse rouler dans la farine. Nous c\u00e9dons au chantage d\u2019Erdogan en lui offrant six milliards (\u00ab un acte de solidarit\u00e9 \u00bb, <a href=\"http:\/\/www.franceinter.fr\/depeche-refugies-hollande-rassure-la-turquie\">a dit Hollande<\/a> qui n\u2019en rate jamais une)<a href=\"http:\/\/tempsreel.nouvelobs.com\/monde\/20160208.REU6692\/erdogan-aurait-menace-en-novembre-d-inonder-l-ue-de-migrants.html\"> pour qu\u2019il g\u00e8re les r\u00e9fugi\u00e9s syriens<\/a>, tout en lui garantissant un prochain succ\u00e8s dans les n\u00e9gociations d\u2019entr\u00e9e de la Turquie dans l\u2019Europe : si \u00e7a se fait, le r\u00eave lointain des pachas, qui s\u2019\u00e9tait bris\u00e9 \u00e0 L\u00e9pante en 1571 et devant Vienne \u00e0 plusieurs reprises (1529 et 1683, entre autres) prendra r\u00e9ellement corps, et 75 millions de Turcs acc\u00e8deront librement \u00e0 l\u2019UE \u2014 l\u2019une des exigences d\u2019Erdogan est la suppression des visas pour ses concitoyens d\u2019ici le mois de juin. Devant une telle invasion, le \u00ab grand remplacement \u00bb cher \u00e0 Zemmour nous semblera de la roupette de samsonite \u2014 pardon, de la roupie de sansonnet. Avec un peu de chance cela co\u00efncidera avec la mort de Bouteflika, qui am\u00e8nera en Alg\u00e9rie une instabilit\u00e9 comparable \u00e0 celle que la mort de Tito a provoqu\u00e9e en ex-Yougoslavie, et un ou deux millions d\u2019Alg\u00e9riens viendront go\u00fbter l\u2019hospitalit\u00e9 marseillaise.<a href=\"http:\/\/blog.causeur.fr\/bonnetdane\/files\/2016\/03\/IMG_00000681.jpg\"><img loading=\"lazy\" decoding=\"async\" class=\"aligncenter size-medium wp-image-1106\" src=\"http:\/\/blog.causeur.fr\/bonnetdane\/files\/2016\/03\/IMG_00000681-300x300.jpg\" alt=\"\" width=\"300\" height=\"300\" srcset=\"https:\/\/blog.causeur.fr\/bonnetdane\/wp-content\/uploads\/sites\/25\/2016\/03\/IMG_00000681-300x300.jpg 300w, https:\/\/blog.causeur.fr\/bonnetdane\/wp-content\/uploads\/sites\/25\/2016\/03\/IMG_00000681-150x150.jpg 150w, https:\/\/blog.causeur.fr\/bonnetdane\/wp-content\/uploads\/sites\/25\/2016\/03\/IMG_00000681-1024x1024.jpg 1024w, https:\/\/blog.causeur.fr\/bonnetdane\/wp-content\/uploads\/sites\/25\/2016\/03\/IMG_00000681.jpg 1936w\" sizes=\"auto, (max-width: 300px) 100vw, 300px\" \/><\/a><br \/>\nMarseille o\u00f9 les Kurdes (enfin, ce qu\u2019il en reste) protestent chaque jour (ci-dessus, \u00e0 la gare Saint-Charles) contre la terreur instaur\u00e9e par notre aimable pacha dans son propre pays. Sans compter que sur la question, Erdogan ne manque pas de <a href=\"https:\/\/www.zamanfrance.fr\/article\/pkk-dresse-tente-a-bruxelles-erdogan-denonce-hypocrisie-leurope-20544.html#pkk-dresse-tente-a-bruxelles-erdogan-denonce-hypocrisie-leurope-20544.html?&amp;_suid=145845436575606842032577842474\">donner \u00e0 l\u2019Europe des le\u00e7ons de respect<\/a> qui augurent bien de sa future pr\u00e9sence \u00e0 Bruxelles. Heureusement que quelques attentats viennent miraculeusement, \u00e0 chaque fois, lui donner des motifs d\u2019indignation. Quand je pense que les rumeurs de complot sur le 11 septembre continuent \u00e0 aller bon train, et qu\u2019il ne se trouve personne en Occident pour sugg\u00e9rer que les attentats d\u2019Istanbul confortent merveilleusement l\u2019intransigeance du calife des califes\u2026 Je sais bien que les Kurdes ne sont pas des enfants de ch\u0153ur, que le PKK est class\u00e9 \u00ab\u00a0organisation terroriste\u00a0\u00bb, etc. \u2014 mais ils sont en premi\u00e8re ligne contre l&rsquo;Etat islamique, et contre son alli\u00e9 turc, et cela pour l&rsquo;instant doit l&#8217;emporter sur toute autre consid\u00e9ration.<br \/>\nL\u2019Europe n\u2019a rien \u00e0 faire avec la Turquie d\u2019Erdogan \u2014 sinon prot\u00e9ger les populations qu\u2019il bombarde chaque jour avec obstination. Elle n\u2019a pas \u00e0 embrasser un islamiste assum\u00e9 \u2014 ou bien elle devrait lui envoyer des \u00e9missaires f\u00e9minines, pour voir si notre pacha fondamentaliste leur serre la main, lui. L\u2019Europe n\u2019a pas \u00e0 payer Erdogan pour qu\u2019il conserve quelques migrants \u2014 tout en continuant \u00e0 forcer la Gr\u00e8ce \u00e0 en accepter toujours davantage sur son sol. L\u2019Europe doit aider ceux qui se battent contre le fascisme noir de ceux qui se r\u00eavent califes et s\u2019assoient sur la d\u00e9mocratie.<br \/>\nEt nous, nous ne devons pas soutenir l\u2019Europe de Donald Tusk et de Jean-Claude Juncker \u2014 ou d\u2019Angela Merkel et de Fran\u00e7ois Hollande. Faire les \u00ab Etats-Unis d\u2019Europe \u00bb selon le vieux r\u00eave de Hugo, ce n\u2019est pas baisser culotte devant le nouvel imp\u00e9rialisme ottoman \u2014 ce n\u2019est jamais une bonne id\u00e9e devant des empaleurs.<\/p>\n<p>Jean-Paul Brighelli<\/p>\n<p><a href=\"http:\/\/blog.causeur.fr\/bonnetdane\/files\/2016\/03\/8_rzXao.jpg\"><img loading=\"lazy\" decoding=\"async\" class=\"aligncenter size-medium wp-image-1107\" src=\"http:\/\/blog.causeur.fr\/bonnetdane\/files\/2016\/03\/8_rzXao-300x160.jpg\" alt=\"\" width=\"300\" height=\"160\" srcset=\"https:\/\/blog.causeur.fr\/bonnetdane\/wp-content\/uploads\/sites\/25\/2016\/03\/8_rzXao-300x160.jpg 300w, https:\/\/blog.causeur.fr\/bonnetdane\/wp-content\/uploads\/sites\/25\/2016\/03\/8_rzXao.jpg 500w\" sizes=\"auto, (max-width: 300px) 100vw, 300px\" \/><\/a><\/p>\n","protected":false},"excerpt":{"rendered":"<p>Pacha, ce n\u2019est pas du tout ce que vous croyez. Vous en \u00e9tiez rest\u00e9s au pacifique Haroun el-Poussah, calife de Bagdad sans cesse menac\u00e9 par les men\u00e9es de l\u2019ignoble vizir Iznogoud. Un pacha d\u00e9bonnaire, enfonc\u00e9 dans son sopha, plus port\u00e9 sur la sieste que sur le pal. Mais c\u2019\u00e9tait dans les ann\u00e9es 1960, sous la [&hellip;]<\/p>\n","protected":false},"author":6,"featured_media":0,"comment_status":"open","ping_status":"open","sticky":false,"template":"","format":"standard","meta":{"footnotes":""},"categories":[1],"tags":[849,549,212,930,931,932,929],"class_list":{"0":"post-1099","1":"post","2":"type-post","3":"status-publish","4":"format-standard","6":"category-non-classe","7":"tag-erdogan","8":"tag-etat-islamique","9":"tag-europe","10":"tag-kurdes","11":"tag-migrants","12":"tag-petrole","13":"tag-turcs"},"_links":{"self":[{"href":"https:\/\/blog.causeur.fr\/bonnetdane\/wp-json\/wp\/v2\/posts\/1099","targetHints":{"allow":["GET"]}}],"collection":[{"href":"https:\/\/blog.causeur.fr\/bonnetdane\/wp-json\/wp\/v2\/posts"}],"about":[{"href":"https:\/\/blog.causeur.fr\/bonnetdane\/wp-json\/wp\/v2\/types\/post"}],"author":[{"embeddable":true,"href":"https:\/\/blog.causeur.fr\/bonnetdane\/wp-json\/wp\/v2\/users\/6"}],"replies":[{"embeddable":true,"href":"https:\/\/blog.causeur.fr\/bonnetdane\/wp-json\/wp\/v2\/comments?post=1099"}],"version-history":[{"count":0,"href":"https:\/\/blog.causeur.fr\/bonnetdane\/wp-json\/wp\/v2\/posts\/1099\/revisions"}],"wp:attachment":[{"href":"https:\/\/blog.causeur.fr\/bonnetdane\/wp-json\/wp\/v2\/media?parent=1099"}],"wp:term":[{"taxonomy":"category","embeddable":true,"href":"https:\/\/blog.causeur.fr\/bonnetdane\/wp-json\/wp\/v2\/categories?post=1099"},{"taxonomy":"post_tag","embeddable":true,"href":"https:\/\/blog.causeur.fr\/bonnetdane\/wp-json\/wp\/v2\/tags?post=1099"}],"curies":[{"name":"wp","href":"https:\/\/api.w.org\/{rel}","templated":true}]}}