{"id":1109,"date":"2016-04-02T05:16:27","date_gmt":"2016-04-02T05:16:27","guid":{"rendered":"http:\/\/blog.causeur.fr\/bonnetdane\/?p=1109"},"modified":"2021-04-22T18:49:39","modified_gmt":"2021-04-22T16:49:39","slug":"la-langue-de-bois-a-encore-de-beaux-jours-devant-elle","status":"publish","type":"post","link":"https:\/\/blog.causeur.fr\/bonnetdane\/la-langue-de-bois-a-encore-de-beaux-jours-devant-elle-1109","title":{"rendered":"La langue de bois a encore de beaux jours devant elle"},"content":{"rendered":"<p>Les seconds couteaux n\u2019ayant plus rien \u00e0 perdre, c\u2019est de ministres obscurs que tombent en ce moment les \u00e9vidences qui font barrir les \u00e9l\u00e9phants et braire les bobos. Patrick Kanner a d\u00e9gain\u00e9 le premier le 27 mars <a href=\"http:\/\/www.europe1.fr\/politique\/patrick-kanner-une-centaine-de-quartiers-en-france-presentent-des-similitudes-avec-molenbeek-2704048\">en affirmant sur <em>Europe 1<\/em><\/a> qu\u2019il y avait en France \u00ab une centaine de quartiers qui pr\u00e9sentent des similitudes avec Moleenbeck \u00bb \u2014 avant de pr\u00e9ciser : \u00ab Molenbeek, c&rsquo;est une concentration \u00e9norme de pauvret\u00e9 et de ch\u00f4mage, un syst\u00e8me ultra communautariste. C&rsquo;est un syst\u00e8me mafieux, avec une \u00e9conomie souterraine. C&rsquo;est un syst\u00e8me o\u00f9 les services publics ont quasiment disparu, c&rsquo;est un syst\u00e8me o\u00f9 les \u00e9lus ont baiss\u00e9 les bras \u00bb. Sur les petits arrangements des \u00e9lus de tous bords avec les communautaristes, <a href=\"http:\/\/www.lefigaro.fr\/vox\/politique\/2015\/11\/30\/31001-20151130ARTFIG00247-temoignage-quand-les-elus-locaux-flirtent-avec-l-islam-radical.php\">presque tout a d\u00e9j\u00e0 \u00e9t\u00e9 dit<\/a> (entre autres par Malek Boutih), mais rien n\u2019a vraiment \u00e9t\u00e9 entendu. Il \u00e9tait temps qu\u2019un responsable politique mette les pieds dans le plat \u00e0 barbe.<\/p>\n<p>Comme l\u2019a opportun\u00e9ment rappel\u00e9 deux jours plus tard Natacha Polony <a href=\"http:\/\/www.europe1.fr\/emissions\/la-revue-de-presse\/lahore-ils-voulaient-toucher-des-enfants-2705428\">sur cette m\u00eame radio<\/a>, la presse bien-pensante a flagell\u00e9 dru les \u00e9paules de Kanner : \u00ab \u00a0\u00bb Les Tartuffe de la politique \u00ab\u00a0, s\u2019indigne Nicolas Beytout dans <em>l\u2019Opinion<\/em>, n\u2019ont pas \u00e9t\u00e9 longs \u00e0 s\u2019indigner des propos de Patrick Kanner, le ministre de la Ville. Les uns pour souligner qu\u2019il ne fallait pas g\u00e9n\u00e9raliser, les autres pour rappeler la main sur le c\u0153ur tous les talents qu\u2019il y a, selon l\u2019expression consacr\u00e9e, dans les quartiers. Un propos s\u2019\u00e9carte-t-il du politiquement correct et d\u00e9crit-il crument une r\u00e9alit\u00e9, il est violemment d\u00e9nonc\u00e9 comme mena\u00e7ant l\u2019unit\u00e9 nationale. Quelle dissym\u00e9trie entre la pudibonderie des mots et le pl\u00e9biscite pour l\u2019\u00c9tat d\u2019urgence, f\u00fbt-ce au d\u00e9triment de libert\u00e9s publiques.\u00a0\u00bb Comme le conclut C\u00e9cile Cornudet dans<em> les Echo<\/em>s : \u00a0\u00bb La guerre, oui, mais celle des mots. Sans doute parce qu\u2019elle n\u00e9cessite moins de courage \u00ab\u00a0. \u00bb<\/p>\n<p>Puis vint Laurence Rossignol, qui tout innocemment s\u2019alarma des collections de v\u00eatements islamisto-compatibles propos\u00e9s par de grands marques (Mark &amp; Spencer), voire des couturiers r\u00e9put\u00e9s (Dolce &amp; Gabbana). Les uns proposent (depuis deux ou trois ans d\u00e9j\u00e0) le burkini, tenue de bain destin\u00e9e \u00e0 couvrir le corps des vraies croyantes, en les faisant ressembler assez \u00e0 des femmes de l\u2019Atlantide \u2014 une tenue moulante qui est assez loin des codes \u00ab pudiques \u00bb en usage dans l\u2019Etat islamique ;<a href=\"http:\/\/blog.causeur.fr\/bonnetdane\/files\/2016\/04\/imgres.jpg\"><img loading=\"lazy\" decoding=\"async\" class=\"aligncenter size-full wp-image-1116\" src=\"http:\/\/blog.causeur.fr\/bonnetdane\/files\/2016\/04\/imgres.jpg\" alt=\"\" width=\"317\" height=\"159\" srcset=\"https:\/\/blog.causeur.fr\/bonnetdane\/wp-content\/uploads\/sites\/25\/2016\/04\/imgres.jpg 317w, https:\/\/blog.causeur.fr\/bonnetdane\/wp-content\/uploads\/sites\/25\/2016\/04\/imgres-300x150.jpg 300w\" sizes=\"auto, (max-width: 317px) 100vw, 317px\" \/><\/a> les autres mettent du chatoyant dans leur r\u00e9interpr\u00e9tation du voile<a href=\"http:\/\/blog.causeur.fr\/bonnetdane\/files\/2016\/04\/images.jpg\"><img loading=\"lazy\" decoding=\"async\" class=\"aligncenter size-full wp-image-1117\" src=\"http:\/\/blog.causeur.fr\/bonnetdane\/files\/2016\/04\/images.jpg\" alt=\"\" width=\"293\" height=\"172\" \/><\/a> ou de l\u2019abaya.<a href=\"http:\/\/blog.causeur.fr\/bonnetdane\/files\/2016\/04\/imgres-1.jpg\"><img loading=\"lazy\" decoding=\"async\" class=\"aligncenter size-full wp-image-1118\" src=\"http:\/\/blog.causeur.fr\/bonnetdane\/files\/2016\/04\/imgres-1.jpg\" alt=\"\" width=\"191\" height=\"264\" \/><\/a><a href=\"http:\/\/blog.causeur.fr\/bonnetdane\/files\/2016\/04\/1515818181_B978257205Z.1_20160330143053_000_GEO6GDU4J.1-0.jpg\"><img loading=\"lazy\" decoding=\"async\" class=\"aligncenter size-medium wp-image-1119\" src=\"http:\/\/blog.causeur.fr\/bonnetdane\/files\/2016\/04\/1515818181_B978257205Z.1_20160330143053_000_GEO6GDU4J.1-0-217x300.jpg\" alt=\"\" width=\"217\" height=\"300\" srcset=\"https:\/\/blog.causeur.fr\/bonnetdane\/wp-content\/uploads\/sites\/25\/2016\/04\/1515818181_B978257205Z.1_20160330143053_000_GEO6GDU4J.1-0-217x300.jpg 217w, https:\/\/blog.causeur.fr\/bonnetdane\/wp-content\/uploads\/sites\/25\/2016\/04\/1515818181_B978257205Z.1_20160330143053_000_GEO6GDU4J.1-0.jpg 600w\" sizes=\"auto, (max-width: 217px) 100vw, 217px\" \/><\/a> Sans parler des hidjabs lanc\u00e9s par Uniqlo.<br \/>\nLe facteur \u00e9conomique \u00e9tant d\u00e9terminant en derni\u00e8re instance, on apprend que le march\u00e9 du pr\u00eat-\u00e0-croire est \u00e9valu\u00e9 \u00e0 500 milliards d\u2019euros \u00e0 l\u2019horizon 2019. Que les femmes ne pensent pas, mais si possible, qu\u2019elles d\u00e9pensent. Voir ce qu\u2019en <a href=\"http:\/\/www.lefigaro.fr\/vox\/societe\/2016\/03\/25\/31003-20160325ARTFIG00204-marche-de-la-mode-musulmane-extension-du-domaine-de-l-islam-politique.php\">dit dans le <em>FigaroVox<\/em><\/a> Isabelle Kersimon (auteur de <em>Islamophobie: la contre-enqu\u00eate<\/em>, Plein Jour, 2014). Au journaliste qui lui rappelle que \u00ab certaines, comme la cr\u00e9atrice am\u00e9ricaine Nzinga Knight, n&rsquo;h\u00e9sitent pas \u00e0 affirmer que s&rsquo;habiller ainsi est un signe de libert\u00e9, une libert\u00e9 que les femmes dans les soci\u00e9t\u00e9s occidentales auraient perdu \u00bb, elle r\u00e9pond :<br \/>\n\u00ab Cette jeune dame est une convertie dans une soci\u00e9t\u00e9 peu touch\u00e9e par les ph\u00e9nom\u00e8nes que nous connaissons ici. Elle a le z\u00e8le des n\u00e9ophytes et se sent dans l&rsquo;obligation de s&rsquo;enfermer dans une assignation identitaire ind\u00e9passable: se montrer, se prouver \u00abmusulmane\u00bb. Le terme de \u00abmode modeste\u00bb, associ\u00e9 au voile, m&rsquo;est proprement insupportable, tout comme celui de \u00abpudeur\u00bb associ\u00e9 \u00e0 cette pratique, qui impliquent aussi que les femmes se montrent \u00abrespectueuses\u00bb, qu&rsquo;elles baissent les yeux devant les hommes. Cela pr\u00e9suppose aussi que les femmes non voil\u00e9es, \u00abimmodestes\u00bb, sont pr\u00e9tentieuses. Rendez-vous compte, ne pas baisser les yeux devant un homme. Pr\u00e9tendre vivre sans couvrir son corps rel\u00e8ve du d\u00e9lit dans les pays sous loi religieuse, ne parlons pas de la mort possiblement inflig\u00e9e aux \u00abmal voil\u00e9es\u00bb dans les territoires conquis par les groupes djihadistes o\u00f9 s\u00e9vit aussi une police des m\u0153urs qui contr\u00f4le la v\u00eature. Regardez le documentaire admirable de Fran\u00e7ois Margolin et Lemine Ould M. Salem, Salafistes. Kalachnikov \u00e0 l&rsquo;\u00e9paule, les tristes sires d&rsquo;un pouvoir absolu se f\u00e9licitent de terroriser les femmes. \u00bb<br \/>\nAh la la, encore une qui confond islam et islamisme, et qui doit s\u2019inqui\u00e9ter du jour o\u00f9 Tariq Ramadan, qui demande opportun\u00e9ment ces jours-ci la nationalit\u00e9 fran\u00e7aise, se pr\u00e9sentera \u00e0 l\u2019\u00e9lection pr\u00e9sidentielle pour concr\u00e9tiser le cauchemar houellebecquien et imposer une charia douce, o\u00f9 on lapidera les imp(r)udentes avec de petits cailloux au nom d\u2019un islam mod\u00e9r\u00e9.<br \/>\nLaurence Rossignol a fait bien davantage que d\u00e9noncer des v\u00eatures moyen\u00e2geuses adapt\u00e9es aux fanatismes modernes et l\u2019\u00ab esclavage \u00bb moderne que symbolisent ces d\u00e9froques. Elle a pos\u00e9ment \u00e9tabli un lien entre la superstition vestimentaire et le projet politique : \u00ab Je crois que ces femmes sont pour beaucoup d\u2019entre elles des militantes de l\u2019islam politique. Je les aborde comme des militantes, c\u2019est-\u00e0-dire que je les affronte sur le plan des id\u00e9es et je d\u00e9nonce le projet de soci\u00e9t\u00e9 qu\u2019elles portent. Je crois qu\u2019il peut y avoir des femmes qui portent un foulard par foi et qu\u2019il y a des femmes qui veulent l\u2019imposer \u00e0 tout le monde parce qu\u2019elles en font une r\u00e8gle publique. \u00bb Autrement dit, comme aurait dit Ponson du Terrail, le voile est un cheval de Troie et celles qui le portent sont les avant-coureurs des cavaliers de l\u2019Apocalypse. La peste, la famine, la guerre, la mort \u2014 et l\u2019Islam salafiste.<br \/>\nEt qu\u2019on ne vienne pas tenter de me vendre la derni\u00e8re imposture communautariste, celle du soufisme : je propose par ailleurs un <a href=\"http:\/\/www.lepoint.fr\/invites-du-point\/jean-paul-brighelli\/brighelli-pour-un-aggiornamento-de-l-islam-01-04-2016-2029295_1886.php\">programme de mise en conformit\u00e9 moderne de l\u2019Islam<\/a>, et je ne me fierai qu\u2019aux musulmans qui le signeront.<\/p>\n<p>Pour reprendre une assez jolie formule d\u2019Eric Zemmour <a href=\"http:\/\/www.rtl.fr\/actu\/politique\/patrick-kanner-laurence-rossignol-le-reel-est-entre-par-effraction-au-gouvernement-constate-eric-zemmour-7782618714\">sur <em>RTL<\/em><\/a>, \u00ab le r\u00e9el est entr\u00e9 par effraction au gouvernement. \u00bb<br \/>\nMais pas au PS ni dans les beaux quartiers o\u00f9 prosp\u00e8re la Gauche <em>Lib\u00e9<\/em> \/ <em>L&rsquo;Obs<\/em> \/ <em>Le Monde<\/em>. Le ch\u0153ur des vierges effarouch\u00e9es <a href=\"http:\/\/www.bfmtv.com\/societe\/des-femmes-voilees-reagissent-aux-propos-de-laurence-rossignol-963218.html\">a donn\u00e9 de la voix<\/a> \u2014 y compris, ce qui est un comble, dans certaines associations f\u00e9ministes, qui pensent qu\u2019il vaut mieux m\u00e9priser les femmes en les confinant derri\u00e8re des v\u00eatures qui sont un rappel permanent des murs du harem que de les stigmatiser en leur reprochant de c\u00e9der aux caprices des barbus.<br \/>\nIl n\u2019y a gu\u00e8re que Mich\u00e8le Vian\u00e8s, pr\u00e9sidente de <em>Regards de femmes<\/em>, qui a adress\u00e9 \u00e0 Laurence Rossignol une lettre de f\u00e9licitations o\u00f9 elle salue les propos du ministre : \u00ab L\u2019image qui vous est venue \u00e0 l\u2019esprit est celle de l\u2019esclavage, car c\u2019est bien ce que symbolise le voile, par l\u2019invisibilit\u00e9, paradoxalement voyante du corps des femmes dans l\u2019espace public. Une sorte de rappel humiliant de la claustration des femmes, une fa\u00e7on d\u2019afficher la s\u00e9gr\u00e9gation entre les sexes.\u2028Ni l\u2019\u00e9l\u00e9gance, ni la couleur, ni la taille, ni la richesse des tissus, ni leur texture, ne sauraient changer le sens de ce symbole. \u00bb<br \/>\n\u00c0 noter que <em>Regards de femmes<\/em> s\u2019est constamment battu pour une la\u00efcit\u00e9 sans faille, que ce soit \u00e0 l\u2019universit\u00e9 ou dans la rue, <a href=\"http:\/\/www.regardsdefemmes.fr\/Documents\/Univ_mode\/courrier_president_lyon_2.pdf\">protestant<\/a> lorsque l\u2019universit\u00e9 de Lyon II avait cru intelligent en 2008 de proposer un colloque sur \u00ab Les voiles d\u00e9voil\u00e9s, pudeur, foi \u00e9l\u00e9gance \u00bb \u2014 trois mots que l\u2019on associe difficilement avec l\u2019obligation de se voiler, parce que dans le monde binaire de l\u2019islamisme, il n\u2019y a que des putes ou des soumises. Qu\u2019en pense Fadela Amara (qui co-fonda le mouvement, puis fut secr\u00e9taire d\u2019Etat charg\u00e9e de la politique de la ville, comme Patrick Kanner aujourd\u2019hui \u2014 et qui a vot\u00e9 Hollande en 2012 \u2014 ils sont nombreux au bal des cocus), que l\u2019on n\u2019entend plus gu\u00e8re, et avec qui j\u2019ai partag\u00e9 jadis un jambon sec digne d\u2019un pata negra et quelques verres de vin dans un restaurant ni\u00e7ois ? \u00c0 moins que son poste actuel \u2014 Inspectrice g\u00e9n\u00e9rale de affaires sociales \u2014 ne l\u2019oblige \u00e0 ce devoir de r\u00e9serve dont le PS menace aujourd\u2019hui tous les fonctionnaires ?<\/p>\n<p>L\u2019UFAL (Union des Familles la\u00efques) <a href=\"http:\/\/www.regardsdefemmes.fr\/Documents\/Univ_mode\/reaction_de_l_ufal.pdf\">a d\u2019ailleurs fait chorus<\/a>, parce que toute la\u00efcit\u00e9 \u00ab ouverte \u00bb est une la\u00efcit\u00e9 d\u00e9voy\u00e9e. Et que les petits arrangements que passent aujourd\u2019hui certains \u00e9lus (y compris, avons-nous appris r\u00e9cemment, au Front de Gauche) avec les islamistes \u2014 pour quelques voix de plus \u2014 se paiera cash demain, \u00e0 Moleenbeck ou chez nous.<\/p>\n<p>Jean-Paul Brighelli<a href=\"http:\/\/blog.causeur.fr\/bonnetdane\/files\/2016\/04\/Plantu.png\"><img loading=\"lazy\" decoding=\"async\" class=\"aligncenter size-medium wp-image-1120\" src=\"http:\/\/blog.causeur.fr\/bonnetdane\/files\/2016\/04\/Plantu-300x234.png\" alt=\"\" width=\"300\" height=\"234\" srcset=\"https:\/\/blog.causeur.fr\/bonnetdane\/wp-content\/uploads\/sites\/25\/2016\/04\/Plantu-300x234.png 300w, https:\/\/blog.causeur.fr\/bonnetdane\/wp-content\/uploads\/sites\/25\/2016\/04\/Plantu.png 461w\" sizes=\"auto, (max-width: 300px) 100vw, 300px\" \/><\/a><\/p>\n","protected":false},"excerpt":{"rendered":"<p>Les seconds couteaux n\u2019ayant plus rien \u00e0 perdre, c\u2019est de ministres obscurs que tombent en ce moment les \u00e9vidences qui font barrir les \u00e9l\u00e9phants et braire les bobos. Patrick Kanner a d\u00e9gain\u00e9 le premier le 27 mars en affirmant sur Europe 1 qu\u2019il y avait en France \u00ab une centaine de quartiers qui pr\u00e9sentent des [&hellip;]<\/p>\n","protected":false},"author":6,"featured_media":0,"comment_status":"open","ping_status":"open","sticky":false,"template":"","format":"standard","meta":{"footnotes":""},"categories":[1],"tags":[937,91,73,378,938,935],"class_list":{"0":"post-1109","1":"post","2":"type-post","3":"status-publish","4":"format-standard","6":"category-non-classe","7":"tag-burkini","8":"tag-communautarisme","9":"tag-islamisme","10":"tag-laurence-rossignol","11":"tag-molenbeek","12":"tag-patrick-kanner"},"_links":{"self":[{"href":"https:\/\/blog.causeur.fr\/bonnetdane\/wp-json\/wp\/v2\/posts\/1109","targetHints":{"allow":["GET"]}}],"collection":[{"href":"https:\/\/blog.causeur.fr\/bonnetdane\/wp-json\/wp\/v2\/posts"}],"about":[{"href":"https:\/\/blog.causeur.fr\/bonnetdane\/wp-json\/wp\/v2\/types\/post"}],"author":[{"embeddable":true,"href":"https:\/\/blog.causeur.fr\/bonnetdane\/wp-json\/wp\/v2\/users\/6"}],"replies":[{"embeddable":true,"href":"https:\/\/blog.causeur.fr\/bonnetdane\/wp-json\/wp\/v2\/comments?post=1109"}],"version-history":[{"count":0,"href":"https:\/\/blog.causeur.fr\/bonnetdane\/wp-json\/wp\/v2\/posts\/1109\/revisions"}],"wp:attachment":[{"href":"https:\/\/blog.causeur.fr\/bonnetdane\/wp-json\/wp\/v2\/media?parent=1109"}],"wp:term":[{"taxonomy":"category","embeddable":true,"href":"https:\/\/blog.causeur.fr\/bonnetdane\/wp-json\/wp\/v2\/categories?post=1109"},{"taxonomy":"post_tag","embeddable":true,"href":"https:\/\/blog.causeur.fr\/bonnetdane\/wp-json\/wp\/v2\/tags?post=1109"}],"curies":[{"name":"wp","href":"https:\/\/api.w.org\/{rel}","templated":true}]}}