{"id":1127,"date":"2016-04-15T05:55:05","date_gmt":"2016-04-15T05:55:05","guid":{"rendered":"http:\/\/blog.causeur.fr\/bonnetdane\/?p=1127"},"modified":"2021-04-22T18:49:38","modified_gmt":"2021-04-22T16:49:38","slug":"tu-sais-au-gouvernement-il-y-en-a-qui-narretent-pas-de-parler-et-cest-fatigant","status":"publish","type":"post","link":"https:\/\/blog.causeur.fr\/bonnetdane\/tu-sais-au-gouvernement-il-y-en-a-qui-narretent-pas-de-parler-et-cest-fatigant-1127","title":{"rendered":"\u00ab Tu sais, au gouvernement, il y en a qui n\u2019arr\u00eatent pas de parler. Et c\u2019est fatigant. \u00bb"},"content":{"rendered":"<p>C\u2019\u00e9tait mercredi dernier, lors de sa visite du plan\u00e9tarium de Vaulx-en-Velin \u2014 qui a form\u00e9 <a href=\"https:\/\/fr.wikipedia.org\/wiki\/Khaled_Kelkal\">Khaled Kelkal<\/a>, et o\u00f9 se pr\u00e9sentera Najat Vallaud-Belkacem aux prochaines l\u00e9gislatives. Un \u00e9l\u00e8ve bavardait, l\u2019un de ses camarades l\u2019a taquin\u00e9 sur le sujet, et Valls lui a lanc\u00e9 la phrase susdite.<br \/>\nD\u2019apr\u00e8s le <em>Figaro<\/em> de vendredi 15 avril, c\u2019\u00e9tait une allusion \u00e0 une d\u00e9claration de la ministre de l\u2019Education qui avait fait part de ses doutes sur l\u2019opportunit\u00e9 d\u2019\u00e9largir \u00e0 l\u2019universit\u00e9 la loi de 2004 \u2014 dite de fa\u00e7on inappropri\u00e9e \u00ab loi sur le voile \u00bb. \u00ab On conna\u00eet ses convictions \u00bb, a d\u00e9clar\u00e9 NVB. \u00ab Le voile lui est d\u00e9sagr\u00e9able, il souhaiterait qu\u2019il puisse \u00eatre interdit dans bien des lieux, mais il reconna\u00eet lui-m\u00eame que c\u2019est compliqu\u00e9, car \u00e0 l\u2019universit\u00e9, le principe de la libert\u00e9 de conviction l\u2019emporte. \u00bb Fran\u00e7ois Hollande, jamais en retard quand il s&rsquo;agit d&rsquo;apporter sa petite pierre dans le jardin de son Premier ministre, <a href=\"http:\/\/www.marianne.net\/voile-asservissement-femme-ca-depend-comment-c-est-porte-juge-hollande-100242057.html\">vient de d\u00e9cider<\/a> : \u00ab Il n&rsquo;y aura pas d&rsquo;interdiction du voile dans l&rsquo;universit\u00e9 \u00bb \u2014 ni ailleurs. Et coup de pied de l\u2019\u00e2ne, Thierry Mandon (qui \u00e7a ?) en a rajout\u00e9 une couche : \u00ab Il n\u2019y a pas besoin de loi sur le voile \u00e0 l\u2019universit\u00e9. \u00bb<br \/>\nIl devrait sortir, de temps en temps, notre secr\u00e9taire d\u2019Etat \u00e0 l\u2019enseignement sup\u00e9rieur.<\/p>\n<p>Plus \u00e7a va, plus je trouve que l\u2019intrigue de <em>la Septi\u00e8me fonction du langage<\/em>, <a href=\"http:\/\/blog.causeur.fr\/bonnetdane\/la-septieme-fonction-du-langage-001043.html\">dont j\u2019ai dit il y a quelque temps<\/a> tout le bien que j\u2019en pensais, est une remarquable m\u00e9taphore du plus vieux souhait de l\u2019humanit\u00e9, si vieux qu\u2019elle en a fait la caract\u00e9ristique divine par excellence \u2014} et quels que soient les dieux : faire du langage un performatif pur \u2014 n\u2019avoir qu\u2019\u00e0 dire pour que \u00e7a se fasse. Abracadabra. Fran\u00e7ois Hollande est transform\u00e9 en potiche. Abracadabra. NVB est transform\u00e9e en potiche. Abracadabra. Toutes les filles voil\u00e9es de France sont transform\u00e9es en chauve-souris \u2014 et s\u2019envolent.<br \/>\nLa plus ou moins grande ma\u00eetrise du langage s\u2019\u00e9value au coefficient performatif. \u00ab Tu montes prendre un dernier pot ? \u00bb, dit le D\u00e9sir. \u00ab Comment trouves-tu ma blanquette ? \u00bb demande la Gourmandise. \u00ab On part en vacances \u00e0 Rodrigues \u00bb, conclut l\u2019Envie d\u2019ailleurs. Abracadabra.<a href=\"http:\/\/blog.causeur.fr\/bonnetdane\/files\/2016\/04\/plage.jpg\"><img loading=\"lazy\" decoding=\"async\" class=\"aligncenter size-full wp-image-1131\" src=\"http:\/\/blog.causeur.fr\/bonnetdane\/files\/2016\/04\/plage.jpg\" alt=\"\" width=\"660\" height=\"386\" srcset=\"https:\/\/blog.causeur.fr\/bonnetdane\/wp-content\/uploads\/sites\/25\/2016\/04\/plage.jpg 660w, https:\/\/blog.causeur.fr\/bonnetdane\/wp-content\/uploads\/sites\/25\/2016\/04\/plage-300x175.jpg 300w\" sizes=\"auto, (max-width: 660px) 100vw, 660px\" \/><\/a><\/p>\n<p>Mais voil\u00e0. Pas de plages, pas de blanquette avec petit filet de citron et jaune d\u2019\u0153uf indispensables, pas de cr\u00e9ature dans votre lit ce soir. Hollande \u00e0 la t\u00e9l\u00e9, des millions de filles voil\u00e9es (hier soir, tr\u00e8s tard, sur le Vieux-Port, un islamiste barbu sortait sa femme en burqa afghane int\u00e9grale \u2014 il lui faisait prendre l\u2019air, comme pour un tapis accroch\u00e9 \u00e0 la fen\u00eatre), et la r\u00e9forme du coll\u00e8ge qui suit son cours aupr\u00e8s d\u2019enseignants t\u00e9tanis\u00e9s par le culot de leur ministre. Et anesth\u00e9si\u00e9s, pour les plus jeunes, par une formation l\u00e9nifiante dans les ESPE, qui se sont bien gard\u00e9s de leur apprendre quoi que ce soit, parce qu\u2019un hilote est tout de m\u00eame plus facile \u00e0 \u00e9gorger qu\u2019un Spartiate cultiv\u00e9. D\u2019ici peu, les manuels scolaires \u00ab curriculaires \u00bb vont ressembler \u00e0 ceux que l\u2019on a trouv\u00e9s dans les ruines de Palmyre : \u00ab Mon p\u00e8re (avec kalachnikov), ma m\u00e8re (en burqa). Je vis avec ma famille: mon p\u00e8re m&rsquo;aime et je l&rsquo;aime. J&rsquo;aime ma m\u00e8re et mes fr\u00e8res. \u00bb<a href=\"http:\/\/blog.causeur.fr\/bonnetdane\/files\/2016\/04\/Capture-d\u2019\u00e9cran-2016-04-15-\u00e0-07.45.31.png\"><img loading=\"lazy\" decoding=\"async\" class=\"aligncenter size-medium wp-image-1132\" src=\"http:\/\/blog.causeur.fr\/bonnetdane\/files\/2016\/04\/Capture-d\u2019\u00e9cran-2016-04-15-\u00e0-07.45.31-300x186.png\" alt=\"\" width=\"300\" height=\"186\" srcset=\"https:\/\/blog.causeur.fr\/bonnetdane\/wp-content\/uploads\/sites\/25\/2016\/04\/Capture-d\u2019\u00e9cran-2016-04-15-\u00e0-07.45.31-300x186.png 300w, https:\/\/blog.causeur.fr\/bonnetdane\/wp-content\/uploads\/sites\/25\/2016\/04\/Capture-d\u2019\u00e9cran-2016-04-15-\u00e0-07.45.31.png 790w\" sizes=\"auto, (max-width: 300px) 100vw, 300px\" \/><\/a><\/p>\n<p>Abracadabra. Au prochain changement de majorit\u00e9, nous monterons des proc\u00e8s pour juger tous ceux qui, depuis trente ans, ont massacr\u00e9 l\u2019Ecole de la R\u00e9publique. Les Meirieu-Zinoviev, Boissinot-Kamenev, Goigoux-Trotski, et leurs \u00e9mules. Au goulag ! Dans les rizi\u00e8res ! Abracadabra !<br \/>\nIl ne nous reste plus que \u00e7a \u2014 la pens\u00e9e magique des enfants, qui d\u2019un bout de bois font l\u2019escalier de leurs r\u00eaves, et chevauchent des mustangs dans les grandes plaines de leur lit. Abracadabra !<br \/>\nJe serais engag\u00e9 en politique, je me m\u00e9fierais de la mont\u00e9e des frustrations. Parce que le peuple, un de ces jours, croira lui-m\u00eame au performatif pur. N\u2019est-ce pas le cardinal de Retz, qui avait plus de sens politique dans son petit doigt que tout le gouvernement (et l\u2019opposition) dans leurs illustres personnes, qui expliquait au Prince de Cond\u00e9, dans les grandes ann\u00e9es de la Fronde :<br \/>\n\u00ab Je sais que vous comptez [les peuples] pour rien, parce que la Cour est arm\u00e9e ; mais je vous supplie de me permettre de vous dire que l\u2019on les doit compter pour beaucoup, toutes les fois qu\u2019ils se comptent eux-m\u00eames pour tout. Ils en sont l\u00e0 : ils commencent eux-m\u00eames \u00e0 compter vos arm\u00e9es pour rien,, et le malheur est que leur force consiste dans leur imagination ; et l\u2019on peut dire avec v\u00e9rit\u00e9 qu\u2019\u00e0 la diff\u00e9rence de toutes les autres sortes de puissance, ils peuvent, quand ils sont arriv\u00e9s \u00e0 un certain point, tout ce qu\u2019ils croient pouvoir. \u00bb<br \/>\nEt en plus, ces gens-l\u00e0 \u00e9crivaient merveilleusement bien, et pensaient de m\u00eame.<\/p>\n<p>Seuls les peuples ont effectivement la capacit\u00e9 de <em>r\u00e9aliser<\/em> la pens\u00e9e magique. Si jamais ils se mettent en t\u00eate d\u2019exercer leur pouvoir performatif pur, ceux qui en feront les frais ne seront pas forc\u00e9ment les plus coupables. La faiblesse de l\u2019Etat, l\u2019incapacit\u00e9 des ministres, la nullit\u00e9 des opposants, voil\u00e0 ce qui fait le lit des massacres. Lors de la visite de Valls \u00e0 Vaulx-en-Velin, quatre policiers ont \u00e9t\u00e9 bless\u00e9s dans une manifestation spontan\u00e9e. Il faut se m\u00e9fier de la col\u00e8re du peuple.<\/p>\n<p>Jean-Paul Brighelli<\/p>\n","protected":false},"excerpt":{"rendered":"<p>C\u2019\u00e9tait mercredi dernier, lors de sa visite du plan\u00e9tarium de Vaulx-en-Velin \u2014 qui a form\u00e9 Khaled Kelkal, et o\u00f9 se pr\u00e9sentera Najat Vallaud-Belkacem aux prochaines l\u00e9gislatives. Un \u00e9l\u00e8ve bavardait, l\u2019un de ses camarades l\u2019a taquin\u00e9 sur le sujet, et Valls lui a lanc\u00e9 la phrase susdite. D\u2019apr\u00e8s le Figaro de vendredi 15 avril, c\u2019\u00e9tait une [&hellip;]<\/p>\n","protected":false},"author":6,"featured_media":0,"comment_status":"open","ping_status":"open","sticky":false,"template":"","format":"standard","meta":{"footnotes":""},"categories":[1],"tags":[946,947,893,783,945],"class_list":{"0":"post-1127","1":"post","2":"type-post","3":"status-publish","4":"format-standard","6":"category-non-classe","7":"tag-cardinal-de-retz","8":"tag-fonction-performative","9":"tag-laurent-binet","10":"tag-manuel-valls","11":"tag-vaulx-en-velin"},"_links":{"self":[{"href":"https:\/\/blog.causeur.fr\/bonnetdane\/wp-json\/wp\/v2\/posts\/1127","targetHints":{"allow":["GET"]}}],"collection":[{"href":"https:\/\/blog.causeur.fr\/bonnetdane\/wp-json\/wp\/v2\/posts"}],"about":[{"href":"https:\/\/blog.causeur.fr\/bonnetdane\/wp-json\/wp\/v2\/types\/post"}],"author":[{"embeddable":true,"href":"https:\/\/blog.causeur.fr\/bonnetdane\/wp-json\/wp\/v2\/users\/6"}],"replies":[{"embeddable":true,"href":"https:\/\/blog.causeur.fr\/bonnetdane\/wp-json\/wp\/v2\/comments?post=1127"}],"version-history":[{"count":0,"href":"https:\/\/blog.causeur.fr\/bonnetdane\/wp-json\/wp\/v2\/posts\/1127\/revisions"}],"wp:attachment":[{"href":"https:\/\/blog.causeur.fr\/bonnetdane\/wp-json\/wp\/v2\/media?parent=1127"}],"wp:term":[{"taxonomy":"category","embeddable":true,"href":"https:\/\/blog.causeur.fr\/bonnetdane\/wp-json\/wp\/v2\/categories?post=1127"},{"taxonomy":"post_tag","embeddable":true,"href":"https:\/\/blog.causeur.fr\/bonnetdane\/wp-json\/wp\/v2\/tags?post=1127"}],"curies":[{"name":"wp","href":"https:\/\/api.w.org\/{rel}","templated":true}]}}