{"id":1130,"date":"2016-04-17T14:13:21","date_gmt":"2016-04-17T14:13:21","guid":{"rendered":"http:\/\/blog.causeur.fr\/bonnetdane\/?p=1130"},"modified":"2021-04-22T18:49:38","modified_gmt":"2021-04-22T16:49:38","slug":"finkielkraut-flic-fasciste-a-ssa-ssin","status":"publish","type":"post","link":"https:\/\/blog.causeur.fr\/bonnetdane\/finkielkraut-flic-fasciste-a-ssa-ssin-1130","title":{"rendered":"Finkielkraut ! Flic ! Fasciste ! A-ssa-ssin !"},"content":{"rendered":"<p>Franchement, Juif, t\u2019as int\u00e9r\u00eat \u00e0 avoir la vocation.<br \/>\nTu appartiens \u00e0 la race \u00e9lue, de sorte que Dieu vient r\u00e9guli\u00e8rement voir s\u2019il en reste, et en massacre cinq ou six millions. Un \u00ab d\u00e9tail \u00bb !<br \/>\nTu erres depuis deux mille ans, et pas seulement dans les romans d\u2019Eug\u00e8ne Sue, et quand par hasard tu c\u00e8des \u00e0 la \u00ab tentation de Venise \u00bb, on te cadenasse dans un ghetto \u2014 m\u00eame qu\u2019on a invent\u00e9 le mot pour toi, l\u00e0-bas, sur la lagune\u2026<br \/>\nTu es si naturellement suppos\u00e9 \u00eatre riche qu\u2019on te spolie et qu\u2019on t\u2019expulse quand on est Philippe-Auguste, et qu\u2019on te torture quand on est Youssouf Fofana, parce qu\u2019un Juif pauvre, \u00e7a n\u2019existe pas, c\u2019est juste qu\u2019il aime se faire prier\u2026<br \/>\nTu as beau avoir abandonn\u00e9 depuis des lustres les \u00ab pr\u00e9jug\u00e9s \u00bb et le fanatisme religieux, tu as beau te d\u00e9lecter de travers de porc au miel et par d\u00e9rision tu collectionnes les images du cochon comme anti-f\u00e9tiche (si, j\u2019en connais un ! Salut, Michel !), tu peux bien appartenir aux \u00e9lites intellectuelles, on te confond all\u00e8grement avec les arri\u00e9r\u00e9s d\u2019une autre religion du d\u00e9sert qui s\u2019obstine \u00e0 croire que le porc, c&rsquo;est cochon, et que les femmes sont impures \u2014 sous pr\u00e9texte qu\u2019un ministre isra\u00e9lien, Yaakov Litzman, plus poilu qu\u2019un proph\u00e8te, s\u2019est <a href=\"http:\/\/tempsreel.nouvelobs.com\/monde\/20160413.OBS8445\/pourquoi-un-ministre-israelien-a-refuse-de-serrer-la-main-a-marisol-touraine.html\">r\u00e9cemment comport\u00e9, vis-\u00e0-vis de Marisol Touraine<\/a>, comme un barbu islamiste vis-\u00e0-vis de Najat Vallaud-Belkacem\u2026<br \/>\nEt tu as beau rassembler autour de toi une flop\u00e9e de pseudo-z-intellectuels qui ne sont pas de droite, si bien que <em>Le Point<\/em> en est \u00e0 parler de \u00ab gauche Finkielkraut \u00bb, <a href=\"http:\/\/www.causeur.fr\/printemps-republicain-ps-laicite-37280.html#\">ce qui fait enrager Elisabeth Levy<\/a> (Ciel ! Encore une ! La petite s\u0153ur de Bernard-Henri, je suis s\u00fbr ! Ils sont partout !) parce qu&rsquo;elle n\u2019a pas pens\u00e9 au slogan, <a href=\"http:\/\/www.liberation.fr\/debats\/2016\/01\/20\/neoreacs-piqure-de-rappel_1427832\">comme un journal qui fut jadis de gauche<\/a> te caricature en marionnette surveill\u00e9e de pr\u00e8s par Eric Zemmour (et Elisabeth ! Encore elle ! Elle est partout !), te voici catalogu\u00e9 fasciste.<a href=\"http:\/\/blog.causeur.fr\/bonnetdane\/files\/2016\/04\/Capture-d\u2019\u00e9cran-2016-04-17-\u00e0-14.45.23.png\"><img loading=\"lazy\" decoding=\"async\" class=\"aligncenter size-medium wp-image-1138\" src=\"http:\/\/blog.causeur.fr\/bonnetdane\/files\/2016\/04\/Capture-d\u2019\u00e9cran-2016-04-17-\u00e0-14.45.23-224x300.png\" alt=\"\" width=\"224\" height=\"300\" srcset=\"https:\/\/blog.causeur.fr\/bonnetdane\/wp-content\/uploads\/sites\/25\/2016\/04\/Capture-d\u2019\u00e9cran-2016-04-17-\u00e0-14.45.23-224x300.png 224w, https:\/\/blog.causeur.fr\/bonnetdane\/wp-content\/uploads\/sites\/25\/2016\/04\/Capture-d\u2019\u00e9cran-2016-04-17-\u00e0-14.45.23.png 524w\" sizes=\"auto, (max-width: 224px) 100vw, 224px\" \/><\/a><\/p>\n<p>Et <a href=\"http:\/\/www.europe1.fr\/societe\/nuit-debout-alain-finkielkraut-econduit-et-traite-de-facho-2722039\">c\u2019est ce qui est arriv\u00e9 \u00e0 Finkielkraut hier soir<\/a>.<br \/>\nVenu en curieux \u2014 avec son \u00e9pouse, ce type est un l\u00e2che, il n\u2019ose pas venir seul, il lui faut un bouclier humain \u2014 rencontrer les p\u2019tits jeunes qui passent la nuit debout avant d\u2019aller se vautrer sous leurs couettes dans leur VII\u00e8me arrondissement natal, il s\u2019est fait expulser <em>manu militari<\/em> sous des tombereaux d\u2019insultes \u2014 dont celle-ci justement : \u00ab Fasciste ! \u00bb Aucun antis\u00e9mitisme l\u00e0-dedans, bien s\u00fbr. Juste la B\u00eatise \u00e0 front de taureau.<a href=\"http:\/\/blog.causeur.fr\/bonnetdane\/files\/2016\/04\/Capture-d\u2019\u00e9cran-2016-04-17-\u00e0-12.37.282.png\"><img loading=\"lazy\" decoding=\"async\" class=\"aligncenter size-full wp-image-1139\" src=\"http:\/\/blog.causeur.fr\/bonnetdane\/files\/2016\/04\/Capture-d\u2019\u00e9cran-2016-04-17-\u00e0-12.37.282.png\" alt=\"\" width=\"495\" height=\"155\" srcset=\"https:\/\/blog.causeur.fr\/bonnetdane\/wp-content\/uploads\/sites\/25\/2016\/04\/Capture-d\u2019\u00e9cran-2016-04-17-\u00e0-12.37.282.png 495w, https:\/\/blog.causeur.fr\/bonnetdane\/wp-content\/uploads\/sites\/25\/2016\/04\/Capture-d\u2019\u00e9cran-2016-04-17-\u00e0-12.37.282-300x93.png 300w\" sizes=\"auto, (max-width: 495px) 100vw, 495px\" \/><\/a><br \/>\nNous savons tous \u2014 Finkielkraut, moi et tous les autres \u2014 qu\u2019on n\u2019apprend plus rien \u00e0 l\u2019\u00e9cole, mais franchement, \u00e7a fait un choc. Nous n\u2019y aurions pas pens\u00e9, nous qui savons ce qu\u2019\u00e9taient exactement que les fascistes, et les hectolitres d\u2019huile de ricin qu\u2019ils ont fait boire \u00e0 tout ce qui leur paraissait suspect \u2014 les intellectuels de gauche, par exemple. Et m\u00eame si le Duce n\u2019a \u00e9t\u00e9 antis\u00e9mite que sur le tard, pour complaire au comp\u00e8re, ses troupes se r\u00e9galaient d\u00e9j\u00e0 sur les intellectuels juifs. Le lynchage, \u00e7a les connaissait. Les jeunes bobos du 16 avril se sont comport\u00e9s comme les nervis des ann\u00e9es 1920. Ah, moi aussi je peux faire des amalgames !<br \/>\n\u00c0 vrai dire, pour Finkielkraut, le mal vient de plus loin. <a href=\"http:\/\/blog.causeur.fr\/bonnetdane\/deux-ou-trois-choses-que-je-sais-de-finkielkraut-00457.html\">J\u2019ai racont\u00e9 l\u2019ann\u00e9e derni\u00e8re <\/a>comment sa candidature \u00e0 l\u2019Acad\u00e9mie avait g\u00e9n\u00e9r\u00e9 des torrents de fiel dans tout ce que la Gauche bien-pensante (pl\u00e9onasme !) compte de faux intellectuels, de va-de-la gueule, de petits pr\u00e9tentieux et d\u2019Edouard Louis. Et il a beau avoir appuy\u00e9 la manif des enseignants contre l\u2019abominable r\u00e9forme du coll\u00e8ge, un quarteron de grincheux emmen\u00e9s par les piliers du SGEN et du SE-UNSA insinue que c\u2019est au nom d\u2019une Droite qui n\u2019ose pas dire son nom. C\u2019est comme Sarko pour Badiou \u2014 de quoi Finkie est-il le nom\u2026<br \/>\nLe fait est que le voici d\u00e9fendu sur Tweeter par Eric Ciotti \u2014 \u00e7a fait mal\u2026<a href=\"http:\/\/blog.causeur.fr\/bonnetdane\/files\/2016\/04\/Capture-d\u2019\u00e9cran-2016-04-17-\u00e0-12.40.27.png\"><img loading=\"lazy\" decoding=\"async\" class=\"aligncenter size-full wp-image-1135\" src=\"http:\/\/blog.causeur.fr\/bonnetdane\/files\/2016\/04\/Capture-d\u2019\u00e9cran-2016-04-17-\u00e0-12.40.27.png\" alt=\"\" width=\"449\" height=\"200\" srcset=\"https:\/\/blog.causeur.fr\/bonnetdane\/wp-content\/uploads\/sites\/25\/2016\/04\/Capture-d\u2019\u00e9cran-2016-04-17-\u00e0-12.40.27.png 449w, https:\/\/blog.causeur.fr\/bonnetdane\/wp-content\/uploads\/sites\/25\/2016\/04\/Capture-d\u2019\u00e9cran-2016-04-17-\u00e0-12.40.27-300x133.png 300w\" sizes=\"auto, (max-width: 449px) 100vw, 449px\" \/><\/a><\/p>\n<p>Allons ! Pas de quoi s\u2019\u00e9mouvoir. Il y a quelques ann\u00e9es, l\u2019Illustre Inspecteur Primaire Frackowiak \u2014par ailleurs inspirateur de la campagne si r\u00e9ussie de S\u00e9gol\u00e8ne en 2007 \u2014 m\u2019avait accus\u00e9 de \u00ab penser brun \u00bb. Tout r\u00e9cemment, aller porter la bonne parole \u00e0 B\u00e9ziers m\u2019a \u00e9t\u00e9 compt\u00e9 comme un p\u00e9ch\u00e9 mortel. Que diraient les m\u00eames s\u2019ils avaient eu la curiosit\u00e9 <a href=\"https:\/\/www.youtube.com\/watch?v=AEVTg5L7acE\">d\u2019\u00e9couter ce que je pense<\/a> de l\u2019\u00e9tat pr\u00e9sent de la la\u00efcit\u00e9\u2026 Sans doute me d\u00e9nonceraient-ils comme ils d\u00e9noncent Kamel Daoud\u2026<br \/>\nLe fait est, <a href=\"http:\/\/blog.causeur.fr\/bonnetdane\/la-france-peau-de-chagrin-001087.html\">comme je le rappelais r\u00e9cemment<\/a>, que faute d\u2019\u00eatre encore dans un vrai conflit Gauche \/ Droite (\u00e9tant entendu qu\u2019il n\u2019y a plus que des Droites, \u00e0 part, justement, la \u00ab Gauche Finkielkraut \u00bb), nous sommes dans une opposition entre id\u00e9ologues et analystes du R\u00e9el. Les id\u00e9ologues, ce sont ceux qui remplacent les faits par leur fantasme \u2014 la r\u00e9forme du coll\u00e8ge fait partie de ces d\u00e9vissements de la r\u00e9alit\u00e9. Les r\u00e9alistes ne prennent pas leurs d\u00e9sirs pour des r\u00e9alit\u00e9s \u2014 ils sont souvent m\u00e9contents, voire m\u00e9contemporains \u2014, mais par une inversion typique justement de l\u2019id\u00e9ologie, ce sont eux que l\u2019on traite de fascistes.<\/p>\n<p>Que conseiller \u00e0 Finkielkraut \u2014 <a href=\"http:\/\/www.lesinrocks.com\/2016\/04\/17\/actualite\/alain-finkielkraut-expulse-nuit-debout-2-11820397\/\">qui a montr\u00e9 sur la fin de son s\u00e9jour Place de la R\u00e9publique un certain agacement<\/a> ? De me recruter comme garde du corps \u2014 s\u2019il est beaucoup plus intelligent que moi, je suis beaucoup plus carr\u00e9 que lui, et de temps en temps, il faut coudre du muscle sur les neurones. Mais pour le peu que je le connaisse, il refuserait.<br \/>\nIl a tort. Pour quelques baffes que nous distribuerons pas aujourd\u2019hui, il y aura demain des tueries. Parce que c\u2019est l\u2019autre aspect, peu reluisant mais fatal, des id\u00e9ologies : \u00e0 force de pr\u00e9empter les faits dans le sens qui les pr\u00e9occupe, en ignorant ce qui se passe en v\u00e9rit\u00e9, les id\u00e9ologues finissent par fabriquer une nouvelle r\u00e9alit\u00e9 \u2014 et celle-l\u00e0 aura la jolie couleur des drapeaux de Daesh.<\/p>\n<p>Jean-Paul Brighelli<\/p>\n<p><a href=\"http:\/\/blog.causeur.fr\/bonnetdane\/files\/2016\/04\/Capture-d\u2019\u00e9cran-2016-04-18-\u00e0-20.15.23.png\"><img loading=\"lazy\" decoding=\"async\" class=\"aligncenter size-full wp-image-1141\" src=\"http:\/\/blog.causeur.fr\/bonnetdane\/files\/2016\/04\/Capture-d\u2019\u00e9cran-2016-04-18-\u00e0-20.15.23.png\" alt=\"\" width=\"448\" height=\"440\" srcset=\"https:\/\/blog.causeur.fr\/bonnetdane\/wp-content\/uploads\/sites\/25\/2016\/04\/Capture-d\u2019\u00e9cran-2016-04-18-\u00e0-20.15.23.png 448w, https:\/\/blog.causeur.fr\/bonnetdane\/wp-content\/uploads\/sites\/25\/2016\/04\/Capture-d\u2019\u00e9cran-2016-04-18-\u00e0-20.15.23-300x294.png 300w\" sizes=\"auto, (max-width: 448px) 100vw, 448px\" \/><\/a><\/p>\n","protected":false},"excerpt":{"rendered":"<p>Franchement, Juif, t\u2019as int\u00e9r\u00eat \u00e0 avoir la vocation. Tu appartiens \u00e0 la race \u00e9lue, de sorte que Dieu vient r\u00e9guli\u00e8rement voir s\u2019il en reste, et en massacre cinq ou six millions. Un \u00ab d\u00e9tail \u00bb ! Tu erres depuis deux mille ans, et pas seulement dans les romans d\u2019Eug\u00e8ne Sue, et quand par hasard tu [&hellip;]<\/p>\n","protected":false},"author":6,"featured_media":0,"comment_status":"open","ping_status":"open","sticky":false,"template":"","format":"standard","meta":{"footnotes":""},"categories":[1],"tags":[202,149,461,779,948],"class_list":{"0":"post-1130","1":"post","2":"type-post","3":"status-publish","4":"format-standard","6":"category-non-classe","7":"tag-alain-finkielkraut","8":"tag-fascisme","9":"tag-ideologie","10":"tag-juif","11":"tag-nuit-debout"},"_links":{"self":[{"href":"https:\/\/blog.causeur.fr\/bonnetdane\/wp-json\/wp\/v2\/posts\/1130","targetHints":{"allow":["GET"]}}],"collection":[{"href":"https:\/\/blog.causeur.fr\/bonnetdane\/wp-json\/wp\/v2\/posts"}],"about":[{"href":"https:\/\/blog.causeur.fr\/bonnetdane\/wp-json\/wp\/v2\/types\/post"}],"author":[{"embeddable":true,"href":"https:\/\/blog.causeur.fr\/bonnetdane\/wp-json\/wp\/v2\/users\/6"}],"replies":[{"embeddable":true,"href":"https:\/\/blog.causeur.fr\/bonnetdane\/wp-json\/wp\/v2\/comments?post=1130"}],"version-history":[{"count":0,"href":"https:\/\/blog.causeur.fr\/bonnetdane\/wp-json\/wp\/v2\/posts\/1130\/revisions"}],"wp:attachment":[{"href":"https:\/\/blog.causeur.fr\/bonnetdane\/wp-json\/wp\/v2\/media?parent=1130"}],"wp:term":[{"taxonomy":"category","embeddable":true,"href":"https:\/\/blog.causeur.fr\/bonnetdane\/wp-json\/wp\/v2\/categories?post=1130"},{"taxonomy":"post_tag","embeddable":true,"href":"https:\/\/blog.causeur.fr\/bonnetdane\/wp-json\/wp\/v2\/tags?post=1130"}],"curies":[{"name":"wp","href":"https:\/\/api.w.org\/{rel}","templated":true}]}}