{"id":1213,"date":"2016-07-05T21:06:48","date_gmt":"2016-07-05T19:06:48","guid":{"rendered":"http:\/\/blog.causeur.fr\/bonnetdane\/?p=1213"},"modified":"2021-04-22T18:49:38","modified_gmt":"2021-04-22T16:49:38","slug":"les-presidents-normaux","status":"publish","type":"post","link":"https:\/\/blog.causeur.fr\/bonnetdane\/les-presidents-normaux-1213","title":{"rendered":"Les pr\u00e9sidents \u00ab\u00a0normaux\u00a0\u00bb"},"content":{"rendered":"<p>Il y a deux sortes de pr\u00e9sidents.<br \/>\nCeux qui arrivent au stade en h\u00e9licopt\u00e8re (avec plusieurs passages \u00e0 vide de l\u2019h\u00e9licopt\u00e8re au dessus de Marseille, de fa\u00e7on \u00e0 tromper l\u2019ennemi qui, le drone entre les dents, guette l\u2019Elu avec son missile sol-air), et dont le d\u00e9barquement mobilise 150 hommes charg\u00e9s d\u2019assurer sa s\u00e9curit\u00e9, en sus de l\u2019\u00e9tat d\u2019urgence, de la r\u00e9pression de l\u2019ivresse publique des supporters, et du tout venant \u2014 un jeune ado vient de se faire mortellement poignarder pour une transaction portant sur un scooter.<br \/>\nCeux-l\u00e0 s\u2019installent dans la tribune\u2026 pr\u00e9sidentielle, accompagn\u00e9s soit de leur ministre de l\u2019Education, \u00e9tant entendu que le foot est un sport d\u2019intellectuels<a href=\"http:\/\/blog.causeur.fr\/bonnetdane\/files\/2016\/07\/2435032-le-president-francois-hollande-le-presi-950x0-1.jpg\"><img loading=\"lazy\" decoding=\"async\" class=\"aligncenter size-medium wp-image-1221\" src=\"http:\/\/blog.causeur.fr\/bonnetdane\/files\/2016\/07\/2435032-le-president-francois-hollande-le-presi-950x0-1-300x199.jpg\" alt=\"\" width=\"300\" height=\"199\" srcset=\"https:\/\/blog.causeur.fr\/bonnetdane\/wp-content\/uploads\/sites\/25\/2016\/07\/2435032-le-president-francois-hollande-le-presi-950x0-1-300x199.jpg 300w, https:\/\/blog.causeur.fr\/bonnetdane\/wp-content\/uploads\/sites\/25\/2016\/07\/2435032-le-president-francois-hollande-le-presi-950x0-1-450x300.jpg 450w, https:\/\/blog.causeur.fr\/bonnetdane\/wp-content\/uploads\/sites\/25\/2016\/07\/2435032-le-president-francois-hollande-le-presi-950x0-1.jpg 950w\" sizes=\"auto, (max-width: 300px) 100vw, 300px\" \/><\/a>soit dans tous les cas du pr\u00e9sident de la F\u00e9d\u00e9ration, qui a des mimiques si expressives, surtout apr\u00e8s la huiti\u00e8me coupe de champagne aval\u00e9e dans la loge des Tr\u00e8s Importantes Personnes<!--more--><a href=\"http:\/\/blog.causeur.fr\/bonnetdane\/files\/2016\/07\/France-Islande-l-Elysee-fait-savoir-que-Hollande-a-invite-le-fils-des-policiers-assassines-a-Magnanville.jpg\"><img loading=\"lazy\" decoding=\"async\" class=\"aligncenter size-large wp-image-1222\" src=\"http:\/\/blog.causeur.fr\/bonnetdane\/files\/2016\/07\/France-Islande-l-Elysee-fait-savoir-que-Hollande-a-invite-le-fils-des-policiers-assassines-a-Magnanville-1024x512.jpg\" alt=\"\" width=\"584\" height=\"292\" srcset=\"https:\/\/blog.causeur.fr\/bonnetdane\/wp-content\/uploads\/sites\/25\/2016\/07\/France-Islande-l-Elysee-fait-savoir-que-Hollande-a-invite-le-fils-des-policiers-assassines-a-Magnanville-1024x512.jpg 1024w, https:\/\/blog.causeur.fr\/bonnetdane\/wp-content\/uploads\/sites\/25\/2016\/07\/France-Islande-l-Elysee-fait-savoir-que-Hollande-a-invite-le-fils-des-policiers-assassines-a-Magnanville-300x150.jpg 300w, https:\/\/blog.causeur.fr\/bonnetdane\/wp-content\/uploads\/sites\/25\/2016\/07\/France-Islande-l-Elysee-fait-savoir-que-Hollande-a-invite-le-fils-des-policiers-assassines-a-Magnanville-500x250.jpg 500w, https:\/\/blog.causeur.fr\/bonnetdane\/wp-content\/uploads\/sites\/25\/2016\/07\/France-Islande-l-Elysee-fait-savoir-que-Hollande-a-invite-le-fils-des-policiers-assassines-a-Magnanville.jpg 1280w\" sizes=\"auto, (max-width: 584px) 100vw, 584px\" \/><\/a><\/p>\n<p>Et puis il y a le pr\u00e9sident islandais, Gudni Johannesson, habill\u00e9 du maillot de son \u00e9quipe, et perdu au milieu des fans dans un quart de virage du V\u00e9lodrome<a href=\"http:\/\/blog.causeur.fr\/bonnetdane\/files\/2016\/07\/president-islandais-fraisl.jpg\"><img loading=\"lazy\" decoding=\"async\" class=\"aligncenter size-large wp-image-1224\" src=\"http:\/\/blog.causeur.fr\/bonnetdane\/files\/2016\/07\/president-islandais-fraisl-1024x576.jpg\" alt=\"\" width=\"584\" height=\"328\" srcset=\"https:\/\/blog.causeur.fr\/bonnetdane\/wp-content\/uploads\/sites\/25\/2016\/07\/president-islandais-fraisl-1024x576.jpg 1024w, https:\/\/blog.causeur.fr\/bonnetdane\/wp-content\/uploads\/sites\/25\/2016\/07\/president-islandais-fraisl-300x168.jpg 300w, https:\/\/blog.causeur.fr\/bonnetdane\/wp-content\/uploads\/sites\/25\/2016\/07\/president-islandais-fraisl-500x281.jpg 500w, https:\/\/blog.causeur.fr\/bonnetdane\/wp-content\/uploads\/sites\/25\/2016\/07\/president-islandais-fraisl.jpg 1170w\" sizes=\"auto, (max-width: 584px) 100vw, 584px\" \/><\/a>Ah, les responsables du Front de Gauche ont pr\u00e9f\u00e9r\u00e9 le Viking \u2014 en l\u2019occurrence le porte-parole de M\u00e9lenchon, qui a manifestement mauvais esprit<a href=\"http:\/\/blog.causeur.fr\/bonnetdane\/files\/2016\/07\/Capture-d\u2019\u00e9cran-2016-07-05-\u00e0-12.47.11.png\"><img loading=\"lazy\" decoding=\"async\" class=\"aligncenter size-full wp-image-1225\" src=\"http:\/\/blog.causeur.fr\/bonnetdane\/files\/2016\/07\/Capture-d\u2019\u00e9cran-2016-07-05-\u00e0-12.47.11.png\" alt=\"\" width=\"500\" height=\"209\" srcset=\"https:\/\/blog.causeur.fr\/bonnetdane\/wp-content\/uploads\/sites\/25\/2016\/07\/Capture-d\u2019\u00e9cran-2016-07-05-\u00e0-12.47.11.png 500w, https:\/\/blog.causeur.fr\/bonnetdane\/wp-content\/uploads\/sites\/25\/2016\/07\/Capture-d\u2019\u00e9cran-2016-07-05-\u00e0-12.47.11-300x125.png 300w\" sizes=\"auto, (max-width: 500px) 100vw, 500px\" \/><\/a>Et il n\u2019est pas le seul\u2026<a href=\"http:\/\/blog.causeur.fr\/bonnetdane\/files\/2016\/07\/Capture-d\u2019\u00e9cran-2016-07-05-\u00e0-12.48.13.png\"><img loading=\"lazy\" decoding=\"async\" class=\"aligncenter size-full wp-image-1226\" src=\"http:\/\/blog.causeur.fr\/bonnetdane\/files\/2016\/07\/Capture-d\u2019\u00e9cran-2016-07-05-\u00e0-12.48.13.png\" alt=\"\" width=\"503\" height=\"185\" srcset=\"https:\/\/blog.causeur.fr\/bonnetdane\/wp-content\/uploads\/sites\/25\/2016\/07\/Capture-d\u2019\u00e9cran-2016-07-05-\u00e0-12.48.13.png 503w, https:\/\/blog.causeur.fr\/bonnetdane\/wp-content\/uploads\/sites\/25\/2016\/07\/Capture-d\u2019\u00e9cran-2016-07-05-\u00e0-12.48.13-300x110.png 300w, https:\/\/blog.causeur.fr\/bonnetdane\/wp-content\/uploads\/sites\/25\/2016\/07\/Capture-d\u2019\u00e9cran-2016-07-05-\u00e0-12.48.13-500x183.png 500w\" sizes=\"auto, (max-width: 503px) 100vw, 503px\" \/><\/a>Il faut dire qu\u2019imaginer Hollande habill\u00e9 en footeux n\u2019est pas facile, et quel que soit mon art de l\u2019hypotypose, je renonce \u00e0 vous donner \u00e0 voir le r\u00e9sultat. Je pr\u00e9f\u00e8re m\u2019en tenir \u00e0 la r\u00e9alit\u00e9 \u2014 elle est beaucoup plus dr\u00f4le\u2026<a href=\"http:\/\/blog.causeur.fr\/bonnetdane\/files\/2016\/07\/Capture-d\u2019\u00e9cran-2016-07-05-\u00e0-12.50.08.png\"><img loading=\"lazy\" decoding=\"async\" class=\"aligncenter size-full wp-image-1223\" src=\"http:\/\/blog.causeur.fr\/bonnetdane\/files\/2016\/07\/Capture-d\u2019\u00e9cran-2016-07-05-\u00e0-12.50.08.png\" alt=\"\" width=\"613\" height=\"618\" srcset=\"https:\/\/blog.causeur.fr\/bonnetdane\/wp-content\/uploads\/sites\/25\/2016\/07\/Capture-d\u2019\u00e9cran-2016-07-05-\u00e0-12.50.08.png 613w, https:\/\/blog.causeur.fr\/bonnetdane\/wp-content\/uploads\/sites\/25\/2016\/07\/Capture-d\u2019\u00e9cran-2016-07-05-\u00e0-12.50.08-150x150.png 150w, https:\/\/blog.causeur.fr\/bonnetdane\/wp-content\/uploads\/sites\/25\/2016\/07\/Capture-d\u2019\u00e9cran-2016-07-05-\u00e0-12.50.08-297x300.png 297w\" sizes=\"auto, (max-width: 613px) 100vw, 613px\" \/><\/a>Allez, c\u2019\u00e9tait ma contribution \u00e0 une comp\u00e9tition qui me h\u00e9risse les poils occultes, vu la quantit\u00e9 de bi\u00e8re ing\u00e9r\u00e9e et red\u00e9vers\u00e9e dans les petites rues jouxtant le Vieux-Port \u2014 la mienne par exemple\u2026<a href=\"http:\/\/blog.causeur.fr\/bonnetdane\/files\/2016\/07\/safe_image.jpg\"><img loading=\"lazy\" decoding=\"async\" class=\"aligncenter size-full wp-image-1227\" src=\"http:\/\/blog.causeur.fr\/bonnetdane\/files\/2016\/07\/safe_image.jpg\" alt=\"\" width=\"470\" height=\"250\" srcset=\"https:\/\/blog.causeur.fr\/bonnetdane\/wp-content\/uploads\/sites\/25\/2016\/07\/safe_image.jpg 470w, https:\/\/blog.causeur.fr\/bonnetdane\/wp-content\/uploads\/sites\/25\/2016\/07\/safe_image-300x159.jpg 300w\" sizes=\"auto, (max-width: 470px) 100vw, 470px\" \/><\/a>M\u00eame que <a href=\"https:\/\/www.youtube.com\/watch?v=1cC-jhdF4sI\">\u00e7a en finit par \u00eatre dr\u00f4le<\/a>\u2026<\/p>\n<p>Ne nous frappons pas. L\u2019\u00e9quipe de France a rempli son contrat vis-\u00e0-vis des cha\u00eenes priv\u00e9es, M6 samedi dernier, et TF1 jeudi soir. Apr\u00e8s, on s\u2019en fiche, la finale aurait attir\u00e9 autant de monde, qu\u2019il s\u2019agisse des Fran\u00e7ais, des Teutons, des Cuimris ou des Portugues\u2026<br \/>\nQuand je pense que le Pr\u00e9sident de la R\u00e9publique compte l\u00e0-dessus pour redorer son bla-bla-blason\u2026<\/p>\n<p>Jean-Paul Brighelli<\/p>\n","protected":false},"excerpt":{"rendered":"<p>Il y a deux sortes de pr\u00e9sidents. Ceux qui arrivent au stade en h\u00e9licopt\u00e8re (avec plusieurs passages \u00e0 vide de l\u2019h\u00e9licopt\u00e8re au dessus de Marseille, de fa\u00e7on \u00e0 tromper l\u2019ennemi qui, le drone entre les dents, guette l\u2019Elu avec son missile sol-air), et dont le d\u00e9barquement mobilise 150 hommes charg\u00e9s d\u2019assurer sa s\u00e9curit\u00e9, en sus [&hellip;]<\/p>\n","protected":false},"author":6,"featured_media":0,"comment_status":"open","ping_status":"open","sticky":false,"template":"","format":"standard","meta":{"footnotes":""},"categories":[1],"tags":[982,983,33,306],"class_list":{"0":"post-1213","1":"post","2":"type-post","3":"status-publish","4":"format-standard","6":"category-non-classe","7":"tag-eurofoot","8":"tag-gudni-johannesson","9":"tag-hollande","10":"tag-vallaud-belkacem"},"_links":{"self":[{"href":"https:\/\/blog.causeur.fr\/bonnetdane\/wp-json\/wp\/v2\/posts\/1213","targetHints":{"allow":["GET"]}}],"collection":[{"href":"https:\/\/blog.causeur.fr\/bonnetdane\/wp-json\/wp\/v2\/posts"}],"about":[{"href":"https:\/\/blog.causeur.fr\/bonnetdane\/wp-json\/wp\/v2\/types\/post"}],"author":[{"embeddable":true,"href":"https:\/\/blog.causeur.fr\/bonnetdane\/wp-json\/wp\/v2\/users\/6"}],"replies":[{"embeddable":true,"href":"https:\/\/blog.causeur.fr\/bonnetdane\/wp-json\/wp\/v2\/comments?post=1213"}],"version-history":[{"count":0,"href":"https:\/\/blog.causeur.fr\/bonnetdane\/wp-json\/wp\/v2\/posts\/1213\/revisions"}],"wp:attachment":[{"href":"https:\/\/blog.causeur.fr\/bonnetdane\/wp-json\/wp\/v2\/media?parent=1213"}],"wp:term":[{"taxonomy":"category","embeddable":true,"href":"https:\/\/blog.causeur.fr\/bonnetdane\/wp-json\/wp\/v2\/categories?post=1213"},{"taxonomy":"post_tag","embeddable":true,"href":"https:\/\/blog.causeur.fr\/bonnetdane\/wp-json\/wp\/v2\/tags?post=1213"}],"curies":[{"name":"wp","href":"https:\/\/api.w.org\/{rel}","templated":true}]}}