{"id":1229,"date":"2016-07-11T05:15:02","date_gmt":"2016-07-11T03:15:02","guid":{"rendered":"http:\/\/blog.causeur.fr\/bonnetdane\/?p=1229"},"modified":"2021-04-22T18:49:38","modified_gmt":"2021-04-22T16:49:38","slug":"arles-2016","status":"publish","type":"post","link":"https:\/\/blog.causeur.fr\/bonnetdane\/arles-2016-1229","title":{"rendered":"Arles 2016"},"content":{"rendered":"<p>Je rentre d\u2019Arles, o\u00f9 j\u2019ai pass\u00e9 une journ\u00e9e int\u00e9ressante \u00e0 baguenauder d\u2019une expo de photos \u00e0 une autre, le tout sous un soleil impitoyable, heureusement que les rues sont \u00e9troites et qu\u2019elles distillent parfois des courants d\u2019air fugaces.<br \/>\nJe ne dirai rien des ratages \u2014 les photomontages de Maud Sulter \u00e0 la Chapelle de la Charit\u00e9, St\u00e9phanie Solinas au clo\u00eetre Saint-Trophime, et les \u00ab Parfaites imperfections \u00bb au Palais de l\u2019Archev\u00each\u00e9 (\u00e0 part quelques puzzles color\u00e9s), Katerina Jebb au Mus\u00e9e R\u00e9attu, Alinka Echeverria en face \u00e0 la Commanderie Sainte-Luce, ou la quasi totalit\u00e9 de tout ce qui est expos\u00e9 dans la Grande Halle, et je me fiche que Ethan Levitas et Gary Winogrand aient une notori\u00e9t\u00e9 particuli\u00e8re, leur travail est inconsistant \u2014 pour ne rien dire des artistes invit\u00e9s autour d\u2019eux, dont il ne me reste pas une image.<!--more--><\/p>\n<p>Je n\u2019ai pas tout vu, mais j\u2019ai vu Don McCullin \u00e0 l\u2019\u00e9glise Sainte-Anne \u2014 et \u00e7a, c\u2019est splendide. Le baroudeur-photographe comme il y en avait dans les ann\u00e9es 1960-1970, du VietNam \u00e0 l\u2019Afrique, de l\u2019Irlande <a href=\"http:\/\/blog.causeur.fr\/bonnetdane\/files\/2016\/07\/don-mccullin-catholic-youth-escaping-a-cs-gas-assault-web.jpg\"><img loading=\"lazy\" decoding=\"async\" class=\"aligncenter size-large wp-image-1233\" src=\"http:\/\/blog.causeur.fr\/bonnetdane\/files\/2016\/07\/don-mccullin-catholic-youth-escaping-a-cs-gas-assault-web-1024x691.jpg\" alt=\"\" width=\"584\" height=\"394\" srcset=\"https:\/\/blog.causeur.fr\/bonnetdane\/wp-content\/uploads\/sites\/25\/2016\/07\/don-mccullin-catholic-youth-escaping-a-cs-gas-assault-web-1024x691.jpg 1024w, https:\/\/blog.causeur.fr\/bonnetdane\/wp-content\/uploads\/sites\/25\/2016\/07\/don-mccullin-catholic-youth-escaping-a-cs-gas-assault-web-300x202.jpg 300w, https:\/\/blog.causeur.fr\/bonnetdane\/wp-content\/uploads\/sites\/25\/2016\/07\/don-mccullin-catholic-youth-escaping-a-cs-gas-assault-web-444x300.jpg 444w, https:\/\/blog.causeur.fr\/bonnetdane\/wp-content\/uploads\/sites\/25\/2016\/07\/don-mccullin-catholic-youth-escaping-a-cs-gas-assault-web.jpg 1100w\" sizes=\"auto, (max-width: 584px) 100vw, 584px\" \/><\/a>aux quartiers pauvres d\u2019une Angleterre accabl\u00e9e de mis\u00e8re,<a href=\"http:\/\/blog.causeur.fr\/bonnetdane\/files\/2016\/07\/4365.jpg\"><img loading=\"lazy\" decoding=\"async\" class=\"aligncenter size-full wp-image-1231\" src=\"http:\/\/blog.causeur.fr\/bonnetdane\/files\/2016\/07\/4365.jpg\" alt=\"\" width=\"720\" height=\"471\" srcset=\"https:\/\/blog.causeur.fr\/bonnetdane\/wp-content\/uploads\/sites\/25\/2016\/07\/4365.jpg 720w, https:\/\/blog.causeur.fr\/bonnetdane\/wp-content\/uploads\/sites\/25\/2016\/07\/4365-300x196.jpg 300w, https:\/\/blog.causeur.fr\/bonnetdane\/wp-content\/uploads\/sites\/25\/2016\/07\/4365-458x300.jpg 458w\" sizes=\"auto, (max-width: 720px) 100vw, 720px\" \/><\/a> des ruines de Palmyre avant l\u2019Etat islamique aux paysages anglais champ\u00eatres et d\u00e9sesp\u00e9rants. Jamais je n\u2019ai mieux saisi le fait que tout paysage est un autoportrait, et que ce type avait vu trop d\u2019horreurs pour faire encore confiance \u00e0 l\u2019humain.<br \/>\nEt en prime, la photo du Nikon qui arr\u00eata la balle d\u2019AK-47 qui aurait d\u00fb le tuer\u00a0<a href=\"http:\/\/blog.causeur.fr\/bonnetdane\/files\/2016\/07\/nikonf.jpg\"><img loading=\"lazy\" decoding=\"async\" class=\"aligncenter size-medium wp-image-1232\" src=\"http:\/\/blog.causeur.fr\/bonnetdane\/files\/2016\/07\/nikonf-300x172.jpg\" alt=\"\" width=\"300\" height=\"172\" srcset=\"https:\/\/blog.causeur.fr\/bonnetdane\/wp-content\/uploads\/sites\/25\/2016\/07\/nikonf-300x172.jpg 300w, https:\/\/blog.causeur.fr\/bonnetdane\/wp-content\/uploads\/sites\/25\/2016\/07\/nikonf-500x287.jpg 500w, https:\/\/blog.causeur.fr\/bonnetdane\/wp-content\/uploads\/sites\/25\/2016\/07\/nikonf.jpg 618w\" sizes=\"auto, (max-width: 300px) 100vw, 300px\" \/><\/a> ce serait une extraordinaire image publicitaire, mais voil\u00e0, Nikon ne fait plus d\u2019appareils en m\u00e9tal\u2026<\/p>\n<p>M\u00eames d\u00e9primes et d\u00e9pressions avec Sid Grossman (Espace Van Gogh). Des photographies noir et blanc, mais surtout noires \u2014 la mis\u00e8re des ann\u00e9es 1930-1940 aux Etats-Unis, tr\u00e8s <em>Raisins de la col\u00e8re<\/em>,<a href=\"http:\/\/blog.causeur.fr\/bonnetdane\/files\/2016\/07\/70c2c93474eafae607d5bdaf3194b161.jpg\"><img loading=\"lazy\" decoding=\"async\" class=\"aligncenter size-full wp-image-1234\" src=\"http:\/\/blog.causeur.fr\/bonnetdane\/files\/2016\/07\/70c2c93474eafae607d5bdaf3194b161.jpg\" alt=\"\" width=\"340\" height=\"397\" srcset=\"https:\/\/blog.causeur.fr\/bonnetdane\/wp-content\/uploads\/sites\/25\/2016\/07\/70c2c93474eafae607d5bdaf3194b161.jpg 340w, https:\/\/blog.causeur.fr\/bonnetdane\/wp-content\/uploads\/sites\/25\/2016\/07\/70c2c93474eafae607d5bdaf3194b161-256x300.jpg 256w\" sizes=\"auto, (max-width: 340px) 100vw, 340px\" \/><\/a> le New York italo-n\u00e8gre du New Deal et l\u2019insouciance de l\u2019apr\u00e8s-guerre. L\u2019expo est prolong\u00e9e avec les r\u00e9alisations de certains \u00e9l\u00e8ves de Grossman \u2014 le Williamsburg Bridge de David Vestal, par exemple,<a href=\"http:\/\/blog.causeur.fr\/bonnetdane\/files\/2016\/07\/WilliamsburgBridge001.jpg\"><img loading=\"lazy\" decoding=\"async\" class=\"aligncenter size-full wp-image-1235\" src=\"http:\/\/blog.causeur.fr\/bonnetdane\/files\/2016\/07\/WilliamsburgBridge001.jpg\" alt=\"\" width=\"426\" height=\"565\" srcset=\"https:\/\/blog.causeur.fr\/bonnetdane\/wp-content\/uploads\/sites\/25\/2016\/07\/WilliamsburgBridge001.jpg 426w, https:\/\/blog.causeur.fr\/bonnetdane\/wp-content\/uploads\/sites\/25\/2016\/07\/WilliamsburgBridge001-226x300.jpg 226w\" sizes=\"auto, (max-width: 426px) 100vw, 426px\" \/><\/a> ou le Couple in subway station d\u2019Arthur Leipzig, un homme et une femme vus de dos, qui se racontent peut-\u00eatre des choses \u00e9tranges, je ne sais pas pourquoi j\u2019ai pens\u00e9 aux deux protagonistes de la nouvelle d\u2019Hemingway, <a href=\"http:\/\/www.massey.ac.nz\/massey\/fms\/Colleges\/College%20of%20Humanities%20and%20Social%20Sciences\/EMS\/Readings\/139.105\/Additional\/Hills%20Like%20White%20Elephants%20-%20Ernest%20Hemingway.pdf\"><em>Hills like white elephants<\/em><\/a>, qui parlent d\u2019avortement en attendant un train.<br \/>\nEt dans le m\u00eame Espace, les photos irlandaises d\u2019Eamonn Doyle, des tirages gigantesques admirablement mis en sc\u00e8ne. Pas un marrant non plus, Doyle. Solitudes urbaines. Destins incertains.<a href=\"http:\/\/blog.causeur.fr\/bonnetdane\/files\/2016\/07\/EamonnDoyle_Photography_02.jpg\"><img loading=\"lazy\" decoding=\"async\" class=\"aligncenter size-full wp-image-1236\" src=\"http:\/\/blog.causeur.fr\/bonnetdane\/files\/2016\/07\/EamonnDoyle_Photography_02.jpg\" alt=\"\" width=\"868\" height=\"562\" srcset=\"https:\/\/blog.causeur.fr\/bonnetdane\/wp-content\/uploads\/sites\/25\/2016\/07\/EamonnDoyle_Photography_02.jpg 868w, https:\/\/blog.causeur.fr\/bonnetdane\/wp-content\/uploads\/sites\/25\/2016\/07\/EamonnDoyle_Photography_02-300x194.jpg 300w, https:\/\/blog.causeur.fr\/bonnetdane\/wp-content\/uploads\/sites\/25\/2016\/07\/EamonnDoyle_Photography_02-463x300.jpg 463w\" sizes=\"auto, (max-width: 868px) 100vw, 868px\" \/><\/a>De tr\u00e8s belles choses \u00e0 la <a href=\"http:\/\/mrofoundation.org\/\">Fondation Manuel Rivera-Ortiz<\/a>, avec une mention particuli\u00e8re pour les Solar Portraits de Rub\u00e9n Salgado :<a href=\"http:\/\/blog.causeur.fr\/bonnetdane\/files\/2016\/07\/p1667038344-3.jpg\"><img loading=\"lazy\" decoding=\"async\" class=\"aligncenter size-full wp-image-1237\" src=\"http:\/\/blog.causeur.fr\/bonnetdane\/files\/2016\/07\/p1667038344-3.jpg\" alt=\"\" width=\"580\" height=\"387\" srcset=\"https:\/\/blog.causeur.fr\/bonnetdane\/wp-content\/uploads\/sites\/25\/2016\/07\/p1667038344-3.jpg 580w, https:\/\/blog.causeur.fr\/bonnetdane\/wp-content\/uploads\/sites\/25\/2016\/07\/p1667038344-3-300x200.jpg 300w, https:\/\/blog.causeur.fr\/bonnetdane\/wp-content\/uploads\/sites\/25\/2016\/07\/p1667038344-3-449x300.jpg 449w\" sizes=\"auto, (max-width: 580px) 100vw, 580px\" \/><\/a>Et juste en face, les photographies de l\u2019Ouest de Bernard Plossu, le beatnick qui lisait C\u00e9line dans une vieille Ford quelque part au Nouveau-Mexique, et trouve que Sam Peckinpah est le plus grand, m\u00eame si <em>la Fl\u00e8che bris\u00e9e<\/em> (de Delmer Daves) est le plus beau. Regardez, on dirait Faye Dunaway draguant Warren Beatty avant la chute finale, et appr\u00e9ciez la qualit\u00e9 des <a href=\"http:\/\/www.atelier-fresson.com\/histoire.htm\">tirages au charbon de Fresson<\/a> :<a href=\"http:\/\/blog.causeur.fr\/bonnetdane\/files\/2016\/07\/Bernard-Plossu-Vintage2-700x468.jpg\"><img loading=\"lazy\" decoding=\"async\" class=\"aligncenter size-full wp-image-1238\" src=\"http:\/\/blog.causeur.fr\/bonnetdane\/files\/2016\/07\/Bernard-Plossu-Vintage2-700x468.jpg\" alt=\"\" width=\"700\" height=\"468\" srcset=\"https:\/\/blog.causeur.fr\/bonnetdane\/wp-content\/uploads\/sites\/25\/2016\/07\/Bernard-Plossu-Vintage2-700x468.jpg 700w, https:\/\/blog.causeur.fr\/bonnetdane\/wp-content\/uploads\/sites\/25\/2016\/07\/Bernard-Plossu-Vintage2-700x468-300x200.jpg 300w, https:\/\/blog.causeur.fr\/bonnetdane\/wp-content\/uploads\/sites\/25\/2016\/07\/Bernard-Plossu-Vintage2-700x468-448x300.jpg 448w\" sizes=\"auto, (max-width: 700px) 100vw, 700px\" \/><\/a>Au fond, une photographie est toujours un auto-portrait \u2014 mais c\u2019est \u00e9galement un miroir o\u00f9 se refl\u00e8te le promeneur qui regarde toutes ces images, et qui les appr\u00e9cie dans la mesure o\u00f9 il s\u2019y retrouve \u2014 et c\u2019est un peu noir quand m\u00eame, ce que je retrouve de moi chez McCullin ou Grossman. Comme disait \u00e0 peu pr\u00e8s Cocteau, les miroirs feraient bien de r\u00e9fl\u00e9chir un peu plus avant de me renvoyer mon image.<\/p>\n<p>\u00c0 l\u2019Atelier des Forges enfin, une tr\u00e8s belle exposition sur le \u00ab Mauvais genre \u00bb \u2014 transsexuels, travestis des deux sexes, l\u2019histoire enti\u00e8re de Bambi, qui commen\u00e7a Jean-Pierre et finit Marie-Pierre, prof de Lettres apr\u00e8s avoir \u00e9t\u00e9 attraction chez Madame Arthur.<a href=\"http:\/\/blog.causeur.fr\/bonnetdane\/files\/2016\/07\/500full-1.jpg\"><img loading=\"lazy\" decoding=\"async\" class=\"aligncenter size-full wp-image-1239\" src=\"http:\/\/blog.causeur.fr\/bonnetdane\/files\/2016\/07\/500full-1.jpg\" alt=\"\" width=\"500\" height=\"793\" srcset=\"https:\/\/blog.causeur.fr\/bonnetdane\/wp-content\/uploads\/sites\/25\/2016\/07\/500full-1.jpg 500w, https:\/\/blog.causeur.fr\/bonnetdane\/wp-content\/uploads\/sites\/25\/2016\/07\/500full-1-189x300.jpg 189w\" sizes=\"auto, (max-width: 500px) 100vw, 500px\" \/><\/a>En m\u00eame temps que Coccinelle, n\u00e9e Jacques Dufresnoy devenue Jacqueline.<a href=\"http:\/\/blog.causeur.fr\/bonnetdane\/files\/2016\/07\/500full.jpg\"><img loading=\"lazy\" decoding=\"async\" class=\"aligncenter size-full wp-image-1240\" src=\"http:\/\/blog.causeur.fr\/bonnetdane\/files\/2016\/07\/500full.jpg\" alt=\"\" width=\"500\" height=\"718\" srcset=\"https:\/\/blog.causeur.fr\/bonnetdane\/wp-content\/uploads\/sites\/25\/2016\/07\/500full.jpg 500w, https:\/\/blog.causeur.fr\/bonnetdane\/wp-content\/uploads\/sites\/25\/2016\/07\/500full-208x300.jpg 208w\" sizes=\"auto, (max-width: 500px) 100vw, 500px\" \/><\/a>Des photos d\u2019albums de famille, des XIX\u00e8me et XX\u00e8me si\u00e8cles, racontant des histoires de souffrance et de vie parall\u00e8le. Finalement, c\u2019est ce que la photo fait de mieux : fixer un d\u00e9sarroi sur support argentique. Profitez, c\u2019est jusqu\u2019au 25 septembre.<\/p>\n<p>Jean-Paul Brighelli<\/p>\n<p>PS. J&rsquo;oubliais les Yokai de Charles Fr\u00e9ger, \u00e0 l&rsquo;Eglise des Trinitaires. Les Yoka\u00ef sont des d\u00e9mons japonais \u2014 ils sont des milliers, dans tous les coins de l&rsquo;archipel, pour toutes les occasions. Fr\u00e9ger a fait un splendide travail sur la couleur avec ces fantasmagories. Par exemple :<a href=\"http:\/\/blog.causeur.fr\/bonnetdane\/files\/2016\/07\/Yokainoshima_max1024x768.jpg\"><img loading=\"lazy\" decoding=\"async\" class=\"aligncenter size-full wp-image-1242\" src=\"http:\/\/blog.causeur.fr\/bonnetdane\/files\/2016\/07\/Yokainoshima_max1024x768.jpg\" alt=\"\" width=\"585\" height=\"768\" srcset=\"https:\/\/blog.causeur.fr\/bonnetdane\/wp-content\/uploads\/sites\/25\/2016\/07\/Yokainoshima_max1024x768.jpg 585w, https:\/\/blog.causeur.fr\/bonnetdane\/wp-content\/uploads\/sites\/25\/2016\/07\/Yokainoshima_max1024x768-228x300.jpg 228w\" sizes=\"auto, (max-width: 585px) 100vw, 585px\" \/><\/a>Un dernier mot.<br \/>\n\u00c7a tenait un peu du marathon, toutes ces images en quelques heures. Je suis bien persuad\u00e9 d&rsquo;\u00eatre pass\u00e9 \u00e0 c\u00f4t\u00e9 de bien des choses int\u00e9ressantes \u2014 il faut y aller en sachant qu&rsquo;on y reviendra. On a tout l&rsquo;\u00e9t\u00e9.<\/p>\n","protected":false},"excerpt":{"rendered":"<p>Je rentre d\u2019Arles, o\u00f9 j\u2019ai pass\u00e9 une journ\u00e9e int\u00e9ressante \u00e0 baguenauder d\u2019une expo de photos \u00e0 une autre, le tout sous un soleil impitoyable, heureusement que les rues sont \u00e9troites et qu\u2019elles distillent parfois des courants d\u2019air fugaces. Je ne dirai rien des ratages \u2014 les photomontages de Maud Sulter \u00e0 la Chapelle de la [&hellip;]<\/p>\n","protected":false},"author":6,"featured_media":0,"comment_status":"open","ping_status":"open","sticky":false,"template":"","format":"standard","meta":{"footnotes":""},"categories":[1],"tags":[987,994,993,995,989,991,988,992,990],"class_list":{"0":"post-1229","1":"post","2":"type-post","3":"status-publish","4":"format-standard","6":"category-non-classe","7":"tag-arles","8":"tag-bambi","9":"tag-bernard-plossu","10":"tag-charles-freger","11":"tag-don-mccullin","12":"tag-eamonn-doyle","13":"tag-rencontres-photographiques","14":"tag-ruben-salgado","15":"tag-sid-grossman"},"_links":{"self":[{"href":"https:\/\/blog.causeur.fr\/bonnetdane\/wp-json\/wp\/v2\/posts\/1229","targetHints":{"allow":["GET"]}}],"collection":[{"href":"https:\/\/blog.causeur.fr\/bonnetdane\/wp-json\/wp\/v2\/posts"}],"about":[{"href":"https:\/\/blog.causeur.fr\/bonnetdane\/wp-json\/wp\/v2\/types\/post"}],"author":[{"embeddable":true,"href":"https:\/\/blog.causeur.fr\/bonnetdane\/wp-json\/wp\/v2\/users\/6"}],"replies":[{"embeddable":true,"href":"https:\/\/blog.causeur.fr\/bonnetdane\/wp-json\/wp\/v2\/comments?post=1229"}],"version-history":[{"count":0,"href":"https:\/\/blog.causeur.fr\/bonnetdane\/wp-json\/wp\/v2\/posts\/1229\/revisions"}],"wp:attachment":[{"href":"https:\/\/blog.causeur.fr\/bonnetdane\/wp-json\/wp\/v2\/media?parent=1229"}],"wp:term":[{"taxonomy":"category","embeddable":true,"href":"https:\/\/blog.causeur.fr\/bonnetdane\/wp-json\/wp\/v2\/categories?post=1229"},{"taxonomy":"post_tag","embeddable":true,"href":"https:\/\/blog.causeur.fr\/bonnetdane\/wp-json\/wp\/v2\/tags?post=1229"}],"curies":[{"name":"wp","href":"https:\/\/api.w.org\/{rel}","templated":true}]}}