{"id":1243,"date":"2016-07-26T18:59:39","date_gmt":"2016-07-26T16:59:39","guid":{"rendered":"http:\/\/blog.causeur.fr\/bonnetdane\/?p=1243"},"modified":"2021-04-22T18:49:38","modified_gmt":"2021-04-22T16:49:38","slug":"padamalgam","status":"publish","type":"post","link":"https:\/\/blog.causeur.fr\/bonnetdane\/padamalgam-1243","title":{"rendered":"Padamalgam"},"content":{"rendered":"<p>Je ne parlerai pas des martyrs de <em>Charlie<\/em>. Car je risquerais de parler de l\u2019Islam, et l\u2019Islam est une religion de paix et d\u2019amour.<\/p>\n<p>Je ne disserterai pas sur les massacres du Bataclan et d\u2019ailleurs. Car je risquerais de parler de l\u2019Islam, et l\u2019Islam est une religion de paix et d\u2019amour.<\/p>\n<p>Je n\u2019\u00e9voquerai pas les tueries de Boko Aram, de l\u2019AQMI, d\u2019Al-Qaida, d&rsquo;Al-Nosra et d\u2019une foule d\u2019autres groupes d\u2019assassins organis\u00e9s, en Syrie et ailleurs, au nom du Proph\u00e8te, sur lui la paix et la lumi\u00e8re. Car je risquerais de parler de l\u2019Islam, et l\u2019Islam est une religion de paix et d\u2019amour.<\/p>\n<p><!--more-->Je ne dirai rien des 200 et quelques morts tu\u00e9s dans un attentat \u00e0 Bagdad le 3 juillet, ni des 15 autres tu\u00e9s dans la m\u00eame ville le 25, ni\u2026 Car je risquerais de parler de l\u2019Islam, et l\u2019Islam est une religion de paix et d\u2019amour.<\/p>\n<p>Et j\u2019ai eu tort de parler <a href=\"http:\/\/blog.causeur.fr\/bonnetdane\/le-terrorisme-a-tout-son-temps-00689.html\">ici-m\u00eame<\/a> des infid\u00e8les tu\u00e9s au mus\u00e9e du Bardo l\u2019ann\u00e9e derni\u00e8re. Car j\u2019ai pris le risque de parler de l\u2019Islam, et l\u2019Islam est une religion de paix et d\u2019amour.<\/p>\n<p>Je ne rappellerai pas, pas m\u00eame pour m\u00e9moire, les centaines de viols perp\u00e9tr\u00e9s \u00e0 Cologne, entre autres, au dernier Jour de l\u2019An \u2014 Bonne ann\u00e9e\u00a0! Car je risquerais de parler de l\u2019Islam, et l\u2019Islam est une religion de paix et d\u2019amour.<\/p>\n<p>Je ne gloserai pas sur les attentats commis en Arabie saoudite, au Yemen, en Syrie, en Irak, en Turquie. Car je risquerais de parler de l\u2019Islam, et l\u2019Islam est une religion de paix et d\u2019amour.<\/p>\n<p>Ni m\u00eame ne comptabiliserai-je les 80 morts de Kaboul de samedi dernier \u2014 les derniers dans une tr\u00e8s longue liste. Car je risquerais de parler de l\u2019Islam, et l\u2019Islam est une religion de paix et d\u2019amour.<\/p>\n<p>Ne comptez pas sur moi pour condamner les attentats \u00e0 la hache, \u00e0 la machette, et autres proc\u00e9d\u00e9s ing\u00e9nieux perp\u00e9tr\u00e9s en Allemagne ces derniers jours. Car je risquerais de parler de l\u2019Islam, et l\u2019Islam est une religion de paix et d\u2019amour.<\/p>\n<p>De m\u00eame ne commenterai-je pas l\u2019utilisation d\u2019acide au Pakistan pour d\u00e9figurer les jeunes filles \u00ab\u00a0impudiques\u00a0\u00bb \u2014 la derni\u00e8re a \u00e9t\u00e9 \u00e9trangl\u00e9e par son fr\u00e8re. Car je risquerais de parler de l\u2019Islam, et l\u2019Islam est une religion de paix et d\u2019amour.<\/p>\n<p>Je ne dirai rien, oh non, sur le pr\u00eatre octog\u00e9naire \u00e9gorg\u00e9 aujourd\u2019hui 26 juillet dans une \u00e9glise normande pendant la messe par deux courageux \u00ab\u00a0soldats\u00a0\u00bb de Daesh \u2014 tout comme d\u2019autres valeureux combattants de Daesh avaient fix\u00e9 au sommet d\u2019une colonne romaine le corps d\u00e9capit\u00e9 du conservateur octog\u00e9naire de Palmyre \u2014 ce sont des hommes qui aiment les vieillards, et ils ont prouv\u00e9 \u00e0 Nice la semaine derni\u00e8re qu&rsquo;ils aiment aussi les enfants. Car je risquerais de parler de l\u2019Islam, et l\u2019Islam est une religion de paix et d\u2019amour.<\/p>\n<p>(Parenth\u00e8se. Si un vieil imam avait \u00e9t\u00e9 tu\u00e9 dans une mosqu\u00e9e par deux connards \u2014 ce qui serait difficile vu que les mosqu\u00e9es sont le plus souvent prot\u00e9g\u00e9es, comme les synagogues, le pr\u00e9sident de la R\u00e9publique et le Premier ministre, si prompts \u00e0 condamner et \u00e0 combattre le terrorisme, appelleraient d\u00e9j\u00e0 \u00e0 une manifestation-monstre contre la mont\u00e9e des p\u00e9rils d\u2019extr\u00eame-droite, et envisageraient peut-\u00eatre de dissoudre tel ou tel groupuscule. Et sans doute auraient-ils raison. Mais ils n\u2019envisagent pas, semble-t-il, de dissoudre l\u2019Islam, ni de prendre de vraies mesures contre les milliers de terroristes islamistes potentiels fran\u00e7ais \u2014 ou qui se sont invit\u00e9s en France. Car l\u2019Islam est une religion de paix et d\u2019amour. Fin parenth\u00e8se)<\/p>\n<p>Et je ne citerai pas les sourates qui appellent au meurtre des infid\u00e8les, par le fer et par le feu. Car l\u2019Islam est une religion de paix et d\u2019amour, et <a href=\"http:\/\/atheisme.free.fr\/Religion\/Coran_extraits_infideles.htm\">seules de m\u00e9chantes langues<\/a> propagent ce genre d\u2019information.<\/p>\n<p>Et si jamais demain je me fais \u00e9gorger par un illumin\u00e9, mes amis, ne mettez pas en cause l\u2019Islam. Car l\u2019Islam est une religion de paix et d\u2019amour.<\/p>\n<p>&nbsp;<\/p>\n<p>Jean-Paul Brighelli<\/p>\n","protected":false},"excerpt":{"rendered":"<p>Je ne parlerai pas des martyrs de Charlie. Car je risquerais de parler de l\u2019Islam, et l\u2019Islam est une religion de paix et d\u2019amour. Je ne disserterai pas sur les massacres du Bataclan et d\u2019ailleurs. Car je risquerais de parler de l\u2019Islam, et l\u2019Islam est une religion de paix et d\u2019amour. Je n\u2019\u00e9voquerai pas les [&hellip;]<\/p>\n","protected":false},"author":6,"featured_media":0,"comment_status":"open","ping_status":"open","sticky":false,"template":"","format":"standard","meta":{"footnotes":""},"categories":[1],"tags":[713,78,997,596,999,998],"class_list":{"0":"post-1243","1":"post","2":"type-post","3":"status-publish","4":"format-standard","6":"category-non-classe","7":"tag-attentats","8":"tag-islam","9":"tag-meutres","10":"tag-terrorisme","11":"tag-tueries-de-masse","12":"tag-viols"},"_links":{"self":[{"href":"https:\/\/blog.causeur.fr\/bonnetdane\/wp-json\/wp\/v2\/posts\/1243","targetHints":{"allow":["GET"]}}],"collection":[{"href":"https:\/\/blog.causeur.fr\/bonnetdane\/wp-json\/wp\/v2\/posts"}],"about":[{"href":"https:\/\/blog.causeur.fr\/bonnetdane\/wp-json\/wp\/v2\/types\/post"}],"author":[{"embeddable":true,"href":"https:\/\/blog.causeur.fr\/bonnetdane\/wp-json\/wp\/v2\/users\/6"}],"replies":[{"embeddable":true,"href":"https:\/\/blog.causeur.fr\/bonnetdane\/wp-json\/wp\/v2\/comments?post=1243"}],"version-history":[{"count":0,"href":"https:\/\/blog.causeur.fr\/bonnetdane\/wp-json\/wp\/v2\/posts\/1243\/revisions"}],"wp:attachment":[{"href":"https:\/\/blog.causeur.fr\/bonnetdane\/wp-json\/wp\/v2\/media?parent=1243"}],"wp:term":[{"taxonomy":"category","embeddable":true,"href":"https:\/\/blog.causeur.fr\/bonnetdane\/wp-json\/wp\/v2\/categories?post=1243"},{"taxonomy":"post_tag","embeddable":true,"href":"https:\/\/blog.causeur.fr\/bonnetdane\/wp-json\/wp\/v2\/tags?post=1243"}],"curies":[{"name":"wp","href":"https:\/\/api.w.org\/{rel}","templated":true}]}}