{"id":128,"date":"2007-12-27T07:33:28","date_gmt":"2007-12-27T07:33:28","guid":{"rendered":"http:\/\/blog.causeur.fr\/bonnetdane\/?p=128"},"modified":"2021-04-22T18:53:58","modified_gmt":"2021-04-22T16:53:58","slug":"canossa","status":"publish","type":"post","link":"https:\/\/blog.causeur.fr\/bonnetdane\/canossa-128","title":{"rendered":"Canossa"},"content":{"rendered":"<p>Je viens de recevoir (merci, David !) un beau volume tout fra\u00eechement sorti du 5, rue S\u00e9bastien-Bottin. Il s\u2019intitule, en toute simplicit\u00e9, \u00ab Les Plus belles pages de la litt\u00e9rature fran\u00e7aise \u00bb. Bref, une anthologie au sens le plus pur \u2014 recueil des \u00ab plus belles fleurs \u00bb de rh\u00e9torique\u2026<br \/> Avec, d\u00e8s la Pr\u00e9face, des intentions fort louables : \u00ab L\u2019acte de lire a \u00e9t\u00e9 tellement analys\u00e9, diss\u00e9qu\u00e9, et le commentaire de textes a atteint un tel degr\u00e9 de sophistication qu\u2019on peut craindre que trop souvent il n\u2019\u00e9loigne de la lecture la plus naturelle et la plus gratifiante un grand nombre de lecteurs qui ne sont pas des professionnels de l\u2019enseignement, et qu\u2019il ne rebute, h\u00e9las, trop d\u2019\u00e9l\u00e8ves, et de parents, parfois surpris ou lass\u00e9s par ce qui leur appara\u00eet comme une scolastique qui occulte le plaisir de lire\u2026 \u00bb<\/p>\n<p> Je passerais volontiers sur ce qu\u2019une telle phrase, qui enfile \u00e0 loisir les \u00ab qui \u00bb et les \u00ab que \u00bb, a de laborieux, si cette lourdeur syntaxique ne r\u00e9v\u00e9lait une contorsion mentale d\u2019envergure.<br \/> De qui, ce retour au \u00ab plaisir du texte \u00bb, comme disait jadis le regrett\u00e9 Roland ? D\u2019Anne Armand, inspectrice g\u00e9n\u00e9rale de Lettres qui en 2001 pr\u00e9conisait au coll\u00e8ge de lire de la \u00ab litt\u00e9rature jeunesse \u00bb moderne (voir http:\/\/eduscol.education.fr\/D0033\/actfran_armand.htm) ; Marc Baconnet, ancien doyen de l\u2019Inspection g\u00e9n\u00e9rale de Lettres, qui d\u00e9fendait jadis la conception \u00ab moderne \u00bb de l\u2019orthographe et l\u2019enseignement en s\u00e9quences (voir son d\u00e9bat chez Finkielkraut avec Mireille Grange, sur http:\/\/www.sauv.net\/rubicon.php) ; de Patrick Laudet et Isabelle Mimouni, professeurs de pr\u00e9pas \u2014 la derni\u00e8re fut une amie au point que nous f\u00eemes jadis, bien avant qu\u2019elle ne participe \u00e0 la mise en place des nouveaux programmes de Fran\u00e7ais selon Viala, un manuel de Fran\u00e7ais pour les BTS.<br \/> Tout ce joli monde se reconvertit donc aux \u00ab plus belles pages \u00bb \u2014 retour au Lagarde &amp; Michard, plus un discours d\u2019escorte qui \u00e9touffe un peu la lecture \u00ab plaisir, mais qui me rappelle heureusement certains manuels du d\u00e9but des ann\u00e9es 1980, quand on voulait donner aux \u00e9l\u00e8ves le plus et non le moins.<br \/> R\u00e9jouissons-nous, ou rions sous cape : les plus acharn\u00e9s d\u00e9fenseurs des p\u00e9dagogistes oublient ce qu\u2019ils ont mis en place, et en reviennent \u2014 avec conviction, d\u2019ailleurs \u2014 \u00e0 une \u00e9tude en profondeur de textes essentiels. S\u2019ils enseignaient en coll\u00e8ge ou simplement en lyc\u00e9e, ce serait donc l\u00e0 le contenu de leur cahier de textes\u2026<br \/> Et tout cela n\u2019est pas pr\u00e9sent\u00e9 en \u00ab s\u00e9quences p\u00e9dagogiques \u00bb. C\u2019est chronologique, lin\u00e9aire, fort \u00e9toff\u00e9, illustr\u00e9 d\u2019une riche iconographie d\u2019\u00e9poque \u2014 savant, en un mot.<br \/> La seule chose qui me chagrine, ce n\u2019est pas cette palinodie attendue (\u00ab ce n\u2019est pas la girouette qui tourne, c\u2019est le vent \u00bb, disait le regrett\u00e9 Edgar Faure). C\u2019est sa publication en \u00ab beau livre \u00bb chez Gallimard. Que ne l\u2019ont-ils \u00e9dit\u00e9e chez tel ou tel \u00e9diteur scolaire ! Voil\u00e0 qui marquerait vraiment l\u2019an 01 du renoncement aux lubies de la secte\u2026<br \/> Mais sans doute les manuels nouveaux sont-ils d\u00e9j\u00e0 en pr\u00e9paration. <br \/> Allez, je ne veux pas \u00eatre d\u00e9sagr\u00e9able, en cette p\u00e9riode de f\u00eates et de pardon universel\u2026 Ne boudons pas notre plaisir, et relisons tranquillement Villon, Rabelais, Ronsard et les autres (\u00e0 chaque fois, c\u2019est le texte le plus c\u00e9l\u00e8bre qui est cit\u00e9 \u2014 les \u00ab stances \u00bb du Cid au chapitre Corneille, par exemple, ou l\u2019alambic de l\u2019Assommoir). La litt\u00e9rature est de retour, m\u00eame chez ceux qui ont tant contribu\u00e9 \u00e0 la marginaliser dans les programmes \u2014 \u00e0 leur corps d\u00e9fendant parfois, n\u2019est-ce pas, Isabelle\u2026<\/p>\n<p>Jean-Paul Brighelli<\/p>\n","protected":false},"excerpt":{"rendered":"<p>Je viens de recevoir (merci, David !) un beau volume tout fra\u00eechement sorti du 5, rue S\u00e9bastien-Bottin. Il s\u2019intitule, en toute simplicit\u00e9, \u00ab Les Plus belles pages de la litt\u00e9rature fran\u00e7aise \u00bb. Bref, une anthologie au sens le plus pur \u2014 recueil des \u00ab plus belles fleurs \u00bb de rh\u00e9torique\u2026 Avec, d\u00e8s la Pr\u00e9face, des [&hellip;]<\/p>\n","protected":false},"author":6,"featured_media":0,"comment_status":"open","ping_status":"open","sticky":false,"template":"","format":"standard","meta":{"footnotes":""},"categories":[1],"tags":[],"class_list":{"0":"post-128","1":"post","2":"type-post","3":"status-publish","4":"format-standard","6":"category-non-classe"},"_links":{"self":[{"href":"https:\/\/blog.causeur.fr\/bonnetdane\/wp-json\/wp\/v2\/posts\/128","targetHints":{"allow":["GET"]}}],"collection":[{"href":"https:\/\/blog.causeur.fr\/bonnetdane\/wp-json\/wp\/v2\/posts"}],"about":[{"href":"https:\/\/blog.causeur.fr\/bonnetdane\/wp-json\/wp\/v2\/types\/post"}],"author":[{"embeddable":true,"href":"https:\/\/blog.causeur.fr\/bonnetdane\/wp-json\/wp\/v2\/users\/6"}],"replies":[{"embeddable":true,"href":"https:\/\/blog.causeur.fr\/bonnetdane\/wp-json\/wp\/v2\/comments?post=128"}],"version-history":[{"count":0,"href":"https:\/\/blog.causeur.fr\/bonnetdane\/wp-json\/wp\/v2\/posts\/128\/revisions"}],"wp:attachment":[{"href":"https:\/\/blog.causeur.fr\/bonnetdane\/wp-json\/wp\/v2\/media?parent=128"}],"wp:term":[{"taxonomy":"category","embeddable":true,"href":"https:\/\/blog.causeur.fr\/bonnetdane\/wp-json\/wp\/v2\/categories?post=128"},{"taxonomy":"post_tag","embeddable":true,"href":"https:\/\/blog.causeur.fr\/bonnetdane\/wp-json\/wp\/v2\/tags?post=128"}],"curies":[{"name":"wp","href":"https:\/\/api.w.org\/{rel}","templated":true}]}}