{"id":1304,"date":"2016-08-30T06:52:20","date_gmt":"2016-08-30T04:52:20","guid":{"rendered":"http:\/\/blog.causeur.fr\/bonnetdane\/?p=1304"},"modified":"2021-04-22T18:49:20","modified_gmt":"2021-04-22T16:49:20","slug":"tartuffe-et-la-societe-du-spectacle-islamiste","status":"publish","type":"post","link":"https:\/\/blog.causeur.fr\/bonnetdane\/tartuffe-et-la-societe-du-spectacle-islamiste-1304","title":{"rendered":"Tartuffe et la soci\u00e9t\u00e9 du spectacle islamiste"},"content":{"rendered":"<p>Invit\u00e9 par Olivier Galzi sur <em>i-t\u00e9l\u00e9<\/em> le 29 ao\u00fbt, le d\u00e9put\u00e9 PS Razzy Hammadi a d\u00e9clar\u00e9 que c\u2019\u00e9tait \u00ab un droit fondamental pour des musulmanes dans notre pays de porter un voile dans l\u2019espace public \u00bb. Voil\u00e0 un homme de gauche comme Terra Nova les aime.<br \/>\nPendant ce temps, \u00e0 Colomiers, Manuel Valls parlait de Marianne, \u00ab le sein nu, parce qu\u2019elle nourrit le peuple, et qui n\u2019est pas voil\u00e9e \u00bb. Comme Chev\u00e8nement, il conseille aux musulmans un minimum de discr\u00e9tion, ce qui offusque imm\u00e9diatement les divers thurif\u00e9raires de l\u2019islam de France.<br \/>\nEt hier \u00e0 Marseille, \u00e0 quatre heures de l\u2019apr\u00e8s-midi et en plein centre-ville, j\u2019ai crois\u00e9 une jeune femme en burqa, tenant la main d\u2019une petite fille accoutr\u00e9e de m\u00eame.<br \/>\nCe qui nous ram\u00e8ne au burkini et \u00e0 l\u2019incident de Sisco. Les types qui avaient \u00ab privatis\u00e9 \u00bb la plage selon un principe de \u00ab ca\u00efdat \u00bb (<em>dixit<\/em> le procureur de la R\u00e9publique) se seraient offusqu\u00e9s des photos que prenait un touriste \u2014photographiant probablement le paysage, qui n\u2019est pas mal, comme partout en Corse.<br \/>\nFaudrait savoir.<!--more--><br \/>\n<span id=\"ligne\"><\/span><br \/>\nLe voile est-il fait pour se cacher ou pour \u00eatre remarqu\u00e9e ?<br \/>\nNous avons d\u00e9j\u00e0 not\u00e9 <a href=\"http:\/\/blog.causeur.fr\/bonnetdane\/du-cote-de-la-surmusulmane-001179.html\">ici-m\u00eame<\/a> qu\u2019il s\u2019agit en g\u00e9n\u00e9ral d\u2019une ostentation de vertu. Le probl\u00e8me \u2014 le m\u00eame depuis <em>Tartuffe<\/em> \u2014 c\u2019est l\u2019hypocrisie. Je me baigne dans une tenue sp\u00e9cifique pour que l\u2019on remarque bien que je suis musulmane \u2014 vierge \u00e0 vie\u2026 Je me voile dans la rue pour que l\u2019on m&rsquo;identifie comme musulmane \u2014 donc pure. J\u2019affuble mes filles d\u2019une burqa pour que l\u2019on sache que je suis les r\u00e8gles \u2014 et au-del\u00e0, parce qu\u2019il faut \u00eatre s\u00e9rieusement perturb\u00e9(e) pour supposer ostensiblement qu\u2019une petite fille est un objet de d\u00e9sir pour les hommes.<br \/>\nEncore que\u2026 Les musulmans <a href=\"http:\/\/www.lexpress.fr\/actualite\/societe\/religion\/le-porno-version-islamique_1775657.html\">sont apparemment les plus grands consommateurs de pornographie<\/a>. Grand bien leur fasse. Mais qu\u2019ils cessent d\u2019exiger de leurs femmes qu\u2019elles se soumettent, <a href=\"https:\/\/francoisdesmet.wordpress.com\/2016\/08\/18\/lostentation-de-la-purete\/?utm_content=buffera2c80&amp;utm_medium=social&amp;utm_source=facebook.com&amp;utm_campaign=buffer\">comme dit tr\u00e8s bien Fran\u00e7ois De Smet<\/a>, \u00e0 une \u00ab ostentation de puret\u00e9 \u00bb.<br \/>\nJe n\u2019invoquerai pas les m\u00e2nes de Guy Debord pour rappeler \u00e0 tous ceux qui ne connaissent de <em>la Soci\u00e9t\u00e9 du spectacle<\/em> que son titre que l\u2019\u00e9minent situationniste des ann\u00e9es 1960 ne limitait pas son analyse aux m\u00e9dias : la mise en spectacle est en soi une politique, elle est la preuve que le lib\u00e9ralisme a atteint un stade supr\u00eame o\u00f9 l\u2019on ne consomme plus les produits, mais leur image. Analys\u00e9 comme produit r\u00e9duit \u00e0 son image, l\u2019islam n\u2019est plus une religion, mais un colonialisme \u00e0 rebours.<\/p>\n<p>Que la Ligue des Droits de l\u2019Homme ait amen\u00e9 devant le Conseil d\u2019Etat cette histoire de burkini (dont un universitaire corse \u2014 h\u00e9 oui, ce n&rsquo;est pas un oxymore \u2014 fait <a href=\"https:\/\/www.linkedin.com\/pulse\/la-d%C3%A9chirure-du-burkini-don-mathieu-santini\">ici<\/a> une belle analyse), qui doit concerner quelques dizaines de personnes en France (ce que l\u2019on remarque, ici, c\u2019est le nombre de musulmanes se baignant carr\u00e9ment tout habill\u00e9es, ce qui contrevient aux r\u00e8glements g\u00e9n\u00e9raux sur l\u2019hygi\u00e8ne \u2014 ah, l\u2019hygi\u00e8ne des plages marseillaises\u2026) n\u2019\u00e9tait pas une bonne id\u00e9e. Aujourd\u2019hui la \u00ab gauche inclusive \u00bb, <a href=\"http:\/\/www.journaldemontreal.com\/2016\/08\/18\/pourquoi-la-gauche-inclusive-embrasse-le-burkini\">comme l\u2019appelle Mathieu Bock-C\u00f4t\u00e9<\/a>, a \u00e9t\u00e9 hypnotis\u00e9e par un islamisme qui pratique l\u2019exhibitionnisme identitaire, et elle est \u00ab terrifi\u00e9e \u00e0 l\u2019id\u00e9e de se faire accuser de x\u00e9nophobie ou d\u2019islamophobie \u00bb par des gens qui instrumentalisent les droits de l\u2019homme (pour les droits de la femme, inutile d\u2019en parler, elle n\u2019en a aucun). Imaginons demain un changement de gouvernement. Si les nouveaux venus sont un tant soit peu \u00e0 l\u2019\u00e9coute du peuple (et pourquoi ne le seraient-ils pas ? \u00c7a nous changerait), ils modifieront la d\u00e9finition l\u00e9gale de l\u2019espace priv\u00e9 et de l\u2019espace public, et restreindront le premier aux espaces privatifs clos \u2014 avec ordre aux forces de police de faire appliquer la loi avec autorit\u00e9. \u00c7a pend au nez des communautaristes de tout poil \u2014 et la Gauche, qui va se faire balayer dans quelques mois, y trouvera sans doute une belle occasion de crier au fascisme, ce qui la revigorera du c\u00f4t\u00e9 des Quartiers Nord (qui ne votent gu\u00e8re pour elle) ou de Villeurbanne (o\u00f9 d\u2019aucunes esp\u00e8rent que l\u2019on votera pour elles). Mais peut-\u00eatre est-il temps de se demander de quel c\u00f4t\u00e9 est le fascisme \u2014 du c\u00f4t\u00e9 de ceux qui d\u00e9fendent la R\u00e9publique, ou du c\u00f4t\u00e9 d\u2019un islamisme qui pr\u00e9tend la r\u00e9duire \u00e0 l\u2019application de la charia, et d\u2019un PS si hant\u00e9 par la culpabilit\u00e9 post-coloniale qu\u2019il est pr\u00eat \u00e0 avaler n\u2019importe quelle couleuvre communautariste.<br \/>\nCe que veut le peuple, c\u2019est \u00eatre d\u00e9barrass\u00e9 du spectacle impos\u00e9 chaque jour de ces dizaines de milliers de voiles prenant possession de la rue. Cela fait des mois et m\u00eame des ann\u00e9es que l\u2019on sent monter l\u2019exasp\u00e9ration, y compris chez des gens qui votaient traditionnellement \u00e0 gauche et qui d\u00e9portent leurs voix sur le FN, et qui ne les donneront pas \u00e0 la droite classique, aussi port\u00e9e soit-elle \u00e0 la surench\u00e8re. \u00c0 force d\u2019exiger la libert\u00e9 de contraindre, les musulmans rigoristes se trouvent aujourd\u2019hui en butte \u00e0 une hostilit\u00e9 qui ne se cache plus. Si demain c\u2019est la guerre civile, ils en porteront toute la responsabilit\u00e9.<br \/>\nAlors oui, l\u2019islam a tout int\u00e9r\u00eat \u00e0 se faire discret \u2014 tout comme les chr\u00e9tiens et les juifs se sont faits discrets. Les pr\u00eatres en tenue se comptent sur les doigts d\u2019une main, et ils ne se baignent pas en soutane. Les juifs partant \u00e0 la mer en kippa, je crois bien que \u00e7a n\u2019existe pas \u2014 pas en France en tout cas. Cela n\u2019emp\u00eache ni les uns ni les autres de croire \u00e0 ce qu\u2019ils veulent \u2014 Dieu voit le fond de ton c\u0153ur, h\u00e9 patate, il ne s\u2019arr\u00eate pas \u00e0 ta v\u00eature. L\u2019ostentation n\u2019a rien de religieux \u2014 c\u2019est juste une manifestation politique, et il y sera r\u00e9pondu politiquement, par une loi qui ram\u00e8nera la vertu \u00e0 l\u2019espace priv\u00e9, et non \u00e0 son exhibition dans l\u2019espace public, qui para\u00eet toujours un peu louche, par des \u00ab fanfarons de vertu \u00bb, comme dit Cl\u00e9ante dans <em>Tartuffe<\/em>.<br \/>\n\u00ab La parfaite raison fuit toute extr\u00e9mit\u00e9,<br \/>\nEt veut que l\u2019on soit sage avec sobri\u00e9t\u00e9 \u00bb.<br \/>\n\u00c7a, c\u2019est dans <em>le Misanthrope<\/em>. Relisons Moli\u00e8re avant qu\u2019il ne soit interdit. La mise en sc\u00e8ne islamis\u00e9e du <em>Tartuffe<\/em>, r\u00e9alis\u00e9e par Ariane Mnouchkine en 1995,<a href=\"http:\/\/blog.causeur.fr\/bonnetdane\/files\/2016\/08\/PAR62974.jpg\"><img loading=\"lazy\" decoding=\"async\" class=\"aligncenter size-full wp-image-1320\" src=\"http:\/\/blog.causeur.fr\/bonnetdane\/files\/2016\/08\/PAR62974.jpg\" alt=\"\" width=\"249\" height=\"173\" \/><\/a> ferait sortir aujourd\u2019hui de ses gonds toute cette intelligentsia islamo-gauchiste qui \u00e0 l\u2019\u00e9poque l\u2019applaudissait \u00e0 Avignon ou \u00e0 la Cartoucherie de Vincennes. Nos libert\u00e9s sont grignot\u00e9es \u00e0 chaque instant par les ayatollahs de la vertu. Ils devraient se m\u00e9fier : le retour de flammes pourrait \u00eatre terrible, et frappera des musulmans bien tranquilles, mais abus\u00e9s par ceux qui les manipulent. Et Tariq Ramadan et ses Fr\u00e8res musulmans, aujourd&rsquo;hui d&rsquo;une discr\u00e9tion de violette, rafleront la mise.<\/p>\n<p>Jean-Paul Brighelli<\/p>\n","protected":false},"excerpt":{"rendered":"<p>Invit\u00e9 par Olivier Galzi sur i-t\u00e9l\u00e9 le 29 ao\u00fbt, le d\u00e9put\u00e9 PS Razzy Hammadi a d\u00e9clar\u00e9 que c\u2019\u00e9tait \u00ab un droit fondamental pour des musulmanes dans notre pays de porter un voile dans l\u2019espace public \u00bb. Voil\u00e0 un homme de gauche comme Terra Nova les aime. Pendant ce temps, \u00e0 Colomiers, Manuel Valls parlait de [&hellip;]<\/p>\n","protected":false},"author":6,"featured_media":0,"comment_status":"open","ping_status":"open","sticky":false,"template":"","format":"standard","meta":{"footnotes":""},"categories":[1],"tags":[937,571,271,1030,92],"class_list":{"0":"post-1304","1":"post","2":"type-post","3":"status-publish","4":"format-standard","6":"category-non-classe","7":"tag-burkini","8":"tag-burqa","9":"tag-hypocrisie","10":"tag-tartuffe","11":"tag-voile"},"_links":{"self":[{"href":"https:\/\/blog.causeur.fr\/bonnetdane\/wp-json\/wp\/v2\/posts\/1304","targetHints":{"allow":["GET"]}}],"collection":[{"href":"https:\/\/blog.causeur.fr\/bonnetdane\/wp-json\/wp\/v2\/posts"}],"about":[{"href":"https:\/\/blog.causeur.fr\/bonnetdane\/wp-json\/wp\/v2\/types\/post"}],"author":[{"embeddable":true,"href":"https:\/\/blog.causeur.fr\/bonnetdane\/wp-json\/wp\/v2\/users\/6"}],"replies":[{"embeddable":true,"href":"https:\/\/blog.causeur.fr\/bonnetdane\/wp-json\/wp\/v2\/comments?post=1304"}],"version-history":[{"count":0,"href":"https:\/\/blog.causeur.fr\/bonnetdane\/wp-json\/wp\/v2\/posts\/1304\/revisions"}],"wp:attachment":[{"href":"https:\/\/blog.causeur.fr\/bonnetdane\/wp-json\/wp\/v2\/media?parent=1304"}],"wp:term":[{"taxonomy":"category","embeddable":true,"href":"https:\/\/blog.causeur.fr\/bonnetdane\/wp-json\/wp\/v2\/categories?post=1304"},{"taxonomy":"post_tag","embeddable":true,"href":"https:\/\/blog.causeur.fr\/bonnetdane\/wp-json\/wp\/v2\/tags?post=1304"}],"curies":[{"name":"wp","href":"https:\/\/api.w.org\/{rel}","templated":true}]}}