{"id":1336,"date":"2016-09-26T04:55:54","date_gmt":"2016-09-26T02:55:54","guid":{"rendered":"http:\/\/blog.causeur.fr\/bonnetdane\/?p=1336"},"modified":"2021-04-22T18:49:19","modified_gmt":"2021-04-22T16:49:19","slug":"coupons-les-lumieres","status":"publish","type":"post","link":"https:\/\/blog.causeur.fr\/bonnetdane\/coupons-les-lumieres-1336","title":{"rendered":"Coupons les Lumi\u00e8res !"},"content":{"rendered":"<p><a href=\"http:\/\/blog.causeur.fr\/bonnetdane\/files\/2016\/09\/400px-Frontispice-1.jpg\"><img loading=\"lazy\" decoding=\"async\" class=\"size-full wp-image-1341 alignleft\" src=\"http:\/\/blog.causeur.fr\/bonnetdane\/files\/2016\/09\/400px-Frontispice-1.jpg\" alt=\"\" width=\"400\" height=\"673\" srcset=\"https:\/\/blog.causeur.fr\/bonnetdane\/wp-content\/uploads\/sites\/25\/2016\/09\/400px-Frontispice-1.jpg 400w, https:\/\/blog.causeur.fr\/bonnetdane\/wp-content\/uploads\/sites\/25\/2016\/09\/400px-Frontispice-1-178x300.jpg 178w\" sizes=\"auto, (max-width: 400px) 100vw, 400px\" \/><\/a>Retour sur une <a href=\"https:\/\/www.franceinter.fr\/societe\/college-polemique-autour-des-nouveaux-programmes-d-histoire\">pol\u00e9mique<\/a> qui a \u00e9gay\u00e9 la fin de l\u2019ann\u00e9e scolaire 2014-2015, et qui pousse ses pseudopodes dans l\u2019actualit\u00e9 d\u2019aujourd\u2019hui.<br \/>\nOn est alors en pleine discussion sur la r\u00e9forme du coll\u00e8ge \u2014 et nous savons d\u00e9sormais ce qu\u2019il en est \u2014 et sur les programmes qui l\u2019accompagneront. Souci officiel : all\u00e9ger lesdits programmes de fa\u00e7on \u00e0 ce que les enseignants aient du temps pour se consacrer \u00e0 des projets d\u2019EPI \u2014 louable souci.<br \/>\nL\u2019Europe m\u00e9di\u00e9vale, l\u2019Humanisme et les Lumi\u00e8res sortent grands perdants de la consultation organis\u00e9e par Michel Lussault, sur lequel (entre autres grands nuisibles de l\u2019Education) le <a href=\"http:\/\/www.lepoint.fr\/invites-du-point\/jean-paul-brighelli\/brighelli-les-fossoyeurs-de-l-ecole-demasques-24-09-2016-2071000_1886.php\">dernier livre de Carole Barjon<\/a> jette une lumi\u00e8re vive. C\u2019est que notre ma\u00eetre d\u2019\u0153uvre a un objectif : \u00e9liminer le \u00ab<a href=\"http:\/\/www.lemonde.fr\/education\/article\/2015\/05\/13\/l-idee-de-vouloir-faire-de-l-histoire-un-roman-national-est-derangeante_4632542_1473685.html\"> roman national<\/a> \u00bb cher \u00e0 Dimitri Casali, et m\u00eame le \u00ab r\u00e9cit national \u00bb cher \u00e0 Jean-Pierre Chev\u00e8nement (qui a <a href=\"http:\/\/www.chevenement.fr\/Les-nouveaux-programmes-d-Histoire%C2%A0-le-rejet-de-la-Nation_a1713.html\">analys\u00e9 avec beaucoup de finesse<\/a> les sous-entendus id\u00e9ologiques de notre concepteur de programmes et de sa patronne, qui fid\u00e8le \u00e0 sa tactique lubrifiante et \u00e9molliente <a href=\"http:\/\/www.europe1.fr\/societe\/najat-vallaud-belkacem-les-projets-de-programme-ont-des-defauts-942002\">a tent\u00e9 de d\u00e9samorcer le d\u00e9bat<\/a>).<!--more--><br \/>\n\u00ab P\u00e8re, gardez-vous \u00e0 droite, P\u00e8re, gardez-vous \u00e0 gauche \u00bb : affabulation. Bayard sans peur et sans reproche : l\u00e9gende. Etienne Dolet ou Giordano Bruno (le martyr des id\u00e9es qui a convaincu Augustine Fouill\u00e9e de signer \u00ab G. Bruno \u00bb \u2014 et non Ernest Lavisse, <a href=\"http:\/\/www.lepoint.fr\/politique\/nos-ancetres-les-gaulois-vallaud-belkacem-se-trompe-en-taclant-sarkozy-20-09-2016-2069921_20.php\">comme le pense Pimprenelle<\/a> \u2014 son <em>Tour de France de deux enfants<\/em>) br\u00fbl\u00e9s pour leurs convictions, \u00e9piph\u00e9nom\u00e8ne. Voltaire d\u00e9fendant Calas ou le chevalier de la Barre, points de d\u00e9tail. <\/p>\n<div id=\"ligne\"><\/div>\n<p>Ce qui compte, \u00e9videmment, c\u2019est la participation de la Compagnie des Indes (dont Voltaire d\u00e9tenait effectivement des actions) \u00e0 la traite atlantique (de la traite saharienne, autant ne pas parler, il ne faut pas d\u00e9sesp\u00e9rer Saint-Denis). Ce qui compte, c\u2019est que la bourgeoisie du XIX\u00e8me a fond\u00e9 son entreprise de colonisation sur l\u2019exportation des Lumi\u00e8res \u2014 horreur, horreur, horreur, comme dit Kurtz dans le <em>C\u0153ur des t\u00e9n\u00e8bres<\/em> et <em>Apocalypse now<\/em>. \u00ab Le devoir (et le \u00ab droit \u00bb) des \u00ab races sup\u00e9rieures \u00bb ch\u00e8res \u00e0 Jules Ferry sur les \u00ab races inf\u00e9rieures \u00bb, voil\u00e0 ce qui r\u00e9sulte d\u2019une si\u00e8cle de voltairianisme.<br \/>\nAlors, d\u2019accord : les enseignants d\u2019Histoire et les profs de Lettres ne sont pas forc\u00e9s de suivre \u00e0 la ligne les ratiocinations barbares et les certitudes id\u00e9ologiques de Michel Lussault \/ Najat Vallaud-Belkacem. Oui \u2014 mais ils peuvent aussi les suivre. Apr\u00e8s tout, c\u2019est Aggiornamento, un site de profs d\u2019Histoire, et Laurence de Cock en particulier (qui \u00e0 la m\u00eame date <a href=\"https:\/\/blogs.mediapart.fr\/edition\/aggiornamento-histoire-geo\/article\/270415\/nouveaux-programmes-d-histoire-stop-aux-poussees-lacrymales\">d\u00e9fendait ces absurdit\u00e9s grenelliennes<\/a> sur <em>M\u00e9diapart<\/em> \u2014 o\u00f9 diable les aurait-elle d\u00e9fendues sinon l\u00e0 ?), qui sont responsables de cette partie des programmes. Leur sph\u00e8re d\u2019influence ne s\u2019\u00e9tend peut-\u00eatre pas plus loin que <a href=\"http:\/\/www.cahiers-pedagogiques.com\/La-fabrique-scolaire-de-l-histoire%E2%80%89-Illusions-et-desillusions-du-roman-national\">les <em>Cahiers p\u00e9dagogiques<\/em><\/a> \u2014 mais ils tiennent le haut du pav\u00e9, et le conformisme professoral aidant, peuvent influer sur ce qui se fait effectivement en classe. D\u2019autant que nombre d\u2019enseignants trouvent plus simple, selon les publics auxquels ils font face, de mod\u00e9rer leur enthousiasme devant les belles d\u00e9clarations d\u2019ath\u00e9isme pratique de D\u2019Alembert ou La Mettrie et de contourner un vin de messe qui a peu de chances d\u2019\u00eatre hallal.<\/p>\n<p>Nous ne pouvons pas vivre et enseigner sous la f\u00e9rule d\u2019id\u00e9ologues (l\u2019id\u00e9ologie \u00e9tant, comme l\u2019a fort bien dit Hannah Arendt, le recours de ceux qui renoncent au r\u00e9el). L\u2019Histoire est un produit dangereux, disait Val\u00e9ry \u2014 certes ! Entre les mains de ces gens-l\u00e0, elle devient une arme de destruction massive.<br \/>\nDestruction de la m\u00e9moire nationale, au profit d\u2019une m\u00e9moire supra-nationale \u2014 on sent une influence d\u00e9mesur\u00e9ment trotskyste chez nos r\u00e9formateurs. Destruction du tissu national au profit de l\u2019habit d\u2019Arlequin des communautarismes. Destruction de la langue fran\u00e7aise au profit d\u2019une revalorisation insens\u00e9e de l\u2019oral spontan\u00e9, porteur pourtant de tous les pr\u00e9jug\u00e9s, de tous les fanatismes h\u00e9rit\u00e9s des parents et des jolis sites qui fleurissent sur le Net. Avec un peu de chance, une r\u00e9forme qui s\u2019applique \u00e0 tous les niveaux en m\u00eame temps fera \u00e9merger \u00e0 terme une g\u00e9n\u00e9ration absolument d\u00e9boussol\u00e9e, coup\u00e9e des bases historiques de la nation, et qui ira se mettre \u00e0 l\u2019heure de La Mecque ou des int\u00e9r\u00eats bruxellois.<br \/>\nParce qu\u2019il y a une collusion \u00e9vidente entre les libertaires militants qui ont inspir\u00e9 ces programmes et les lib\u00e9raux d\u00e9complex\u00e9s qui disent \u00ab le march\u00e9 \u00bb comme d\u2019autres autrefois disaient \u00ab Dieu \u00bb. Retour du veau d\u2019or sous l\u2019appellation contr\u00f4l\u00e9e Apple et Goldmann Sachs. Vider les cervelles pour y insinuer l\u2019adoration du \u00ab produit \u00bb jetable et des dividendes.<\/p>\n<p>Le r\u00e9cit national est, dans un Etat la\u00efque, la seule source de transcendance. C\u2019est ce qui a permis aux \u00ab soldats de l\u2019an II \u00bb de vaincre les coalis\u00e9s royalistes, ce qui a permis aux pioupious de 14 de r\u00e9sister sur la Marne, la Somme ou \u00e0 Verdun, ce qui a permis \u00e0 ceux qui croyaient au ciel comme \u00e0 ceux qui n\u2019y croyaient pas de s\u2019opposer \u00e0 la machine de guerre nazie.<br \/>\nEt aujourd\u2019hui ? D\u2019une \u00e9cole d\u00e9c\u00e9r\u00e9br\u00e9e, qu\u2019est-ce qui sort ? Des gosses en qu\u00eate d\u2019une transcendance qu\u2019ils vont demander \u00e0 d\u2019improbables \u00e9mirs du d\u00e9sert \u2014 parce que l\u2019immanence d\u2019un monde b\u00e2ti sur des \u00ab produits \u00bb \u00e0 obsolescence programm\u00e9e ne suffit pas \u00e0 combler l\u2019aspiration l\u00e9gitime au d\u00e9passement. Gauche et Droite nous ont fabriqu\u00e9 l\u2019\u00e9cole que demandaient les financiers \u2014 et ce faisant, sans trop savoir ce qu\u2019elles faisaient, elles nous ont impos\u00e9 l\u2019Ecole qu\u2019esp\u00e9raient les fanatiques. \u00ab Changer la vie \u00bb, <a href=\"https:\/\/www.youtube.com\/watch?v=YDEgNp62jGk\">chantait le PS en 1977<\/a>. \u00ab Les travailleurs travaillent pour la France \/ Pas au profit de quelques poss\u00e9dants \u00bb. Il faut l\u2019\u00e9couter pour le croire. Qu\u2019en reste-t-il ? Les app\u00e9tits de puissance de quelques apparatchiks, qui s\u2019accommodent assez de l\u2019ombre \u2014 et qui la souhaitent, puisqu\u2019ils s\u2019efforcent de couper les Lumi\u00e8res.<\/p>\n<p>Jean-Paul Brighelli<\/p>\n","protected":false},"excerpt":{"rendered":"<p>Retour sur une pol\u00e9mique qui a \u00e9gay\u00e9 la fin de l\u2019ann\u00e9e scolaire 2014-2015, et qui pousse ses pseudopodes dans l\u2019actualit\u00e9 d\u2019aujourd\u2019hui. On est alors en pleine discussion sur la r\u00e9forme du coll\u00e8ge \u2014 et nous savons d\u00e9sormais ce qu\u2019il en est \u2014 et sur les programmes qui l\u2019accompagneront. Souci officiel : all\u00e9ger lesdits programmes de [&hellip;]<\/p>\n","protected":false},"author":6,"featured_media":0,"comment_status":"open","ping_status":"open","sticky":false,"template":"","format":"standard","meta":{"footnotes":""},"categories":[1],"tags":[1039,660,1040],"class_list":{"0":"post-1336","1":"post","2":"type-post","3":"status-publish","4":"format-standard","6":"category-non-classe","7":"tag-lumieres","8":"tag-michel-lussault","9":"tag-programmes-dhistoire"},"_links":{"self":[{"href":"https:\/\/blog.causeur.fr\/bonnetdane\/wp-json\/wp\/v2\/posts\/1336","targetHints":{"allow":["GET"]}}],"collection":[{"href":"https:\/\/blog.causeur.fr\/bonnetdane\/wp-json\/wp\/v2\/posts"}],"about":[{"href":"https:\/\/blog.causeur.fr\/bonnetdane\/wp-json\/wp\/v2\/types\/post"}],"author":[{"embeddable":true,"href":"https:\/\/blog.causeur.fr\/bonnetdane\/wp-json\/wp\/v2\/users\/6"}],"replies":[{"embeddable":true,"href":"https:\/\/blog.causeur.fr\/bonnetdane\/wp-json\/wp\/v2\/comments?post=1336"}],"version-history":[{"count":0,"href":"https:\/\/blog.causeur.fr\/bonnetdane\/wp-json\/wp\/v2\/posts\/1336\/revisions"}],"wp:attachment":[{"href":"https:\/\/blog.causeur.fr\/bonnetdane\/wp-json\/wp\/v2\/media?parent=1336"}],"wp:term":[{"taxonomy":"category","embeddable":true,"href":"https:\/\/blog.causeur.fr\/bonnetdane\/wp-json\/wp\/v2\/categories?post=1336"},{"taxonomy":"post_tag","embeddable":true,"href":"https:\/\/blog.causeur.fr\/bonnetdane\/wp-json\/wp\/v2\/tags?post=1336"}],"curies":[{"name":"wp","href":"https:\/\/api.w.org\/{rel}","templated":true}]}}