{"id":1340,"date":"2016-09-28T18:25:36","date_gmt":"2016-09-28T16:25:36","guid":{"rendered":"http:\/\/blog.causeur.fr\/bonnetdane\/?p=1340"},"modified":"2021-04-22T18:49:19","modified_gmt":"2021-04-22T16:49:19","slug":"le-cnesco-et-la-strategie-colgate","status":"publish","type":"post","link":"https:\/\/blog.causeur.fr\/bonnetdane\/le-cnesco-et-la-strategie-colgate-1340","title":{"rendered":"Le CNESCO et la strat\u00e9gie Colgate"},"content":{"rendered":"<p>Franchement, homme ou femme politique, moi, je ne pourrais pas.<br \/>\nD\u00e9j\u00e0, femme politique, je n\u2019ai pas le physique. Ni le rictus ravageur. Trop de sarcasme dans le regard : il faut avoir la t\u00eate absolument vide pour oser l\u2019un de ces sourires enj\u00f4leurs qui affichent amplement les quenottes et d\u00e9sarment les commentateurs.<a href=\"http:\/\/blog.causeur.fr\/bonnetdane\/files\/2016\/09\/Capture-d\u2019\u00e9cran-2016-09-28-\u00e0-17.51.04.png\"><img loading=\"lazy\" decoding=\"async\" class=\"aligncenter size-full wp-image-1344\" src=\"http:\/\/blog.causeur.fr\/bonnetdane\/files\/2016\/09\/Capture-d\u2019\u00e9cran-2016-09-28-\u00e0-17.51.04.png\" alt=\"\" width=\"434\" height=\"101\" srcset=\"https:\/\/blog.causeur.fr\/bonnetdane\/wp-content\/uploads\/sites\/25\/2016\/09\/Capture-d\u2019\u00e9cran-2016-09-28-\u00e0-17.51.04.png 434w, https:\/\/blog.causeur.fr\/bonnetdane\/wp-content\/uploads\/sites\/25\/2016\/09\/Capture-d\u2019\u00e9cran-2016-09-28-\u00e0-17.51.04-300x69.png 300w\" sizes=\"auto, (max-width: 434px) 100vw, 434px\" \/><\/a>Et puis il faut savoir mentir. Tout le temps. Endormir l\u2019\u00e9lecteur. Pimprenelle ou Nicolas. Le marchand de sable est pass\u00e9. Bonne nuit les petits Fran\u00e7ais.<br \/>\nDe temps en temps, bien s\u00fbr, quand par hasard un proviseur, \u2014 celui du lyc\u00e9e Turgot, par exemple \u2014 dit ce qu\u2019il pense d\u2019un algorithme qui envoie dans son \u00e9tablissement 75% de boursiers, on montre les dents \u2014 si je puis dire.<!--more--><a href=\"http:\/\/blog.causeur.fr\/bonnetdane\/files\/2016\/09\/Capture-d\u2019\u00e9cran-2016-09-28-\u00e0-17.51.33.png\"><img loading=\"lazy\" decoding=\"async\" class=\"aligncenter size-full wp-image-1345\" src=\"http:\/\/blog.causeur.fr\/bonnetdane\/files\/2016\/09\/Capture-d\u2019\u00e9cran-2016-09-28-\u00e0-17.51.33.png\" alt=\"\" width=\"351\" height=\"80\" srcset=\"https:\/\/blog.causeur.fr\/bonnetdane\/wp-content\/uploads\/sites\/25\/2016\/09\/Capture-d\u2019\u00e9cran-2016-09-28-\u00e0-17.51.33.png 351w, https:\/\/blog.causeur.fr\/bonnetdane\/wp-content\/uploads\/sites\/25\/2016\/09\/Capture-d\u2019\u00e9cran-2016-09-28-\u00e0-17.51.33-300x68.png 300w\" sizes=\"auto, (max-width: 351px) 100vw, 351px\" \/><\/a>M\u00eame <em>Lib\u00e9<\/em>, le second journal officiel de la Hollandie, <a href=\"http:\/\/www.liberation.fr\/france\/2016\/09\/26\/qui-a-le-droit-de-parler-au-sein-de-l-education-nationale_1511332\">s\u2019en offusque<\/a>. N\u2019ont pas encore r\u00e9alis\u00e9 que l\u2019on vivait en fascisme rose.<\/p>\n<p>Alors, quand un ministre re\u00e7oit <a href=\"http:\/\/www.cnesco.fr\/inegalites-sociales-et-migratoires-comment-lecole-les-amplifie\/\">le dernier rapport du CNESCO<\/a> (Conseil national d&rsquo;\u00e9valuation du syst\u00e8me scolaire), absolument accablant quand on le lit bien, une condamnation sans appel de tout ce que la rue de Grenelle a commis de m\u00e9faits depuis 15 ans \u2014 et \u00e7a en fait, des forfaits \u2014, il garde le sourire.<\/p>\n<p>La vie en rose(s), comme on dit rue de Solf\u00e9rino. Tout va tr\u00e8s bien, madame la marquise.<a href=\"http:\/\/blog.causeur.fr\/bonnetdane\/files\/2016\/09\/Capture-d\u2019\u00e9cran-2016-09-28-\u00e0-17.51.55.png\"><img loading=\"lazy\" decoding=\"async\" class=\"aligncenter size-full wp-image-1346\" src=\"http:\/\/blog.causeur.fr\/bonnetdane\/files\/2016\/09\/Capture-d\u2019\u00e9cran-2016-09-28-\u00e0-17.51.55.png\" alt=\"\" width=\"476\" height=\"121\" srcset=\"https:\/\/blog.causeur.fr\/bonnetdane\/wp-content\/uploads\/sites\/25\/2016\/09\/Capture-d\u2019\u00e9cran-2016-09-28-\u00e0-17.51.55.png 476w, https:\/\/blog.causeur.fr\/bonnetdane\/wp-content\/uploads\/sites\/25\/2016\/09\/Capture-d\u2019\u00e9cran-2016-09-28-\u00e0-17.51.55-300x76.png 300w\" sizes=\"auto, (max-width: 476px) 100vw, 476px\" \/><\/a>Jugez plut\u00f4t. Le pays, qui est, disent les membres des vingt-deux \u00e9quipes de la commission CNESCO, l&rsquo;un des plus in\u00e9galitaires de l&rsquo;OCDE, marqu\u00e9 par des in\u00e9galit\u00e9s sociales et migratoires fortes et croissantes, associ\u00e9es \u00e0 un nombre tr\u00e8s important d&rsquo;\u00e9l\u00e8ves en grande difficult\u00e9 scolaire, \u00ab doit en urgence r\u00e9agir \u00bb. Il a besoin d&rsquo;un \u00ab cadre politique consensuel autour d&rsquo;orientations politiques r\u00e9ellement efficaces et clairement mises en \u0153uvre \u00bb. Au-del\u00e0 des clivages partisans, il doit ainsi \u00ab clarifier sa vision de la justice \u00e0 l&rsquo;\u00e9cole, rompre avec une logique de r\u00e9formes \u00e0 r\u00e9p\u00e9tition (peu mises en \u0153uvre dans les classes) et miser sur l&rsquo;expertise des acteurs de terrain, rendre transparents les ph\u00e9nom\u00e8nes d&rsquo;in\u00e9galit\u00e9s de traitement \u00bb. Et changer sa logique du traitement de l&rsquo;\u00e9chec scolaire.<br \/>\nEt pour cela, il doit<br \/>\n&#8211; viser le long terme plut\u00f4t que l\u2019effet d\u2019annonce spectaculaire ;<br \/>\n&#8211; miser sur l\u2019expertise p\u00e9dagogique des enseignants plut\u00f4t que de leur imposer des r\u00e9formes n\u00e9es dans les cr\u00e2nes d\u2019\u0153ufs d\u2019archontes de la p\u00e9dad\u00e9magogie (\u00e9pingl\u00e9s ces jours-ci par Carole Barjon dans son dernier ouvrage) ;<br \/>\n&#8211; mobiliser la pr\u00e9vention d\u00e8s les pr\u00e9-apprentissages (rien ne sert d\u2019annoncer l\u2019\u00e9cole d\u00e8s trois ans, ce qui par parenth\u00e8se est d\u00e9j\u00e0 le cas pour 95% des \u00e9l\u00e8ves, mais se soucier de ce que l\u2019on y enseignera \u2014 et comment) ;<br \/>\n&#8211; rompre avec les in\u00e9galit\u00e9s de traitement qui donnent davantage aux coll\u00e8ges parisiens, qui ont conserv\u00e9 l\u2019int\u00e9gralit\u00e9 de leurs classes bilangues et de leurs options latin, pendant que la France p\u00e9riph\u00e9rique, comme d\u2019habitude, cr\u00e8ve ;<br \/>\n&#8211; \u00e9valuer aux \u00e9tapes-cl\u00e9s de la scolarit\u00e9 aussi bien au niveau national que local, et non pas feindre de croire qu\u2019obliger les instits \u00e0 cocher des cases dans des grilles donnera \u00e0 leurs \u00e9l\u00e8ves une vraie ma\u00eetrise de la lecture, de l\u2019\u00e9criture, des sciences et du reste ;<br \/>\n&#8211; aider les familles qui n\u2019y connaissent rien \u00e0 utiliser les engins de mort que sont Affelnet et APB, et en particulier aider sp\u00e9cifiquement, comme nous le faisons au lyc\u00e9e Thiers \u00e0 Marseille, les \u00e9l\u00e8ves d\u00e9favoris\u00e9s admis en formation s\u00e9lective (ah bon, les internats d\u2019excellence n\u2019existent plus ? Et au nom du principe d\u2019\u00e9galit\u00e9 impos\u00e9 par le SE-UNSA, les moyens accord\u00e9s \u00e0 quelques \u00e9l\u00e8ves pour pr\u00e9parer les IEP sont d\u00e9sormais ventil\u00e9s sur tous leurs camarades, ce qui permettra l\u2019octroi d\u2019une sucette de plus dans l\u2019ann\u00e9e) ;<br \/>\n&#8211; rendre plus \u00e9quitable l\u2019enseignement professionnel \u2014 <a href=\"http:\/\/www.lepoint.fr\/invites-du-point\/jean-paul-brighelli\/brighelli-ce-que-bruno-le-maire-propose-pour-l-ecole-28-09-2016-2071891_1886.php\">Bruno Le Maire fait en ce moment des propositions int\u00e9ressantes en ce sens<\/a> ;<br \/>\n&#8211; et assurer des conditions mat\u00e9rielles suffisantes aux apprentissages pour les \u00e9l\u00e8ves les plus d\u00e9munis.<br \/>\nEt que croyez-vous que fait alors un homme (ou une femme) politique accabl\u00e9(e) par ces recommandations qui sont autant de gifles assen\u00e9es \u00e0 une politique incoh\u00e9rente, qui sous pr\u00e9texte d\u2019aider les plus d\u00e9munis les enfonce chaque jour davantage ? Il \/ elle se f\u00e9licite dudit rapport, tellement en phase avec sa politique.<a href=\"http:\/\/blog.causeur.fr\/bonnetdane\/files\/2016\/09\/Capture-d\u2019\u00e9cran-2016-09-28-\u00e0-17.52.46.png\"><img loading=\"lazy\" decoding=\"async\" class=\"aligncenter size-full wp-image-1347\" src=\"http:\/\/blog.causeur.fr\/bonnetdane\/files\/2016\/09\/Capture-d\u2019\u00e9cran-2016-09-28-\u00e0-17.52.46.png\" alt=\"\" width=\"376\" height=\"101\" srcset=\"https:\/\/blog.causeur.fr\/bonnetdane\/wp-content\/uploads\/sites\/25\/2016\/09\/Capture-d\u2019\u00e9cran-2016-09-28-\u00e0-17.52.46.png 376w, https:\/\/blog.causeur.fr\/bonnetdane\/wp-content\/uploads\/sites\/25\/2016\/09\/Capture-d\u2019\u00e9cran-2016-09-28-\u00e0-17.52.46-300x80.png 300w\" sizes=\"auto, (max-width: 376px) 100vw, 376px\" \/><\/a>M\u00eame les p\u00e9dagos les plus b\u00e9ni-oui-oui s\u2019en \u00e9tranglent, devant tant de culot. \u00ab Alors que ce rapport, <a href=\"http:\/\/www.cafepedagogique.net\/lexpresso\/Pages\/2016\/09\/28092016Article636106436863026635.aspx\">\u00e9crit l\u2019ami Fran\u00e7ois Jarraud<\/a>, d\u00e9montre que \u00ab l&rsquo;on donne moins \u00e0 ceux qui ont moins \u00bb, pour reprendre une formule utilis\u00e9e, la r\u00e9ponse du minist\u00e8re transforme un rapport tr\u00e8s critique en d\u00e9claration de soutien. \u00ab Ce rapport est un r\u00e9quisitoire contre dix ans de politiques de la droite et confirme les diagnostics pos\u00e9s d\u00e8s 2013, par la loi de refondation de l\u2019\u00e9cole, et les mesures prises depuis pour lutter contre les in\u00e9galit\u00e9s \u00bb, \u00e9crit le minist\u00e8re qui , d&rsquo;ailleurs, \u00ab se f\u00e9licite que le rapport souligne les \u00ab orientations positives encourageantes \u00bb de la refondation de l\u2019\u00e9cole \u00bb. \u00bb<br \/>\nSi.<a href=\"http:\/\/blog.causeur.fr\/bonnetdane\/files\/2016\/09\/Capture-d\u2019\u00e9cran-2016-09-28-\u00e0-17.52.30.png\"><img loading=\"lazy\" decoding=\"async\" class=\"aligncenter size-full wp-image-1348\" src=\"http:\/\/blog.causeur.fr\/bonnetdane\/files\/2016\/09\/Capture-d\u2019\u00e9cran-2016-09-28-\u00e0-17.52.30.png\" alt=\"\" width=\"308\" height=\"70\" srcset=\"https:\/\/blog.causeur.fr\/bonnetdane\/wp-content\/uploads\/sites\/25\/2016\/09\/Capture-d\u2019\u00e9cran-2016-09-28-\u00e0-17.52.30.png 308w, https:\/\/blog.causeur.fr\/bonnetdane\/wp-content\/uploads\/sites\/25\/2016\/09\/Capture-d\u2019\u00e9cran-2016-09-28-\u00e0-17.52.30-300x68.png 300w\" sizes=\"auto, (max-width: 308px) 100vw, 308px\" \/><\/a>Culot d\u2019enfer. Strat\u00e9gie Colgate. Le CNESCO sort le flingue \u00e0 tirer la politique scolaire dans les coins \u2014 puisqu\u2019apr\u00e8s tout chaque recommandation correspond \u00e0 une carence constat\u00e9e ? Pas grave \u2014 au fond, il approuve. Les d\u00e9sh\u00e9rit\u00e9s le sont chaque jour davantage ? Pas important \u2014 ceux qui votent pour nous sont les bobos pour lesquels Calamity Anne, <a href=\"http:\/\/www.lefigaro.fr\/vox\/societe\/2016\/09\/23\/31003-20160923ARTFIG00213-calamity-anne-le-fleau-capital.php\">comme dit Polony<\/a>, r\u00e9invente chaque jour Paris : \u00ab L&rsquo;avantage d&rsquo;\u00eatre toujours d\u00e9j\u00e0 du bon c\u00f4t\u00e9, \u00e9crit la chroniqueuse du <em>Figaro<\/em>, c&rsquo;est que cela vous \u00e9vite la fastidieuse t\u00e2che de convaincre. \u00bb Contre les \u00e9vidences et le bien commun. N\u00e9e espagnole ou marocaine, vous avez votre brevet de Bien. Et vous pouvez, \u00e0 votre gr\u00e9, provoquer des bouchons prometteurs de pollution \u2014 mais Paris-Plage fonctionnera toute l\u2019ann\u00e9e \u2014 ou enfoncer les pauvres dans leur mis\u00e8re sous pr\u00e9texte que vous avez ripolin\u00e9 le ghetto scolaire o\u00f9 ils sont condamn\u00e9s \u00e0 envoyer leurs enfants \u2014 pas les v\u00f4tres ! Alors que tant d\u2019autres solutions s\u2019offrent \u00e0 vous. Par exemple les r\u00e9partir dans des \u00e9tablissements de centre-ville hupp\u00e9s par exemple, comme cela se faisait autrefois. Et leur assurer un enseignement rigoureux bas\u00e9 sur la transmission des savoirs et la r\u00e9p\u00e9tition, encore et encore, des r\u00e8gles d\u2019accord du participe et des tables de multiplication.<\/p>\n<p>On n\u2019am\u00e9liorera le sort des plus d\u00e9munis \u2014 intellectuellement et socialement \u2014 qu\u2019en haussant la barre. Qu\u2019en rayant de la carte (scolaire) le coll\u00e8ge unique. Qu\u2019en offrant des rem\u00e9diations, des g\u00e9om\u00e9tries variables, des voies de d\u00e9gagement et de passage. Qu\u2019en dissociant enfin les \u00e9tablissements probl\u00e9matiques du lot g\u00e9n\u00e9ral, et en d\u00e9cr\u00e9tant qu\u2019il faut au maximum 15 \u00e9l\u00e8ves par classe, avec de hautes exigences de discipline et de transmission.<\/p>\n<p>Sinon, c\u2019est du m\u00e9pris.<br \/>\nAh oui, mais il y a le sourire\u2026<a href=\"http:\/\/blog.causeur.fr\/bonnetdane\/files\/2016\/09\/Capture-d\u2019\u00e9cran-2016-09-28-\u00e0-17.51.551.png\"><img loading=\"lazy\" decoding=\"async\" class=\"aligncenter size-full wp-image-1349\" src=\"http:\/\/blog.causeur.fr\/bonnetdane\/files\/2016\/09\/Capture-d\u2019\u00e9cran-2016-09-28-\u00e0-17.51.551.png\" alt=\"\" width=\"476\" height=\"121\" srcset=\"https:\/\/blog.causeur.fr\/bonnetdane\/wp-content\/uploads\/sites\/25\/2016\/09\/Capture-d\u2019\u00e9cran-2016-09-28-\u00e0-17.51.551.png 476w, https:\/\/blog.causeur.fr\/bonnetdane\/wp-content\/uploads\/sites\/25\/2016\/09\/Capture-d\u2019\u00e9cran-2016-09-28-\u00e0-17.51.551-300x76.png 300w\" sizes=\"auto, (max-width: 476px) 100vw, 476px\" \/><\/a>Chez les primates inf\u00e9rieurs, montrer les dents est un signe d\u2019agressivit\u00e9. Chez Sapiens sapiens, c\u2019est para\u00eet-il un signe d\u2019amabilit\u00e9.<br \/>\nEst-ce bien s\u00fbr ?<a href=\"http:\/\/blog.causeur.fr\/bonnetdane\/files\/2016\/09\/Capture-d\u2019\u00e9cran-2016-09-28-\u00e0-18.02.03.png\"><img loading=\"lazy\" decoding=\"async\" class=\"aligncenter size-full wp-image-1350\" src=\"http:\/\/blog.causeur.fr\/bonnetdane\/files\/2016\/09\/Capture-d\u2019\u00e9cran-2016-09-28-\u00e0-18.02.03.png\" alt=\"\" width=\"272\" height=\"91\" \/><\/a>Jean-Paul Brighelli<\/p>\n","protected":false},"excerpt":{"rendered":"<p>Franchement, homme ou femme politique, moi, je ne pourrais pas. D\u00e9j\u00e0, femme politique, je n\u2019ai pas le physique. Ni le rictus ravageur. Trop de sarcasme dans le regard : il faut avoir la t\u00eate absolument vide pour oser l\u2019un de ces sourires enj\u00f4leurs qui affichent amplement les quenottes et d\u00e9sarment les commentateurs.Et puis il faut [&hellip;]<\/p>\n","protected":false},"author":6,"featured_media":0,"comment_status":"open","ping_status":"open","sticky":false,"template":"","format":"standard","meta":{"footnotes":""},"categories":[1],"tags":[1041,1042,306],"class_list":{"0":"post-1340","1":"post","2":"type-post","3":"status-publish","4":"format-standard","6":"category-non-classe","7":"tag-cnesco","8":"tag-inegalites-scolaires","9":"tag-vallaud-belkacem"},"_links":{"self":[{"href":"https:\/\/blog.causeur.fr\/bonnetdane\/wp-json\/wp\/v2\/posts\/1340","targetHints":{"allow":["GET"]}}],"collection":[{"href":"https:\/\/blog.causeur.fr\/bonnetdane\/wp-json\/wp\/v2\/posts"}],"about":[{"href":"https:\/\/blog.causeur.fr\/bonnetdane\/wp-json\/wp\/v2\/types\/post"}],"author":[{"embeddable":true,"href":"https:\/\/blog.causeur.fr\/bonnetdane\/wp-json\/wp\/v2\/users\/6"}],"replies":[{"embeddable":true,"href":"https:\/\/blog.causeur.fr\/bonnetdane\/wp-json\/wp\/v2\/comments?post=1340"}],"version-history":[{"count":0,"href":"https:\/\/blog.causeur.fr\/bonnetdane\/wp-json\/wp\/v2\/posts\/1340\/revisions"}],"wp:attachment":[{"href":"https:\/\/blog.causeur.fr\/bonnetdane\/wp-json\/wp\/v2\/media?parent=1340"}],"wp:term":[{"taxonomy":"category","embeddable":true,"href":"https:\/\/blog.causeur.fr\/bonnetdane\/wp-json\/wp\/v2\/categories?post=1340"},{"taxonomy":"post_tag","embeddable":true,"href":"https:\/\/blog.causeur.fr\/bonnetdane\/wp-json\/wp\/v2\/tags?post=1340"}],"curies":[{"name":"wp","href":"https:\/\/api.w.org\/{rel}","templated":true}]}}