{"id":1366,"date":"2016-10-16T14:25:10","date_gmt":"2016-10-16T12:25:10","guid":{"rendered":"http:\/\/blog.causeur.fr\/bonnetdane\/?p=1366"},"modified":"2021-04-22T18:49:19","modified_gmt":"2021-04-22T16:49:19","slug":"la-face-crashee-de-marine-le-pen","status":"publish","type":"post","link":"https:\/\/blog.causeur.fr\/bonnetdane\/la-face-crashee-de-marine-le-pen-1366","title":{"rendered":"La face crash\u00e9e de Marine Le Pen"},"content":{"rendered":"<p>Le 8 octobre dernier, Riss et Richard Malka, respectivement dessinateur et co-sc\u00e9nariste (avec Sa\u00efd Mahrane) de <em>la Face crash\u00e9e de Marine Le Pen<\/em> (Grasset), \u00e9taient invit\u00e9s sur le plateau d\u2019<em>On n\u2019est pas couch\u00e9<\/em>.<\/p>\n<div id=\"ligne\"><\/div>\n<p>Je n\u2019ai pas la t\u00e9l\u00e9vision, je n\u2019ai donc pas suivi le d\u00e9bat dans son jus \u2014 <a href=\"http:\/\/www.france2.fr\/emissions\/on-n-est-pas-couche\/diffusions\/08-10-2016_513441\">mais il y a le replay<\/a> pour les mauvais t\u00e9l\u00e9spectateurs. C\u2019est une amie \u2014 gr\u00e2ces lui soient rendues \u2014 qui m\u2019a signal\u00e9 le fait : Vanessa Burgraff, nouvelle pr\u00e9sentatrice dont j\u2019ignorais tout et qui, lorsqu\u2019on la mettra sur orbite, n\u2019a pas fini d\u2019tourner, a lanc\u00e9 \u00e0 deux reprises \u00e0 Riss et \u00e0 Malka qui n\u2019en pouvaient mais : \u00ab Ce qui m\u2019a g\u00ean\u00e9e, moi, c\u2019est que vous la rendez tr\u00e8s tr\u00e8s sympathique\u2026 \u00bb \u2014 ajoutant, pour faire bonne mesure : \u00ab Ce n\u2019est pas une facho dans le livre, c\u2019est une r\u00e9publicaine \u00bb. Ben oui.<\/p>\n<p>Le mot <em>intelligentsia<\/em>, pour d\u00e9signer le bassin de grenouilles parisien et ses relais m\u00e9diatiques, est certainement exag\u00e9r\u00e9, puisqu\u2019il prend racine dans \u00ab intelligence \u00bb. Que disait donc cette accorte jeune femme qui est blonde aussi \u00e0 l\u2019int\u00e9rieur de sa t\u00eate ? \u00ab Vous l\u2019avez rendue humaine \u00bb \u2014 \u00ab mais elle appartient \u00e0 l\u2019humanit\u00e9, que je sache \u00bb, a r\u00e9pondu Riss, passablement \u00e9berlu\u00e9.<\/p>\n<p><a href=\"http:\/\/blog.causeur.fr\/bonnetdane\/files\/2016\/10\/9782246860082_cg.jpg\"><img loading=\"lazy\" decoding=\"async\" class=\"aligncenter size-full wp-image-1381\" src=\"http:\/\/blog.causeur.fr\/bonnetdane\/files\/2016\/10\/9782246860082_cg.jpg\" alt=\"\" width=\"592\" height=\"800\" srcset=\"https:\/\/blog.causeur.fr\/bonnetdane\/wp-content\/uploads\/sites\/25\/2016\/10\/9782246860082_cg.jpg 592w, https:\/\/blog.causeur.fr\/bonnetdane\/wp-content\/uploads\/sites\/25\/2016\/10\/9782246860082_cg-222x300.jpg 222w\" sizes=\"auto, (max-width: 592px) 100vw, 592px\" \/><!--more--><\/a>J\u2019ai donc lu <em>la Face crash\u00e9e de Marine Le Pen<\/em>. Pour me faire une id\u00e9e \u2014 et pour vous \u00e9pargner 14\u20ac90. Bonnetdane est un prolongement du livre fameux de Pierre Bayard, <em>Comment parler des livres que l\u2019on n\u2019a pas lus<\/em> (Editions de Minuit, 2007 \u2014 mais il n&rsquo;a pas \u00e9crit que \u00e7a, l&rsquo;ensemble de son \u0153uvre est un r\u00e9gal).<br \/>\nLe r\u00e9cit utilise en filigrane la journ\u00e9e (\u00e0 venir) du 7 mai 2017, agr\u00e9ment\u00e9e de moult retours en arri\u00e8re. \u00c7a commence donc \u00e0 l\u2019aube, chez les Marine \/ Louis, ou Le Pen \/ Aliot, comme vous voulez.<a href=\"http:\/\/blog.causeur.fr\/bonnetdane\/files\/2016\/10\/MLP-1.jpg\"><img loading=\"lazy\" decoding=\"async\" class=\"aligncenter size-large wp-image-1369\" src=\"http:\/\/blog.causeur.fr\/bonnetdane\/files\/2016\/10\/MLP-1-1024x757.jpg\" alt=\"\" width=\"584\" height=\"431\" srcset=\"https:\/\/blog.causeur.fr\/bonnetdane\/wp-content\/uploads\/sites\/25\/2016\/10\/MLP-1-1024x757.jpg 1024w, https:\/\/blog.causeur.fr\/bonnetdane\/wp-content\/uploads\/sites\/25\/2016\/10\/MLP-1-300x222.jpg 300w, https:\/\/blog.causeur.fr\/bonnetdane\/wp-content\/uploads\/sites\/25\/2016\/10\/MLP-1-405x300.jpg 405w, https:\/\/blog.causeur.fr\/bonnetdane\/wp-content\/uploads\/sites\/25\/2016\/10\/MLP-1.jpg 1131w\" sizes=\"auto, (max-width: 584px) 100vw, 584px\" \/><\/a>Tout se lit dans la planche. Aussi bien le choc frontal entre le Che (\u00ab vous la pr\u00e9sentez comme marxiste ! \u00bb s\u2019est aussi \u00e9tonn\u00e9e Vanessa Burgraff) et le P\u00e8re \u2014 barr\u00e9, mais pr\u00e9sent, on ne liquide pas si ais\u00e9ment 40 ans de son pass\u00e9 \u2014, l\u2019image du \u00ab gourou \u00bb Philippot, entour\u00e9 de petits c\u0153urs roses, et le radio-r\u00e9veil diffusant un truc sirupeux \u2014 tout au long de la BD, MLP est tr\u00e8s branch\u00e9e guimauve et vari\u00e9t\u00e9s.<br \/>\nS\u2019ensuit le premier flash-back, \u00e0 l\u2019\u00e9poque de l\u2019enfance heureuse \u2014 quoique difficile. \u00c0 noter que les \u00e9l\u00e9ments biographiques ins\u00e9r\u00e9s sortent pour l\u2019essentiel de l\u2019autobiographie de MLP, <em>\u00c0 contre-flots<\/em> (Grancher, ),<a href=\"http:\/\/blog.causeur.fr\/bonnetdane\/files\/2016\/10\/MLP-2.jpg\"><img loading=\"lazy\" decoding=\"async\" class=\"aligncenter size-large wp-image-1370\" src=\"http:\/\/blog.causeur.fr\/bonnetdane\/files\/2016\/10\/MLP-2-1024x348.jpg\" alt=\"\" width=\"584\" height=\"198\" srcset=\"https:\/\/blog.causeur.fr\/bonnetdane\/wp-content\/uploads\/sites\/25\/2016\/10\/MLP-2-1024x348.jpg 1024w, https:\/\/blog.causeur.fr\/bonnetdane\/wp-content\/uploads\/sites\/25\/2016\/10\/MLP-2-300x102.jpg 300w, https:\/\/blog.causeur.fr\/bonnetdane\/wp-content\/uploads\/sites\/25\/2016\/10\/MLP-2-500x170.jpg 500w, https:\/\/blog.causeur.fr\/bonnetdane\/wp-content\/uploads\/sites\/25\/2016\/10\/MLP-2.jpg 1124w\" sizes=\"auto, (max-width: 584px) 100vw, 584px\" \/><\/a>rapidement suivi de l\u2019enfance malheureuse, que le psychanalyste \u2014 un Freud compatissant, \u00e7a ne doit pas \u00eatre facile d\u2019\u00eatre la fille de Jean-Marie et d\u2019op\u00e9rer un transfert sur un psy qui pourrait bien \u00eatre juif \u2014 commente avec un humour\u2026 juif.<a href=\"http:\/\/blog.causeur.fr\/bonnetdane\/files\/2016\/10\/MLP-3.jpg\"><img loading=\"lazy\" decoding=\"async\" class=\"aligncenter size-large wp-image-1371\" src=\"http:\/\/blog.causeur.fr\/bonnetdane\/files\/2016\/10\/MLP-3-1024x500.jpg\" alt=\"\" width=\"584\" height=\"285\" srcset=\"https:\/\/blog.causeur.fr\/bonnetdane\/wp-content\/uploads\/sites\/25\/2016\/10\/MLP-3-1024x500.jpg 1024w, https:\/\/blog.causeur.fr\/bonnetdane\/wp-content\/uploads\/sites\/25\/2016\/10\/MLP-3-300x146.jpg 300w, https:\/\/blog.causeur.fr\/bonnetdane\/wp-content\/uploads\/sites\/25\/2016\/10\/MLP-3-500x244.jpg 500w, https:\/\/blog.causeur.fr\/bonnetdane\/wp-content\/uploads\/sites\/25\/2016\/10\/MLP-3.jpg 1128w\" sizes=\"auto, (max-width: 584px) 100vw, 584px\" \/><\/a>\u00c0 propos de juifs justement\u2026 Ne dites plus \u00ab juif \u00bb dites \u00ab la communaut\u00e9 organis\u00e9e \u00bb : \u00e7a fait partie des p\u00e9riphrases que les auteurs attribuent \u00e0 Dieudonn\u00e9, un pilier de Montretout, la propri\u00e9t\u00e9 achet\u00e9e avec l\u2019h\u00e9ritage Lambert. Les vignettes qui mettent en sc\u00e8ne JMLP et ses potes sont hilarantes \u00e0 force d\u2019\u00eatre odieuses.<em><a href=\"http:\/\/blog.causeur.fr\/bonnetdane\/files\/2016\/10\/MLP-4.jpg\"><img loading=\"lazy\" decoding=\"async\" class=\"aligncenter size-large wp-image-1372\" src=\"http:\/\/blog.causeur.fr\/bonnetdane\/files\/2016\/10\/MLP-4-1024x630.jpg\" alt=\"\" width=\"584\" height=\"359\" srcset=\"https:\/\/blog.causeur.fr\/bonnetdane\/wp-content\/uploads\/sites\/25\/2016\/10\/MLP-4-1024x630.jpg 1024w, https:\/\/blog.causeur.fr\/bonnetdane\/wp-content\/uploads\/sites\/25\/2016\/10\/MLP-4-300x184.jpg 300w, https:\/\/blog.causeur.fr\/bonnetdane\/wp-content\/uploads\/sites\/25\/2016\/10\/MLP-4-487x300.jpg 487w, https:\/\/blog.causeur.fr\/bonnetdane\/wp-content\/uploads\/sites\/25\/2016\/10\/MLP-4.jpg 1112w\" sizes=\"auto, (max-width: 584px) 100vw, 584px\" \/><\/a>Enter<\/em> the gourou \u2014 Florian Philippot soi-m\u00eame, la t\u00eate pensante, l\u2019analyste en chef. Qui ma foi analyse plut\u00f4t bien les constituants de l\u2019\u00e9lectorat de MLP \u2014 sur fond de mis\u00e8re sociale et de d\u00e9saffection des partis traditionnels, qui l\u2019ont bien cherch\u00e9. Et qui pousse MLP \u00e0 \u00e9vacuer les \u00e9l\u00e9ments les plus extr\u00eame-droitiers de son parti \u2014 jusqu\u2019\u00e0 quand tol\u00e9rera-t-on Marion Mar\u00e9chal, qui vomit l\u2019IVG, si je puis dire, alors que sa tante, par conviction, par bon sens ou par calcul, l\u2019approuve ?<a href=\"http:\/\/blog.causeur.fr\/bonnetdane\/files\/2016\/10\/MLP-5.jpg\"><img loading=\"lazy\" decoding=\"async\" class=\"aligncenter size-large wp-image-1373\" src=\"http:\/\/blog.causeur.fr\/bonnetdane\/files\/2016\/10\/MLP-5-730x1024.jpg\" alt=\"\" width=\"584\" height=\"819\" srcset=\"https:\/\/blog.causeur.fr\/bonnetdane\/wp-content\/uploads\/sites\/25\/2016\/10\/MLP-5-730x1024.jpg 730w, https:\/\/blog.causeur.fr\/bonnetdane\/wp-content\/uploads\/sites\/25\/2016\/10\/MLP-5-213x300.jpg 213w, https:\/\/blog.causeur.fr\/bonnetdane\/wp-content\/uploads\/sites\/25\/2016\/10\/MLP-5.jpg 1066w\" sizes=\"auto, (max-width: 584px) 100vw, 584px\" \/><\/a>Philippot ne se contente pas d\u2019\u00eatre l\u2019organisateur de la victoire, comme jadis Carnot. Il est aussi le Pygmalion d\u2019une MLP dont l\u2019\u00e9ducation a \u00e9t\u00e9 beaucoup ballott\u00e9e entre une famille dysfonctionnelle, une Fac de Droit pas forc\u00e9ment dr\u00f4le \u2014 mais dont elle est sortie avocate \u2014 et des relations amicales \u00e0 quotient intellectuel faible. Philippot, c\u2019est la Biblioth\u00e8que qui prend possession de Marine !<a href=\"http:\/\/blog.causeur.fr\/bonnetdane\/files\/2016\/10\/MLP-61.jpg\"><img loading=\"lazy\" decoding=\"async\" class=\"aligncenter size-full wp-image-1375\" src=\"http:\/\/blog.causeur.fr\/bonnetdane\/files\/2016\/10\/MLP-61.jpg\" alt=\"\" width=\"694\" height=\"392\" srcset=\"https:\/\/blog.causeur.fr\/bonnetdane\/wp-content\/uploads\/sites\/25\/2016\/10\/MLP-61.jpg 694w, https:\/\/blog.causeur.fr\/bonnetdane\/wp-content\/uploads\/sites\/25\/2016\/10\/MLP-61-300x169.jpg 300w, https:\/\/blog.causeur.fr\/bonnetdane\/wp-content\/uploads\/sites\/25\/2016\/10\/MLP-61-500x282.jpg 500w\" sizes=\"auto, (max-width: 694px) 100vw, 694px\" \/><\/a>Pire : il est aussi le r\u00e9-orientateur d\u2019une politique dont il faut bien avouer que longtemps, elle fut celle de Gribouille. D\u2019o\u00f9 l\u2019anecdote certifi\u00e9e vrai par Malka du tract FN lu sans pr\u00e9cision d\u2019origine \u00e0 un comit\u00e9 central de la CGT <a href=\"http:\/\/blog.causeur.fr\/bonnetdane\/files\/2016\/10\/Capture-d\u2019\u00e9cran-2016-10-16-\u00e0-14.16.20.png\"><img loading=\"lazy\" decoding=\"async\" class=\"aligncenter size-full wp-image-1376\" src=\"http:\/\/blog.causeur.fr\/bonnetdane\/files\/2016\/10\/Capture-d\u2019\u00e9cran-2016-10-16-\u00e0-14.16.20.png\" alt=\"\" width=\"912\" height=\"857\" srcset=\"https:\/\/blog.causeur.fr\/bonnetdane\/wp-content\/uploads\/sites\/25\/2016\/10\/Capture-d\u2019\u00e9cran-2016-10-16-\u00e0-14.16.20.png 912w, https:\/\/blog.causeur.fr\/bonnetdane\/wp-content\/uploads\/sites\/25\/2016\/10\/Capture-d\u2019\u00e9cran-2016-10-16-\u00e0-14.16.20-300x281.png 300w, https:\/\/blog.causeur.fr\/bonnetdane\/wp-content\/uploads\/sites\/25\/2016\/10\/Capture-d\u2019\u00e9cran-2016-10-16-\u00e0-14.16.20-319x300.png 319w\" sizes=\"auto, (max-width: 912px) 100vw, 912px\" \/><\/a>\u2014 et ma foi, on y croit : apr\u00e8s tout, ce que MLP dit aujourd\u2019hui de l\u2019Ecole pourrait bien avoir \u00e9t\u00e9 \u00e9crit par\u2026<br \/>\nQuant \u00e0 JMLP\u2026 Ma foi, il a fait son malheur tout seul. Cet homme qui n\u2019avait invent\u00e9 le FN que pour bien rigoler entre amis s\u2019est retrouv\u00e9 mis \u00e0 la porte de ce qui \u00e9tait devenu une machine politique. Ah, \u00e7a a d\u00fb lui faire un choc !<a href=\"http:\/\/blog.causeur.fr\/bonnetdane\/files\/2016\/10\/Capture-d\u2019\u00e9cran-2016-10-16-\u00e0-10.38.15.jpg\"><img loading=\"lazy\" decoding=\"async\" class=\"aligncenter size-full wp-image-1377\" src=\"http:\/\/blog.causeur.fr\/bonnetdane\/files\/2016\/10\/Capture-d\u2019\u00e9cran-2016-10-16-\u00e0-10.38.15.jpg\" alt=\"\" width=\"435\" height=\"660\" srcset=\"https:\/\/blog.causeur.fr\/bonnetdane\/wp-content\/uploads\/sites\/25\/2016\/10\/Capture-d\u2019\u00e9cran-2016-10-16-\u00e0-10.38.15.jpg 435w, https:\/\/blog.causeur.fr\/bonnetdane\/wp-content\/uploads\/sites\/25\/2016\/10\/Capture-d\u2019\u00e9cran-2016-10-16-\u00e0-10.38.15-197x300.jpg 197w\" sizes=\"auto, (max-width: 435px) 100vw, 435px\" \/><\/a>Dans l\u2019ombre cependant, Buisson \/ De Villiers \/ Zemmour complotent. Ils ne croient pas que MLP ira au bout. Ils pr\u00e9parent le coup suivant \u2014 en l\u2019occurrence Laurent Wauquiez, dont une ex-ministre me disait un jour combien ce collectionneur de titres, ce premier de la classe, \u00e9tait un ambitieux sans envergure \u2014 ils ont l\u2019air de beaucoup s\u2019aimer, chez les R\u00e9publicains\u2026<a href=\"http:\/\/blog.causeur.fr\/bonnetdane\/files\/2016\/10\/Capture-d\u2019\u00e9cran-2016-10-16-\u00e0-10.39.28.jpg\"><img loading=\"lazy\" decoding=\"async\" class=\"aligncenter size-full wp-image-1378\" src=\"http:\/\/blog.causeur.fr\/bonnetdane\/files\/2016\/10\/Capture-d\u2019\u00e9cran-2016-10-16-\u00e0-10.39.28.jpg\" alt=\"\" width=\"516\" height=\"541\" srcset=\"https:\/\/blog.causeur.fr\/bonnetdane\/wp-content\/uploads\/sites\/25\/2016\/10\/Capture-d\u2019\u00e9cran-2016-10-16-\u00e0-10.39.28.jpg 516w, https:\/\/blog.causeur.fr\/bonnetdane\/wp-content\/uploads\/sites\/25\/2016\/10\/Capture-d\u2019\u00e9cran-2016-10-16-\u00e0-10.39.28-286x300.jpg 286w\" sizes=\"auto, (max-width: 516px) 100vw, 516px\" \/><\/a>Nous voici donc dans les derni\u00e8res heures de cette fatale journ\u00e9e du 7 mai 2017. Dernier coup de peigne, derniers bulletins gliss\u00e9s dans les urnes\u2026<a href=\"http:\/\/blog.causeur.fr\/bonnetdane\/files\/2016\/10\/MLP-9.jpg\"><img loading=\"lazy\" decoding=\"async\" class=\"aligncenter size-large wp-image-1379\" src=\"http:\/\/blog.causeur.fr\/bonnetdane\/files\/2016\/10\/MLP-9-1024x581.jpg\" alt=\"\" width=\"584\" height=\"331\" srcset=\"https:\/\/blog.causeur.fr\/bonnetdane\/wp-content\/uploads\/sites\/25\/2016\/10\/MLP-9-1024x581.jpg 1024w, https:\/\/blog.causeur.fr\/bonnetdane\/wp-content\/uploads\/sites\/25\/2016\/10\/MLP-9-300x170.jpg 300w, https:\/\/blog.causeur.fr\/bonnetdane\/wp-content\/uploads\/sites\/25\/2016\/10\/MLP-9-500x284.jpg 500w, https:\/\/blog.causeur.fr\/bonnetdane\/wp-content\/uploads\/sites\/25\/2016\/10\/MLP-9.jpg 1121w\" sizes=\"auto, (max-width: 584px) 100vw, 584px\" \/><\/a>Le suspense est total \u2014 l\u2019album se finit ici. La suite se lira en direct live \u00e0 la fin de la premi\u00e8re semaine de mai, l\u2019ann\u00e9e prochaine. On sait seulement que si MLP est \u00e9lue, le plus dur sera de former un gouvernement de gens cr\u00e9dibles, et qui ne tirent pas \u00e0 hue et \u00e0 dia.<\/p>\n<p>Au total, je ne sais pas si ce sera un album collector, mais c&rsquo;est dr\u00f4le, assez bien enlev\u00e9, tr\u00e8s bien document\u00e9, et en v\u00e9rit\u00e9 je vous le dis, ch\u00e8re Vanessa Burgraff : oui, MLP en sort humaine, et d\u00e9diabolis\u00e9e. Et il fallait que ce soient des hommes de gauche qui s&rsquo;y collent pour d\u00e9passer les poncifs ordinaires et les id\u00e9es re\u00e7ues, rem\u00e2ch\u00e9es et revomies illico.<\/p>\n<p>Jean-Paul Brighelli<\/p>\n","protected":false},"excerpt":{"rendered":"<p>Le 8 octobre dernier, Riss et Richard Malka, respectivement dessinateur et co-sc\u00e9nariste (avec Sa\u00efd Mahrane) de la Face crash\u00e9e de Marine Le Pen (Grasset), \u00e9taient invit\u00e9s sur le plateau d\u2019On n\u2019est pas couch\u00e9. Je n\u2019ai pas la t\u00e9l\u00e9vision, je n\u2019ai donc pas suivi le d\u00e9bat dans son jus \u2014 mais il y a le replay [&hellip;]<\/p>\n","protected":false},"author":6,"featured_media":0,"comment_status":"open","ping_status":"open","sticky":false,"template":"","format":"standard","meta":{"footnotes":""},"categories":[1],"tags":[1056,1058,1055,252,188,1054,1057],"class_list":{"0":"post-1366","1":"post","2":"type-post","3":"status-publish","4":"format-standard","6":"category-non-classe","7":"tag-florian-philippot","8":"tag-la-face-crashee-de-marine-le-pen","9":"tag-malka","10":"tag-marine-le-pen","11":"tag-on-nest-pas-couche","12":"tag-riss","13":"tag-vanessa-burgraff"},"_links":{"self":[{"href":"https:\/\/blog.causeur.fr\/bonnetdane\/wp-json\/wp\/v2\/posts\/1366","targetHints":{"allow":["GET"]}}],"collection":[{"href":"https:\/\/blog.causeur.fr\/bonnetdane\/wp-json\/wp\/v2\/posts"}],"about":[{"href":"https:\/\/blog.causeur.fr\/bonnetdane\/wp-json\/wp\/v2\/types\/post"}],"author":[{"embeddable":true,"href":"https:\/\/blog.causeur.fr\/bonnetdane\/wp-json\/wp\/v2\/users\/6"}],"replies":[{"embeddable":true,"href":"https:\/\/blog.causeur.fr\/bonnetdane\/wp-json\/wp\/v2\/comments?post=1366"}],"version-history":[{"count":0,"href":"https:\/\/blog.causeur.fr\/bonnetdane\/wp-json\/wp\/v2\/posts\/1366\/revisions"}],"wp:attachment":[{"href":"https:\/\/blog.causeur.fr\/bonnetdane\/wp-json\/wp\/v2\/media?parent=1366"}],"wp:term":[{"taxonomy":"category","embeddable":true,"href":"https:\/\/blog.causeur.fr\/bonnetdane\/wp-json\/wp\/v2\/categories?post=1366"},{"taxonomy":"post_tag","embeddable":true,"href":"https:\/\/blog.causeur.fr\/bonnetdane\/wp-json\/wp\/v2\/tags?post=1366"}],"curies":[{"name":"wp","href":"https:\/\/api.w.org\/{rel}","templated":true}]}}