{"id":1387,"date":"2016-10-28T06:56:32","date_gmt":"2016-10-28T04:56:32","guid":{"rendered":"http:\/\/blog.causeur.fr\/bonnetdane\/?p=1387"},"modified":"2021-04-22T18:49:19","modified_gmt":"2021-04-22T16:49:19","slug":"les-petits-calculs-dun-petit-president","status":"publish","type":"post","link":"https:\/\/blog.causeur.fr\/bonnetdane\/les-petits-calculs-dun-petit-president-1387","title":{"rendered":"Les petits calculs d&rsquo;un petit pr\u00e9sident"},"content":{"rendered":"<p><a href=\"http:\/\/blog.causeur.fr\/bonnetdane\/files\/2016\/10\/FRAN\u00c7OIS-HOLLANDE.jpg\"><img loading=\"lazy\" decoding=\"async\" class=\"aligncenter size-full wp-image-1391\" src=\"http:\/\/blog.causeur.fr\/bonnetdane\/files\/2016\/10\/FRAN\u00c7OIS-HOLLANDE.jpg\" alt=\"\" width=\"714\" height=\"476\" srcset=\"https:\/\/blog.causeur.fr\/bonnetdane\/wp-content\/uploads\/sites\/25\/2016\/10\/FRAN\u00c7OIS-HOLLANDE.jpg 714w, https:\/\/blog.causeur.fr\/bonnetdane\/wp-content\/uploads\/sites\/25\/2016\/10\/FRAN\u00c7OIS-HOLLANDE-300x200.jpg 300w, https:\/\/blog.causeur.fr\/bonnetdane\/wp-content\/uploads\/sites\/25\/2016\/10\/FRAN\u00c7OIS-HOLLANDE-450x300.jpg 450w\" sizes=\"auto, (max-width: 714px) 100vw, 714px\" \/><\/a>Je ne crois pas un seul instant que la publication des confidences de Hollande soit une erreur \u2014 imput\u00e9e, selon les sources, au pr\u00e9sident lui-m\u00eame, qui aurait commis l\u2019imprudence de se confier, ou \u00e0 l\u2019\u00e9diteur, press\u00e9 de publier un livre th\u00e9oriquement programm\u00e9 pour l\u2019apr\u00e8s-pr\u00e9sidentielles, sur le mod\u00e8le du <em>Verbatim<\/em> d\u2019Attali-Mitterrand. On ne se confie pas par erreur pendant plus de soixante entretiens \u00e0 deux journalistes d\u00fbment convoqu\u00e9s \u2014 sans compter que l\u2019ensemble a \u00e9t\u00e9 forc\u00e9ment relu, par le principal int\u00e9ress\u00e9 d\u2019abord, et sans doute par le service juridique de Stock, qui s\u2019est forc\u00e9ment pench\u00e9 sur un livre qui dit beaucoup de mal de beaucoup de gens.<!--more--><br \/>\nPar ailleurs, quand on conna\u00eet un peu les processus \u00e9ditoriaux, le temps incompressible entre la derni\u00e8re remise de manuscrit et l\u2019impression \/ distribution, la n\u00e9cessaire programmation aupr\u00e8s de l\u2019imprimeur, qui n\u2019a pas que \u00e7a \u00e0 faire, on comprend que la parution \u00e0 l\u2019automne 2016 \u00e9tait n\u00e9cessairement programm\u00e9e, et de longue date.<\/p>\n<div id=\"ligne\"><\/div>\n<p>Enfin, <a href=\"http:\/\/www.marianne.net\/hollande-candidat-president-ses-idiots-utiles-100247201.html\">comme le rappelle Eric Conan dans <em>Marianne<\/em><\/a> (et il est bien le seul \u00e0 avoir tenu ce raisonnement), un homme comme Fran\u00e7ois Hollande, auquel on a si souvent reproch\u00e9 tant de choses, mais jamais d\u2019\u00eatre malhabile en calculs politiques, ne se laisserait pas aller \u00ab par erreur \u00bb \u00e0 distiller des propos de caf\u00e9 du Commerce : que ce soit sur les immigr\u00e9s (\u00ab trop nombreux \u00bb), sur l\u2019islam (\u00ab envahissant \u00bb), sur les filles voil\u00e9es, qui se d\u00e9voileront un jour, sur la Gr\u00e8ce, un pays de paresseux qui vivent des rentes europ\u00e9ennes, sur les assassinats cibl\u00e9s de terroristes (toujours populaires), sur les footballeurs, des abrutis sur-pay\u00e9s, sur l\u2019a\u00e9roport de Notre-Dame des Landes, bien peu utile, ou sur la Justice (\u00ab tous pourris \u00bb), le locuteur adopte le point de vue m\u00e9dian du Fran\u00e7ais moyen. Pas m\u00eame de l\u2019\u00e9lecteur de gauche moyen, non : du p\u00e9kin de base qui vote aujourd\u2019hui pour Marine Le Pen, d\u00e9go\u00fbt\u00e9 qu\u2019il est par tous les politiciens\u2026 style Hollande.<\/p>\n<div id=\"ligne\"><\/div>\n<p> Je sugg\u00e8rerais d\u2019y voir un double calcul.<br \/>\nD\u2019un c\u00f4t\u00e9, croyons aux miracles, un embellissement de la courbe du ch\u00f4mage par exemple, un mois de septembre qui durerait quatre mois, et pr\u00e9sentons-nous en rassembleur de la France p\u00e9riph\u00e9rique, que nous avons pi\u00e9tin\u00e9e pendant cinq ans, certes, mais qui a le pouvoir de nous refaire roi.<br \/>\nSinon, il reste le plan B \u2014 Emmanuel Macron. Quelqu\u2019un pense-t-il s\u00e9rieusement que sa d\u00e9mission est autre chose qu\u2019une mise \u00e0 l\u2019abri et sur orbite, histoire de lui donner le temps de b\u00e2tir un \u00ab mouvement \u00bb, un \u00ab parti du Progr\u00e8s \u00bb qui, tout en le situant hors des partis traditionnels vomis indistinctement par le peuple, lui conf\u00e8rera une virginit\u00e9 nouvelle ? Etre au gouvernement tue \u2014 en cela, Hollande use Valls jusqu\u2019\u00e0 la corde, comme Sarkozy avait us\u00e9 Fillon. Ce n\u2019est pas m\u00eame de la haine, du pr\u00e9sident \u00e0 son premier ministre : Valls est juste englob\u00e9 dans la \u00ab liquidation \u00bb du PS et le m\u00e9pris kolossal dont Hollande enrobe tous ses anciens amis \u2014 ah, il ne fait pas bon s\u2019appeler Bartolone, ces temps-ci ! Ou Cambad\u00e9lis. Ou Montebourg. Ou Hamon.<br \/>\nOu Vallaud-Belkacem, cette \u00ab sp\u00e9cialiste de la langue de bois \u00bb qui \u00ab n\u2019est pas une intellectuelle \u00bb. Avec un ami de ce genre, \u00ab Pimprenelle \u00bb n\u2019a pas besoin d\u2019ennemis.<\/p>\n<p>Infatuation ou hubris, Hollande se situe mentalement tr\u00e8s au-dessus des \u00e9l\u00e9phants de la rue de Solferino et de leur \u00ab primaire \u00bb \u2014 quel mot merveilleusement ad\u00e9quat pour les qualifier ! En 2011-2012, il n\u2019a jamais dout\u00e9 qu\u2019il \u00e9crabouillerait DSK, qui avant l\u2019aventure du Sofitel le d\u00e9passait pourtant de cent coud\u00e9es dans les sondages, et il a \u00e9parpill\u00e9 Martine Aubry. En 2016-2017, il compte bien tuer tous les pr\u00e9tendants \u00e0 la couronne, qui devraient \u00e9tudier l\u2019Histoire et analyser comment Mazarin (ce mod\u00e8le de Mitterrand, qui a \u00e9lev\u00e9 Hollande dans son ombre) a dispers\u00e9 fa\u00e7on puzzle tous les pr\u00e9tendants au pouvoir durant les cinq ann\u00e9es de la Fronde.<br \/>\nEt encore, personne au PS (ni ailleurs) n\u2019est au niveau de Retz ou de Cond\u00e9. Quand l\u2019Histoire repasse les plats, c\u2019est sous sa version farcesque \u2014 adage marxien sans cesse v\u00e9rifi\u00e9 depuis 1852 et <em>le 18 Brumaire de Louis-Napol\u00e9on Bonaparte<\/em>.<br \/>\nLe seul clou dans la chaussure gauche de Hollande, c\u2019est M\u00e9lenchon, qui a compris la man\u0153uvre et s\u2019est d\u00e9solidaris\u00e9 des 1,5% d\u2019un PC qui pour conserver quelques si\u00e8ges de d\u00e9put\u00e9s aurait pu l\u2019entra\u00eener \u00e0 des pr\u00e9-accords dont il ne voulait pas. Mais comme M\u00e9lenchon est ha\u00ef par tous les imb\u00e9ciles du PS, ce n&rsquo;est as bien grave, il aura \u00ab\u00a0l&rsquo;appareil\u00a0\u00bb contre lui, h\u00e9 h\u00e9\u2026<\/p>\n<p>Ce livre lance donc une op\u00e9ration gagnant-gagnant : soit il donne, \u00e0 force de d\u00e9magogie, une authenticit\u00e9 populiste nouvelle \u00e0 Hollande, qui sera de toute fa\u00e7on appuy\u00e9 par son ancien parti, quoi qu&rsquo;il leur fasse (et il le leur fait profond\u00e9ment), soit il lui fournit un pr\u00e9texte pour se retirer sur l\u2019Aventin, comme on disait autrefois quand on avait fait des \u00e9tudes, et tirer les ficelles \u00e0 distance, en parrain de la politique de centre gauche-droit dont il aura \u00e9t\u00e9, pendant cinq ans, le grand pr\u00e9dicateur. Et exterminateur d\u2019un PS qui n\u2019a plus rien \u00e0 lui apporter, sinon son soutien inconditionnel tant la trouille de perdre leurs pr\u00e9bendes les saisit en ce moment, et qui est \u00e0 son go\u00fbt peupl\u00e9 de connards blablateurs.<br \/>\nEvidemment, tout se joue sur l\u2019hypoth\u00e8se (qui \u00e9tait encore majoritaire dans les \u00e9tats-majors il y a deux mois, quand le livre \u00e9tait sous presse) de la d\u00e9signation de Sarkozy comme candidat des R\u00e9publicains, subs\u00e9quemment d\u2019une candidature de Bayrou, et de la r\u00e9cup\u00e9ration des voix du centre-droit-gauche. Si c\u2019est Jupp\u00e9, \u00e7a risque de capoter sur un fait t\u00eatu : au second tour, ce sera Alain Jupp\u00e9 contre Marine Le Pen, et ni Hollande (Plan A) ni Macron (Plan B) n\u2019y pourront rien. Tant pis, rebelote en 2022 \u2014 ou avant, si cette fois-ci c\u2019est la France qui capote, ce qui para\u00eet de plus en plus s\u00fbr : voir sur le sujet ce que le capitalisme mondialis\u00e9 <a href=\"http:\/\/www.nytimes.com\/2016\/10\/07\/business\/deutsche-bank-as-next-lehman-brothers-far-fetched-but-not-unthinkable.html?_r=0\">pense des cr\u00e9ances toxiques de la Deutsche Bank<\/a>.<br \/>\nCe livre est donc un gambit \u2014 pour les non-initi\u00e9s aux \u00e9checs, le sacrifice volontaire, bien apparent, de la pi\u00e9taille, destin\u00e9 \u00e0 pr\u00e9cipiter l\u2019adversaire dans une br\u00e8che apparente pour mieux le pi\u00e9ger. Et finesse supr\u00eame, Hollande en multipliant les excuses depuis la parution s\u2019efforce de passer pour un maladroit \u2014 oups, j\u2019ai merdu ! Ce qui, comme aux \u00e9checs, donne aux adversaires l\u2019impression r\u00e9confortante de jouer contre un incapable. Illusion fatale \u00e0 laquelle tout le PS, la Droite et la quasi-totalit\u00e9 des m\u00e9dias sont en train de succomber. Je pr\u00e9f\u00e8re pour ma part penser qu\u2019un type qui s\u2019est jadis montr\u00e9 si adroit n\u2019est pas soudainement insuffisant sans une id\u00e9e derri\u00e8re la t\u00eate \u2014 pas une grande id\u00e9e, mais une petite id\u00e9e tordue pour une \u00e9poque notoirement d\u00e9risoire.<\/p>\n<p>Jean-Paul Brighelli<\/p>\n","protected":false},"excerpt":{"rendered":"<p>Je ne crois pas un seul instant que la publication des confidences de Hollande soit une erreur \u2014 imput\u00e9e, selon les sources, au pr\u00e9sident lui-m\u00eame, qui aurait commis l\u2019imprudence de se confier, ou \u00e0 l\u2019\u00e9diteur, press\u00e9 de publier un livre th\u00e9oriquement programm\u00e9 pour l\u2019apr\u00e8s-pr\u00e9sidentielles, sur le mod\u00e8le du Verbatim d\u2019Attali-Mitterrand. On ne se confie pas [&hellip;]<\/p>\n","protected":false},"author":6,"featured_media":0,"comment_status":"open","ping_status":"open","sticky":false,"template":"","format":"standard","meta":{"footnotes":""},"categories":[1],"tags":[1065,1067,145,1066],"class_list":{"0":"post-1387","1":"post","2":"type-post","3":"status-publish","4":"format-standard","6":"category-non-classe","7":"tag-emmanuel-macron","8":"tag-eric-conan","9":"tag-francois-hollande","10":"tag-un-president-ne-devrait-pas-dire-ca"},"_links":{"self":[{"href":"https:\/\/blog.causeur.fr\/bonnetdane\/wp-json\/wp\/v2\/posts\/1387","targetHints":{"allow":["GET"]}}],"collection":[{"href":"https:\/\/blog.causeur.fr\/bonnetdane\/wp-json\/wp\/v2\/posts"}],"about":[{"href":"https:\/\/blog.causeur.fr\/bonnetdane\/wp-json\/wp\/v2\/types\/post"}],"author":[{"embeddable":true,"href":"https:\/\/blog.causeur.fr\/bonnetdane\/wp-json\/wp\/v2\/users\/6"}],"replies":[{"embeddable":true,"href":"https:\/\/blog.causeur.fr\/bonnetdane\/wp-json\/wp\/v2\/comments?post=1387"}],"version-history":[{"count":0,"href":"https:\/\/blog.causeur.fr\/bonnetdane\/wp-json\/wp\/v2\/posts\/1387\/revisions"}],"wp:attachment":[{"href":"https:\/\/blog.causeur.fr\/bonnetdane\/wp-json\/wp\/v2\/media?parent=1387"}],"wp:term":[{"taxonomy":"category","embeddable":true,"href":"https:\/\/blog.causeur.fr\/bonnetdane\/wp-json\/wp\/v2\/categories?post=1387"},{"taxonomy":"post_tag","embeddable":true,"href":"https:\/\/blog.causeur.fr\/bonnetdane\/wp-json\/wp\/v2\/tags?post=1387"}],"curies":[{"name":"wp","href":"https:\/\/api.w.org\/{rel}","templated":true}]}}