{"id":1404,"date":"2016-11-07T11:45:28","date_gmt":"2016-11-07T09:45:28","guid":{"rendered":"http:\/\/blog.causeur.fr\/bonnetdane\/?p=1404"},"modified":"2021-04-22T18:49:19","modified_gmt":"2021-04-22T16:49:19","slug":"chez-les-gros","status":"publish","type":"post","link":"https:\/\/blog.causeur.fr\/bonnetdane\/chez-les-gros-1404","title":{"rendered":"Chez les gros"},"content":{"rendered":"<p>Il fut un temps o\u00f9 \u00eatre gros \u00e9tait un signe d\u2019opulence. Le \u00ab gros \u00bb, c\u2019\u00e9tait celui qui mettait plus de poids sur la charrue, pour creuser un sillon plus profond et produire des r\u00e9coltes plus cons\u00e9quentes. Sa graisse exc\u00e9dentaire fertilisait la terre, elle lui \u00e9tait gage de beaut\u00e9. Dans les populations historiquement affam\u00e9es, le symbole de beaut\u00e9 est toujours gros \u2014 Ganesh par exemple. L\u2019\u00e9l\u00e9phant \u00e9tait bien plus beau que la gazelle.<a href=\"http:\/\/blog.causeur.fr\/bonnetdane\/files\/2016\/11\/ob_acd2f3_1maha-ganesh.jpg\"><img loading=\"lazy\" decoding=\"async\" class=\"aligncenter size-full wp-image-1416\" src=\"http:\/\/blog.causeur.fr\/bonnetdane\/files\/2016\/11\/ob_acd2f3_1maha-ganesh.jpg\" alt=\"\" width=\"683\" height=\"820\" srcset=\"https:\/\/blog.causeur.fr\/bonnetdane\/wp-content\/uploads\/sites\/25\/2016\/11\/ob_acd2f3_1maha-ganesh.jpg 683w, https:\/\/blog.causeur.fr\/bonnetdane\/wp-content\/uploads\/sites\/25\/2016\/11\/ob_acd2f3_1maha-ganesh-249x300.jpg 249w\" sizes=\"auto, (max-width: 683px) 100vw, 683px\" \/><\/a> <!--more-->Pas un hasard si l\u2019on offrait \u00e0 des maharadjas ob\u00e8ses leur poids en bimbeloteries pr\u00e9cieuses : ils \u00e9taient gros, ils \u00e9taient beaux. Le maigrichon n\u2019inspirait pas confiance \u2014 quant \u00e0 la maigrichonne, elle \u00e9tait probablement tuberculeuse : le plus \u00e9tonnant dans <em>la Dame aux cam\u00e9lias<\/em>, c\u2019est que le h\u00e9ros tombe amoureux d&rsquo;un squelette, alors que tant de beaut\u00e9s bien en chair s\u2019offraient \u00e0 cette \u00e9poque \u00e0 sa libido post-adolescente.<br \/>\nD\u2019o\u00f9 la difficult\u00e9, \u00e0 l\u2019op\u00e9ra, de trouver une Violetta qui soit \u00e0 la fois exceptionnelle et mince\u2026 <a href=\"https:\/\/www.youtube.com\/watch?v=m7yKFQJEavU\">Callas<\/a>, oui \u2014 <a href=\"https:\/\/www.youtube.com\/watch?v=01SgqlIY2Zc\">Montserrat Cabbal\u00e9<\/a>, je suis moins s\u00fbr, quelle que soit la qualit\u00e9 de la \u00ab Superba \u00bb soprano catalane. Mes pr\u00e9f\u00e9r\u00e9s sont \u00e0 l\u2019Est \u2014 <a href=\"https:\/\/www.youtube.com\/watch?v=FCu1bMe8P78\">Edita Gruberova<\/a> ou, mieux encore, <a href=\"https:\/\/www.youtube.com\/watch?v=Drce8uXvyHg\">Anna Netrebko<\/a> \u00e0 Salzbourg en 2005.<\/p>\n<p>Mais \u00e7a, c\u2019\u00e9tait avant. Avant Twiggy, le premier \u00ab cintre \u00bb,<a href=\"http:\/\/www.gala.fr\/mode\/les_stars_et_la_mode\/karl_lagerfeld_n_a_pas_la_langue_de_bois_dans_sa_poche_189363\">comme dit<\/a> ce merveilleux ami des femmes qu&rsquo;est Karl Lagerfeld, \u00e0 avoir arpent\u00e9 les podiums.<a href=\"http:\/\/blog.causeur.fr\/bonnetdane\/files\/2016\/11\/Twiggy-06.jpg\"><img loading=\"lazy\" decoding=\"async\" class=\"aligncenter size-full wp-image-1417\" src=\"http:\/\/blog.causeur.fr\/bonnetdane\/files\/2016\/11\/Twiggy-06.jpg\" alt=\"\" width=\"726\" height=\"1024\" srcset=\"https:\/\/blog.causeur.fr\/bonnetdane\/wp-content\/uploads\/sites\/25\/2016\/11\/Twiggy-06.jpg 726w, https:\/\/blog.causeur.fr\/bonnetdane\/wp-content\/uploads\/sites\/25\/2016\/11\/Twiggy-06-212x300.jpg 212w\" sizes=\"auto, (max-width: 726px) 100vw, 726px\" \/><\/a> Avant la dictature de la minceur \u00e0 tout prix.<\/p>\n<p>Ce que cette obsession de la ligne a contribu\u00e9 \u00e0 mettre en \u00e9vidence, c\u2019est le nombre de plus en plus \u00e9lev\u00e9 de gros r\u00e9ellement gros. Non plus les femmes rondes de Maillol<a href=\"http:\/\/blog.causeur.fr\/bonnetdane\/files\/2016\/11\/This-lead-sculpture-Mountain-was-sculpted-by-Aristide-Maillol-in-1937.-Its-the-fourth-cast-of-a-limited-edition-of-six-cast-by-the-Georges-Rudier-Foundry-in-Paris-in-1973.jpg\"><img loading=\"lazy\" decoding=\"async\" class=\"aligncenter size-full wp-image-1418\" src=\"http:\/\/blog.causeur.fr\/bonnetdane\/files\/2016\/11\/This-lead-sculpture-Mountain-was-sculpted-by-Aristide-Maillol-in-1937.-Its-the-fourth-cast-of-a-limited-edition-of-six-cast-by-the-Georges-Rudier-Foundry-in-Paris-in-1973.jpg\" alt=\"\" width=\"475\" height=\"322\" srcset=\"https:\/\/blog.causeur.fr\/bonnetdane\/wp-content\/uploads\/sites\/25\/2016\/11\/This-lead-sculpture-Mountain-was-sculpted-by-Aristide-Maillol-in-1937.-Its-the-fourth-cast-of-a-limited-edition-of-six-cast-by-the-Georges-Rudier-Foundry-in-Paris-in-1973.jpg 475w, https:\/\/blog.causeur.fr\/bonnetdane\/wp-content\/uploads\/sites\/25\/2016\/11\/This-lead-sculpture-Mountain-was-sculpted-by-Aristide-Maillol-in-1937.-Its-the-fourth-cast-of-a-limited-edition-of-six-cast-by-the-Georges-Rudier-Foundry-in-Paris-in-1973-300x203.jpg 300w, https:\/\/blog.causeur.fr\/bonnetdane\/wp-content\/uploads\/sites\/25\/2016\/11\/This-lead-sculpture-Mountain-was-sculpted-by-Aristide-Maillol-in-1937.-Its-the-fourth-cast-of-a-limited-edition-of-six-cast-by-the-Georges-Rudier-Foundry-in-Paris-in-1973-442x300.jpg 442w\" sizes=\"auto, (max-width: 475px) 100vw, 475px\" \/><\/a> ou de Botero<a href=\"http:\/\/blog.causeur.fr\/bonnetdane\/files\/2016\/11\/38796994.jpg\"><img loading=\"lazy\" decoding=\"async\" class=\"aligncenter size-full wp-image-1419\" src=\"http:\/\/blog.causeur.fr\/bonnetdane\/files\/2016\/11\/38796994.jpg\" alt=\"\" width=\"621\" height=\"800\" srcset=\"https:\/\/blog.causeur.fr\/bonnetdane\/wp-content\/uploads\/sites\/25\/2016\/11\/38796994.jpg 621w, https:\/\/blog.causeur.fr\/bonnetdane\/wp-content\/uploads\/sites\/25\/2016\/11\/38796994-232x300.jpg 232w\" sizes=\"auto, (max-width: 621px) 100vw, 621px\" \/><\/a> \u2014 non : d\u2019authentiques ob\u00e8ses des deux sexes.<br \/>\nC\u2019est devenu un probl\u00e8me de sant\u00e9 publique \u2014 aux Etats-Unis d\u2019abord, en Europe ensuite. Et un march\u00e9 : les boutiques ou les sites Internet, plus discrets, pour les personnes rondelettes abondent d\u00e9sormais. Il y a m\u00eame <a href=\"http:\/\/www.bonprix.fr\/categorie\/lingerie-lingerie-erotique-grande-taille\/\">de la lingerie \u00e9rotique (?) pour \u00ab grandes tailles \u00bb<\/a> \u2014 jusqu\u2019au 64. Mazette !<\/p>\n<div id=\"ligne\"><\/div>\n<p>Evidemment, cela a permis de culpabiliser les gros. De les amener \u00e0 courir les r\u00e9gimes, quitte \u00e0 faire \u00e0 chaque fois des rechutes s\u00e9v\u00e8res. \u00c0 les stigmatiser de toutes les fa\u00e7ons. <a href=\"http:\/\/tempsreel.nouvelobs.com\/societe\/20130513.OBS8888\/chez-abercrombie-les-rondes-n-ont-plus-leur-taille.html\">Chez Abercrombie &amp; Fitch<\/a>, on a commenc\u00e9 par \u00f4ter des rayons les XL et les XXL, puis on a embauch\u00e9 des vendeurs qui op\u00e9raient topless, puis on n\u2019a plus vendu de hauts qu\u2019entre le 34 et le 40, et de bas qu\u2019entre le 32 et le 42. Au-del\u00e0, vous n\u2019existez plus. Mike Jeffries, le patron de la marque, ne \u00ab souhaite plus voir de gros dans ses magasins, mais juste des gens beaux et minces \u00bb.<br \/>\nAh, quand m\u00eame, les soutifs iront toujours jusqu\u2019au bonnet D. Mince avec de gros nichons. L\u2019id\u00e9al du complexe mammaire am\u00e9ricain.<a href=\"http:\/\/blog.causeur.fr\/bonnetdane\/files\/2016\/11\/katrina-jade.jpg\"><img loading=\"lazy\" decoding=\"async\" class=\"aligncenter size-full wp-image-1420\" src=\"http:\/\/blog.causeur.fr\/bonnetdane\/files\/2016\/11\/katrina-jade.jpg\" alt=\"\" width=\"700\" height=\"450\" srcset=\"https:\/\/blog.causeur.fr\/bonnetdane\/wp-content\/uploads\/sites\/25\/2016\/11\/katrina-jade.jpg 700w, https:\/\/blog.causeur.fr\/bonnetdane\/wp-content\/uploads\/sites\/25\/2016\/11\/katrina-jade-300x192.jpg 300w, https:\/\/blog.causeur.fr\/bonnetdane\/wp-content\/uploads\/sites\/25\/2016\/11\/katrina-jade-466x300.jpg 466w\" sizes=\"auto, (max-width: 700px) 100vw, 700px\" \/><\/a>On applaudit bien fort.<br \/>\nLes enfoir\u00e9s se ramassent \u00e0 la pelle.<\/p>\n<p>Parce que si autrefois \u00eatre gros \u00e9tait, comme le <em>Monsieur Bertin<\/em> d\u2019Ingres,<a href=\"http:\/\/blog.causeur.fr\/bonnetdane\/files\/2016\/11\/dor14_ingres_001f.jpg\"><img loading=\"lazy\" decoding=\"async\" class=\"aligncenter size-large wp-image-1421\" src=\"http:\/\/blog.causeur.fr\/bonnetdane\/files\/2016\/11\/dor14_ingres_001f-833x1024.jpg\" alt=\"\" width=\"584\" height=\"717\" srcset=\"https:\/\/blog.causeur.fr\/bonnetdane\/wp-content\/uploads\/sites\/25\/2016\/11\/dor14_ingres_001f-833x1024.jpg 833w, https:\/\/blog.causeur.fr\/bonnetdane\/wp-content\/uploads\/sites\/25\/2016\/11\/dor14_ingres_001f-244x300.jpg 244w, https:\/\/blog.causeur.fr\/bonnetdane\/wp-content\/uploads\/sites\/25\/2016\/11\/dor14_ingres_001f.jpg 1139w\" sizes=\"auto, (max-width: 584px) 100vw, 584px\" \/><\/a> un signe d\u2019opulence, c\u2019est aujourd\u2019hui un indice de mis\u00e8re. Toutes les \u00e9tudes m\u00e9dicales s\u00e9rieuses le d\u00e9montrent. D\u00e9j\u00e0 en 2008, Thibault de Saint-Pol (<a href=\"https:\/\/halshs.archives-ouvertes.fr\/file\/index\/docid\/278898\/filename\/Beh_obesite.pdf\"><em>Bulletin \u00e9pid\u00e9miologique AFSSA<\/em><\/a>) montrait qu\u2019entre 1981 (tiens, tiens\u2026) et 2003, l\u2019ob\u00e9sit\u00e9 en France s\u2019\u00e9tait d\u00e9velopp\u00e9e selon deux parall\u00e8les qui se touchent : la mis\u00e8re, et la localisation g\u00e9ographique. <a href=\"http:\/\/invs.santepubliquefrance.fr\/beh\/2016\/35-36\/2016_35-36_5.html\">Une tr\u00e8s r\u00e9cente \u00e9tude<\/a>, parue le mois dernier, a confirm\u00e9 la tendance : \u00ab L\u2019ob\u00e9sit\u00e9, disent ses auteurs, est une maladie chronique d\u2019\u00e9volution pand\u00e9mique \u00bb, et \u00ab la pr\u00e9valence de l\u2019ob\u00e9sit\u00e9 a augment\u00e9 de 76,4% entre 1997 et 2012, avec la persistance d\u2019un fort gradient socio-\u00e9conomique inverse avec le niveau d\u2019\u00e9ducation et le revenu \u00bb. On ne s\u2019en serait pas dout\u00e9.<br \/>\nLes pauvres donc mangent plus mal \u2014 rappelez-vous les effets spectaculaires d\u2019un r\u00e9gime tout McDo dans le remarquable documentaire de Morgan Spurlock, <a href=\"http:\/\/movies.wikia.com\/wiki\/Super_Size_Me\"><em>Super Size Me<\/em> <\/a>(2004).<a href=\"http:\/\/blog.causeur.fr\/bonnetdane\/files\/2016\/11\/latest.jpg\"><img loading=\"lazy\" decoding=\"async\" class=\"aligncenter size-full wp-image-1422\" src=\"http:\/\/blog.causeur.fr\/bonnetdane\/files\/2016\/11\/latest.jpg\" alt=\"\" width=\"400\" height=\"579\" srcset=\"https:\/\/blog.causeur.fr\/bonnetdane\/wp-content\/uploads\/sites\/25\/2016\/11\/latest.jpg 400w, https:\/\/blog.causeur.fr\/bonnetdane\/wp-content\/uploads\/sites\/25\/2016\/11\/latest-207x300.jpg 207w\" sizes=\"auto, (max-width: 400px) 100vw, 400px\" \/><\/a> Le journaliste-cobaye y expliquait que la firme aux arches d\u2019or avait beau se d\u00e9battre, judiciairement parlant, contre les malheureux qui l\u2019assignaient en justice, la plainte, au vu des d\u00e9sastreux effets sur la sant\u00e9 du r\u00e9gime hamburger \/ Coca, aurait d\u00fb \u00eatre passible des m\u00eames amendes que l\u2019industrie du tabac. Tant l\u2019ob\u00e9sit\u00e9 cr\u00e9e de probl\u00e8mes graves, articulations, tension, maladies cardio-vasculaires, probl\u00e8mes h\u00e9patiques, cancers et mort pr\u00e9coce.<br \/>\nSalauds de pauvres ! Non seulement ils prennent de la place (de sorte que <a href=\"http:\/\/www.lefigaro.fr\/conso\/2009\/04\/22\/05007-20090422ARTFIG00476-ryanair-veut-taxer-les-personnes-en-surpoids-.php\">RyanAir leur fait payer plus cher<\/a> les places \u00e0 bas co\u00fbt qu\u2019il leur fourgue, pendant que les riches play-boys et autres top-mod\u00e8les se pr\u00e9lassent en classe Affaires des lignes r\u00e9guli\u00e8res), non seulement leur bilan-carbone est d\u00e9sastreux, mais ils nous co\u00fbtent cher, \u00e0 nous, les heureux, les nantis, les sveltes !<br \/>\nPlus encore : si l\u2019on en croit les jolis petits dessins fournis par les \u00e9tudes m\u00e9dicales,<a href=\"http:\/\/blog.causeur.fr\/bonnetdane\/files\/2016\/11\/Capture-d\u2019\u00e9cran-2016-11-07-\u00e0-08.38.45.png\"><img loading=\"lazy\" decoding=\"async\" class=\"aligncenter size-full wp-image-1423\" src=\"http:\/\/blog.causeur.fr\/bonnetdane\/files\/2016\/11\/Capture-d\u2019\u00e9cran-2016-11-07-\u00e0-08.38.45.png\" alt=\"\" width=\"990\" height=\"644\" srcset=\"https:\/\/blog.causeur.fr\/bonnetdane\/wp-content\/uploads\/sites\/25\/2016\/11\/Capture-d\u2019\u00e9cran-2016-11-07-\u00e0-08.38.45.png 990w, https:\/\/blog.causeur.fr\/bonnetdane\/wp-content\/uploads\/sites\/25\/2016\/11\/Capture-d\u2019\u00e9cran-2016-11-07-\u00e0-08.38.45-300x195.png 300w, https:\/\/blog.causeur.fr\/bonnetdane\/wp-content\/uploads\/sites\/25\/2016\/11\/Capture-d\u2019\u00e9cran-2016-11-07-\u00e0-08.38.45-461x300.png 461w\" sizes=\"auto, (max-width: 990px) 100vw, 990px\" \/><\/a> <a href=\"http:\/\/blog.causeur.fr\/bonnetdane\/files\/2016\/11\/Capture-d\u2019\u00e9cran-2016-11-07-\u00e0-08.39.52.png\"><img loading=\"lazy\" decoding=\"async\" class=\"aligncenter size-full wp-image-1424\" src=\"http:\/\/blog.causeur.fr\/bonnetdane\/files\/2016\/11\/Capture-d\u2019\u00e9cran-2016-11-07-\u00e0-08.39.52.png\" alt=\"\" width=\"966\" height=\"630\" srcset=\"https:\/\/blog.causeur.fr\/bonnetdane\/wp-content\/uploads\/sites\/25\/2016\/11\/Capture-d\u2019\u00e9cran-2016-11-07-\u00e0-08.39.52.png 966w, https:\/\/blog.causeur.fr\/bonnetdane\/wp-content\/uploads\/sites\/25\/2016\/11\/Capture-d\u2019\u00e9cran-2016-11-07-\u00e0-08.39.52-300x195.png 300w, https:\/\/blog.causeur.fr\/bonnetdane\/wp-content\/uploads\/sites\/25\/2016\/11\/Capture-d\u2019\u00e9cran-2016-11-07-\u00e0-08.39.52-460x300.png 460w\" sizes=\"auto, (max-width: 966px) 100vw, 966px\" \/><\/a>les gros votent FN ! Si ! \u00c0 Paris, on est svelte, et on aime Hidalgo ! Mais dans le Nord, dans l\u2019Est \u2014 les deux r\u00e9gions les plus touch\u00e9es par la pand\u00e9mie \u2014, on pr\u00e9f\u00e8re Marine.<\/p>\n<p>C\u2019est forc\u00e9 : le r\u00e9gime six hu\u00eetres et une entrec\u00f4te wagyu accompagn\u00e9e d\u2019un c\u0153ur de laitue avec un macaron Ladur\u00e9e en dessert, c\u2019est mieux pour la ligne que l\u2019addiction \u00e0 la sainte trilogie riz \/ spaghetti \/ patates. Le \u00ab r\u00e9gime cr\u00e9tois \u00bb des bistros branch\u00e9s du VI\u00e8me arrondissement, c\u2019est plus di\u00e9t\u00e9tique que la frite grasse des gargotes lilloises !<a href=\"http:\/\/blog.causeur.fr\/bonnetdane\/files\/2016\/11\/gros-mangeur-4388_371x268.jpg\"><img loading=\"lazy\" decoding=\"async\" class=\"aligncenter size-full wp-image-1425\" src=\"http:\/\/blog.causeur.fr\/bonnetdane\/files\/2016\/11\/gros-mangeur-4388_371x268.jpg\" alt=\"\" width=\"371\" height=\"270\" srcset=\"https:\/\/blog.causeur.fr\/bonnetdane\/wp-content\/uploads\/sites\/25\/2016\/11\/gros-mangeur-4388_371x268.jpg 371w, https:\/\/blog.causeur.fr\/bonnetdane\/wp-content\/uploads\/sites\/25\/2016\/11\/gros-mangeur-4388_371x268-300x218.jpg 300w\" sizes=\"auto, (max-width: 371px) 100vw, 371px\" \/><\/a>Alors, je veux bien que l\u2019on combatte l\u2019ob\u00e9sit\u00e9 et que l\u2019on incite les gros \u00e0 faire du sport au lieu de passer le temps qu\u2019ils ne consacrent pas \u00e0 faire la queue \u00e0 P\u00f4le-Emploi \u00e0 se pr\u00e9lasser dans un canap\u00e9 en bouffant des chips tout en se tripotant la t\u00e9l\u00e9commande\u2026<br \/>\nMais si l\u2019on faisait un peu mieux la guerre \u00e0 la mis\u00e8re ; si l\u2019on redonnait un boulot r\u00e9el \u00e0 ces gens qui ne sont plus visibles que parce qu\u2019ils sont gros ; si l\u2019on revivifiait cette France p\u00e9riph\u00e9rique que l\u2019on a d\u00e9sindustrialis\u00e9e afin d\u2019aider les Chinois \u00e0 devenir gros et beaux \u00e0 leur tour ; si l\u2019on pensait \u00e0 nouveau \u00e0 tout ce petit peuple qui cr\u00e8ve de mis\u00e8re, de t\u00e9l\u00e9 pourrie et de mauvaise graisse \u2014 alors oui, peut-\u00eatre ferions-nous des progr\u00e8s, oui, peut-\u00eatre serions-nous tous beaux et minces !<br \/>\nLes riches s\u2019en fichent, parce qu\u2019ils sont persuad\u00e9s que les pauvres ne viendront pas voter en avril prochain. Au pire, ils r\u00e9cuseront le r\u00e9sultat des \u00e9lections, comme les Anglais de la City (tous minces !) qui refusent le Brexit d\u2019une Angleterre nourrie de mauvais <em>fish and chips<\/em>. Ils devraient se m\u00e9fier : un gros, une fois lanc\u00e9, \u00e7a ne s\u2019arr\u00eate pas comme \u00e7a, et la mis\u00e8re pourrait bien s\u2019afficher dans les rues, un de ces soirs prochains. Et les manger tout crus.<\/p>\n<p>Jean-Paul Brighelli<\/p>\n","protected":false},"excerpt":{"rendered":"<p>Il fut un temps o\u00f9 \u00eatre gros \u00e9tait un signe d\u2019opulence. Le \u00ab gros \u00bb, c\u2019\u00e9tait celui qui mettait plus de poids sur la charrue, pour creuser un sillon plus profond et produire des r\u00e9coltes plus cons\u00e9quentes. Sa graisse exc\u00e9dentaire fertilisait la terre, elle lui \u00e9tait gage de beaut\u00e9. Dans les populations historiquement affam\u00e9es, le [&hellip;]<\/p>\n","protected":false},"author":6,"featured_media":0,"comment_status":"open","ping_status":"open","sticky":false,"template":"","format":"standard","meta":{"footnotes":""},"categories":[1],"tags":[1085,1082,1084,1081,1083],"class_list":{"0":"post-1404","1":"post","2":"type-post","3":"status-publish","4":"format-standard","6":"category-non-classe","7":"tag-abercrombie-fitch","8":"tag-dictature-de-la-minceur","9":"tag-mcdo","10":"tag-obesite","11":"tag-pauvrete"},"_links":{"self":[{"href":"https:\/\/blog.causeur.fr\/bonnetdane\/wp-json\/wp\/v2\/posts\/1404","targetHints":{"allow":["GET"]}}],"collection":[{"href":"https:\/\/blog.causeur.fr\/bonnetdane\/wp-json\/wp\/v2\/posts"}],"about":[{"href":"https:\/\/blog.causeur.fr\/bonnetdane\/wp-json\/wp\/v2\/types\/post"}],"author":[{"embeddable":true,"href":"https:\/\/blog.causeur.fr\/bonnetdane\/wp-json\/wp\/v2\/users\/6"}],"replies":[{"embeddable":true,"href":"https:\/\/blog.causeur.fr\/bonnetdane\/wp-json\/wp\/v2\/comments?post=1404"}],"version-history":[{"count":0,"href":"https:\/\/blog.causeur.fr\/bonnetdane\/wp-json\/wp\/v2\/posts\/1404\/revisions"}],"wp:attachment":[{"href":"https:\/\/blog.causeur.fr\/bonnetdane\/wp-json\/wp\/v2\/media?parent=1404"}],"wp:term":[{"taxonomy":"category","embeddable":true,"href":"https:\/\/blog.causeur.fr\/bonnetdane\/wp-json\/wp\/v2\/categories?post=1404"},{"taxonomy":"post_tag","embeddable":true,"href":"https:\/\/blog.causeur.fr\/bonnetdane\/wp-json\/wp\/v2\/tags?post=1404"}],"curies":[{"name":"wp","href":"https:\/\/api.w.org\/{rel}","templated":true}]}}