{"id":1415,"date":"2016-11-09T08:04:57","date_gmt":"2016-11-09T06:04:57","guid":{"rendered":"http:\/\/blog.causeur.fr\/bonnetdane\/?p=1415"},"modified":"2021-04-22T18:49:19","modified_gmt":"2021-04-22T16:49:19","slug":"trumpism","status":"publish","type":"post","link":"https:\/\/blog.causeur.fr\/bonnetdane\/trumpism-1415","title":{"rendered":"Trumpism"},"content":{"rendered":"<p><a href=\"http:\/\/blog.causeur.fr\/bonnetdane\/files\/2016\/11\/Capture-d\u2019\u00e9cran-2016-11-09-\u00e0-11.15.51.png\"><img loading=\"lazy\" decoding=\"async\" class=\"aligncenter size-full wp-image-1429\" src=\"http:\/\/blog.causeur.fr\/bonnetdane\/files\/2016\/11\/Capture-d\u2019\u00e9cran-2016-11-09-\u00e0-11.15.51.png\" alt=\"\" width=\"702\" height=\"619\" srcset=\"https:\/\/blog.causeur.fr\/bonnetdane\/wp-content\/uploads\/sites\/25\/2016\/11\/Capture-d\u2019\u00e9cran-2016-11-09-\u00e0-11.15.51.png 702w, https:\/\/blog.causeur.fr\/bonnetdane\/wp-content\/uploads\/sites\/25\/2016\/11\/Capture-d\u2019\u00e9cran-2016-11-09-\u00e0-11.15.51-300x264.png 300w, https:\/\/blog.causeur.fr\/bonnetdane\/wp-content\/uploads\/sites\/25\/2016\/11\/Capture-d\u2019\u00e9cran-2016-11-09-\u00e0-11.15.51-340x300.png 340w\" sizes=\"auto, (max-width: 702px) 100vw, 702px\" \/><\/a>Les visages d\u00e9faits, d\u00e9sol\u00e9s, d\u00e9vast\u00e9s, du QG de campagne d\u2019Hillary Clinton me rappellent terriblement les t\u00eates d\u00e9plorables des supporters de Jospin en 2002. Comment ! Le peuple a vot\u00e9 contre nous ? Comment est-ce possible ?<br \/>\nMais le peuple t\u2019emmerde, connard ! Le peuple souffre. Le peuple, qui tendait vers la classe moyenne, tu t\u2019es d\u00e9brouill\u00e9 pour qu\u2019il repasse dans le lumpen prol\u00e9tariat. Ah oui, Obama a cr\u00e9\u00e9 10 millions d\u2019emplois ? Pay\u00e9s combien, \u00e0 l\u2019heure ? L\u2019\u00e9cart de l\u2019\u00e2ge de d\u00e9c\u00e8s \u00eatre les plus pauvres et les plus riches, qui \u00e9tait de 5 ans en 2008, est aujourd\u2019hui de 15 ans \u2014 et j\u2019aimerais bien savoir ce qu\u2019il en est en France. Les plus riches ont tout fait pour que les pauvres meurent \u2014 mais les pauvres ne meurent pas assez vite, et m\u00eame, ils votent, avant de d\u00e9functer !<!--more--><br \/>\nDu coup, c\u2019est comme pour le Brexit : quand ces salauds votent contre nous, \u00e9lites auto-proclam\u00e9es que nous sommes, c\u2019est que la d\u00e9mocratie est le pire r\u00e9gime \u2014 retour \u00e0 l\u2019oligarchie ! Vive Washington ! Vive Bruxelles ! Les villes-monde doivent l\u2019emporter contre la p\u00e9riph\u00e9rie !<\/p>\n<div id=\"ligne\"><\/div>\n<p>Mais le peuple \u2014 ce peuple auquel Jospin en 2002 ne s\u2019est jamais adress\u00e9, le peuple que Hollande a trahi, ce peuple des sans-dents auquel les socialistes d\u2019aujourd\u2019hui ne disent mot \u2014 souffre horriblement. Parce qu\u2019il n\u2019esp\u00e8re m\u00eame plus \u00eatre moyen : il est invinciblement ramen\u00e9 vers le bas.<br \/>\nDans un article r\u00e9cent, l\u2019exquise Natacha Polony n\u2019\u00e9crivait-elle pas : \u00ab Les classes moyennes ont \u00e9t\u00e9 le pilier sur lequel s\u2019est b\u00e2tie puis consolid\u00e9e la d\u00e9mocratie. Elles ont soutenu un r\u00e9gime qui, en renouvelant ses \u00e9lites, leur offrait l\u2019espoir de voir leurs enfants vivre mieux qu\u2019elles. Tout au long du XX\u00e8me si\u00e8cle, elles ont donc choisi le capitalisme contre le communisme, signant une alliance de fait avec les classes dominantes. Tous les progr\u00e8s sociaux de l\u2019apr\u00e8s-guerre, la r\u00e9partition de la valeur ajout\u00e9e, la protection sociale, furent conquis sous la menac\u00e9 du communisme. \u00c0 partir du moment o\u00f9 celui-ci s\u2019est effondr\u00e9, les classes moyennes ne sont plus d\u2019aucune utilit\u00e9. Se remet en place le capitalisme dans sa forme brutale et pr\u00e9datrice. \u00bb Ciel ! Polony serait-elle de gauche ?<br \/>\nSans doute \u2014 mais il ne faut pas le dire, elle \u00e9crit dans <em>Le Figaro<\/em>.<br \/>\nEn fait, il en est de m\u00eame \u00e0 l\u2019\u00e9cole : ce que la politique scolaire de Chatel et de Vallaud-Belkacem a \u00e9limin\u00e9, ce sont les \u00e9l\u00e8ves moyens : on les a ramen\u00e9s au statut de cancres \u2014 et on a pr\u00e9serv\u00e9 des \u00e9lites minuscules, \u00ab\u00a0fils et filles de\u00a0\u00bb. Ah, le CNESCO peut s\u2019\u00e9mouvoir de l\u2019\u00e9cart grandissant entre les laiss\u00e9s-pour-compte et les dix pour cent d\u2019h\u00e9ritiers !<\/p>\n<p>Le peuple a vot\u00e9 aux Etats-Unis, il votera en France et je ne peux croire qu\u2019il vote encore pour les chevaux de retour qui se pr\u00e9sentent encore une fois pour sauver Bruxelles. \u00ab Un monde s\u2019effondre \u00bb, dit l\u2019ambassadeur de France \u00e0 Washington : il a raison, cet homme \u2014 c\u2019est son monde qui s\u2019effondre.<br \/>\nPas le n\u00f4tre.<br \/>\nAlors, bien s\u00fbr, je n\u2019arrive pas \u00e0 me f\u00e9liciter de l\u2019\u00e9lection de Trump \u2014 quoique je d\u00e9guste la d\u00e9faite de Clinton, dont le parti n&rsquo;a pas os\u00e9 d\u00e9signer Sanders. Mais un populiste d\u00e9glingu\u00e9 peut en amener bien d\u2019autres, et de plus raisonnables. Et de plus comp\u00e9tents. D\u00e9sormais, le peuple sait que c\u2019est possible \u2014 que l\u2019on peut renverser l\u2019establishment, et lui redonner la parole et l\u2019espoir.<br \/>\nEt on va le faire.<\/p>\n<p>Jean-Paul Brighelli<\/p>\n","protected":false},"excerpt":{"rendered":"<p>Les visages d\u00e9faits, d\u00e9sol\u00e9s, d\u00e9vast\u00e9s, du QG de campagne d\u2019Hillary Clinton me rappellent terriblement les t\u00eates d\u00e9plorables des supporters de Jospin en 2002. Comment ! Le peuple a vot\u00e9 contre nous ? Comment est-ce possible ? Mais le peuple t\u2019emmerde, connard ! Le peuple souffre. Le peuple, qui tendait vers la classe moyenne, tu t\u2019es [&hellip;]<\/p>\n","protected":false},"author":6,"featured_media":0,"comment_status":"open","ping_status":"open","sticky":false,"template":"","format":"standard","meta":{"footnotes":""},"categories":[1],"tags":[1088,1087,1086],"class_list":{"0":"post-1415","1":"post","2":"type-post","3":"status-publish","4":"format-standard","6":"category-non-classe","7":"tag-elites","8":"tag-populisme","9":"tag-trump"},"_links":{"self":[{"href":"https:\/\/blog.causeur.fr\/bonnetdane\/wp-json\/wp\/v2\/posts\/1415","targetHints":{"allow":["GET"]}}],"collection":[{"href":"https:\/\/blog.causeur.fr\/bonnetdane\/wp-json\/wp\/v2\/posts"}],"about":[{"href":"https:\/\/blog.causeur.fr\/bonnetdane\/wp-json\/wp\/v2\/types\/post"}],"author":[{"embeddable":true,"href":"https:\/\/blog.causeur.fr\/bonnetdane\/wp-json\/wp\/v2\/users\/6"}],"replies":[{"embeddable":true,"href":"https:\/\/blog.causeur.fr\/bonnetdane\/wp-json\/wp\/v2\/comments?post=1415"}],"version-history":[{"count":0,"href":"https:\/\/blog.causeur.fr\/bonnetdane\/wp-json\/wp\/v2\/posts\/1415\/revisions"}],"wp:attachment":[{"href":"https:\/\/blog.causeur.fr\/bonnetdane\/wp-json\/wp\/v2\/media?parent=1415"}],"wp:term":[{"taxonomy":"category","embeddable":true,"href":"https:\/\/blog.causeur.fr\/bonnetdane\/wp-json\/wp\/v2\/categories?post=1415"},{"taxonomy":"post_tag","embeddable":true,"href":"https:\/\/blog.causeur.fr\/bonnetdane\/wp-json\/wp\/v2\/tags?post=1415"}],"curies":[{"name":"wp","href":"https:\/\/api.w.org\/{rel}","templated":true}]}}