{"id":1430,"date":"2016-11-16T07:21:04","date_gmt":"2016-11-16T05:21:04","guid":{"rendered":"http:\/\/blog.causeur.fr\/bonnetdane\/?p=1430"},"modified":"2021-04-22T18:49:19","modified_gmt":"2021-04-22T16:49:19","slug":"primaires","status":"publish","type":"post","link":"https:\/\/blog.causeur.fr\/bonnetdane\/primaires-1430","title":{"rendered":"Primaire(s)"},"content":{"rendered":"<p>Cette histoire de primaires, \u00e0 droite et \u00e0 gauche, a quelque chose de bizarre (vous avez dit bizarre ?\u2026)<br \/>\nVous imaginez De Gaulle (ou Mitterrand) passer par des \u00ab primaires \u00bb qui les auraient mis au niveau de Jean Lecanuet pour l\u2019un, de Gaston Defferre pour l\u2019autre ? Pff\u2026<br \/>\nD\u2019autant que l\u2019identit\u00e9 des votants pose \u00e9galement probl\u00e8me.<br \/>\n\u00c0 droite, il vous suffira de jurer, croix de bois, croix de fer, croix de Lorraine, que vous partagez les valeurs des \u00ab R\u00e9publicains \u00bb. Au PS, on ne sait pas, mais quel moyen de d\u00e9partager les lib\u00e9raux de droite et les lib\u00e9raux de gauche ?<br \/>\nAlors, les uns et les autres battent le rappel des adversaires. Ainsi, le PS va, para\u00eet-il, voter \u00e0 droite pour \u2014 pour qui, d\u2019ailleurs ? S\u2019ils veulent que leur candidat, quel qu\u2019il soit, ait une quelconque chance, ils ne peuvent pas aller voter pour Jupp\u00e9, qui les laminera au nom de la social-d\u00e9mocratie.<!--more--><br \/>\nLe PS irait-il jusqu\u2019\u00e0 voter pour Sarkozy ? Hmm\u2026<br \/>\nEt les amis de Marine, hein, pour qui voteront-ils, s\u2019ils vont voter ? <\/p>\n<div id=\"ligne\"><\/div>\n<p>Franchement, ils auraient tort de s\u2019abstenir. Si Jupp\u00e9 passe, leur favorite sera battue, parce que le centre n\u2019h\u00e9sitera pas, et le PS non plus. Jupp\u00e9, europ\u00e9ano-centr\u00e9, est compatible avec toutes les horreurs que l\u2019on a vues depuis cinq ans. Et Bayrou l\u2019appuiera, dans l\u2019esp\u00e9rance de reconstituer le centre en lui arrachant la promesse d\u2019une centaine de circonscriptions \u00ab prenables \u00bb.<br \/>\nHeu\u2026 Prenables \u00e0 qui, sinon au PS ? H\u00e9, les socialo-bobos, vous allez vraiment voter pour Jupp\u00e9, aux primaires ? Il y a des masos qui se perdent.<br \/>\nEn fait, les frontistes et assimil\u00e9s (30% de la population, quand m\u00eame) devraient voter massivement pour Sarkozy chez les R\u00e9publicains, et pour Hollande chez les autres.<br \/>\nSi c\u2019est Sarkozy qui repr\u00e9sente la droite \u00ab classique \u00bb (enfin, la droite institutionnelle), nombre d\u2019\u00e9lecteurs \u00ab de gauche \u00bb n\u2019iront pas au second tour, dans l\u2019hypoth\u00e8se o\u00f9 il y serait.<br \/>\nMais il n\u2019y sera pas : Bayrou, candidat d\u00e9clar\u00e9 dans ce cas, lui piquera 12 ou 13% des voix n\u00e9cessaires pour \u00eatre l\u00e0.<br \/>\nRestera un face-\u00e0-face fascinant, Marine Le Pen contre Fran\u00e7ois Hollande (ou Montebourg). Quant \u00e0 M\u00e9lenchon, ses copains du PC s\u2019occupent activement \u00e0 lui savonner la planche de fa\u00e7on \u00e0 conserver trois postes de d\u00e9put\u00e9s par ci par l\u00e0. Grand bien leur fasse. L\u2019ex \u00ab parti des fusill\u00e9s \u00bb se tire une balle.<br \/>\nSarkozy est d\u00e9test\u00e9. \u00c0 la rigueur, on peut remonter la haine, comme on remonte un col.<br \/>\nHollande est m\u00e9pris\u00e9 : et \u00e7a, \u00e7a ne se remonte pas \u2014 c\u2019est une interminable descente.<br \/>\nDans un duel Hollande \/ Le Pen, bien malin qui dira pour qui voteront les \u00e9lecteurs de droite, ceux qui avaient vot\u00e9 pour Sarko, aujourd\u2019hui bien plus \u00e0 droite que Marine. Enfin, pas si malin que \u00e7a : c\u2019est \u00e9vident.<br \/>\nDans un duel Sarkozy \/ Le Pen, bien malin, etc. \u2014 mais non : les \u00e9lecteurs de gauche iront \u00e0 la p\u00eache. Et les 30% du premier tour feront 51% des votants au second.<\/p>\n<p>C\u2019est l\u00e0 que la social-d\u00e9mocratie sort Macron de son sac \u00e0 malices \u2014 et de son portefeuille. Il est socialo-compatible (heu\u2026 pas avec G\u00e9rard Filoche, mais il n\u2019y a plus que Filoche qui soit de gauche, rue de Solf\u00e9rino), il est centro-centr\u00e9, europ\u00e9ano-flexible, souriant comme un second Lecanuet qui se voulait un second Kennedy, rappelez-vous. Si j\u2019\u00e9tais ambitieux, je me rapprocherais de Macron \u2014 d\u2019autant qu\u2019il n\u2019a aucun programme Education, pour le moment. \u00c0 moins que son \u00e9pouse ne lui souffle les bons choix.<br \/>\nIl a annonc\u00e9 officiellement sa candidature mercredi : je prends les paris qu\u2019il se pr\u00e9sentera directement, sans passer par la case \u00ab primaires \u00bb. Il a manifestement les ressources financi\u00e8res (d\u2019o\u00f9 lui viennent-elles ? Poser la question, c\u2019est y r\u00e9pondre : il est le candidat des banques qui l\u2019ont nourri, des patrons qui lui ont souri) pour faire une campagne autonome.<br \/>\nMais je ne suis pas ambitieux \u2014 pas \u00e0 ce point. Je vais voter Dupont-Aignan, sans \u00e9tats d\u2019\u00e2me, et puis on verra bien : ce sera un plaisir d\u2019observer cette apocalypse molle.<br \/>\nParce qu\u2019apr\u00e8s les pr\u00e9sidentielles, il y aura le troisi\u00e8me tour, aux l\u00e9gislatives ; et peut-\u00eatre bien un quatri\u00e8me, dans la rue.<br \/>\nOn n\u2019a pas fini de rire.<\/p>\n<p>Jean-Paul Brighelli<\/p>\n","protected":false},"excerpt":{"rendered":"<p>Cette histoire de primaires, \u00e0 droite et \u00e0 gauche, a quelque chose de bizarre (vous avez dit bizarre ?\u2026) Vous imaginez De Gaulle (ou Mitterrand) passer par des \u00ab primaires \u00bb qui les auraient mis au niveau de Jean Lecanuet pour l\u2019un, de Gaston Defferre pour l\u2019autre ? Pff\u2026 D\u2019autant que l\u2019identit\u00e9 des votants pose [&hellip;]<\/p>\n","protected":false},"author":6,"featured_media":0,"comment_status":"open","ping_status":"open","sticky":false,"template":"","format":"standard","meta":{"footnotes":""},"categories":[1],"tags":[1093,1092,252,1094,1090,124,216],"class_list":{"0":"post-1430","1":"post","2":"type-post","3":"status-publish","4":"format-standard","6":"category-non-classe","7":"tag-juppe","8":"tag-macron","9":"tag-marine-le-pen","10":"tag-nicolas-dupont-aignan","11":"tag-primaires","12":"tag-ps","13":"tag-sarkozy"},"_links":{"self":[{"href":"https:\/\/blog.causeur.fr\/bonnetdane\/wp-json\/wp\/v2\/posts\/1430","targetHints":{"allow":["GET"]}}],"collection":[{"href":"https:\/\/blog.causeur.fr\/bonnetdane\/wp-json\/wp\/v2\/posts"}],"about":[{"href":"https:\/\/blog.causeur.fr\/bonnetdane\/wp-json\/wp\/v2\/types\/post"}],"author":[{"embeddable":true,"href":"https:\/\/blog.causeur.fr\/bonnetdane\/wp-json\/wp\/v2\/users\/6"}],"replies":[{"embeddable":true,"href":"https:\/\/blog.causeur.fr\/bonnetdane\/wp-json\/wp\/v2\/comments?post=1430"}],"version-history":[{"count":0,"href":"https:\/\/blog.causeur.fr\/bonnetdane\/wp-json\/wp\/v2\/posts\/1430\/revisions"}],"wp:attachment":[{"href":"https:\/\/blog.causeur.fr\/bonnetdane\/wp-json\/wp\/v2\/media?parent=1430"}],"wp:term":[{"taxonomy":"category","embeddable":true,"href":"https:\/\/blog.causeur.fr\/bonnetdane\/wp-json\/wp\/v2\/categories?post=1430"},{"taxonomy":"post_tag","embeddable":true,"href":"https:\/\/blog.causeur.fr\/bonnetdane\/wp-json\/wp\/v2\/tags?post=1430"}],"curies":[{"name":"wp","href":"https:\/\/api.w.org\/{rel}","templated":true}]}}