{"id":1434,"date":"2016-11-23T13:47:43","date_gmt":"2016-11-23T11:47:43","guid":{"rendered":"http:\/\/blog.causeur.fr\/bonnetdane\/?p=1434"},"modified":"2021-04-22T18:49:19","modified_gmt":"2021-04-22T16:49:19","slug":"alain-juppe-candidat-unique-de-la-gauche","status":"publish","type":"post","link":"https:\/\/blog.causeur.fr\/bonnetdane\/alain-juppe-candidat-unique-de-la-gauche-1434","title":{"rendered":"Alain Jupp\u00e9, candidat unique de la Gauche"},"content":{"rendered":"<p><a href=\"http:\/\/blog.causeur.fr\/bonnetdane\/files\/2016\/11\/f42ce7a812e8b802b360405a27544.jpg\"><img loading=\"lazy\" decoding=\"async\" class=\"aligncenter size-full wp-image-1437\" src=\"http:\/\/blog.causeur.fr\/bonnetdane\/files\/2016\/11\/f42ce7a812e8b802b360405a27544.jpg\" alt=\"\" width=\"876\" height=\"600\" srcset=\"https:\/\/blog.causeur.fr\/bonnetdane\/wp-content\/uploads\/sites\/25\/2016\/11\/f42ce7a812e8b802b360405a27544.jpg 876w, https:\/\/blog.causeur.fr\/bonnetdane\/wp-content\/uploads\/sites\/25\/2016\/11\/f42ce7a812e8b802b360405a27544-300x205.jpg 300w, https:\/\/blog.causeur.fr\/bonnetdane\/wp-content\/uploads\/sites\/25\/2016\/11\/f42ce7a812e8b802b360405a27544-438x300.jpg 438w\" sizes=\"auto, (max-width: 876px) 100vw, 876px\" \/><\/a>La Gauche s\u2019est enfin trouv\u00e9 un candidat, et il s\u2019appelle Alain Jupp\u00e9. Le maire de Bordeaux, fort du soutien du centre-mou, pense encore \u00eatre un recours face \u00e0 Fran\u00e7ois Fillon \u2014 un recours pour la Gauche principalement.<br \/>\nC\u2019est qu\u2019ils sont en passe d\u2019\u00eatre orphelins, rue de Solf\u00e9rino et alentours. Macron est ailleurs, Hollande dans les choux, Hamon improbable, et mon ami Filoche pr\u00e9sente le d\u00e9sagr\u00e9able inconv\u00e9nient d\u2019\u00eatre de gauche. M\u00e9lenchon \u2014 n\u2019en parlons pas, d\u2019ailleurs, il n\u2019a m\u00eame pas l\u2019appui des alli\u00e9s communistes. Reste Jupp\u00e9.<br \/>\nLe pr\u00e9texte selon lequel le candidat d\u2019une droite lib\u00e9ralo-europ\u00e9ano-atlantiste serait le meilleur rempart contre le retour du Petit Nicolas \u2014 c&rsquo;est fait \u2014 et l\u2019arriv\u00e9e de Marine Le Pen est \u00e9vent\u00e9 : le meilleur rempart, camarades, c\u2019e\u00fbt \u00e9t\u00e9 une politique intelligente pendant cinq ans, une politique qui parl\u00e2t au peuple et pas uniquement aux \u00ab \u00e9lites \u00bb auto-proclam\u00e9es que vous croyez \u00eatre : quand je vois ce que le PS appelle \u00e9lites dans la capitale, je comprends qu\u2019il adh\u00e8re au discours anti-\u00e9litaire de Najat Vallaud-Belkacem.<\/p>\n<div id=\"ligne\"><\/div>\n<p>Fillon fait donc peur \u2014 \u00e0 qui ? Apparemment, aux groupes LGBT, d\u2019apr\u00e8s <em>Lib\u00e9<\/em>, qui <a href=\"http:\/\/www.liberation.fr\/france\/2016\/11\/21\/la-france-selon-fillon_1530007\">a mobilis\u00e9 toute sa r\u00e9daction<\/a> pour \u00e9pingler le papillon de la Sarthe. \u00ab Hobereau \u00bb \u2014 le mot \u00e9voque je ne sais quelles jacqueries m\u00e9di\u00e9vales, et convoque le souvenir des cahiers de dol\u00e9ances \u2014 mais stigmatise surtout les racines provinciales de Fillon, contre la mainmise sur les m\u00e9dias des \u00ab \u00e9lites \u00bb parisiennes. Jupp\u00e9 sera donc pl\u00e9biscit\u00e9 par tous les soutiens de Christiane Taubira. C\u2019est quelque chose \u2014 s\u00fbr que \u00e7a va lui attirer l\u2019appui des \u00e9lecteurs de droite\u2026<br \/>\nSinon, Fillon a plut\u00f4t tendance \u00e0 se r\u00e9clamer de la politique \u00e9trang\u00e8re \u00e9quilibr\u00e9e de De Gaulle, qui entre deux blocs pr\u00e9f\u00e9rait opter pour la France, et Jupp\u00e9 va vraiment, lui, dans le m\u00eame sens que Sarkozy \u2014 \u00e0 l\u2019ouest toute ! Ma foi, un peu de gaullisme, de souverainisme, d\u2019ind\u00e9pendance, ne nous ferait pas si mal. Voir ce qu&rsquo;en dit Nicolas Dupont-Aignan.<br \/>\nQuant \u00e0 l\u2019\u00e9cole\u2026 Jupp\u00e9 n\u2019a condamn\u00e9 que du bout des l\u00e8vres les r\u00e9formes de Vallaud-Blekacem. En avril dernier, dans <em>Mediapart<\/em>, <a href=\"https:\/\/blogs.mediapart.fr\/claude-lelievre\/blog\/120416\/le-snalc-sarkozy-et-juppe\">Claude Leli\u00e8vre notait<\/a> que Jupp\u00e9 n\u2019\u00e9tait pas partisan d\u2019une rupture \u2014 et <a href=\"http:\/\/www.lepoint.fr\/invites-du-point\/jean-paul-brighelli\/brighelli-juppe-de-l-eau-tiede-pour-sauver-l-ecole-27-08-2015-1959681_1886.php\">en analysant en novembre 2015<\/a> le livre qu\u2019il venait de consacrer \u00e0 l\u2019\u00e9cole, j\u2019avais constat\u00e9 le m\u00eame conservatisme : apr\u00e8s tout, Vallaud-Belkacem a fait le sale boulot d\u2019une droite bruxelloise persuad\u00e9e que l\u2019\u00e9cole des \u00ab comp\u00e9tences \u00bb et la strat\u00e9gie finlandaise sont des mod\u00e8les ind\u00e9passables. Et <a href=\"http:\/\/www.lci.fr\/elections\/najat-vallaud-belkacem-souhaite-un-nouveau-quinquennat-de-francois-hollande-2012427.html\">elle souhaite en reprendre pour cinq ans<\/a> \u2014 avec Hollande, dit-elle. Ou avec Jupp\u00e9 pr\u00e9sident ? De toute fa\u00e7on, ce sera blanc bonnet, bonnet blanc.<br \/>\nOn reproche donc \u00e0 Fillon de vouloir restaurer le \u00ab r\u00e9cit national \u00bb\u2026 Mais que croyez-vous que fassent les bons profs d\u2019Histoire, sinon raconter avec enthousiasme tel ou tel \u00e9v\u00e9nement, tel ou tel encha\u00eenement ? Face \u00e0 l\u2019Histoire du <em>r\u00e9cit<\/em> national (et non du \u00ab\u00a0roman\u00a0\u00bb), il y a les partisans de Michel Lussault, charg\u00e9 de la coordination des programmes Najat, dispos\u00e9 \u00e0 supprimer l\u2019Humanisme et les Lumi\u00e8res. Le choix n\u2019est pas entre le \u00ab roman \u00bb de Jeanne Hachette, du Grand Ferr\u00e9 et du petit Bara \u2014 \u00e7a, c\u2019est de la fiction \u2014 et l\u2019Histoire emp\u00eatr\u00e9e dans la culpabilit\u00e9 de ceux qui voudraient faire de la France le champ clos du sanglot de l\u2019homme blanc \u2014 \u00e7a, c\u2019est de l\u2019id\u00e9ologie. Il est entre ceux qu\u2019enchante le destin de la France, et ceux qui soutiennent les indig\u00e8nes de la r\u00e9publique. Comment s\u2019\u00e9tonner d\u00e8s lors que via Tareq Oubrou Alain Jupp\u00e9 flirte avec l\u2019Union des Organisations Islamiques de France ? Houellebecq n\u2019avait pas pens\u00e9 que la \u00ab soumission \u00bb passerait par un notable de province qui n\u2019est m\u00eame pas musulman\u2026<br \/>\nEn face, qu\u2019avons-nous ? Plus d\u2019autonomie, clame Fillon. C\u2019est la chanson de tout le monde. Encore faudrait-il s\u2019entendre.<br \/>\nJe vais faire une suggestion gratuite \u00e0 Fillon, que je ne connais pas pour le moment : tout jacobin que je sois, je ne suis pas contre l\u2019autonomie pleine et enti\u00e8re des coll\u00e8ges et lyc\u00e9es (y compris la capacit\u00e9 \u00e0 recruter eux-m\u00eames des enseignants sur des \u00ab postes \u00e0 profil \u00bb, pourvu que l\u2019Inspection contr\u00f4le tout de m\u00eame la valeur disciplinaire des postulants \u2014 c&rsquo;est d\u00e9j\u00e0 le cas \u00e7\u00e0 et l\u00e0), pourvu qu\u2019elle passe par un projet d\u2019\u00e9tablissement valid\u00e9 par une commission nationale. Un projet qui mettrait en avant la transmission des savoirs, l\u2019apprentissage forcen\u00e9 de la langue, la ma\u00eetrise des sciences et l\u2019\u00e9tude s\u00e9rieuse de l\u2019Histoire et de la G\u00e9ographie : apr\u00e8s, le reste est \u00e0 moduler, en fonction des r\u00e9alit\u00e9s locales. Moins d\u2019\u00e9l\u00e8ves par classe l\u00e0 o\u00f9 les difficult\u00e9s sont plus grandes, des rem\u00e9diations par mati\u00e8re dans le cadre d\u2019un <a href=\"https:\/\/www.snalc.fr\/national\/article\/402\/\">coll\u00e8ge modulaire, comme dit le SNALC<\/a>, qui mettrait \u00e0 mort en douceur le coll\u00e8ge unique, une la\u00efcit\u00e9 vraie apprise non par le cat\u00e9chisme du \u00ab vivre ensemble \u00bb cher \u00e0 Jean-Louis Bianco, mais par l\u2019acquisition des savoirs, des savoirs, des savoirs ! Nul n\u2019a jamais \u00ab appris \u00bb la la\u00efcit\u00e9 \u00e0 Condorcet \u2014 il l\u2019avait suc\u00e9e en lisant Voltaire, Diderot et Rousseau. C\u2019est d\u2019ailleurs pour cela que les p\u00e9dagos, les jupp\u00e9istes, les socialistes et tous les ventres mous ne raffolent pas des Lumi\u00e8res, et sont tout pr\u00eats \u00e0 faire l\u2019impasse sur la derni\u00e8re p\u00e9riode d\u2019intelligence fran\u00e7aise dominante.<br \/>\nJ\u2019ai vot\u00e9 Fillon dimanche dernier, parce que Jupp\u00e9 est le candidat de ceux qui veulent que tout change pour que rien ne change. L\u2019id\u00e9e que l\u2019on prendrait les m\u00eames, rue de Grenelle, pour recommencer les m\u00eames aberrations me donne des boutons. Fillon y a \u00e9t\u00e9 ministre, il s\u2019y est fait embobiner par les p\u00e9dagos qui avaient envahi la techno-structure, on ne l\u2019y reprendra plus. Ma foi, pour le moment, \u00e7a me suffit.<\/p>\n<p>Jean-Paul Brighelli<\/p>\n","protected":false},"excerpt":{"rendered":"<p>La Gauche s\u2019est enfin trouv\u00e9 un candidat, et il s\u2019appelle Alain Jupp\u00e9. Le maire de Bordeaux, fort du soutien du centre-mou, pense encore \u00eatre un recours face \u00e0 Fran\u00e7ois Fillon \u2014 un recours pour la Gauche principalement. C\u2019est qu\u2019ils sont en passe d\u2019\u00eatre orphelins, rue de Solf\u00e9rino et alentours. Macron est ailleurs, Hollande dans les [&hellip;]<\/p>\n","protected":false},"author":6,"featured_media":0,"comment_status":"open","ping_status":"open","sticky":false,"template":"","format":"standard","meta":{"footnotes":""},"categories":[1],"tags":[17,1095,1093,1096,306],"class_list":{"0":"post-1434","1":"post","2":"type-post","3":"status-publish","4":"format-standard","6":"category-non-classe","7":"tag-ecole","8":"tag-fillon","9":"tag-juppe","10":"tag-second-tour-de-la-primaire","11":"tag-vallaud-belkacem"},"_links":{"self":[{"href":"https:\/\/blog.causeur.fr\/bonnetdane\/wp-json\/wp\/v2\/posts\/1434","targetHints":{"allow":["GET"]}}],"collection":[{"href":"https:\/\/blog.causeur.fr\/bonnetdane\/wp-json\/wp\/v2\/posts"}],"about":[{"href":"https:\/\/blog.causeur.fr\/bonnetdane\/wp-json\/wp\/v2\/types\/post"}],"author":[{"embeddable":true,"href":"https:\/\/blog.causeur.fr\/bonnetdane\/wp-json\/wp\/v2\/users\/6"}],"replies":[{"embeddable":true,"href":"https:\/\/blog.causeur.fr\/bonnetdane\/wp-json\/wp\/v2\/comments?post=1434"}],"version-history":[{"count":0,"href":"https:\/\/blog.causeur.fr\/bonnetdane\/wp-json\/wp\/v2\/posts\/1434\/revisions"}],"wp:attachment":[{"href":"https:\/\/blog.causeur.fr\/bonnetdane\/wp-json\/wp\/v2\/media?parent=1434"}],"wp:term":[{"taxonomy":"category","embeddable":true,"href":"https:\/\/blog.causeur.fr\/bonnetdane\/wp-json\/wp\/v2\/categories?post=1434"},{"taxonomy":"post_tag","embeddable":true,"href":"https:\/\/blog.causeur.fr\/bonnetdane\/wp-json\/wp\/v2\/tags?post=1434"}],"curies":[{"name":"wp","href":"https:\/\/api.w.org\/{rel}","templated":true}]}}