{"id":1440,"date":"2016-12-02T03:45:12","date_gmt":"2016-12-02T01:45:12","guid":{"rendered":"http:\/\/blog.causeur.fr\/bonnetdane\/?p=1440"},"modified":"2021-04-22T18:49:19","modified_gmt":"2021-04-22T16:49:19","slug":"la-tragedie-la-farce-et-francois-hollande","status":"publish","type":"post","link":"https:\/\/blog.causeur.fr\/bonnetdane\/la-tragedie-la-farce-et-francois-hollande-1440","title":{"rendered":"La trag\u00e9die, la farce, et Fran\u00e7ois Hollande"},"content":{"rendered":"<p>On se souvient de l\u2019attaque du <em>18 Brumaire de Louis-Napol\u00e9on Bonaparte<\/em> : \u00ab Hegel fait quelque part cette remarque que tous les grands \u00e9v\u00e9nements et personnages historiques se r\u00e9p\u00e8tent pour ainsi dire deux fois. Il a oubli\u00e9 d\u2019ajouter : la premi\u00e8re fois comme trag\u00e9die, la seconde fois comme farce. \u00bb<br \/>\nEt de citer l\u2019oncle (Napol\u00e9on Ier) et le neveu \u2014 Napol\u00e9on III, qui venait de s\u2019offrir son petit coup d\u2019Etat. C\u2019\u00e9tait d\u00e9j\u00e0 un 2 d\u00e9cembre, comme le couronnement de l\u2019empereur, comme la bataille d\u2019Austerlitz peinte par G\u00e9rard\u2026<a href=\"http:\/\/blog.causeur.fr\/bonnetdane\/files\/2016\/12\/vers25_gerard_001f.jpg\"><img loading=\"lazy\" decoding=\"async\" class=\"aligncenter size-large wp-image-1452\" src=\"http:\/\/blog.causeur.fr\/bonnetdane\/files\/2016\/12\/vers25_gerard_001f-1024x509.jpg\" alt=\"\" width=\"584\" height=\"290\" srcset=\"https:\/\/blog.causeur.fr\/bonnetdane\/wp-content\/uploads\/sites\/25\/2016\/12\/vers25_gerard_001f-1024x509.jpg 1024w, https:\/\/blog.causeur.fr\/bonnetdane\/wp-content\/uploads\/sites\/25\/2016\/12\/vers25_gerard_001f-300x149.jpg 300w, https:\/\/blog.causeur.fr\/bonnetdane\/wp-content\/uploads\/sites\/25\/2016\/12\/vers25_gerard_001f-500x248.jpg 500w, https:\/\/blog.causeur.fr\/bonnetdane\/wp-content\/uploads\/sites\/25\/2016\/12\/vers25_gerard_001f.jpg 1396w\" sizes=\"auto, (max-width: 584px) 100vw, 584px\" \/><\/a><!--more-->Compl\u00e9tons : Marx a oubli\u00e9 d\u2019ajouter que lorsque la farce se r\u00e9p\u00e8te, on entre dans un champ esth\u00e9tique in\u00e9dit, qui tient moins du vaudeville (Valls sort du placard en riant, Hollande pleure, me sugg\u00e8re une habile commentatrice) que de la pantomime. La trag\u00e9die, la farce, le grotesque. On a eu De Gaulle, puis Sarkozy \u2014 on a Hollande. La caricature de la caricature.<\/p>\n<p>Ou plut\u00f4t, on ne l\u2019a plus. Guignol, sit\u00f4t paru, est renvoy\u00e9 dans les abysses de la baraque de foire. Pantalonnade, aurait dit l&rsquo;illustre acteur de la commedia dell&rsquo;arte qui donna son nom \u00e0 la lign\u00e9e des Brighelli.<\/p>\n<p>Question style, l\u2019\u00e9cart n\u2019est pas moindre. Que dit l\u2019Empereur au soir de la bataille du 2 d\u00e9cembre 1805 ? \u00ab Soldats, lorsque le peuple fran\u00e7ais pla\u00e7a sur ma t\u00eate la couronne imp\u00e9riale, je me confiai \u00e0 vous pour la maintenir toujours dans ce haut \u00e9clat de la gloire qui seul pouvait lui donner du prix \u00e0 mes yeux. Mais dans le m\u00eame moment, nos ennemis pensaient \u00e0 la d\u00e9truire et \u00e0 l&rsquo;avilir ! Et cette couronne de fer, conquise par le sang de tant de Fran\u00e7ais, ils voulaient m&rsquo;obliger \u00e0 la placer sur la t\u00eate de nos plus cruels ennemis ! Projets t\u00e9m\u00e9raires et insens\u00e9s que, le jour m\u00eame de l&rsquo;anniversaire du couronnement de votre Empereur, vous avez an\u00e9antis et confondus ! Vous leur avez appris qu&rsquo;il est plus facile de nous braver et de nous menacer que de nous vaincre.<br \/>\n\u00ab Soldats, lorsque tout ce qui est n\u00e9cessaire pour assurer le bonheur et la prosp\u00e9rit\u00e9 de notre patrie sera accompli, je vous ram\u00e8nerai en France ; l\u00e0 vous serez l&rsquo;objet de mes plus tendres sollicitudes. Mon peuple vous reverra avec joie, et il vous suffira de dire \u00ab J&rsquo;\u00e9tais \u00e0 la bataille d&rsquo;Austerlitz \u00bb, pour que l&rsquo;on r\u00e9ponde, \u00ab Voil\u00e0 un brave \u00bb. \u00bb<\/p>\n<div id=\"ligne\"><\/div>\n<p>Et l\u2019Autre, l\u00e0, qu\u2019a-t-il dit ? \u00ab J\u2019ai d\u00e9cid\u00e9 de ne pas \u00eatre candidat \u00e0 l\u2019\u00e9lection pr\u00e9sidentielle \u00bb. Voil\u00e0. Le style se juge sur pi\u00e8ces.<\/p>\n<p>Mais tu n\u2019as rien d\u00e9cid\u00e9 du tout, esp\u00e8ce de pr\u00e9sident normal ! Les \u00e9v\u00e9nements ont d\u00e9cid\u00e9 pour toi. Ce n\u2019est m\u00eame pas une d\u00e9faite, c\u2019est la parodie d\u2019une d\u00e9faite \u2014 une d\u00e9faite sans adversaire r\u00e9el, une d\u00e9faite auto-inflig\u00e9e. Ton abdication est \u00e0 la gloire ce que la masturbation est \u00e0 l\u2019amour.<br \/>\nEt tant qu\u2019\u00e0 faire, tu entra\u00eenes une arm\u00e9e enti\u00e8re dans l\u2019ab\u00eeme. \u00ab Le parti socialiste entra dans la fournaise ! \u00bb Apr\u00e8s Austerlitz, Waterloo, puis Sedan.<a href=\"http:\/\/blog.causeur.fr\/bonnetdane\/files\/2016\/12\/382087.jpg\"><img loading=\"lazy\" decoding=\"async\" class=\"aligncenter size-full wp-image-1453\" src=\"http:\/\/blog.causeur.fr\/bonnetdane\/files\/2016\/12\/382087.jpg\" alt=\"\" width=\"1000\" height=\"639\" srcset=\"https:\/\/blog.causeur.fr\/bonnetdane\/wp-content\/uploads\/sites\/25\/2016\/12\/382087.jpg 1000w, https:\/\/blog.causeur.fr\/bonnetdane\/wp-content\/uploads\/sites\/25\/2016\/12\/382087-300x191.jpg 300w, https:\/\/blog.causeur.fr\/bonnetdane\/wp-content\/uploads\/sites\/25\/2016\/12\/382087-469x300.jpg 469w\" sizes=\"auto, (max-width: 1000px) 100vw, 1000px\" \/><\/a>Et finalement l\u2019Elys\u00e9e, en cette soir\u00e9e du 1er d\u00e9cembre 2016. Rue de Solf\u00e9rino, ils n\u2019ont plus que leurs yeux pour pleurer. Valls \u2014 ah, Valls\u2026 Us\u00e9 jusqu\u2019\u00e0 la corde, entra\u00een\u00e9 par son ma\u00eetre dans la faillite du parti, la faillite de la gauche, la faillite de l\u2019Etat.<br \/>\nJ\u2019ai une pens\u00e9e presque \u00e9mue pour les cocus de 2012, ceux qui ont cru que son ennemi, c\u2019\u00e9tait la finance, ceux qui n\u2019ont pas compris que le lib\u00e9ralisme venait de faire \u00e9lire un pantin pitoyable \u2014 parce que l&rsquo;\u00e9lection d&rsquo;un <em>moindre<\/em> devait plaire \u00e0 ceux qui militent pour le moins d&rsquo;Etat. Et sans doute ne m\u00e9ritons-nous pas mieux. Je pense \u00e0 ceux de mes coll\u00e8gues qui ont vraiment cru, eux aussi, que c\u2019en \u00e9tait fini du d\u00e9mant\u00e8lement de l\u2019\u00e9cole op\u00e9r\u00e9 sous Chatel \u2014 et qui ont vu d\u00e9bouler la \u00ab refondation \u00bb avec ses rythmes scolaires, la d\u00e9gradation de leur statut, l\u2019\u00e9litisme devenu un gros mot, les plus humbles foul\u00e9s aux pieds, et Najat reine des d\u00e9combres !<a href=\"http:\/\/blog.causeur.fr\/bonnetdane\/files\/2016\/12\/FRAN\u00c7OIS-HOLLANDE.jpg\"><img loading=\"lazy\" decoding=\"async\" class=\"aligncenter size-full wp-image-1454\" src=\"http:\/\/blog.causeur.fr\/bonnetdane\/files\/2016\/12\/FRAN\u00c7OIS-HOLLANDE.jpg\" alt=\"\" width=\"714\" height=\"476\" srcset=\"https:\/\/blog.causeur.fr\/bonnetdane\/wp-content\/uploads\/sites\/25\/2016\/12\/FRAN\u00c7OIS-HOLLANDE.jpg 714w, https:\/\/blog.causeur.fr\/bonnetdane\/wp-content\/uploads\/sites\/25\/2016\/12\/FRAN\u00c7OIS-HOLLANDE-300x200.jpg 300w, https:\/\/blog.causeur.fr\/bonnetdane\/wp-content\/uploads\/sites\/25\/2016\/12\/FRAN\u00c7OIS-HOLLANDE-450x300.jpg 450w\" sizes=\"auto, (max-width: 714px) 100vw, 714px\" \/><\/a>Alors oui, au revoir et adieu. Cette fin d\u2019ann\u00e9e voit dispara\u00eetre les faux poids \u2014 Sarkozy, Jupp\u00e9, Hollande. Reste \u00e0 d\u00e9nicher de vraies pointures, soit un homme capable de nouer tout seuls les lacet des godillots du G\u00e9n\u00e9ral, soit \u2014 pour rester dans la parit\u00e9 \u2014 une femme capable d\u2019enfiler les escarpins de la Grande Catherine.<br \/>\nQuitte \u00e0 renouer avec la trag\u00e9die \u2014 parce qu\u2019apr\u00e8s la farce de la farce, jusqu\u2019o\u00f9 descendrions-nous si nous \u00e9lisions encore un pantin ?<\/p>\n<p>Jean-Paul Brighelli<\/p>\n","protected":false},"excerpt":{"rendered":"<p>On se souvient de l\u2019attaque du 18 Brumaire de Louis-Napol\u00e9on Bonaparte : \u00ab Hegel fait quelque part cette remarque que tous les grands \u00e9v\u00e9nements et personnages historiques se r\u00e9p\u00e8tent pour ainsi dire deux fois. Il a oubli\u00e9 d\u2019ajouter : la premi\u00e8re fois comme trag\u00e9die, la seconde fois comme farce. \u00bb Et de citer l\u2019oncle (Napol\u00e9on [&hellip;]<\/p>\n","protected":false},"author":6,"featured_media":0,"comment_status":"open","ping_status":"open","sticky":false,"template":"","format":"standard","meta":{"footnotes":""},"categories":[1],"tags":[1106,1107,1109,145,1105,1108,1069,1110],"class_list":{"0":"post-1440","1":"post","2":"type-post","3":"status-publish","4":"format-standard","6":"category-non-classe","7":"tag-2-decembre","8":"tag-austerlitz","9":"tag-farce","10":"tag-francois-hollande","11":"tag-marx","12":"tag-napoleon-ier","13":"tag-napoleon-iii","14":"tag-tragedie"},"_links":{"self":[{"href":"https:\/\/blog.causeur.fr\/bonnetdane\/wp-json\/wp\/v2\/posts\/1440","targetHints":{"allow":["GET"]}}],"collection":[{"href":"https:\/\/blog.causeur.fr\/bonnetdane\/wp-json\/wp\/v2\/posts"}],"about":[{"href":"https:\/\/blog.causeur.fr\/bonnetdane\/wp-json\/wp\/v2\/types\/post"}],"author":[{"embeddable":true,"href":"https:\/\/blog.causeur.fr\/bonnetdane\/wp-json\/wp\/v2\/users\/6"}],"replies":[{"embeddable":true,"href":"https:\/\/blog.causeur.fr\/bonnetdane\/wp-json\/wp\/v2\/comments?post=1440"}],"version-history":[{"count":0,"href":"https:\/\/blog.causeur.fr\/bonnetdane\/wp-json\/wp\/v2\/posts\/1440\/revisions"}],"wp:attachment":[{"href":"https:\/\/blog.causeur.fr\/bonnetdane\/wp-json\/wp\/v2\/media?parent=1440"}],"wp:term":[{"taxonomy":"category","embeddable":true,"href":"https:\/\/blog.causeur.fr\/bonnetdane\/wp-json\/wp\/v2\/categories?post=1440"},{"taxonomy":"post_tag","embeddable":true,"href":"https:\/\/blog.causeur.fr\/bonnetdane\/wp-json\/wp\/v2\/tags?post=1440"}],"curies":[{"name":"wp","href":"https:\/\/api.w.org\/{rel}","templated":true}]}}