{"id":1451,"date":"2016-12-05T12:47:30","date_gmt":"2016-12-05T10:47:30","guid":{"rendered":"http:\/\/blog.causeur.fr\/bonnetdane\/?p=1451"},"modified":"2021-04-22T18:49:19","modified_gmt":"2021-04-22T16:49:19","slug":"ok-corral","status":"publish","type":"post","link":"https:\/\/blog.causeur.fr\/bonnetdane\/ok-corral-1451","title":{"rendered":"OK Corral"},"content":{"rendered":"<p><a href=\"http:\/\/blog.causeur.fr\/bonnetdane\/files\/2016\/12\/1445882640.gif\"><img loading=\"lazy\" decoding=\"async\" class=\"aligncenter size-full wp-image-1457\" src=\"http:\/\/blog.causeur.fr\/bonnetdane\/files\/2016\/12\/1445882640.gif\" alt=\"\" width=\"1024\" height=\"536\" srcset=\"https:\/\/blog.causeur.fr\/bonnetdane\/wp-content\/uploads\/sites\/25\/2016\/12\/1445882640.gif 1024w, https:\/\/blog.causeur.fr\/bonnetdane\/wp-content\/uploads\/sites\/25\/2016\/12\/1445882640-300x157.gif 300w, https:\/\/blog.causeur.fr\/bonnetdane\/wp-content\/uploads\/sites\/25\/2016\/12\/1445882640-500x261.gif 500w\" sizes=\"auto, (max-width: 1024px) 100vw, 1024px\" \/><\/a>Malgr\u00e9 les objurgations de Jean-Christophe Cambad\u00e9lis (mais y a t-il encore quelqu\u2019un pour \u00e9couter ce que dit Cambad\u00e9lis ?), Emmanuel Macron et Jean-Luc M\u00e9lenchon joueront la pr\u00e9sidentielle sans passer par la case Primaires : \u00ab Quand on pr\u00e9tend pr\u00e9sider aux destin\u00e9es d&rsquo;un pays, on n&rsquo;est pas l\u00e0 pour s&rsquo;enfermer dans des querelles de clans \u00bb, a expliqu\u00e9 le leader de <em>En marche<\/em> <a href=\"http:\/\/www.lejdd.fr\/Politique\/Macron-au-JDD-La-gauche-est-eliminee-du-second-tour-depuis-dix-huit-mois-829804\">au <em>JDD<\/em> ce week-end<\/a>. Et d\u2019ajouter : \u00ab Cette primaire, c\u2019est OK Corral ! \u00bb<br \/>\nUn rapide sondage aupr\u00e8s de mes \u00e9l\u00e8ves de classes pr\u00e9pas m\u2019a permis de constater que la r\u00e9f\u00e9rence leur \u00e9chappait. OK Corral ? Ils sentent bien qu\u2019il y a l\u00e0 une r\u00e9f\u00e9rence, mais laquelle ? Aucun d\u2019entre eux n\u2019a vu les diverses adaptations du duel qui en 1881 vit s\u2019affronter \u00e0 Tombstone, Arizona, les Earp et les Clanton. Ni <em>Law and order<\/em> (Edward L. Cahn, 1932), un peu oubli\u00e9, ni <em>la Poursuite infernale<\/em> (<em>My Darling Clementine<\/em>, John Ford, 1946, avec un Henry Fonda finement moustachu et terriblement patient devant Linda Darnell \u2014 et Victor Mature en Doc Holliday un peu \u00e0 contre-emploi, parce que personne ne pourra jamais croire que Mature, presque plus large d\u2019\u00e9paules que moi, \u00e9tait tuberculeux). Ni <em>R\u00e8glement de comptes \u00e0 OK Corral<\/em> (John Sturges, 1956, au plus fort de l\u2019association Lancaster-Douglas, avec Denis Hopper et Lee Van Cleef dans de petits r\u00f4les \u2014 Lee Van Cleef, d\u00e9j\u00e0 rep\u00e9r\u00e9 quatre ans auparavant dans <em>High Noon<\/em>, o\u00f9 il se fait abattre par Gary Cooper, pas encore engag\u00e9 par Leone dans <em>Pour quelques dollars de plus<\/em> \u2014 1965 \u2014 ou<em> le Bon, la Brute et le Truand<\/em>, l\u2019ann\u00e9e suivante), ni <em>Sept secondes en enfer<\/em> (John Sturges encore, 1967, Jason Robards y faisait un Doc Holliday grandiose), ni m\u00eame <em>Tombstone<\/em> (George Pan Cosmatos, 1993, o\u00f9 Kurt Russell s\u2019\u00e9tait greffer la moustache du vrai Wyatt Earp de 1881) ou <em>Wyatt Earp<\/em> (Lawrence Kasdan, 1994) o\u00f9 Kevin Costner dilapida ses \u00e9conomies.<\/p>\n<p>Macron, apparemment sait de quoi il parle. \u00ab La gauche est \u00e9limin\u00e9e du second tour depuis dix-huit mois ! Il n&rsquo;y en a pas un qui va au second tour ! Pas un ! Quand bien m\u00eame cette primaire se passerait bien, le vainqueur n&rsquo;y arriverait pas. Si Arnaud Montebourg sort de la primaire, vous pensez que Valls le soutiendra ?<\/p>\n<div id=\"ligne\"><\/div>\n<p>Si Manuel Valls gagne, pensez-vous que les soutiens d&rsquo;Arnaud Montebourg ou de Beno\u00eet Hamon iront derri\u00e8re lui ? \u00bb J\u2019ai dans l\u2019id\u00e9e qu\u2019il ne se fait gu\u00e8re d\u2019illusions sur la bonne volont\u00e9 de cow-boys de la rue de Solferino pour soutenir un autre champion qu\u2019eux-m\u00eames. Ce n\u2019est plus le r\u00e8gne du colt, c\u2019est celui de la peau de banane.<\/p>\n<p>Que s\u2019est-il pass\u00e9 avec la culture du western ? Nous jouions aux cow-boys et aux Indiens \u00e0 la sortie de l\u2019\u00e9cole \u2014 je faisais invariablement l\u2019Indien, et je mourais avec gr\u00e2ce, accabl\u00e9 sous les balles des Tuniques bleues. C\u2019est fini.<br \/>\nMes \u00e9l\u00e8ves ont comme (pi\u00e8tre) excuse le fait que tous ces films, m\u00eame les plus r\u00e9cents, sont sortis avant leur naissance, et que la t\u00e9l\u00e9vision n\u2019en passe plus gu\u00e8re \u2014 et c\u2019est une carence qu\u2019il faudrait analyser, j\u2019y reviendrai peut-\u00eatre. Quelque chose aujourd\u2019hui ne correspond plus \u00e0 l\u2019esth\u00e9tique violemment kantienne du western, o\u00f9 l\u2019on fait ce que l\u2019on doit, quelles qu\u2019en soient les cons\u00e9quences. Et qui que l\u2019on soit \u2014 un fermier cribl\u00e9 de dettes, comme dans <em>3h10 pour Yuma<\/em> premi\u00e8re version, ou des truands revenus de tout, comme dans <em>la Horde sauvage<\/em> : \u00ab Let\u2019s go \u2014 Why not ? \u00bb \u2014 et ils partent dans l\u2019ultime fournaise mexicaine. Oui, le western \u00e9tait un genre moral, o\u00f9 le h\u00e9ros n\u2019\u00e9tait tel que parce qu\u2019il se rangeait sous les fourches caudines de l\u2019\u00e9thique la plus \u00e9troite.<br \/>\nAujourd\u2019hui, trop d\u2019individualisme a tu\u00e9 l\u2019h\u00e9ro\u00efsme (le vrai h\u00e9ros n\u2019est pas un grand homme, il est un collectif \u00e0 lui seul). Restent \u00e0 la rigueur des super-h\u00e9ros ou des apprentis-sorciers, les uns et les autres d\u00e9barrass\u00e9s de tout rapport au r\u00e9el, mais ces affrontements d\u2019homme \u00e0 homme (voir le duel final de <em>Coups de feu dans le sierra<\/em>, l\u2019un des premiers westerns de Peckinpah), o\u00f9 l\u2019on peut se prendre une bonne balle dans un endroit sensible, c\u2019est termin\u00e9 \u2014 et Macron en t\u00e9moigne. Loin de lui la tentation de donner ou de prendre des coups : bien \u00e0 l\u2019abri dans la forteresse que lui ont construite les banquiers qui le soutiennent, il ne va pas prendre le risque de se faire casser la gueule par G\u00e9rard Filoche, qui est assez costaud pour en tordre trois comme Macron d\u2019une seule main. La primaire de la droite s\u2019est faite \u00e0 fleurets mouchet\u00e9s, d\u00e8s le soir du premier tour ils se rejouaient tous \u00ab Embrassons-nous, Folleville \u00bb. Evidemment, Labiche est moins saignant que Sturges. Et l\u2019allusion venimeuse moins d\u00e9cisive qu\u2019un calibre 45. Les folliculaires notent les petites phrases, l\u00e0 o\u00f9 les croque-morts comptaient les cadavres.<a href=\"http:\/\/blog.causeur.fr\/bonnetdane\/files\/2016\/12\/Mclauriesclanton.jpg\"><img loading=\"lazy\" decoding=\"async\" class=\"aligncenter size-full wp-image-1458\" src=\"http:\/\/blog.causeur.fr\/bonnetdane\/files\/2016\/12\/Mclauriesclanton.jpg\" alt=\"\" width=\"636\" height=\"428\" srcset=\"https:\/\/blog.causeur.fr\/bonnetdane\/wp-content\/uploads\/sites\/25\/2016\/12\/Mclauriesclanton.jpg 636w, https:\/\/blog.causeur.fr\/bonnetdane\/wp-content\/uploads\/sites\/25\/2016\/12\/Mclauriesclanton-300x201.jpg 300w, https:\/\/blog.causeur.fr\/bonnetdane\/wp-content\/uploads\/sites\/25\/2016\/12\/Mclauriesclanton-445x300.jpg 445w\" sizes=\"auto, (max-width: 636px) 100vw, 636px\" \/><\/a>Non seulement le western est un genre rang\u00e9 dans les oubliettes des cin\u00e9math\u00e8ques \u2014 et c\u2019est bien dommage, c\u2019\u00e9tait notre dernier lien avec l\u2019\u00e9pop\u00e9e \u2014, mais dor\u00e9navant on contourne soigneusement les conflits, on biaise, on s\u2019arrange, on \u00e9vite. On essaie de nous faire croire que c\u2019est de l\u2019habilet\u00e9, quand il s\u2019agit, tout au plus, de l\u00e2chet\u00e9. Et si l\u2019on d\u00e9bat, les conseillers-image seuls s\u2019\u00e9tripent, pour obtenir que leur candidat soit \u00e0 droite ou \u00e0 gauche, et pas sous le projecteur. Atmosph\u00e8re ouat\u00e9e. Sous pr\u00e9texte de politesse fielleuse, on \u00e9limine ce qui faisait le sel de la politique \u2014 la possibilit\u00e9 d\u2019y laisser la peau. C\u2019est sans doute parce qu\u2019ils s\u2019entendent fort bien, entre eux, pour \u00e9corcher la n\u00f4tre.<\/p>\n<p>Jean-Paul Brighelli<\/p>\n<p>PS. Je viens d&rsquo;interroger Bertrand Tavernier, admirable connaisseur du cin\u00e9ma am\u00e9ricain, sur la question. Et, me dit-il, \u00ab\u00a0les primaires, c\u2019est le contraire de OK CORRAL o\u00f9 deux clans s\u2019affrontaient, les Clanton et les Earp \u2014 selon Burnett, les D\u00e9mocrates et les R\u00e9publicains \u2014, sans qu\u2019\u00e0 l\u2019int\u00e9rieur des clans on se tire les uns sur les autres. C&rsquo;\u00e9taient deux familles qui ne se faisaient pas de tra\u00eetrises.\u00a0\u00bb Ce n&rsquo;est m\u00eame plus la logique du clan qui pr\u00e9vaut : c&rsquo;est celle du chacun pour soi, et tout pour ma gueule.<\/p>\n","protected":false},"excerpt":{"rendered":"<p>Malgr\u00e9 les objurgations de Jean-Christophe Cambad\u00e9lis (mais y a t-il encore quelqu\u2019un pour \u00e9couter ce que dit Cambad\u00e9lis ?), Emmanuel Macron et Jean-Luc M\u00e9lenchon joueront la pr\u00e9sidentielle sans passer par la case Primaires : \u00ab Quand on pr\u00e9tend pr\u00e9sider aux destin\u00e9es d&rsquo;un pays, on n&rsquo;est pas l\u00e0 pour s&rsquo;enfermer dans des querelles de clans \u00bb, [&hellip;]<\/p>\n","protected":false},"author":6,"featured_media":0,"comment_status":"open","ping_status":"open","sticky":false,"template":"","format":"standard","meta":{"footnotes":""},"categories":[1],"tags":[1065,1112,1113,1111,563],"class_list":{"0":"post-1451","1":"post","2":"type-post","3":"status-publish","4":"format-standard","6":"category-non-classe","7":"tag-emmanuel-macron","8":"tag-john-ford","9":"tag-john-sturges","10":"tag-ok-corral","11":"tag-western"},"_links":{"self":[{"href":"https:\/\/blog.causeur.fr\/bonnetdane\/wp-json\/wp\/v2\/posts\/1451","targetHints":{"allow":["GET"]}}],"collection":[{"href":"https:\/\/blog.causeur.fr\/bonnetdane\/wp-json\/wp\/v2\/posts"}],"about":[{"href":"https:\/\/blog.causeur.fr\/bonnetdane\/wp-json\/wp\/v2\/types\/post"}],"author":[{"embeddable":true,"href":"https:\/\/blog.causeur.fr\/bonnetdane\/wp-json\/wp\/v2\/users\/6"}],"replies":[{"embeddable":true,"href":"https:\/\/blog.causeur.fr\/bonnetdane\/wp-json\/wp\/v2\/comments?post=1451"}],"version-history":[{"count":0,"href":"https:\/\/blog.causeur.fr\/bonnetdane\/wp-json\/wp\/v2\/posts\/1451\/revisions"}],"wp:attachment":[{"href":"https:\/\/blog.causeur.fr\/bonnetdane\/wp-json\/wp\/v2\/media?parent=1451"}],"wp:term":[{"taxonomy":"category","embeddable":true,"href":"https:\/\/blog.causeur.fr\/bonnetdane\/wp-json\/wp\/v2\/categories?post=1451"},{"taxonomy":"post_tag","embeddable":true,"href":"https:\/\/blog.causeur.fr\/bonnetdane\/wp-json\/wp\/v2\/tags?post=1451"}],"curies":[{"name":"wp","href":"https:\/\/api.w.org\/{rel}","templated":true}]}}