{"id":1472,"date":"2016-12-21T07:22:11","date_gmt":"2016-12-21T05:22:11","guid":{"rendered":"http:\/\/blog.causeur.fr\/bonnetdane\/?p=1472"},"modified":"2021-04-22T18:49:18","modified_gmt":"2021-04-22T16:49:18","slug":"petit-exercice-de-detestation","status":"publish","type":"post","link":"https:\/\/blog.causeur.fr\/bonnetdane\/petit-exercice-de-detestation-1472","title":{"rendered":"Petit exercice de d\u00e9testation"},"content":{"rendered":"<p><a href=\"http:\/\/blog.causeur.fr\/bonnetdane\/files\/2016\/12\/ob_1510de_revolution-delacroix1.gif\"><img loading=\"lazy\" decoding=\"async\" class=\"aligncenter size-full wp-image-1479\" src=\"http:\/\/blog.causeur.fr\/bonnetdane\/files\/2016\/12\/ob_1510de_revolution-delacroix1.gif\" alt=\"\" width=\"500\" height=\"391\" srcset=\"https:\/\/blog.causeur.fr\/bonnetdane\/wp-content\/uploads\/sites\/25\/2016\/12\/ob_1510de_revolution-delacroix1.gif 500w, https:\/\/blog.causeur.fr\/bonnetdane\/wp-content\/uploads\/sites\/25\/2016\/12\/ob_1510de_revolution-delacroix1-300x234.gif 300w, https:\/\/blog.causeur.fr\/bonnetdane\/wp-content\/uploads\/sites\/25\/2016\/12\/ob_1510de_revolution-delacroix1-383x300.gif 383w\" sizes=\"auto, (max-width: 500px) 100vw, 500px\" \/><\/a>Nous ne d\u00e9testons pas d\u00e9tester, en France. Nous votons contre.<br \/>\nEx\u00e9crer est une chose. M\u00e9priser en est une autre. On peut \u00e0 la limite se passer d\u2019\u00eatre aim\u00e9 \u2014 De Gaulle ne l\u2019\u00e9tait gu\u00e8re, mais il fut longtemps pl\u00e9biscit\u00e9, avant que Giscard ne le flingue. Mais on ne se rel\u00e8ve pas du m\u00e9pris \u2014 Hollande vient d\u2019en tirer la conclusion en se retirant de la comp\u00e9tition.<br \/>\nLe PS tout entier est m\u00e9prisable. Quand j\u2019entends des gens les appeler \u00ab la Gauche \u00bb, je m\u2019esclaffe. Quelle Gauche ? Ces gens dont l\u2019adversaire n\u2019est pas la finance. Qui se cachent derri\u00e8re le petit doigt d\u2019Angela Merkel. Qui augmentent le SMIC de 0,93% en 2017 \u2014 dis-moi, Hollande, tu as d\u00e9j\u00e0 essay\u00e9 de vivre avec 1153 \u20ac par mois, logement compris ? Qui virent Filoche (il fallait entendre le grand num\u00e9ro de Cambad\u00e9lis priant l&rsquo;ancien inspecteur du travail d\u2019\u00ab arr\u00eater son cirque \u00bb) parce qu\u2019ils en ont une trouille bleue \u2014 dans un d\u00e9bat public, il aurait \u00e9t\u00e9 le seul anti-lib\u00e9ral, et il avait assez de coffre pour rallier \u00e0 lui pas mal de suffrages qui vont d\u00e9sormais se porter\u2026<br \/>\nSe porter sur qui ? Sur Hamon, <a href=\"http:\/\/www.marianne.net\/cafes-interdits-aux-femmes-france-benoit-hamon-relativise-100248717.html?utm_campaign=Echobox&amp;utm_medium=Social&amp;utm_source=Facebook#link_time=1482075056\">que n\u2019inqui\u00e8te gu\u00e8re<\/a> le fait qu\u2019en France, des caf\u00e9s et des rues enti\u00e8res soient interdits aux femmes ? Le reportage de France 2 s\u2019est circonscrit \u00e0 la r\u00e9gion parisienne et aux faubourgs de Lyon, ils auraient pu venir \u00e0 Marseille ou \u00e0 Lille, ils auraient constat\u00e9 le m\u00eame ph\u00e9nom\u00e8ne. Relativise, Beno\u00eet ! Seuls les masochistes voteront pour toi.<br \/>\nCertains voteront M\u00e9lenchon, <a href=\"http:\/\/www.lefigaro.fr\/politique\/le-scan\/citations\/2016\/09\/07\/25002-20160907ARTFIG00220-avec-son-quinoa-melenchon-invite-la-cause-animale-dans-la-presidentielle.php\">le sp\u00e9cialiste du taboul\u00e9 au quinoa<\/a> \u2014 un v\u00e9gan qui tonitrue, c\u2019est toujours dr\u00f4le, \u00e7a doit faire mourir de rire toute une petite paysannerie fran\u00e7aise qui est en train de crever. Les plus r\u00e9sign\u00e9s (mais comment peut-on se r\u00e9signer ?) iront droit chez Macron, la bulle gonfl\u00e9e par les m\u00e9dias. Les autres\u2026<br \/>\nLes autres sont nombreux, et impr\u00e9visibles. Les autres ont \u00e9lu Trump \u2014 pas forc\u00e9ment une grande id\u00e9e, mais \u00e9lire Clinton n\u2019en \u00e9tait pas une bonne : la d\u00e9mocratie montre ses limites, ces derniers temps. Les autres ont vot\u00e9 pour le Brexit, contre les diktats de la City, de Bruxelles et de Berlin. Les autres renverront le PS au cimeti\u00e8re des \u00e9l\u00e9phants \u2014 et j\u2019esp\u00e8re bien qu\u2019ils n\u2019atteindront pas les 100 d\u00e9put\u00e9s aux l\u00e9gislatives. Les autres aff\u00fbtent leur bulletin de vote, tout en pr\u00e9parant le troisi\u00e8me tour, voire le quatri\u00e8me \u2014 dans la rue.<br \/>\nOn n\u2019en a pas fini avec les surprises.<\/p>\n<div id=\"ligne\"><\/div>\n<p>Je sais bien que je radote, mais je suis un peu sid\u00e9r\u00e9 que l\u2019Ecole ne soit pas un th\u00e8me majeur, pour le moment, des campagnes qui s\u2019amorcent. Broder sur la r\u00e9duction du nombre de fonctionnaires s\u00e9duira ceux qui croient que l\u2019entreprise priv\u00e9e fonctionne mieux que l\u2019entreprise publique \u2014 une jolie fable. Proposer de modifier les remboursements de la S\u00e9cu s\u00e9duira ceux qui n\u2019ont ni probl\u00e8mes de fins du mois, ni de probl\u00e8mes de sant\u00e9 \u2014 pas grand monde, en ce moment. Parler de l\u2019avenir de nos enfants me para\u00eet autrement porteur \u2014 \u00e0 condition d\u2019identifier clairement les responsables. <a href=\"http:\/\/www.europe1.fr\/societe\/education-nationale-quelle-est-cette-caste-de-pedagogues-pretentieux-dont-parle-francois-fillon-2904506\">Fillon a parl\u00e9<\/a> de cette \u00ab caste de p\u00e9dagogues pr\u00e9tentieux \u00bb que <a href=\"http:\/\/www.lepoint.fr\/invites-du-point\/jean-paul-brighelli\/brighelli-les-fossoyeurs-de-l-ecole-demasques-24-09-2016-2071000_1886.php\">Carole Barjon a identifi\u00e9s par leur nom<\/a> \u2014 assassins \u2014, et que le candidat LR se propose d\u2019\u00e9liminer d\u00e8s son entr\u00e9e en fonction (et que je sache, il est le seul, pour le moment, \u00e0 l\u2019avoir os\u00e9).<br \/>\nJe sais bien que l\u2019Ecole n\u2019est pas tout, qu\u2019il faut voir le reste, que \u00ab it\u2019s the economy, stupid \u00bb, etc. Mais je me bats depuis si longtemps contre ces imb\u00e9ciles que je finis par ne plus voir que l\u2019ennemi d\u2019hier et celui d\u2019aujourd\u2019hui, les m\u00eames, toujours les m\u00eames, les responsables du d\u00e9sastre scolaire, les \u00ab experts \u00bb auto-proclam\u00e9s et auto-satisfaits, les p\u00e9dagogues des IUFM et des ESPE, et tous les coll\u00e8gues qui croient que c\u2019est avec de beaux discours sur \u00ab l\u2019apprendre \u00e0 apprendre \u00bb que l\u2019on peut faire classe.<br \/>\nOui, le petit bout de la lorgnette, si l\u2019on veut.<br \/>\nOu pas tant que \u00e7a. Ces salopards ont fabriqu\u00e9 l\u2019Ecole que voulait le n\u00e9o-lib\u00e9ralisme. Fin des connaissances et des savoirs savants. De vagues comp\u00e9tences, un vernis pr\u00e9-craquel\u00e9, une infinie capacit\u00e9 \u00e0 faire la queue \u00e0 P\u00f4le-Emploi et \u00e0 dire \u00ab Merci, Patron \u00bb dans toutes les langues de la terre. Pire : les adeptes du n\u00e9ant ont cr\u00e9\u00e9 un tel vide que les barbares en embuscade l\u2019ont rempli avec les certitudes mortelles du Bataclan, de Nice ou de Berlin.<br \/>\nReprendre les choses en main ne se fera pas en un jour, ni en trois mois. Il faut repenser la formation des ma\u00eetres, repenser les programmes, repenser les emplois du temps, repenser le syst\u00e8me tout entier. Cesser de demander leur avis \u00e0 des gens qui sont hors-sol, et s\u2019appuyer sur les praticiens \u2014 les bons, tant qu\u2019\u00e0 faire.<br \/>\nEt le PS ? Ma foi, il continuera \u00e0 croire que Terra Nova a des id\u00e9es, et il croira que les imb\u00e9ciles d\u00e9c\u00e9r\u00e9br\u00e9s qu\u2019il a contribu\u00e9 \u00e0 fabriquer voteront pour lui \u2014 \u00e0 Villeurbanne, o\u00f9 se pr\u00e9sente Vallaud-Belkacem, ou ailleurs. Mais m\u00eame les cr\u00e9tins patent\u00e9s ont compris que le PS ne s\u2019int\u00e9ressait qu\u2019aux bobos de la capitale \u2014 la ville-monde qui ignore sa p\u00e9riph\u00e9rie. Anne Hidalgo <a href=\"http:\/\/www.marianne.net\/cette-semaine-marianne-anne-hidalgo-si-c-etait-elle-100241855.html\">se voit un avenir national<\/a> \u2014 ce parti est si pitoyable que tous ses minables s\u2019imaginent avoir un destin d\u2019exception, en 2017 ou en 2022.<br \/>\nS\u2019il a un destin, c\u2019est aux oubliettes. Si demain il ne reste rien de cette gauche-l\u00e0, je ne pleurerai pas \u2014 ni personne. On en reviendra au m\u00e9canisme que cette gauche d\u2019op\u00e9rette a si bien masqu\u00e9 depuis 1983 \u2014 la lutte des classes. Le rapport de forces.<br \/>\nEt puis apr\u00e8s, la victoire ou la mort. Au point o\u00f9 on en est\u2026<\/p>\n<p>Jean-Paul Brighelli<\/p>\n","protected":false},"excerpt":{"rendered":"<p>Nous ne d\u00e9testons pas d\u00e9tester, en France. Nous votons contre. Ex\u00e9crer est une chose. M\u00e9priser en est une autre. On peut \u00e0 la limite se passer d\u2019\u00eatre aim\u00e9 \u2014 De Gaulle ne l\u2019\u00e9tait gu\u00e8re, mais il fut longtemps pl\u00e9biscit\u00e9, avant que Giscard ne le flingue. Mais on ne se rel\u00e8ve pas du m\u00e9pris \u2014 Hollande [&hellip;]<\/p>\n","protected":false},"author":6,"featured_media":0,"comment_status":"open","ping_status":"open","sticky":false,"template":"","format":"standard","meta":{"footnotes":""},"categories":[1],"tags":[695,17,1128,229,562,1129,124],"class_list":{"0":"post-1472","1":"post","2":"type-post","3":"status-publish","4":"format-standard","6":"category-non-classe","7":"tag-cambadelis","8":"tag-ecole","9":"tag-francois-fillon","10":"tag-gerard-filoche","11":"tag-neo-liberalisme","12":"tag-pedagogistes","13":"tag-ps"},"_links":{"self":[{"href":"https:\/\/blog.causeur.fr\/bonnetdane\/wp-json\/wp\/v2\/posts\/1472","targetHints":{"allow":["GET"]}}],"collection":[{"href":"https:\/\/blog.causeur.fr\/bonnetdane\/wp-json\/wp\/v2\/posts"}],"about":[{"href":"https:\/\/blog.causeur.fr\/bonnetdane\/wp-json\/wp\/v2\/types\/post"}],"author":[{"embeddable":true,"href":"https:\/\/blog.causeur.fr\/bonnetdane\/wp-json\/wp\/v2\/users\/6"}],"replies":[{"embeddable":true,"href":"https:\/\/blog.causeur.fr\/bonnetdane\/wp-json\/wp\/v2\/comments?post=1472"}],"version-history":[{"count":0,"href":"https:\/\/blog.causeur.fr\/bonnetdane\/wp-json\/wp\/v2\/posts\/1472\/revisions"}],"wp:attachment":[{"href":"https:\/\/blog.causeur.fr\/bonnetdane\/wp-json\/wp\/v2\/media?parent=1472"}],"wp:term":[{"taxonomy":"category","embeddable":true,"href":"https:\/\/blog.causeur.fr\/bonnetdane\/wp-json\/wp\/v2\/categories?post=1472"},{"taxonomy":"post_tag","embeddable":true,"href":"https:\/\/blog.causeur.fr\/bonnetdane\/wp-json\/wp\/v2\/tags?post=1472"}],"curies":[{"name":"wp","href":"https:\/\/api.w.org\/{rel}","templated":true}]}}