{"id":15,"date":"2005-11-25T21:02:50","date_gmt":"2005-11-25T21:02:50","guid":{"rendered":"http:\/\/blog.causeur.fr\/bonnetdane\/?p=15"},"modified":"2021-04-22T18:54:13","modified_gmt":"2021-04-22T16:54:13","slug":"methodes-de-lecture","status":"publish","type":"post","link":"https:\/\/blog.causeur.fr\/bonnetdane\/methodes-de-lecture-15","title":{"rendered":"M\u00e9thodes de lecture"},"content":{"rendered":"<p>Question orale \u00e0 l&rsquo;Assembl\u00e9e Nationale mercredi 23\u2026<\/p>\n<p>Question de Monsieur Alain Gest (UMP) :<\/p>\n<p>\u00ab\u00a0Monsieur le ministre [de l&rsquo;\u00c9ducation nationale], il y a quelque temps, au cours d&rsquo;une conf\u00e9rence de presse, vous avez rappel\u00e9 \u00e0 juste titre que l&rsquo;\u00e9ducation nationale avait comme mission de donner une r\u00e9alit\u00e9 au principe de l&rsquo;\u00e9galit\u00e9 des chances. C&rsquo;est dans cet esprit d&rsquo;ailleurs que la loi d&rsquo;orientation et de programmation pour l&rsquo;\u00e9cole que nous avons vot\u00e9e il y a quelques mois a pr\u00e9vu de s&rsquo;asseoir sur un socle de connaissances. Je n&rsquo;en rappelle pas les \u00e9l\u00e9ments mais il y a cinq \u00e9l\u00e9ments particuliers. Le premier de ces \u00e9l\u00e9ments, c&rsquo;est de ma\u00eetriser la langue fran\u00e7aise. Monsieur le ministre, c&rsquo;est une \u00e9vidence que pour ma\u00eetriser la langue fran\u00e7aise, il ne faut surtout pas manquer le d\u00e9marrage et l&rsquo;apprentissage de la lecture. Or \u00e0 ce sujet, les critiques montent de plus en plus sur la m\u00e9thode d&rsquo;apprentissage dite globale puis semi-globale qui provoque effectivement des r\u00e9sultats pour le moins critiquables. Les inspecteurs se prononcent, des enseignants de plus en plus nombreux. Tr\u00e8s r\u00e9cemment, une \u00e9tude r\u00e9alis\u00e9e par des orthophonistes qui ont vu leur profession cro\u00eetre en activit\u00e9 reconnaissent eux-m\u00eames que la plupart des cas qu&rsquo;ils traitent ne rel\u00e8vent pas d&rsquo;handicaps naturels d&rsquo;un enfant mais plus certainement des m\u00e9thodes qui sont employ\u00e9es. Les parents d&rsquo;\u00e9l\u00e8ves sont m\u00eame quelquefois oblig\u00e9s de provoquer&#8230; euh&#8230; de permettre \u00e0 leurs enfants, avec la m\u00e9thode syllabique \u00e0 la maison de compl\u00e9ter leur information pour apprendre \u00e0 lire. Alors Monsieur le ministre, dans la loi que j&rsquo;ai \u00e9voqu\u00e9e, l&rsquo;article 48 pr\u00e9voit, clairement, la libert\u00e9 p\u00e9dagogique des enseignants. Bien s\u00fbr encadr\u00e9e, mais la libert\u00e9 p\u00e9dagogique des enseignants. Et par ailleurs, dans le rapport annexe que nous avions vot\u00e9, nous avions souhait\u00e9, \u00e0 la demande de notre coll\u00e8gue Geoffroy que nous informions tous les enseignants des m\u00e9thodes qui avaient d\u00e9j\u00e0 fait leurs preuves. Cela ne semble pas \u00eatre aujourd&rsquo;hui le cas, ni sur la libert\u00e9, ni sur l&rsquo;information, comme en t\u00e9moigne encore un reportage sur une grande cha\u00eene de t\u00e9l\u00e9vision nationale de la semaine derni\u00e8re. Alors monsieur le ministre, ma question est tr\u00e8s simple : comment&#8230; comment esp\u00e9rez-vous faire appliquer la loi, cet article 48 et peut-on esp\u00e9rer une exp\u00e9rimentation de taille significative sur la m\u00e9thode syllabique et peut-\u00eatre d&rsquo;introduire dans la r\u00e9forme indispensable des IUFM, dans le cahier des charges, ce probl\u00e8me fondamental ?\u00a0\u00bb<\/p>\n<p>Intervention de Monsieur Jean-Louis Debr\u00e9 (Pr\u00e9sident) :<br \/>\u00ab\u00a0Monsieur de Robien&#8230;\u00a0\u00bb<\/p>\n<p>R\u00e9ponse de Monsieur Gilles de Robien (Ministre) :<\/p>\n<p>\u00ab\u00a0Monsieur le Pr\u00e9sident, Mesdames et Messieurs les d\u00e9put\u00e9s, Monsieur le d\u00e9put\u00e9 Alain Gest, la m\u00e9thode globale ou quel que soit le nom que l&rsquo;on donne d&rsquo;ailleurs \u00e0 la m\u00e9thode globale, tous les sp\u00e9cialistes le disent aujourd&rsquo;hui : elle est nocive. Et donc je le dis avec beaucoup de tranquillit\u00e9&#8230; Je le dis avec beaucoup de tranquillit\u00e9 : elle doit \u00eatre abandonn\u00e9e. La m\u00e9thode qui consiste \u00e0 une immersion dans un mot, dans une phrase, dans une hypoth\u00e8se pour essayer de retrouver un mot m\u00e9moris\u00e9, eh bien, se r\u00e9v\u00e8le parfois \u00eatre une v\u00e9ritable noyade pour les \u00e9l\u00e8ves et pour les jeunes. L&rsquo;apprentissage de la lecture&#8230; Il faut commencer par le son. Exprimer un son, savoir comment il se forme, pouvoir prononcer une syllabe et d&rsquo;abord conna\u00eetre cette syllabe, pour ensuite former un mot et ensuite donner envie de lire, qui est la vraie r\u00e9compense, la vraie r\u00e9compense aux efforts que font les jeunes. Alors monsieur le d\u00e9put\u00e9 bien entendu, bien entendu que les ma\u00eetres doivent se sentir libres d&rsquo;appliquer la m\u00e9thode traditionnelle et c&rsquo;est le cas de le dire, le B.A.BA, c&rsquo;est qu&rsquo;en aucun cas ils ne doivent \u00eatre sanctionn\u00e9s et j&rsquo;y veillerai. Parce que pour moi, ce qui compte c&rsquo;est le r\u00e9sultat et c&rsquo;est l&rsquo;efficacit\u00e9 de la pratique et bien les inspecteurs doivent veiller \u00e0 l&rsquo;efficacit\u00e9 de la pratique et au(x ?) r\u00e9sultat(s ?).<\/p>\n<p>Intervention de Monsieur Jean-Louis Debr\u00e9 (Pr\u00e9sident) :<br \/>\u00ab\u00a0Merci&#8230;\u00a0\u00bb<\/p>\n","protected":false},"excerpt":{"rendered":"<p>Question orale \u00e0 l&rsquo;Assembl\u00e9e Nationale mercredi 23\u2026 Question de Monsieur Alain Gest (UMP) : \u00ab\u00a0Monsieur le ministre [de l&rsquo;\u00c9ducation nationale], il y a quelque temps, au cours d&rsquo;une conf\u00e9rence de presse, vous avez rappel\u00e9 \u00e0 juste titre que l&rsquo;\u00e9ducation nationale avait comme mission de donner une r\u00e9alit\u00e9 au principe de l&rsquo;\u00e9galit\u00e9 des chances. C&rsquo;est dans [&hellip;]<\/p>\n","protected":false},"author":6,"featured_media":0,"comment_status":"open","ping_status":"open","sticky":false,"template":"","format":"standard","meta":{"footnotes":""},"categories":[1],"tags":[],"class_list":{"0":"post-15","1":"post","2":"type-post","3":"status-publish","4":"format-standard","6":"category-non-classe"},"_links":{"self":[{"href":"https:\/\/blog.causeur.fr\/bonnetdane\/wp-json\/wp\/v2\/posts\/15","targetHints":{"allow":["GET"]}}],"collection":[{"href":"https:\/\/blog.causeur.fr\/bonnetdane\/wp-json\/wp\/v2\/posts"}],"about":[{"href":"https:\/\/blog.causeur.fr\/bonnetdane\/wp-json\/wp\/v2\/types\/post"}],"author":[{"embeddable":true,"href":"https:\/\/blog.causeur.fr\/bonnetdane\/wp-json\/wp\/v2\/users\/6"}],"replies":[{"embeddable":true,"href":"https:\/\/blog.causeur.fr\/bonnetdane\/wp-json\/wp\/v2\/comments?post=15"}],"version-history":[{"count":0,"href":"https:\/\/blog.causeur.fr\/bonnetdane\/wp-json\/wp\/v2\/posts\/15\/revisions"}],"wp:attachment":[{"href":"https:\/\/blog.causeur.fr\/bonnetdane\/wp-json\/wp\/v2\/media?parent=15"}],"wp:term":[{"taxonomy":"category","embeddable":true,"href":"https:\/\/blog.causeur.fr\/bonnetdane\/wp-json\/wp\/v2\/categories?post=15"},{"taxonomy":"post_tag","embeddable":true,"href":"https:\/\/blog.causeur.fr\/bonnetdane\/wp-json\/wp\/v2\/tags?post=15"}],"curies":[{"name":"wp","href":"https:\/\/api.w.org\/{rel}","templated":true}]}}