{"id":1569,"date":"2017-02-03T20:33:24","date_gmt":"2017-02-03T18:33:24","guid":{"rendered":"http:\/\/blog.causeur.fr\/bonnetdane\/?p=1569"},"modified":"2021-04-22T18:49:18","modified_gmt":"2021-04-22T16:49:18","slug":"le-point-sur-les-presidentielles","status":"publish","type":"post","link":"https:\/\/blog.causeur.fr\/bonnetdane\/le-point-sur-les-presidentielles-1569","title":{"rendered":"Le point sur les pr\u00e9sidentielles"},"content":{"rendered":"<p>Beno\u00eet Hamon est donc l\u2019heureux \u00e9lu primaire, Emmanuel Macron va, court, vole et nous gonfle, Fillon est dans les enquiquinements \u2014 que le <em>Canard<\/em> ait \u00e9t\u00e9 abreuv\u00e9 par le Minist\u00e8re des Finances (mais non, pas par Sapin ! Il y a de tout aux Finances, et surtout pas des gauchistes ! Il y a m\u00eame des sarkozystes\u2026) ou par une \u00ab officine \u00bb au service de \u2014 de qui ? De Rachida Dati ?<br \/>\nHmm\u2026<\/p>\n<p>Il y a trois mois, alors que nous ne savions pas si le Pr\u00e9sident de la r\u00e9publique en titre irait ou non \u00e0 l\u2019abattoir, <a href=\"http:\/\/blog.causeur.fr\/bonnetdane\/les-petits-calculs-dun-petit-president-001387.html\">je disais ma certitude<\/a> que Macron \u00e9tait le plan B de Hollande, dont l\u2019objectif final est de faire triompher le n\u00e9o-lib\u00e9ralisme (qu\u2019il soit de droite ou de gauche n\u2019a aucun sens en pratique) et d\u2019annihiler le PS, refuge des Cambad\u00e9lis et autres Bartolone \u2014 tous des petites pointures, si on en croit ce que racontait complaisamment le m\u00eame Hollande aux deux journalistes invit\u00e9s \u00e0 ses levers et \u00e0 ses couchers. J\u2019ajoutais que M\u00e9lenchon \u00e9tait le caillou dans la chaussure de ce m\u00eame Hollande \u2014 le miroir impitoyable dans lequel il se reconna\u00eet en homme de droite.<br \/>\nIl fallait donc grignoter le Parti de gauche, qui est le remords personnifi\u00e9, la preuve vivante que le PS est de droite. D\u2019o\u00f9 l\u2019Op\u00e9ration Hamon, bien parti pour devancer M\u00e9lenchon, en donnant \u00e0 tous les d\u00e9\u00e7us du PS un pr\u00e9texte pour voter encore une fois pour ce parti de gougnafiers. Cocus de 2012, \u00e0 vos bulletins ! Il y a du candaulisme chez certains \u00e9lecteurs de gauche\u2026 On prostitue la r\u00e9publique \u00e0 un Macron en faisant semblant de soutenir Hamon. Bien jou\u00e9.<\/p>\n<p>Sans compter que Hamon, l\u2019homme qui justifie le fait qu\u2019il n\u2019y ait pas de femmes visibles dans certains quartiers, est islamo-compatible \u2014 ce que n\u2019\u00e9tait pas Valls, dont on peut critiquer bien des points, mais pas son engagement la\u00efc. Avec Hamon, on chasse sur les terres du NPA et du PIR. L\u2019islamo-gauchisme n\u2019est qu\u2019un pr\u00e9texte : l\u2019essentiel, c\u2019est que la France en tant que nation disparaisse, que les Fran\u00e7ais en tant que peuple disparaissent, remplac\u00e9s par une mosa\u00efque de communaut\u00e9s qui se regarderont peut-\u00eatre en chiens de fa\u00efence, qui se tireront peut-\u00eatre dans le dos, de temps en temps, mais qui consommeront. Et c\u2019est bien l\u2019essentiel.<\/p>\n<p>Soutenir Hamon, mais pas trop. Ce n\u2019est pas lui, l\u2019Elu. On le re\u00e7oit \u00e0 l\u2019Elys\u00e9e, mais on s\u2019abstient de le raccompagner sur le perron. C\u2019est \u00e0 ces petits d\u00e9tails que l\u2019on mesure aujourd\u2019hui les grands hommes.<a href=\"http:\/\/blog.causeur.fr\/bonnetdane\/files\/2017\/02\/Capture-d\u2019\u00e9cran-2017-02-03-\u00e0-18.23.01.png\"><img loading=\"lazy\" decoding=\"async\" class=\"aligncenter size-large wp-image-1578\" src=\"http:\/\/blog.causeur.fr\/bonnetdane\/files\/2017\/02\/Capture-d\u2019\u00e9cran-2017-02-03-\u00e0-18.23.01-1024x512.png\" alt=\"\" width=\"584\" height=\"292\" srcset=\"https:\/\/blog.causeur.fr\/bonnetdane\/wp-content\/uploads\/sites\/25\/2017\/02\/Capture-d\u2019\u00e9cran-2017-02-03-\u00e0-18.23.01-1024x512.png 1024w, https:\/\/blog.causeur.fr\/bonnetdane\/wp-content\/uploads\/sites\/25\/2017\/02\/Capture-d\u2019\u00e9cran-2017-02-03-\u00e0-18.23.01-300x150.png 300w, https:\/\/blog.causeur.fr\/bonnetdane\/wp-content\/uploads\/sites\/25\/2017\/02\/Capture-d\u2019\u00e9cran-2017-02-03-\u00e0-18.23.01-500x250.png 500w, https:\/\/blog.causeur.fr\/bonnetdane\/wp-content\/uploads\/sites\/25\/2017\/02\/Capture-d\u2019\u00e9cran-2017-02-03-\u00e0-18.23.01.png 1046w\" sizes=\"auto, (max-width: 584px) 100vw, 584px\" \/><\/a><!--more-->Sur la photo, il n\u2019a pas l\u2019air ravi, le <em>ministriculus interruptus<\/em> comme dit mon ami Antoine Desjardins (140 jours rue de Grenelle \u2014 il n\u2019a m\u00eame pas fait la rentr\u00e9e, cette ann\u00e9e-l\u00e0 !). Beno\u00eet, m\u00e9fie-toi, cet escalier, il faudrait le monter au lieu de le descendre !<br \/>\nHamon n\u2019est donc qu\u2019un \u00e9cran de fum\u00e9e. Le vrai candidat du PS, c\u2019est Macron. L\u2019homme de la loi Travail, d\u2019Uber et compagnie. Un lib\u00e9ral, un vrai.<a href=\"http:\/\/blog.causeur.fr\/bonnetdane\/files\/2017\/02\/2060624_aux-origines-du-phenomene-macron-web-tete-0211734228394_1000x300.jpg\"><img loading=\"lazy\" decoding=\"async\" class=\"aligncenter size-full wp-image-1579\" src=\"http:\/\/blog.causeur.fr\/bonnetdane\/files\/2017\/02\/2060624_aux-origines-du-phenomene-macron-web-tete-0211734228394_1000x300.jpg\" alt=\"\" width=\"1000\" height=\"300\" srcset=\"https:\/\/blog.causeur.fr\/bonnetdane\/wp-content\/uploads\/sites\/25\/2017\/02\/2060624_aux-origines-du-phenomene-macron-web-tete-0211734228394_1000x300.jpg 1000w, https:\/\/blog.causeur.fr\/bonnetdane\/wp-content\/uploads\/sites\/25\/2017\/02\/2060624_aux-origines-du-phenomene-macron-web-tete-0211734228394_1000x300-300x90.jpg 300w, https:\/\/blog.causeur.fr\/bonnetdane\/wp-content\/uploads\/sites\/25\/2017\/02\/2060624_aux-origines-du-phenomene-macron-web-tete-0211734228394_1000x300-500x150.jpg 500w\" sizes=\"auto, (max-width: 1000px) 100vw, 1000px\" \/><\/a>Je ne dois pas fr\u00e9quenter les bons cercles, mais depuis un mois, je n\u2019ai absolument rencontr\u00e9 personne qui se dise pr\u00eat \u00e0 voter Macron. Les sondages qui lui donnent aujourd\u2019hui plus de 20% des intentions de vote seraient-ils manipul\u00e9s par des m\u00e9dias complices ? Hypoth\u00e8se absurde, bien entendu. Qu&rsquo;importe que <em>L\u2019Express<\/em> ou <em>Lib\u00e9<\/em>, ou <em>BFMTV<\/em> et <em>RMC<\/em>, ce soit Patrick Drahi, \u00e0 qui Macron a rendu un signal\u00e9 service en lui permettant d\u2019acqu\u00e9rir SFR. Que <em>le Monde<\/em>, ce soit Pierre Berg\u00e9 qui vient de signaler son ralliement\u2026 Et j&rsquo;en passe\u2026 Comme dit Polony dans <em>le Figaro<\/em> de ce matin 4 f\u00e9vrier : \u00ab\u00a0L&rsquo;\u00e9lite financi\u00e8re a d\u00e9cid\u00e9 de s&rsquo;affranchir de ces politiques devenus inutiles et de faire le boulot directement. \u00a0\u00bb<br \/>\nTiens, <em>Causeur<\/em> n\u2019est pas dans le coup ? Faudra que je me renseigne\u2026<br \/>\nEn fait, l\u2019Institut Montaigne avait deux fers au feu \u2014 Fillon et Macron. Fillon est dans les embarras ? On tire Macron du sac \u00e0 malices. Si demain Fillon se remet en selle, ce sera coucouche panier.<br \/>\nDans les deux cas, il s\u2019agit de se d\u00e9barrasser de Marine Le Pen, le cauchemar de la droite raisonnable et de la gauche de droite, toutes deux lib\u00e9rales jusqu\u2019au bout des ongles. Marine Le Pen qui, si elle osait, finirait par annoncer que non, la France ne remboursera jamais sa kolossale dette, et que oui, les banques se sont assez gav\u00e9es comme \u00e7a sur notre dos. Ce que chacun sait.<br \/>\nLe plus dr\u00f4le, c\u2019est que l\u2019un des adversaires les plus convaincus de Macron, c\u2019est Bayrou. Je l\u2019ai rencontr\u00e9 cette semaine : il n\u2019avait pas de mots assez durs pour le candidat du mondialisme et de l\u2019Europe d\u00e9complex\u00e9e. L\u2019homme qui parle anglais aux allemands. L\u2019homme qui ignore tout de la France, hors le trajet fluvial Bercy \/ Elys\u00e9e. Qui ignore tout de l\u2019\u00e9cole, sauf le lyc\u00e9e La Providence, noble institution j\u00e9suite d\u2019Amiens, et la pr\u00e9pa d\u2019Henri-IV, derri\u00e8re le Panth\u00e9on. Un \u00e9narque assez malin <a href=\"http:\/\/www.lesechos.fr\/week-end\/business-story\/enquetes\/0211727035374-aux-origines-du-phenomene-macron-2060624.php\">pour avoir plu \u00e0 Jacques Attali<\/a>, qui depuis la mort de Mitterrand se cherche un roi \u00e0 couronner. Pour avoir plu \u00e0 Rothschild. \u00c0 Alain Minc. Pour avoir plu \u00e0 tout le monde\u2026<a href=\"http:\/\/blog.causeur.fr\/bonnetdane\/files\/2017\/02\/006e824b23afe294a4d966000b7907fb.jpg\"><img loading=\"lazy\" decoding=\"async\" class=\"aligncenter size-full wp-image-1580\" src=\"http:\/\/blog.causeur.fr\/bonnetdane\/files\/2017\/02\/006e824b23afe294a4d966000b7907fb.jpg\" alt=\"\" width=\"650\" height=\"470\" srcset=\"https:\/\/blog.causeur.fr\/bonnetdane\/wp-content\/uploads\/sites\/25\/2017\/02\/006e824b23afe294a4d966000b7907fb.jpg 650w, https:\/\/blog.causeur.fr\/bonnetdane\/wp-content\/uploads\/sites\/25\/2017\/02\/006e824b23afe294a4d966000b7907fb-300x216.jpg 300w, https:\/\/blog.causeur.fr\/bonnetdane\/wp-content\/uploads\/sites\/25\/2017\/02\/006e824b23afe294a4d966000b7907fb-414x300.jpg 414w\" sizes=\"auto, (max-width: 650px) 100vw, 650px\" \/><\/a>Sauf au reste de la France \u2014 la France qui n&rsquo;est pass\u00e9e ni par la rue Saint-Guillaume ni par l\u2019ENA, qui ne conna\u00eet de Bercy que les feuilles d\u2019imp\u00f4t du percepteur, qui ne \u00ab\u00a0l\u00e8ve\u00a0\u00bb pas des millions d&rsquo;euros en se mettant \u00ab\u00a0en marche\u00a0\u00bb, qui n\u2019envoie pas ses enfants dans de grands lyc\u00e9es priv\u00e9s ou publics, qui se l\u00e8ve t\u00f4t en esp\u00e9rant avoir encore du boulot, et qui pr\u00e9f\u00e9rerait un CDI aux angoisses des CDD \u00e0 r\u00e9p\u00e9tition. La France qui en a jusque l\u00e0 des politichiens de garde du syst\u00e8me bancaire \u2014 parce que cette France-l\u00e0, ma France comme chantait Jean Ferrat, a peut-\u00eatre un compte en banque, mais rien dessus. Ma France qui a le pain quotidien de plus en plus hebdomadaire. Ma France qui ne conna\u00eet que deux mots d&rsquo;arabe \u2014 <em>Allah akhbar<\/em>, claironn\u00e9s par tous les apprentis-terroristes, et encore aujourd&rsquo;hui au Louvre. Ma France qui se pr\u00e9pare \u00e0 l\u2019\u00e9meute, demain \u2014 parce qu\u2019elle ne voit plus d\u2019autre issue.<\/p>\n<p>Jean-Paul Brighelli<\/p>\n","protected":false},"excerpt":{"rendered":"<p>Beno\u00eet Hamon est donc l\u2019heureux \u00e9lu primaire, Emmanuel Macron va, court, vole et nous gonfle, Fillon est dans les enquiquinements \u2014 que le Canard ait \u00e9t\u00e9 abreuv\u00e9 par le Minist\u00e8re des Finances (mais non, pas par Sapin ! Il y a de tout aux Finances, et surtout pas des gauchistes ! Il y a m\u00eame [&hellip;]<\/p>\n","protected":false},"author":6,"featured_media":0,"comment_status":"open","ping_status":"open","sticky":false,"template":"","format":"standard","meta":{"footnotes":""},"categories":[1],"tags":[462,1065,1128,145,1161,252],"class_list":{"0":"post-1569","1":"post","2":"type-post","3":"status-publish","4":"format-standard","6":"category-non-classe","7":"tag-benoit-hamon","8":"tag-emmanuel-macron","9":"tag-francois-fillon","10":"tag-francois-hollande","11":"tag-jean-luc-melenchon","12":"tag-marine-le-pen"},"_links":{"self":[{"href":"https:\/\/blog.causeur.fr\/bonnetdane\/wp-json\/wp\/v2\/posts\/1569","targetHints":{"allow":["GET"]}}],"collection":[{"href":"https:\/\/blog.causeur.fr\/bonnetdane\/wp-json\/wp\/v2\/posts"}],"about":[{"href":"https:\/\/blog.causeur.fr\/bonnetdane\/wp-json\/wp\/v2\/types\/post"}],"author":[{"embeddable":true,"href":"https:\/\/blog.causeur.fr\/bonnetdane\/wp-json\/wp\/v2\/users\/6"}],"replies":[{"embeddable":true,"href":"https:\/\/blog.causeur.fr\/bonnetdane\/wp-json\/wp\/v2\/comments?post=1569"}],"version-history":[{"count":0,"href":"https:\/\/blog.causeur.fr\/bonnetdane\/wp-json\/wp\/v2\/posts\/1569\/revisions"}],"wp:attachment":[{"href":"https:\/\/blog.causeur.fr\/bonnetdane\/wp-json\/wp\/v2\/media?parent=1569"}],"wp:term":[{"taxonomy":"category","embeddable":true,"href":"https:\/\/blog.causeur.fr\/bonnetdane\/wp-json\/wp\/v2\/categories?post=1569"},{"taxonomy":"post_tag","embeddable":true,"href":"https:\/\/blog.causeur.fr\/bonnetdane\/wp-json\/wp\/v2\/tags?post=1569"}],"curies":[{"name":"wp","href":"https:\/\/api.w.org\/{rel}","templated":true}]}}