{"id":1587,"date":"2017-02-16T12:06:55","date_gmt":"2017-02-16T10:06:55","guid":{"rendered":"http:\/\/blog.causeur.fr\/bonnetdane\/?p=1587"},"modified":"2021-04-22T18:49:18","modified_gmt":"2021-04-22T16:49:18","slug":"presomption-de-culpabilite","status":"publish","type":"post","link":"https:\/\/blog.causeur.fr\/bonnetdane\/presomption-de-culpabilite-1587","title":{"rendered":"Pr\u00e9somption de culpabilit\u00e9"},"content":{"rendered":"<p><a href=\"http:\/\/blog.causeur.fr\/bonnetdane\/files\/2017\/02\/theo-manifestation_5801105.jpg\"><img loading=\"lazy\" decoding=\"async\" class=\"aligncenter size-large wp-image-1597\" src=\"http:\/\/blog.causeur.fr\/bonnetdane\/files\/2017\/02\/theo-manifestation_5801105-1024x576.jpg\" alt=\"\" width=\"584\" height=\"328\" srcset=\"https:\/\/blog.causeur.fr\/bonnetdane\/wp-content\/uploads\/sites\/25\/2017\/02\/theo-manifestation_5801105-1024x576.jpg 1024w, https:\/\/blog.causeur.fr\/bonnetdane\/wp-content\/uploads\/sites\/25\/2017\/02\/theo-manifestation_5801105-300x168.jpg 300w, https:\/\/blog.causeur.fr\/bonnetdane\/wp-content\/uploads\/sites\/25\/2017\/02\/theo-manifestation_5801105-500x281.jpg 500w, https:\/\/blog.causeur.fr\/bonnetdane\/wp-content\/uploads\/sites\/25\/2017\/02\/theo-manifestation_5801105.jpg 1520w\" sizes=\"auto, (max-width: 584px) 100vw, 584px\" \/><\/a>Il y a quelques jours, dans le questionnaire que devait remplir une \u00e9tudiante pour postuler \u00e0 Kedge Business School, on demandait : \u00ab Quel est l&rsquo;\u00e9v\u00e8nement majeur, de ces derniers mois, qui vous a marqu\u00e9(e) ? \u00bb<br \/>\nEt la jeune fille, une Marseillaise issue, comme on dit, de l\u2019immigration, de r\u00e9pondre : \u00abLe viol du jeune Th\u00e9o\u2026 \u00bb Empathie maximale. Sans doute s\u2019y est-elle vue.<br \/>\nIl m\u2019a fallu des tr\u00e9sors de diplomatie pour lui conseiller de prendre un autre exemple. Pour expliquer que les flics ont droit, comme les autres citoyens, \u00e0 la pr\u00e9somption d\u2019innocence \u2014 m\u00eame si les faits sont clairement \u00e9tablis, ce qui n\u2019est pas vraiment le cas. Et qu\u2019en tout \u00e9tat de cause, m\u00eame si le policier incrimin\u00e9 se r\u00e9v\u00e9lait finalement coupable, il est quelque peu d\u00e9licat de juger pr\u00e9matur\u00e9ment d\u2019une affaire en cours d\u2019instruction. C\u2019est m\u00eame carr\u00e9ment ill\u00e9gal.<!--more--><br \/>\nComme c\u2019est une fille intelligente, elle a obtemp\u00e9r\u00e9. De bon c\u0153ur ? C\u2019est une autre histoire.<br \/>\nD\u2019autant que rien dans l\u2019actualit\u00e9 ne l\u2019engage \u00e0 faire preuve de mod\u00e9ration. Les temps sont au lynchage pr\u00e9ventif \u2014 et Internet est un merveilleux champ de lapidation sans examen. Des \u00ab people \u00bb n\u2019ont-ils pas \u00e9crit dans <em>Lib\u00e9<\/em> une tribune exemplaire assimilant tout porteur d\u2019uniforme \u00e0 un violeur en puissance ? <a href=\"http:\/\/www.jeanmarcmorandini.com\/article-364883-le-coup-de-gueule-du-directeur-general-de-la-police-nationale-contre-la-lettre-ouverte-des-people-dans-liberation.html\">Le directeur g\u00e9n\u00e9ral de la police nationale s\u2019en est \u00e9mu<\/a>. Tous racistes ? Tous violeurs ? Allons donc ! Quand je les vois fermer les yeux sur les trafiquants de dope et de clopes du March\u00e9 des Capucins, ou renoncer \u00e0 verbaliser une femme voil\u00e9e des pieds \u00e0 la t\u00eate, je les trouve m\u00eame dr\u00f4lement coulants \u2014 et globalement polis.<\/p>\n<p>Au passage, qui sont ces \u00ab people \u00bb qui \u00e9ructent dans <em>Lib\u00e9<\/em> ? Des \u00ab gens \u00bb, si je comprends bien l\u2019anglais : quelle expertise ont-ils des affaires judiciaires ? Le fait d\u2019appartenir \u00e0 un tout petit monde artistico-litt\u00e9raro-de gauche leur donne-t-il une quelconque autorit\u00e9 ? Nous vivons sous la dictature de la Pens\u00e9e unique et du Camp du Bien\u2026<a href=\"http:\/\/blog.causeur.fr\/bonnetdane\/files\/2017\/02\/La-police-tue-3b85f.jpg\"><img loading=\"lazy\" decoding=\"async\" class=\"aligncenter size-full wp-image-1602\" src=\"http:\/\/blog.causeur.fr\/bonnetdane\/files\/2017\/02\/La-police-tue-3b85f.jpg\" alt=\"\" width=\"490\" height=\"367\" srcset=\"https:\/\/blog.causeur.fr\/bonnetdane\/wp-content\/uploads\/sites\/25\/2017\/02\/La-police-tue-3b85f.jpg 490w, https:\/\/blog.causeur.fr\/bonnetdane\/wp-content\/uploads\/sites\/25\/2017\/02\/La-police-tue-3b85f-300x224.jpg 300w, https:\/\/blog.causeur.fr\/bonnetdane\/wp-content\/uploads\/sites\/25\/2017\/02\/La-police-tue-3b85f-400x300.jpg 400w\" sizes=\"auto, (max-width: 490px) 100vw, 490px\" \/><\/a><\/p>\n<p>Il fut un temps \u2014 en 68 \u2014 o\u00f9 le slogan \u00e9tait plus politique : Flics ! Fascistes ! Assassins ! Apr\u00e8s tout, ils \u00e9taient au service d\u2019un pouvoir (De Gaulle) qui ressemblait un peu \u00e0 une monarchie.<br \/>\nVioleurs, \u00e7a vous a une autre gueule que fasciste. On est pass\u00e9 en quarante ans de l\u2019\u00e9pith\u00e8te c\u00e9r\u00e9brale \u00e0 la d\u00e9nomination libidinale. Le niveau baisse \u2014 en dessous de la ceinture.<br \/>\nEt les politiques ont embray\u00e9 avec volupt\u00e9 \u2014 <a href=\"http:\/\/www.bfmtv.com\/societe\/aulnay-sous-bois-hamon-condamne-les-actes-inadmissibles-des-policiers-1097601.html\">voir Beno\u00eet Hamon, par exemple<\/a>, qui condamne les \u00ab actes inadmissibles \u00bb des policiers \u2014 sans doute y \u00e9tait-il. Sauf Fran\u00e7ois Fillon, qui en a profit\u00e9 pour proposer un abaissement de l\u2019\u00e2ge de la majorit\u00e9 p\u00e9nale \u00e0 16 ans (il faudra en discuter avec les gardiens de prison, trop peu nombreux, trop peu form\u00e9s), et Marine Le Pen, qui a d\u00e9clar\u00e9 que \u00ab par principe, elle soutient la police, sauf d\u00e9monstration par la justice que des actes en violation de la loi aient pu \u00eatre commis \u00bb : la pr\u00e9somption d\u2019innocence n\u2019est pas \u00e0 g\u00e9om\u00e9trie variable. Tant qu\u2019un d\u00e9lit (ou un crime, dans le cas d\u2019un viol) n\u2019est pas prouv\u00e9, tant que les faits n\u2019ont pas \u00e9t\u00e9 \u00e9tablis, il n\u2019y a pas de raison de condamner pr\u00e9ventivement. On peut plaisanter sur les conclusions provisoires de l\u2019IGPN, mais elles sont justement provisoires.<\/p>\n<p>D\u2019autant qu\u2019il n\u2019y a pas de limite au pig-bashing, comme j\u2019\u00e9crirais si je parlais anglais. Une semaine apr\u00e8s Aulnay, voici que Mohamed K. <a href=\"http:\/\/tempsreel.nouvelobs.com\/societe\/20170213.OBS5270\/aulnay-sous-bois-mohamed-k-ami-de-theo-raconte-son-passage-a-tabac-par-la-police.html\">affirme dans <em>l\u2019Obs<\/em><\/a> qu\u2019il a \u00e9t\u00e9 pass\u00e9 \u00e0 tabac par le m\u00eame policier : et d\u2019exhiber son visage tum\u00e9fi\u00e9,<a href=\"http:\/\/blog.causeur.fr\/bonnetdane\/files\/2017\/02\/15903537-mohamed-k-ami-de-theo-raconte-son-passage-a-tabac-par-le-meme-policier.jpg\"><img loading=\"lazy\" decoding=\"async\" class=\"aligncenter size-full wp-image-1598\" src=\"http:\/\/blog.causeur.fr\/bonnetdane\/files\/2017\/02\/15903537-mohamed-k-ami-de-theo-raconte-son-passage-a-tabac-par-le-meme-policier.jpg\" alt=\"\" width=\"965\" height=\"466\" srcset=\"https:\/\/blog.causeur.fr\/bonnetdane\/wp-content\/uploads\/sites\/25\/2017\/02\/15903537-mohamed-k-ami-de-theo-raconte-son-passage-a-tabac-par-le-meme-policier.jpg 965w, https:\/\/blog.causeur.fr\/bonnetdane\/wp-content\/uploads\/sites\/25\/2017\/02\/15903537-mohamed-k-ami-de-theo-raconte-son-passage-a-tabac-par-le-meme-policier-300x144.jpg 300w, https:\/\/blog.causeur.fr\/bonnetdane\/wp-content\/uploads\/sites\/25\/2017\/02\/15903537-mohamed-k-ami-de-theo-raconte-son-passage-a-tabac-par-le-meme-policier-500x241.jpg 500w\" sizes=\"auto, (max-width: 965px) 100vw, 965px\" \/><\/a> ce qui a entra\u00een\u00e9 l&rsquo;ouverture d\u2019une seconde enqu\u00eate. Allez, parions que d\u2019ici peu, tout individu qui se sera fait casser la gueule incriminera un policier. Tous violeurs, tous assassins. Surtout quand on est bronz\u00e9. Pas tibulaire, mais presque, disait Coluche. D\u00e9lit de sale gueule.<a href=\"http:\/\/blog.causeur.fr\/bonnetdane\/files\/2017\/02\/Flics-violeurs-assassins_Bagnolet-9c842.jpg\"><img loading=\"lazy\" decoding=\"async\" class=\"aligncenter size-full wp-image-1599\" src=\"http:\/\/blog.causeur.fr\/bonnetdane\/files\/2017\/02\/Flics-violeurs-assassins_Bagnolet-9c842.jpg\" alt=\"\" width=\"500\" height=\"168\" srcset=\"https:\/\/blog.causeur.fr\/bonnetdane\/wp-content\/uploads\/sites\/25\/2017\/02\/Flics-violeurs-assassins_Bagnolet-9c842.jpg 500w, https:\/\/blog.causeur.fr\/bonnetdane\/wp-content\/uploads\/sites\/25\/2017\/02\/Flics-violeurs-assassins_Bagnolet-9c842-300x100.jpg 300w\" sizes=\"auto, (max-width: 500px) 100vw, 500px\" \/><\/a>\u00a0Les belles \u00e2mes devraient de temps en temps sortir de Paris et visiter les \u00ab quartiers \u00bb, comme on dit, pour voir \u00e0 quoi ressemble l&rsquo;aristocratie des ghettos. Ou s\u2019int\u00e9resser aux statistiques des prisons fran\u00e7aises, telles qu\u2019elles ont \u00e9t\u00e9 <a href=\"http:\/\/www.washingtonpost.com\/wp-dyn\/content\/article\/2008\/04\/28\/AR2008042802560.html?hpid=topnews\">rassembl\u00e9es et comment\u00e9es par le <em>Washington Post<\/em><\/a> \u2014 et <a href=\"http:\/\/www.lemonde.fr\/societe\/article\/2008\/04\/29\/en-france-les-detenus-musulmans-sont-surrepresentes-selon-le-washington-post_1039616_3224.html\">analys\u00e9es par <em>le Monde<\/em><\/a> pour les non-anglicistes. Ce n\u2019est pas \u00eatre raciste que de constater que la mis\u00e8re et la ghetto\u00efsation produisent immanquablement les m\u00eames d\u00e9rives \u2014 et que c\u2019est sur le front des d\u00e9rives qu\u2019op\u00e8rent les flics. Pas \u00e0 Paris VII\u00e8me (Matignon ou le Minist\u00e8re de l\u2019Education) ou VIII\u00e8me (Elys\u00e9e et Place Beauvau) arrondissements, o\u00f9 la d\u00e9linquance n\u2019est pas tout \u00e0 fait la m\u00eame\u2026<\/p>\n<p><a href=\"http:\/\/blog.causeur.fr\/bonnetdane\/files\/2017\/02\/1693381335.jpg\"><img loading=\"lazy\" decoding=\"async\" class=\"aligncenter size-full wp-image-1600\" src=\"http:\/\/blog.causeur.fr\/bonnetdane\/files\/2017\/02\/1693381335.jpg\" alt=\"\" width=\"310\" height=\"725\" srcset=\"https:\/\/blog.causeur.fr\/bonnetdane\/wp-content\/uploads\/sites\/25\/2017\/02\/1693381335.jpg 310w, https:\/\/blog.causeur.fr\/bonnetdane\/wp-content\/uploads\/sites\/25\/2017\/02\/1693381335-128x300.jpg 128w\" sizes=\"auto, (max-width: 310px) 100vw, 310px\" \/><\/a>Les manifestants de 1968 voulaient changer le monde \u2014 mince, c\u2019est rat\u00e9 ! Ceux d\u2019aujourd\u2019hui veulent juste casser du flic, et \u00eatre sur le selfie : chacun fait avec les moyens de ses ambitions. Ils ont fait de leur mieux, ces derniers temps \u2014 mais le policier gri\u00e8vement br\u00fbl\u00e9 dans sa voiture en octobre a disparu des radars, d\u2019autant que Fran\u00e7ois Hollande n\u2019est jamais all\u00e9 le voir, celui-l\u00e0. Alors qu\u2019il s\u2019est pr\u00e9cipit\u00e9 au chevet de Th\u00e9o<a href=\"http:\/\/blog.causeur.fr\/bonnetdane\/files\/2017\/02\/C4FDcwvWMAE0RWk.jpg-small.jpeg\"><img loading=\"lazy\" decoding=\"async\" class=\"aligncenter size-full wp-image-1601\" src=\"http:\/\/blog.causeur.fr\/bonnetdane\/files\/2017\/02\/C4FDcwvWMAE0RWk.jpg-small.jpeg\" alt=\"\" width=\"680\" height=\"454\" srcset=\"https:\/\/blog.causeur.fr\/bonnetdane\/wp-content\/uploads\/sites\/25\/2017\/02\/C4FDcwvWMAE0RWk.jpg-small.jpeg 680w, https:\/\/blog.causeur.fr\/bonnetdane\/wp-content\/uploads\/sites\/25\/2017\/02\/C4FDcwvWMAE0RWk.jpg-small-300x200.jpg 300w, https:\/\/blog.causeur.fr\/bonnetdane\/wp-content\/uploads\/sites\/25\/2017\/02\/C4FDcwvWMAE0RWk.jpg-small-449x300.jpg 449w\" sizes=\"auto, (max-width: 680px) 100vw, 680px\" \/><\/a> et <a href=\"https:\/\/mobile.twitter.com\/fhollande\/status\/829018076649811968\/photo\/1?ref_src=twsrc%5Etfw\">a d\u00e9clar\u00e9<\/a> que le jeune homme avait \u00ab r\u00e9agi avec dignit\u00e9 et responsabilit\u00e9 \u00bb. Qui a dit \u00ab deux poids, deux mesures \u00bb ? Que p\u00e8sent les flics fran\u00e7ais, quantitativement parlant, face au public cible de Terra Nova ? Mais non, il ne peut pas y avoir de calculs aussi bas, surtout pas en p\u00e9riode \u00e9lectorale !<br \/>\nJe sens que je vais me faire allumer, \u00e0 tenir de pareils propos. D\u00e9j\u00e0, il y a quelques jours, expliquer que Roman Polanski n\u2019avait jamais \u00e9t\u00e9 inculp\u00e9 de quoi que ce soit en France m\u2019a valu une vol\u00e9e de bois vert. Mais vous savez quoi ?<em> Frankly, I don&rsquo;t give a damn<\/em>, comme dit le beau Rhett \u00e0 la jolie Scarlett.<\/p>\n<p>Jean-Paul Brighelli<\/p>\n","protected":false},"excerpt":{"rendered":"<p>Il y a quelques jours, dans le questionnaire que devait remplir une \u00e9tudiante pour postuler \u00e0 Kedge Business School, on demandait : \u00ab Quel est l&rsquo;\u00e9v\u00e8nement majeur, de ces derniers mois, qui vous a marqu\u00e9(e) ? \u00bb Et la jeune fille, une Marseillaise issue, comme on dit, de l\u2019immigration, de r\u00e9pondre : \u00abLe viol du [&hellip;]<\/p>\n","protected":false},"author":6,"featured_media":0,"comment_status":"open","ping_status":"open","sticky":false,"template":"","format":"standard","meta":{"footnotes":""},"categories":[1],"tags":[1170,174,753,1169],"class_list":{"0":"post-1587","1":"post","2":"type-post","3":"status-publish","4":"format-standard","6":"category-non-classe","7":"tag-aulnay-sous-bois","8":"tag-mai-68","9":"tag-police","10":"tag-theo"},"_links":{"self":[{"href":"https:\/\/blog.causeur.fr\/bonnetdane\/wp-json\/wp\/v2\/posts\/1587","targetHints":{"allow":["GET"]}}],"collection":[{"href":"https:\/\/blog.causeur.fr\/bonnetdane\/wp-json\/wp\/v2\/posts"}],"about":[{"href":"https:\/\/blog.causeur.fr\/bonnetdane\/wp-json\/wp\/v2\/types\/post"}],"author":[{"embeddable":true,"href":"https:\/\/blog.causeur.fr\/bonnetdane\/wp-json\/wp\/v2\/users\/6"}],"replies":[{"embeddable":true,"href":"https:\/\/blog.causeur.fr\/bonnetdane\/wp-json\/wp\/v2\/comments?post=1587"}],"version-history":[{"count":0,"href":"https:\/\/blog.causeur.fr\/bonnetdane\/wp-json\/wp\/v2\/posts\/1587\/revisions"}],"wp:attachment":[{"href":"https:\/\/blog.causeur.fr\/bonnetdane\/wp-json\/wp\/v2\/media?parent=1587"}],"wp:term":[{"taxonomy":"category","embeddable":true,"href":"https:\/\/blog.causeur.fr\/bonnetdane\/wp-json\/wp\/v2\/categories?post=1587"},{"taxonomy":"post_tag","embeddable":true,"href":"https:\/\/blog.causeur.fr\/bonnetdane\/wp-json\/wp\/v2\/tags?post=1587"}],"curies":[{"name":"wp","href":"https:\/\/api.w.org\/{rel}","templated":true}]}}