{"id":16,"date":"2005-12-16T05:55:24","date_gmt":"2005-12-16T05:55:24","guid":{"rendered":"http:\/\/blog.causeur.fr\/bonnetdane\/?p=16"},"modified":"2021-04-22T18:54:13","modified_gmt":"2021-04-22T16:54:13","slug":"methodes-de-lecture-suite","status":"publish","type":"post","link":"https:\/\/blog.causeur.fr\/bonnetdane\/methodes-de-lecture-suite-16","title":{"rendered":"M\u00e9thodes de lecture (suite)"},"content":{"rendered":"<p>Un journaliste de la Gazette de Montpellier, plein de bonnes intentions, voulait, \u00e0 l&rsquo;occasion des derni\u00e8res d\u00e9clarations de Gilles de Robien, organiser un d\u00e9bat avec moi et une formatrice de l&rsquo;IUFM de Montpellier, une madame Chemla \u2014 qui a d\u00e9j\u00e0 manifest\u00e9 \u00e0 diverses reprises l&rsquo;admiration sans bornes qu&rsquo;elle me porte\u2026 Refus hautain de la dame, qui veut bien \u00eatre interview\u00e9e \u2014 son quart d&rsquo;heure de gloire, probablement \u2014, mais hors de ma pr\u00e9sence (voir la Gazette dat\u00e9e du vendredi 16 \/ 12).<br \/> J&rsquo;imagine ce que l&rsquo;on aurait pens\u00e9, au XVIIe si\u00e8cle, d&rsquo;un individu qui aurait bien voulu se battre en duel, mais hors la pr\u00e9sence de son adversaire\u2026<br \/> Qu&rsquo;ai-je donc de si redoutable, que seul Philippe Meirieu, de tous les \u00ab\u00a0sp\u00e9cialistes\u00a0\u00bb en sciences de l&rsquo;\u00e9ducation, ait os\u00e9 me r\u00e9pondre en face ? Il ne manque pas de se plaindre, en priv\u00e9 et en public, de la pleutrerie de tous ces gens dont il a assur\u00e9 la carri\u00e8re, et qui aujourd&rsquo;hui le l\u00e2chent. Il a bien raison.<br \/> Mais laissons l\u00e0 la pol\u00e9mique \u2014 ce n&rsquo;est pas mon genre\u2026 Et revenons aux bonnes intentions de Gilles de Robien.<br \/> Soyons clair : le ministre a eu tort de jeter l&rsquo;anath\u00e8me sur telle ou telle m\u00e9thode.<br \/> D&rsquo;abord, comme l&rsquo;a fait remarquer le Canard Encha\u00een\u00e9 dat\u00e9 du mercredi 14 d\u00e9cembre, la m\u00e9thode globale, qui n&rsquo;a jamais \u00e9t\u00e9 utilis\u00e9e que par quelques illumin\u00e9s, a \u00e9t\u00e9 condamn\u00e9e par tous ses pr\u00e9d\u00e9cesseurs. Jack Lang a bruyamment f\u00e9licit\u00e9 Gilles de Robien pour sa prise de position : sans doute n&rsquo;avait-il pas lu la circulaire qu&rsquo;il a lui-m\u00eame sign\u00e9e en ce sens il y a quelques ann\u00e9es\u2026<br \/> Restent celles que l&rsquo;on qualifie aujourd&rsquo;hui de \u00ab\u00a0m\u00e9thodes mixtes\u00a0\u00bb \u2014 un doux euph\u00e9misme pour ne pas dire \u00ab\u00a0semi-globale\u00a0\u00bb, ou \u00ab\u00a0\u00e0 d\u00e9marrage global\u00a0\u00bb : on \u00e9vite ainsi le mot qui f\u00e2che, mais la technique est la m\u00eame.<br \/> Autant que ma position, et celle des organisations dont je suis proche, Sauver les Lettres ou Reconstruire l&rsquo;\u00e9cole, soient claires : aucune m\u00e9thode n&rsquo;est condamnable a priori. Le seul crit\u00e8re est la r\u00e9ussite. Et je me bats pour qu&rsquo;une r\u00e9elle libert\u00e9 p\u00e9dagogique soit laiss\u00e9e aux enseignants, et aux \u00e9quipes p\u00e9dagogiques \u2014 les seuls \u00e0 savoir, sur place, quels sont les besoins et les capacit\u00e9s des \u00e9l\u00e8ves, \u00e0 condition qu&rsquo;ils se soucient prioritairement de leurs \u00e9l\u00e8ves, et non des positions th\u00e9oriques de tel ou tel groupe de pression.<br \/> Ce que je veux retenir de la position du ministre, c&rsquo;est que d\u00e9sormais les instituteurs pourront, sans craindre les foudres d&rsquo;un corps inspectoral qui pr\u00e9tend trop souvent r\u00e9genter la p\u00e9dagogie au lieu de se pencher sur les r\u00e9sultats, utiliser une m\u00e9thode alphab\u00e9tique (expression pr\u00e9f\u00e9rable, en toute logique, \u00e0 \u00ab\u00a0syllabique\u00a0\u00bb). Ils n&rsquo;auront plus, comme Rachel Boutonnet (Pourquoi et comment j&rsquo;enseigne le B-A-BA, Ramsay, 2005) \u00e0 recouvrir les livres des \u00e9l\u00e8ves de papier kraft, de se battre contre leur hi\u00e9rarchie et contre le scepticisme de leurs jeunes coll\u00e8gues \u2014 les autres, les \u00ab\u00a0vieux\u00a0\u00bb, savent bien ce qu&rsquo;il en est des performances des diverses m\u00e9thodes.<br \/> Admettons que l&rsquo;on fasse, en CE1, le bilan de l&rsquo;apprentissage de la lecture (et de l&rsquo;\u00e9criture : on ne peut dissocier le phon\u00e8me, oral, du graph\u00e8me, \u00e9crit). L&rsquo;enfant sait-il lire ? Sait-il lire n&rsquo;importe quel texte ? Le comprend-il ? Mieux : est-il capable d&rsquo;\u00e9crire avec une orthographe d\u00e9cente des phrases enti\u00e8res ?<br \/> Voil\u00e0 les questions que les parents sont en droit de poser, et ce que les inspecteurs doivent juger \u2014 \u00e0 moins de consid\u00e9rer, comme madame Chemla, que \u00ab\u00a0l&rsquo;orthographe n&rsquo;a aucune importance\u00a0\u00bb\u2026<br \/> Reste la question de la formation : qui enseignera aux derniers promus des IUFM une m\u00e9thode (alphab\u00e9tique), revendiqu\u00e9e par le ministre et par les parents, mais dont on ne leur a jamais parl\u00e9, sinon pour l\u00e9 d\u00e9nigrer ? O\u00f9 irons-nous chercher des \u00ab\u00a0formateurs de fiormateurs\u00a0\u00bb enfin comp\u00e9tents ?<br \/> J&rsquo;ai bien envie de proposer aux retrait\u00e9s de l&rsquo;Education nationale, \u00e0 toutes ces institutrices et instituteurs qui m&rsquo;\u00e9crivent et qui ont, eux, les moyens de comparer aujourd&rsquo;hui et autrefois, de venir faire la classe, dans les IUFM, \u00e0 la place de tous ces sp\u00e9cialistes auto-proclam\u00e9s en \u00ab\u00a0sciences de l&rsquo;\u00e9ducation\u00a0\u00bb qui nous ont entra\u00een\u00e9s dans le martasme actuel \u2014 et dont les mirifiques convictions ont enflamm\u00e9 ces banlieues o\u00f9 les enfants d\u00e9cha\u00een\u00e9s ont br\u00fbl\u00e9 leurs \u00e9coles. Embauchons les ma\u00eetres d&rsquo;autrefois pour faire la classe aux formateurs de demain : ce sont nos enfants qui y gagneront.<\/p>\n","protected":false},"excerpt":{"rendered":"<p>Un journaliste de la Gazette de Montpellier, plein de bonnes intentions, voulait, \u00e0 l&rsquo;occasion des derni\u00e8res d\u00e9clarations de Gilles de Robien, organiser un d\u00e9bat avec moi et une formatrice de l&rsquo;IUFM de Montpellier, une madame Chemla \u2014 qui a d\u00e9j\u00e0 manifest\u00e9 \u00e0 diverses reprises l&rsquo;admiration sans bornes qu&rsquo;elle me porte\u2026 Refus hautain de la dame, [&hellip;]<\/p>\n","protected":false},"author":6,"featured_media":0,"comment_status":"open","ping_status":"open","sticky":false,"template":"","format":"standard","meta":{"footnotes":""},"categories":[1],"tags":[],"class_list":{"0":"post-16","1":"post","2":"type-post","3":"status-publish","4":"format-standard","6":"category-non-classe"},"_links":{"self":[{"href":"https:\/\/blog.causeur.fr\/bonnetdane\/wp-json\/wp\/v2\/posts\/16","targetHints":{"allow":["GET"]}}],"collection":[{"href":"https:\/\/blog.causeur.fr\/bonnetdane\/wp-json\/wp\/v2\/posts"}],"about":[{"href":"https:\/\/blog.causeur.fr\/bonnetdane\/wp-json\/wp\/v2\/types\/post"}],"author":[{"embeddable":true,"href":"https:\/\/blog.causeur.fr\/bonnetdane\/wp-json\/wp\/v2\/users\/6"}],"replies":[{"embeddable":true,"href":"https:\/\/blog.causeur.fr\/bonnetdane\/wp-json\/wp\/v2\/comments?post=16"}],"version-history":[{"count":0,"href":"https:\/\/blog.causeur.fr\/bonnetdane\/wp-json\/wp\/v2\/posts\/16\/revisions"}],"wp:attachment":[{"href":"https:\/\/blog.causeur.fr\/bonnetdane\/wp-json\/wp\/v2\/media?parent=16"}],"wp:term":[{"taxonomy":"category","embeddable":true,"href":"https:\/\/blog.causeur.fr\/bonnetdane\/wp-json\/wp\/v2\/categories?post=16"},{"taxonomy":"post_tag","embeddable":true,"href":"https:\/\/blog.causeur.fr\/bonnetdane\/wp-json\/wp\/v2\/tags?post=16"}],"curies":[{"name":"wp","href":"https:\/\/api.w.org\/{rel}","templated":true}]}}