{"id":1605,"date":"2017-03-06T11:25:57","date_gmt":"2017-03-06T09:25:57","guid":{"rendered":"http:\/\/blog.causeur.fr\/bonnetdane\/?p=1605"},"modified":"2021-04-22T18:49:18","modified_gmt":"2021-04-22T16:49:18","slug":"emmanuel-macron-et-la-decomposition-francaise","status":"publish","type":"post","link":"https:\/\/blog.causeur.fr\/bonnetdane\/emmanuel-macron-et-la-decomposition-francaise-1605","title":{"rendered":"Emmanuel Macron et la \u00ab\u00a0d\u00e9composition fran\u00e7aise\u00a0\u00bb"},"content":{"rendered":"<p><a href=\"http:\/\/blog.causeur.fr\/bonnetdane\/files\/2017\/03\/Capture-d\u2019\u00e9cran-2017-03-06-\u00e0-10.16.19.png\"><img loading=\"lazy\" decoding=\"async\" class=\"aligncenter size-medium wp-image-1621\" src=\"http:\/\/blog.causeur.fr\/bonnetdane\/files\/2017\/03\/Capture-d\u2019\u00e9cran-2017-03-06-\u00e0-10.16.19-185x300.png\" alt=\"\" width=\"185\" height=\"300\" srcset=\"https:\/\/blog.causeur.fr\/bonnetdane\/wp-content\/uploads\/sites\/25\/2017\/03\/Capture-d\u2019\u00e9cran-2017-03-06-\u00e0-10.16.19-185x300.png 185w, https:\/\/blog.causeur.fr\/bonnetdane\/wp-content\/uploads\/sites\/25\/2017\/03\/Capture-d\u2019\u00e9cran-2017-03-06-\u00e0-10.16.19.png 525w\" sizes=\"auto, (max-width: 185px) 100vw, 185px\" \/><\/a>J\u2019\u00e9tais en train de lire <em>D\u00e9composition fran\u00e7aise<\/em>, le beau livre de Malika Sorel paru le 12 novembre 2015 \u2014 la veille des attentats du Bataclan \u2014, qui vient opportun\u00e9ment de para\u00eetre en Poche, quand Emmanuel Macron a fait en Alg\u00e9rie les d\u00e9clarations que nous savons sur la colonisation (\u00ab crime contre l\u2019humanit\u00e9 \u00bb, etc.) et a, quelques jours plus tard, aggrav\u00e9 son cas en reprenant, en meeting \u00e0 Toulon, la d\u00e9claration quelque peu ambigu\u00eb de De Gaulle aux Pieds-Noirs en 1958, le c\u00e9l\u00e8bre \u00ab Je vous ai compris \u00bb.<br \/>\nJe dis \u00ab\u00a0ambigu\u00eb\u00a0\u00bb parce que sur le coup, la foule mass\u00e9e \u00e0 Alger n&rsquo;a pas bien compris ce que MonG\u00e9n\u00e9ral (comme l&rsquo;\u00e9crivait \u00e0 l&rsquo;\u00e9poque <em>le Canard encha\u00een\u00e9<\/em>) \u00e9tait en train de lui faire \u2014 collectivement. Mais ils ont pig\u00e9 assez vite.<!--more--><\/p>\n<p>J\u2019ai donc eu l\u2019id\u00e9e de demander son avis \u00e0 Malika Sorel, ancien membre de ce Haut Conseil \u00e0 l\u2019int\u00e9gration dissous sur d\u00e9cision du gouvernement Ayrault (on sait que le PS ne joue pas l\u2019int\u00e9gration, mais la dispersion fa\u00e7on puzzle de l\u2019identit\u00e9 fran\u00e7aise en communaut\u00e9s susceptibles de voter pour lui).<br \/>\nJe reviendrai sur <em>D\u00e9composition fran\u00e7aise<\/em> (beau titre !) en \u00e9voquant le livre qui vient de sortir d\u2019Amine El Khatmi (<em>Non, je ne me tairai plus<\/em>, chez Latt\u00e8s). En attendant, merci \u00e0 Malika Sorel d\u2019avoir bien voulu r\u00e9pondre aux questions de <em>Bonnet d\u2019\u00e2ne<\/em>\u2026<\/p>\n<p><strong>JPB.\u00a0 De passage \u00e0 Alger, Emmanuel Macron fait les yeux doux \u00e0 la t\u00e9l\u00e9vision alg\u00e9rienne et d\u00e9cr\u00e8te que le colonialisme est globalement \u00ab\u00a0un crime contre l&rsquo;humanit\u00e9\u00a0\u00bb. Que vous inspire cette d\u00e9claration p\u00e9remptoire et unilat\u00e9rale\u00a0?<\/strong><\/p>\n<p>Sa d\u00e9claration constitue une accusation lourde contre plusieurs g\u00e9n\u00e9rations de militaires fran\u00e7ais. Une accusation qui ravive par ailleurs des plaies encore douloureuses et qui dresse, de fait, les populations les unes contre les autres. Cela ne contribue pas \u00e0 la pacification des esprits mais entretient la bataille des m\u00e9moires et la pente victimaire. L\u2019effet peut \u00eatre d\u00e9sastreux sur des enfants ou adolescents issus de l\u2019immigration alg\u00e9rienne qui \u00e9prouveraient un malaise ou un inconfort sur le plan de leur identit\u00e9 personnelle. La comparaison de la d\u00e9mographie alg\u00e9rienne de 1962 \u00e0 celle de 1830 met en lumi\u00e8re un fort d\u00e9veloppement qui invalide le jugement d\u2019Emmanuel Macron. Ce qui est navrant, c\u2019est aussi l\u2019absence de sagesse. Pourquoi ouvrir un tel sujet alors que nous sommes en \u00e9tat d\u2019urgence\u00a0? La France se trouve justement cibl\u00e9e en raison m\u00eame d\u2019une haine tenace qui puise sa source dans tout ce qu\u2019elle est ou a \u00e9t\u00e9.<\/p>\n<p><strong>JPB.\u00a0 Quel b\u00e9n\u00e9fice \u00e9lectoral Macron esp\u00e8re-t-il d&rsquo;une telle prise de position\u00a0?<\/strong><\/p>\n<p>Il convient de rappeler qu\u2019il n\u2019est pas le premier candidat \u00e0 aller faire la danse du ventre \u00e0 Alger dans l\u2019espoir de s\u00e9duire, en France, une portion de l\u2019\u00e9lectorat issue de l\u2019Alg\u00e9rie et plus largement des anciennes colonies. Les politiques parient sur le fait qu\u2019une part cons\u00e9quente de l\u2019immigration ne s\u2019est pas assimil\u00e9e et continue de vibrer au diapason de sa terre d\u2019origine. Et pour cause\u00a0! Ils ont eux-m\u00eames cr\u00e9\u00e9 les conditions d\u2019une quasi impossibilit\u00e9 d\u2019int\u00e9gration culturelle\u00a0: flux migratoires si importants qu\u2019ils ont aid\u00e9 \u00e0 la duplication des cultures d\u2019origine sur la terre d\u2019accueil\u00a0; \u00e9volution des programmes scolaires et des horaires allou\u00e9s \u00e0 la langue fran\u00e7aise dans le sens d\u2019une d\u00e9gradation constante de la transmission du patrimoine culturel fran\u00e7ais&#8230; Alain Viala, qui avait pr\u00e9sid\u00e9 en 2000 la commission charg\u00e9e de r\u00e9former les programmes d\u2019enseignement du fran\u00e7ais, l\u2019avait reconnu dans un entretien avec Marcel Gauchet, consign\u00e9 dans la revue <em>Le D\u00e9bat<\/em>. Il s\u2019agissait alors d\u2019adapter les programmes \u00e0 \u00ab\u00a0l\u2019arriv\u00e9e des nouveaux publics, autrement dit d\u2019adolescents venant de milieux ne leur permettant pas d\u2019avoir une ma\u00eetrise suffisante\u00a0(de la langue fran\u00e7aise)\u00bb selon ses propres termes. Le mis\u00e9rabilisme d\u2019une partie de nos \u00e9lites, la propension \u00e0 penser que les enfants de l\u2019immigration extra-europ\u00e9enne ne seraient pas capables de s\u2019\u00e9lever comme les autres enfants sont terriblement injustes et blessants. Au fil des accommodements, il est devenu presque impossible aux enfants issus de l\u2019immigration de s\u2019assimiler. De ce fait, nombre d\u2019\u00e9lus ou de ceux qui aspirent \u00e0 l\u2019\u00eatre se croient contraints, en raison de l\u2019\u00e9volution de la composition du corps \u00e9lectoral, d\u2019adapter par anticipation leur comportement. Ils pratiquent un client\u00e9lisme ouvert ou larv\u00e9, pensant ne pas disposer d\u2019autre choix. Ce faisant, ils se lient les mains.<\/p>\n<p><strong>JPB.\u00a0 En meeting \u00e0 Toulon quelques jours plus tard, r\u00e9alisant la bronca que suscitent ses propos parmi les Pieds-Noirs et leurs descendants (mais pas seulement), Macron lance : \u00ab\u00a0Je vous ai compris\u00a0\u00bb. Cynisme ou gaffe \u2014 les ex-rapatri\u00e9s se souvenant dans leur chair du discours de De Gaulle utilisant cette formule au moment m\u00eame o\u00f9 il entamait des n\u00e9gociations secr\u00e8tes avec le FLN\u00a0?<\/strong><\/p>\n<p>Contrairement \u00e0 un certain nombre de ses coll\u00e8gues dans le monde politique, Emmanuel Macron ne peut b\u00e9n\u00e9ficier de l\u2019excuse de l\u2019ignorance. Cet homme semble disposer d\u2019une solide culture. Il conna\u00eet l\u2019histoire, la litt\u00e9rature et le poids des mots. En utilisant cette phrase devenue c\u00e9l\u00e8bre du g\u00e9n\u00e9ral de Gaulle pour s\u2019excuser aupr\u00e8s de ceux qu\u2019il a pu blesser, il a aggrav\u00e9 son propre cas. Est-ce du cynisme\u00a0? De la perversit\u00e9\u00a0? J\u2019ai tendance \u00e0 penser que c\u2019est surtout un homme press\u00e9 qui s\u2019est pris les pieds dans le tapis de son opportunisme. Capable de faire feu de tout bois pour satisfaire son ambition d\u2019acc\u00e9der \u00e0 la fonction supr\u00eame. Examinez attentivement ce passage de son meeting\u00a0: \u00ab Je le dis aujourd\u2019hui, \u00e0 chacun et chacune dans vos conditions, dans vos histoires, dans vos traumatismes, <strong>parce que je veux \u00eatre pr\u00e9sident<\/strong>, je vous ai compris et je vous aime. \u00bb<\/p>\n<p><strong>JPB.\u00a0 Le discours anti-colonialiste de Macron est-il \u00e0 rapprocher des suggestions d\u00e9j\u00e0 anciennes de Terra Nova conseillant \u00e0 la gauche de chercher un nouveau socle \u00e9lectoral chez les immigr\u00e9s et leurs descendants\u00a0? \u00c0 ce titre, le candidat d&rsquo;En marche pourrait-il \u00eatre le fils commun de Terra Nova et de l&rsquo;Institut Montaigne, de Hollande et de Jupp\u00e9, de la carpe et du lapin\u00a0? Mais est-ce vraiment la carpe et le lapin\u00a0?<\/strong><\/p>\n<p>Je ne sais pas quels sont au juste ses \u00ab\u00a0g\u00e9niteurs\u00a0\u00bb. Vous auriez pu tout aussi bien joindre \u00e0 votre liste Jacques Attali, le conseiller de Fran\u00e7ois Mitterrand qui recommandait en 2008 au Pr\u00e9sident Nicolas Sarkozy de relancer l\u2019immigration (<em>Rapport pour la lib\u00e9ration de la croissance fran\u00e7aise<\/em>). Votre rappel des recommandations de Terra Nova est tout \u00e0 fait pertinent. Nous sommes en effet dans la continuit\u00e9 de ce rapport, qui a ensuite donn\u00e9 vie \u00e0 la fameuse refondation des politiques d\u2019int\u00e9gration en 2013. Cette volont\u00e9 de refondation s\u2019\u00e9tait alors traduite en un premier temps par un rapport sur la France inclusive, puis par cinq rapports truff\u00e9s d\u2019un grand nombre d\u2019assertions et de recommandations toutes plus sid\u00e9rantes les unes que les autres. Souvenons-nous\u00a0: il y \u00e9tait question de \u00ab\u00a0<em>faire France en reconnaissant la richesse des identit\u00e9s multiples<\/em>\u00a0\u00bb, de \u00ab\u00a0<em>nous inclusif et solidaire<\/em>\u00a0\u00bb, d\u2019un \u00ab\u00a0<em>vivre-ensemble \u00e9galitaire<\/em>\u00a0\u00bb, de \u00ab\u00a0<em>faire de l\u2019en-commun<\/em>\u00a0\u00bb. Le prix \u00e0 payer par notre soci\u00e9t\u00e9 y \u00e9tait annonc\u00e9 sans ambages\u00a0: \u00ab\u00a0<em>apprentissage d\u2019un savoir-faire avec l\u2019h\u00e9t\u00e9rog\u00e9n\u00e9it\u00e9 et dans la conflictualit\u00e9<\/em>\u00a0\u00bb, car \u00ab\u00a0<em>la rencontre interculturelle doit \u00eatre con\u00e7ue comme un \u00e9change entre personnes, ou groupes de personnes, de diff\u00e9rentes cultures permettant l\u2019\u00e9mergence d\u2019un espace de n\u00e9gociation<\/em>\u00a0\u00bb, nous pr\u00e9venait-on. Rendez-vous compte\u00a0: la conflictualit\u00e9 \u00e9rig\u00e9e en promesse de progr\u00e8s. Du cynisme \u00e0 l\u2019\u00e9tat pur\u00a0! Lorsqu\u2019Emmanuel Macron ass\u00e8ne dans l\u2019un de ses meetings \u00ab\u00a0<em>il n&rsquo;y a pas de culture fran\u00e7aise. Il y a une culture en France. Elle est diverse<\/em>\u00a0\u00bb, il s\u2019\u00e9rige en digne h\u00e9ritier et d\u00e9fenseur de cette id\u00e9ologie. Dans le livre des journalistes G\u00e9rard Davet et Fabrice Lhomme, Fran\u00e7ois Hollande le dit\u00a0: \u00ab\u00a0<em>Emmanuel Macron, c\u2019est moi<\/em>\u00a0\u00bb. CQFD.<\/p>\n<p><strong>JPB.\u00a0 De fa\u00e7on plus g\u00e9n\u00e9rale, le discours culpabilisateur, qui a d\u00e9j\u00e0 de belles ann\u00e9es derri\u00e8re lui, n&rsquo;est-il pas en train de s&rsquo;essouffler \u2014 ou pire, de susciter une r\u00e9action inverse\u00a0? Une partie du vote FN ne s&rsquo;explique-t-elle pas ainsi\u00a0?<\/strong><\/p>\n<p>Malgr\u00e9 les apparences, ce discours a triomph\u00e9. Il a impr\u00e9gn\u00e9 bien des esprits, \u00e0 telle enseigne qu\u2019un grand nombre d\u2019accommodements d\u00e9raisonnables de nos principes r\u00e9publicains ne suscitent aucune indignation dans l\u2019opinion publique. Voyez \u00e0 quel point l\u2019id\u00e9ologie de culpabilisation-repentance a inspir\u00e9 l\u2019action du politique\u00a0! Prenons simplement ici un domaine que vous connaissez parfaitement, celui de l\u2019\u00e9ducation-instruction. Nombre des r\u00e9formes qui ont \u00e9t\u00e9 d\u00e9ploy\u00e9es depuis 1981 en proc\u00e8dent. Lorsqu\u2019en 2004 Jean-Pierre Raffarin, alors Premier ministre, institue la Charte de la diversit\u00e9 qui s\u2019appuie sur le rapport <em>Les oubli\u00e9s de l\u2019\u00e9galit\u00e9 des chances<\/em> r\u00e9dig\u00e9 sous l\u2019\u00e9gide de l\u2019Institut Montaigne, il persiste dans la voie qui a \u00e9t\u00e9 ouverte par la gauche\u00a0: le renoncement au respect du principe r\u00e9publicain d\u2019\u00c9galit\u00e9, au profit de la discrimination positive introduite par la circulaire du 1<sup>er<\/sup> juillet 1981 qui porte cr\u00e9ation des Zones d\u2019\u00c9ducation Prioritaires. L\u2019\u00e9volution du contenu des manuels scolaires, la r\u00e9forme des programmes de fran\u00e7ais \u00e9voqu\u00e9e ci-dessus avec Alain Viala dont on mesure \u00e0 pr\u00e9sent les cons\u00e9quences dramatiques au travers du classement PISA, les p\u00e9dagogies mises en \u0153uvre, la mani\u00e8re dont sont parfois not\u00e9es les copies&#8230; Dans un autre domaine, la loi dite SRU proc\u00e8de de la m\u00eame veine. Quant au vote FN, il faut le lire \u00e0 l\u2019aune des enqu\u00eates qui se suivent et se ressemblent et qui illustrent le divorce des Fran\u00e7ais avec leur classe politique. D\u00e8s 1997, l\u2019historien Jacques Julliard relevait que \u00ab\u00a0<em>nulle part le divorce entre le peuple et les \u00e9lites n\u2019appara\u00eet de fa\u00e7on aussi \u00e9clatante qu\u2019\u00e0 propos de l\u2019immigration<\/em>\u00a0\u00bb. Tout se passe, disait-il, \u00ab\u00a0<em>comme si les classes populaires s\u2019exasp\u00e9raient de la sollicitude de la gauche intellectuelle, et m\u00eame de la classe politique tout enti\u00e8re, envers les immigr\u00e9s et \u00e0 leur d\u00e9triment<\/em>\u00a0\u00bb. M\u00e9ditez bien ce \u00ab\u00a0<em>\u00e0 leur d\u00e9triment<\/em>\u00a0\u00bb. Aujourd\u2019hui, Jacques Julliard pourrait ajouter \u00ab\u00a0les classes moyennes\u00a0\u00bb. La cl\u00e9 de d\u00e9cryptage du vote FN est l\u00e0 et nulle part ailleurs. Tous les partis, sans exception, doivent entendre le cri de d\u00e9tresse du peuple fran\u00e7ais qui a droit au respect de ses fondamentaux culturels et de son identit\u00e9, comme c\u2019est le cas pour tout peuple sur un territoire qui est sa propri\u00e9t\u00e9.<\/p>\n<p>Malika Sorel et Jean-Paul Brighelli<\/p>\n<p>PS. 7 mars 2017, Georges Bensoussan vient d&rsquo;\u00eatre relax\u00e9 de tous les chefs d&rsquo;accusation de racisme et d&rsquo;anti-islamisme. Le Parquet et le CCIF sont d\u00e9bout\u00e9s et d\u00e9pit\u00e9s. Champagne !<\/p>\n","protected":false},"excerpt":{"rendered":"<p>J\u2019\u00e9tais en train de lire D\u00e9composition fran\u00e7aise, le beau livre de Malika Sorel paru le 12 novembre 2015 \u2014 la veille des attentats du Bataclan \u2014, qui vient opportun\u00e9ment de para\u00eetre en Poche, quand Emmanuel Macron a fait en Alg\u00e9rie les d\u00e9clarations que nous savons sur la colonisation (\u00ab crime contre l\u2019humanit\u00e9 \u00bb, etc.) et [&hellip;]<\/p>\n","protected":false},"author":6,"featured_media":0,"comment_status":"open","ping_status":"open","sticky":false,"template":"","format":"standard","meta":{"footnotes":""},"categories":[1],"tags":[420,91,1173,725,1092,1172],"class_list":{"0":"post-1605","1":"post","2":"type-post","3":"status-publish","4":"format-standard","6":"category-non-classe","7":"tag-colonialisme","8":"tag-communautarisme","9":"tag-decomposition-francaise","10":"tag-integration","11":"tag-macron","12":"tag-malika-sorel"},"_links":{"self":[{"href":"https:\/\/blog.causeur.fr\/bonnetdane\/wp-json\/wp\/v2\/posts\/1605","targetHints":{"allow":["GET"]}}],"collection":[{"href":"https:\/\/blog.causeur.fr\/bonnetdane\/wp-json\/wp\/v2\/posts"}],"about":[{"href":"https:\/\/blog.causeur.fr\/bonnetdane\/wp-json\/wp\/v2\/types\/post"}],"author":[{"embeddable":true,"href":"https:\/\/blog.causeur.fr\/bonnetdane\/wp-json\/wp\/v2\/users\/6"}],"replies":[{"embeddable":true,"href":"https:\/\/blog.causeur.fr\/bonnetdane\/wp-json\/wp\/v2\/comments?post=1605"}],"version-history":[{"count":0,"href":"https:\/\/blog.causeur.fr\/bonnetdane\/wp-json\/wp\/v2\/posts\/1605\/revisions"}],"wp:attachment":[{"href":"https:\/\/blog.causeur.fr\/bonnetdane\/wp-json\/wp\/v2\/media?parent=1605"}],"wp:term":[{"taxonomy":"category","embeddable":true,"href":"https:\/\/blog.causeur.fr\/bonnetdane\/wp-json\/wp\/v2\/categories?post=1605"},{"taxonomy":"post_tag","embeddable":true,"href":"https:\/\/blog.causeur.fr\/bonnetdane\/wp-json\/wp\/v2\/tags?post=1605"}],"curies":[{"name":"wp","href":"https:\/\/api.w.org\/{rel}","templated":true}]}}