{"id":1627,"date":"2017-03-23T07:00:48","date_gmt":"2017-03-23T05:00:48","guid":{"rendered":"http:\/\/blog.causeur.fr\/bonnetdane\/?p=1627"},"modified":"2021-04-22T18:49:18","modified_gmt":"2021-04-22T16:49:18","slug":"la-grande-peur-des-bien-pensants","status":"publish","type":"post","link":"https:\/\/blog.causeur.fr\/bonnetdane\/la-grande-peur-des-bien-pensants-1627","title":{"rendered":"La grande peur des bien-pensants"},"content":{"rendered":"<p><a href=\"http:\/\/blog.causeur.fr\/bonnetdane\/files\/2017\/03\/gala-video-clash-sur-cnews-entre-pascal-praud-et-patrick-bloche.jpg\"><img loading=\"lazy\" decoding=\"async\" class=\"aligncenter size-full wp-image-1635\" src=\"http:\/\/blog.causeur.fr\/bonnetdane\/files\/2017\/03\/gala-video-clash-sur-cnews-entre-pascal-praud-et-patrick-bloche.jpg\" alt=\"\" width=\"1140\" height=\"499\" srcset=\"https:\/\/blog.causeur.fr\/bonnetdane\/wp-content\/uploads\/sites\/25\/2017\/03\/gala-video-clash-sur-cnews-entre-pascal-praud-et-patrick-bloche.jpg 1140w, https:\/\/blog.causeur.fr\/bonnetdane\/wp-content\/uploads\/sites\/25\/2017\/03\/gala-video-clash-sur-cnews-entre-pascal-praud-et-patrick-bloche-300x131.jpg 300w, https:\/\/blog.causeur.fr\/bonnetdane\/wp-content\/uploads\/sites\/25\/2017\/03\/gala-video-clash-sur-cnews-entre-pascal-praud-et-patrick-bloche-1024x448.jpg 1024w, https:\/\/blog.causeur.fr\/bonnetdane\/wp-content\/uploads\/sites\/25\/2017\/03\/gala-video-clash-sur-cnews-entre-pascal-praud-et-patrick-bloche-500x218.jpg 500w\" sizes=\"auto, (max-width: 1140px) 100vw, 1140px\" \/><\/a>Mercredi matin, <a href=\"http:\/\/www.cnews.fr\/magazines\/lheure-des-pros\/lheure-des-pros-du-22032017-173854\">sur C News<\/a>, j\u2019en ai crois\u00e9 un beau.<br \/>\nUn tr\u00e8s beau.<br \/>\nUn qui tournera longtemps, longtemps, longtemps, apr\u00e8s qu\u2019on les aura tous mis sur orbite.<br \/>\nIl s\u2019appelle Patrick Bloche. Il est d\u00e9put\u00e9 de Paris (il n\u2019a d\u2019ailleurs rien fait d\u2019autre dans sa vie, apparemment, que de la politique), et pr\u00e9sident de la Commission des Affaires culturelles et de l\u2019Education \u00e0 l\u2019Assembl\u00e9e.<br \/>\nIl est arriv\u00e9 en retard sur le plateau, de fa\u00e7on \u00e0 ne pas avoir \u00e0 saluer quiconque, et il a commenc\u00e9 \u00e0 aboyer. \u00ab Je suis all\u00e9 dans des coll\u00e8ges, ce n\u2019est pas du tout ce que vous dites \u00bb, m\u2019a-t-il lanc\u00e9. Ah oui ? Dans le XI\u00e8me arrondissement, dont il est l\u2019\u00e9lu ?<br \/>\nIl soutient Beno\u00eet Hamon, dont la courbe vient de croiser celle de Jean-Luc M\u00e9lenchon et ne remontera pas de si t\u00f4t. Et il pense que les r\u00e9formes de Najat Vallaud-Belkacem sont une chance pour les petits Fran\u00e7ais. Les d\u00e9sh\u00e9rit\u00e9s surtout, qui le seront chaque jour davantage.<br \/>\nIl pense aussi (je m\u2019en veux quand m\u00eame \u00e0 galvauder ainsi le verbe <em>penser<\/em>) que si 40% des \u00e9l\u00e8ves entrant en Sixi\u00e8me ne savent pas orthographier correctement \u00ab le soir tombait \u00bb, c\u2019est la faute au gouvernement pr\u00e9c\u00e9dent. 2007-2012, le quinquennat maudit.<br \/>\nEn revanche, depuis 2012\u2026<br \/>\nEnfin Hollande vint.<br \/>\nEt Najat est son proph\u00e8te.<\/p>\n<p>Pascal Praud, qui animait l\u2019\u00e9mission <a href=\"http:\/\/www.rtl.fr\/actu\/societe-faits-divers\/reforme-de-la-grammaire-le-conseil-superieur-des-programmes-un-danger-public-lance-pascal-praud-7786835127\">et qui avait d\u00e9j\u00e0 eu l\u2019occasion de dire tout le bien qu\u2019il pense du \u00ab pr\u00e9dicat \u00bb<\/a>, n\u2019en est pas revenu. Voil\u00e0 que ce mister Bloche temp\u00eatait et hurlait, l\u2019accusant d\u2019\u00eatre partisan parce qu\u2019il \u00e9non\u00e7ait des v\u00e9rit\u00e9s d\u2019\u00e9vidence sur les r\u00e9formes en cours et l\u2019\u00e9tat orthographique des coll\u00e9giens \u2014 des constats que n\u2019importe quel journaliste de terrain peut faire chaque jour.<br \/>\nMais \u00e9videmment, il y aussi le journalisme fa\u00e7on <em>le Monde<\/em> ou <em>Lib\u00e9<\/em>.<br \/>\nEn fait, toute v\u00e9rit\u00e9 non conforme \u00e0 la doxa gouvernementale, toute tiss\u00e9e de mensonges, est r\u00e9put\u00e9e mensong\u00e8re. Orwell a tr\u00e8s bien expliqu\u00e9 que sous le r\u00e8gne de Big Brother, l\u2019Ignorance, c\u2019est la force. Et que 2 + 2 = 5. La d\u00e9mocrature, c&rsquo;est quand le d\u00e9ni de r\u00e9alit\u00e9 devient une fa\u00e7on de gouverner.<\/p>\n<div id=\"ligne\"><\/div>\n<p>Ainsi, COD et COI sont de droite, et Pr\u00e9dicat est de gauche. Il est dans le camp du Bien.<br \/>\nQu\u2019on se le dise.<\/p>\n<p>Comme Annie Genevard, d\u00e9put\u00e9e LR et ancienne prof de Lettres, tentait d\u2019analyser d\u2019une fa\u00e7on pos\u00e9e l\u2019\u00e9tat des lieux, Mister Bloche a bondi de nouveau. Praud, qui est bien \u00e9lev\u00e9, lui a fait remarquer qu\u2019on ne coupe pas la parole \u00e0 une dame qui avait patiemment \u00e9cout\u00e9 ses \u00e9ructations. C\u2019\u00e9tait l\u2019occasion que guettait depuis le d\u00e9but notre d\u00e9put\u00e9 parisien : il s\u2019est lev\u00e9 et a quitt\u00e9 l\u2019\u00e9mission \u2014 en stationnant quand m\u00eame assez longtemps devant les cam\u00e9ras afin d\u2019occuper l\u2019\u00e9cran de sa masse. Soci\u00e9t\u00e9 du spectacle, quand tu nous tiens\u2026<\/p>\n<p>Pourquoi tant de haine ?<br \/>\nIl en est des d\u00e9put\u00e9s de gauche comme des roquets : ils aboient parce qu\u2019ils ont peur. Les autres invit\u00e9s (Annie Genevard, d\u00e9put\u00e9 du Doubs, Jean-R\u00e9my G\u00e9rard, vice-pr\u00e9sident du SNALC, Danielle Simonnet, porte-parole de M\u00e9lenchon \u2014 qui faisait le grand \u00e9cart entre condamnation de la r\u00e9forme du coll\u00e8ge et refus du \u00ab d\u00e9clinisme \u00bb \u2014, et moi-m\u00eame qui m\u2019\u00e9tais achet\u00e9 une conduite) n\u2019\u00e9taient pas en soi des menaces. Mais Patrick Bloche a peur de ce qu\u2019il peut devenir \u2014 un ex-d\u00e9put\u00e9 d\u2019un ex-parti de gauche coul\u00e9 par son ex-premier secr\u00e9taire. Hollande a sorti Macron de sa bo\u00eete \u00e0 malices afin de ne plus avoir \u00e0 payer le loyer exorbitant de la rue de Solf\u00e9rino : le prochain congr\u00e8s du PS se tiendra dans une bo\u00eete d\u2019allumettes.<br \/>\nPeur aussi de ce qu\u2019ils sont devenus : des repoussoirs de la cause du peuple. Notez que question \u00e9ducation, cela fait longtemps qu\u2019ils l\u2019ont trahi, le peuple \u2014 en 1989 avec la loi Jospin, en 1997 avec All\u00e8gre et en 2012 avec Peillon et consorts. Bloche ne conna\u00eet, en fait de peuple, que les bobos hors sol qui l\u2019\u00e9lisent. Faudrait redescendre un peu dans la France r\u00e9elle.<\/p>\n<p>Oui, ils cr\u00e8vent de trouille. Alors, ils aboient.<br \/>\nIls en sont \u00e0 pr\u00e9dire (ou \u00e0 souhaiter) la victoire de Marine Le Pen, parce qu\u2019ils n\u2019ont plus que cet espoir-l\u00e0 pour susciter un grand \u00ab sursaut d\u00e9mocratique \u00bb savamment orchestr\u00e9 qui les portera \u00e0 nouveau au pouvoir apr\u00e8s les l\u00e9gislatives.<br \/>\nSans voir que la vraie France les vomit, les conchie et les renie.<\/p>\n<p>Pas une voix pour ces guignols ! Pas une ! Pas une voix d\u2019enseignant, au moins ! Votez pour qui vous voulez, sauf pour ces gros pleins de soupe qui veulent encore se faire cinq ans de gras ! Bloche \u00e0 nouveau, c\u2019est Vallaud-Belkacem encore. Et l\u2019\u00e9cole de France au tapis.<\/p>\n<p>J\u2019ai une pens\u00e9e \u00e9mue pour Pascal Praud, qui avait cru monter un beau d\u00e9bat d\u2019id\u00e9es, et qui n\u2019a eu droit qu\u2019aux glapissements des chiens de garde. Mais peu importe. Avec un peu de chance, dans trois mois, Mister Bloche ne sera plus qu\u2019une note de bas de page dans l\u2019histoire des cataclysmes mous.<\/p>\n<p>Jean-Paul Brighelli<\/p>\n","protected":false},"excerpt":{"rendered":"<p>Mercredi matin, sur C News, j\u2019en ai crois\u00e9 un beau. Un tr\u00e8s beau. Un qui tournera longtemps, longtemps, longtemps, apr\u00e8s qu\u2019on les aura tous mis sur orbite. Il s\u2019appelle Patrick Bloche. Il est d\u00e9put\u00e9 de Paris (il n\u2019a d\u2019ailleurs rien fait d\u2019autre dans sa vie, apparemment, que de la politique), et pr\u00e9sident de la Commission [&hellip;]<\/p>\n","protected":false},"author":6,"featured_media":0,"comment_status":"open","ping_status":"open","sticky":false,"template":"","format":"standard","meta":{"footnotes":""},"categories":[1],"tags":[1186,1184,1185,1187,1183,1182,610],"class_list":{"0":"post-1627","1":"post","2":"type-post","3":"status-publish","4":"format-standard","6":"category-non-classe","7":"tag-annie-genevard","8":"tag-danielle-simonnet","9":"tag-jean-remy-girard","10":"tag-parti-socialiste","11":"tag-pascal-praud","12":"tag-patrick-bloche","13":"tag-snalc"},"_links":{"self":[{"href":"https:\/\/blog.causeur.fr\/bonnetdane\/wp-json\/wp\/v2\/posts\/1627","targetHints":{"allow":["GET"]}}],"collection":[{"href":"https:\/\/blog.causeur.fr\/bonnetdane\/wp-json\/wp\/v2\/posts"}],"about":[{"href":"https:\/\/blog.causeur.fr\/bonnetdane\/wp-json\/wp\/v2\/types\/post"}],"author":[{"embeddable":true,"href":"https:\/\/blog.causeur.fr\/bonnetdane\/wp-json\/wp\/v2\/users\/6"}],"replies":[{"embeddable":true,"href":"https:\/\/blog.causeur.fr\/bonnetdane\/wp-json\/wp\/v2\/comments?post=1627"}],"version-history":[{"count":0,"href":"https:\/\/blog.causeur.fr\/bonnetdane\/wp-json\/wp\/v2\/posts\/1627\/revisions"}],"wp:attachment":[{"href":"https:\/\/blog.causeur.fr\/bonnetdane\/wp-json\/wp\/v2\/media?parent=1627"}],"wp:term":[{"taxonomy":"category","embeddable":true,"href":"https:\/\/blog.causeur.fr\/bonnetdane\/wp-json\/wp\/v2\/categories?post=1627"},{"taxonomy":"post_tag","embeddable":true,"href":"https:\/\/blog.causeur.fr\/bonnetdane\/wp-json\/wp\/v2\/tags?post=1627"}],"curies":[{"name":"wp","href":"https:\/\/api.w.org\/{rel}","templated":true}]}}