{"id":1634,"date":"2017-03-29T16:12:41","date_gmt":"2017-03-29T14:12:41","guid":{"rendered":"http:\/\/blog.causeur.fr\/bonnetdane\/?p=1634"},"modified":"2021-04-22T18:49:17","modified_gmt":"2021-04-22T16:49:17","slug":"le-moment-populiste","status":"publish","type":"post","link":"https:\/\/blog.causeur.fr\/bonnetdane\/le-moment-populiste-1634","title":{"rendered":"Le moment populiste"},"content":{"rendered":"<p><a href=\"http:\/\/blog.causeur.fr\/bonnetdane\/files\/2017\/03\/Capture-d\u2019\u00e9cran-2017-03-29-\u00e0-14.32.16.png\"><img loading=\"lazy\" decoding=\"async\" class=\"aligncenter size-full wp-image-1638\" src=\"http:\/\/blog.causeur.fr\/bonnetdane\/files\/2017\/03\/Capture-d\u2019\u00e9cran-2017-03-29-\u00e0-14.32.16.png\" alt=\"\" width=\"691\" height=\"385\" srcset=\"https:\/\/blog.causeur.fr\/bonnetdane\/wp-content\/uploads\/sites\/25\/2017\/03\/Capture-d\u2019\u00e9cran-2017-03-29-\u00e0-14.32.16.png 691w, https:\/\/blog.causeur.fr\/bonnetdane\/wp-content\/uploads\/sites\/25\/2017\/03\/Capture-d\u2019\u00e9cran-2017-03-29-\u00e0-14.32.16-300x167.png 300w, https:\/\/blog.causeur.fr\/bonnetdane\/wp-content\/uploads\/sites\/25\/2017\/03\/Capture-d\u2019\u00e9cran-2017-03-29-\u00e0-14.32.16-500x278.png 500w\" sizes=\"auto, (max-width: 691px) 100vw, 691px\" \/><\/a>Voil\u00e0 deux mois que j\u2019ai sur ma table <em>le Moment populiste<\/em>, d\u2019Alain de Benoist (Pierre Guillaume de Roux Editeur). Deux mois que j\u2019attends le bon moment de parler d\u2019un livre intens\u00e9ment \u00e9rudit et qui explore toutes les facettes d\u2019un mot qui pue un peu aux narines des cr\u00e9tins \u2014 sauf qu\u2019il rentre justement en gr\u00e2ce ces temps-ci.<br \/>\nPopulisme : le terme pour ma g\u00e9n\u00e9ration a \u00e9t\u00e9 longtemps associ\u00e9 \u00e0 \u00ab poujadisme \u00bb (certification <em>vintage<\/em> Pierre Poujade 1953-1958, avec r\u00e9surgence G\u00e9rard Nicoud et CIDUNATI, 1969), et ne concernait gu\u00e8re que les revendications des petits commer\u00e7ants \u2014 \u00e0 ceci pr\u00e8s que l\u2019Union Fraternit\u00e9 Fran\u00e7aise, qui obtint 52 d\u00e9put\u00e9s en 1956 (dont Jean-Marie Le Pen, r\u00e9\u00e9lu en 1958) d\u00e9passa rapidement la stricte d\u00e9fense des Beurre-\u0152ufs-Fromages.<br \/>\nPuis vint Georges Marchais, maillon indispensable pour comprendre comment un mot longtemps associ\u00e9 \u00e0 l\u2019extr\u00eame-droite a gliss\u00e9 peu \u00e0 peu sur l\u2019arc politique, au point d\u2019\u00eatre aujourd\u2019hui l\u2019\u0153il du cyclone \u00e0 partir duquel se d\u00e9finissent les politiques. \u00c0 partir duquel s\u2019est construite, surtout, \u00ab l\u2019extraordinaire d\u00e9fiance de couches de la population toujours plus larges envers les \u00ab partis de gouvernement \u00bb et la classe politique en g\u00e9n\u00e9ral, au profit de mouvements d\u2019un type nouveau \u00bb : c\u2019est l\u2019attaque du livre d\u2019Alain de Benoist \u2014 et j\u2019aimerais beaucoup qu\u2019on lui fasse gr\u00e2ce des \u00e9tiquettes <em>a priori<\/em>, dans une France qui justement, comme il l\u2019analyse fort bien, s\u2019\u00e9broue hors du marigot gauche-droite.<br \/>\nCe que des journalistes paresseux ont nomm\u00e9 le \u00ab trumpisme \u00bb (croient-ils vraiment que le peuple am\u00e9ricain qui a vot\u00e9 pour le faux blond le plus c\u00e9l\u00e8bre au monde croit en ses vertus ?) n\u2019est en fait que la mesure du \u00ab foss\u00e9 s\u00e9parant le peuple de la classe politique install\u00e9e \u00bb. Inutile donc d\u2019\u00ab accumuler les points Godwin \u00bb en criant au retour des ann\u00e9es 1930 d\u00e8s qu\u2019un mouvement politique parle au peuple : en fait, de Marine Le Pen \u00e0 Jean-Luc M\u00e9lenchon en passant par Nicolas Dupont-Aignan et tout ce qu\u2019il reste du chev\u00e8nementisme, ce sont moins les politiques qui parlent au peuple que le peuple qui parle aux politiques. Et qui m\u00eame lui crie aux oreilles.<br \/>\nA \u00e9merg\u00e9 il y a une dizaine d\u2019ann\u00e9es un populisme <em>new style<\/em>. Alain de Benoist \u00e9voque la victoire du \u00ab non \u00bb au r\u00e9f\u00e9rendum de 2005, le r\u00e9f\u00e9rendum confisqu\u00e9 par les pseudo-\u00e9lites qui nous gouvernent, droite et gauche m\u00eal\u00e9es \u2014 bien la preuve qu\u2019il n\u2019y a plus de droite ni de gauche quand il s\u2019agit de d\u00e9fendre les avantages acquis de l\u2019oligarchie au pouvoir. Je pencherais plut\u00f4t pour les \u00e9lections de 2002, o\u00f9 entre les 16,86% de Jean-Marie Le Pen (ajoutons-y les 2,34% de Bruno M\u00e9gret et sans doute les 4,23% de Jean Saint-Josse) et les 5,33% de Jean-Pierre Chev\u00e8nement de l\u2019autre c\u00f4t\u00e9 de l\u2019arc \u00e9lectoral, cela fait quand m\u00eame pr\u00e8s de 30% de voix qui ne se portaient pas sur les deux partis traditionnels qui monopolisent depuis quarante ans les chaises musicales au sommet de la R\u00e9publique.<br \/>\nMais je comprends le raisonnement d\u2019Alain de Benoist : l\u2019\u00e9lection de 2005 \u00e9tait la preuve par neuf qu\u2019une seconde oligarchie, europ\u00e9enne celle-l\u00e0, se superposait \u00e0 la vieille oligarchie fran\u00e7aise. De surcro\u00eet, le cumul des mandats \u00e9tant ce qu\u2019il est, c\u2019\u00e9tait pour ainsi dire la m\u00eame classe politique de l\u2019UMPS qui se partageait les d\u00e9pouilles \u00e9lectorales, \u00e0 Bruxelles comme \u00e0 Paris. \u00ab La droite a abandonn\u00e9 la nation, la gauche a abandonn\u00e9 le peuple \u00bb, <a href=\"http:\/\/www.lefigaro.fr\/vox\/societe\/2017\/02\/08\/31003-20170208ARTFIG00251-rencontre-avec-le-populiste-alain-de-benoist.php\">dit tr\u00e8s bien notre philosophe<\/a>, <a href=\"http:\/\/www.lefigaro.fr\/vox\/monde\/2016\/07\/31\/31002-20160731ARTFIG00107-pierre-manentles-gouvernants-ne-nous-representent-plus-ils-nous-surveillent.php\">citant Pierre Manent<\/a>. Que la Gauche ne soit plus repr\u00e9sent\u00e9e que par un quarteron de bobos parisiens \u2014 qu\u2019elle ait \u00e0 ce point rompu avec le peuple (et la candidature de Jospin en 2002 est embl\u00e9matique de cette scission) est une \u00e9vidence. Que la Droite se soit europ\u00e9anis\u00e9e, mondialis\u00e9e, et ait reni\u00e9 le bonapartisme jacobin qui caract\u00e9risait la politique gaulliste est une autre \u00e9vidence.<br \/>\nEt de citer le c\u00e9l\u00e8bre po\u00e8me de Brecht, \u00ab Die L\u00f6sung \u00bb (\u00ab la Solution \u00bb) :<br \/>\n\u00ab Ne serait-il pas<br \/>\nPlus simple alors pour le gouvernement<br \/>\nDe dissoudre le peuple<br \/>\nEt d&rsquo;en \u00e9lire un autre ? \u00bb<\/p>\n<div id=\"ligne\"><\/div>\n<p>Le populisme moderne est n\u00e9 d\u2019une absence d\u2019alternative. Rien \u00e0 voir, sinon \u00e0 la marge, avec le populisme des ann\u00e9es de plomb : il ne s\u2019agit pas de revanche (sur le trait\u00e9 de Versailles \/ les Juifs \/ les Francs-macs ou que sais-je) mais d\u2019une r\u00e9volte face \u00e0 la confiscation de tous les pouvoirs par une minorit\u00e9 qui ne se reproduit qu\u2019en pure consanguinit\u00e9. D\u2019une offense \u00e0 la \u00ab common decency \u00bb ch\u00e8re \u00e0 Orwell et \u00e0 Jean-Claude Mich\u00e9a (dont chaque livre, chaque interview fournit une occasion pour les Saint-Jean-Bouche-d\u2019or de <a href=\"http:\/\/www.liberation.fr\/debats\/2017\/02\/05\/michea-c-etait-tellement-mieux-avant_1546472\">crier \u00e0 la trahison des clercs<\/a>). Le mod\u00e8le en fait du populisme actuel n\u2019est pas 1933, mais 1788.<br \/>\nPour preuve (preuve aussi de la qualit\u00e9 des analyses d\u2019Alain de Benoist, dont je ne vais pas vous faire une lecture exhaustive, achetez-le plut\u00f4t), le virage populiste de Jean-Luc M\u00e9lenchon, qui est rh\u00e9toriquement l\u2019h\u00e9ritier de Marchais, et politiquement sur une ligne fort proche, quand on y pense un peu s\u00e9rieusement, de celle de Marine Le Pen. C&rsquo;est m\u00eame <a href=\"https:\/\/www.challenges.fr\/politique\/contre-l-europe-le-pen-melenchon-l-union-sacree-et-populiste_16015\">l&rsquo;opinion de cet imb&#8230; de Maurice Szafran<\/a>, qui \u00e9crit d\u00e9sormais dans <em>Challenges<\/em> \u2014 <em>So long, Marianne<\/em>\u2026<\/p>\n<p><a href=\"http:\/\/blog.causeur.fr\/bonnetdane\/files\/2017\/03\/Capture-d\u2019\u00e9cran-2017-03-29-\u00e0-14.09.20.png\"><img loading=\"lazy\" decoding=\"async\" class=\"aligncenter size-full wp-image-1639\" src=\"http:\/\/blog.causeur.fr\/bonnetdane\/files\/2017\/03\/Capture-d\u2019\u00e9cran-2017-03-29-\u00e0-14.09.20.png\" alt=\"\" width=\"341\" height=\"479\" srcset=\"https:\/\/blog.causeur.fr\/bonnetdane\/wp-content\/uploads\/sites\/25\/2017\/03\/Capture-d\u2019\u00e9cran-2017-03-29-\u00e0-14.09.20.png 341w, https:\/\/blog.causeur.fr\/bonnetdane\/wp-content\/uploads\/sites\/25\/2017\/03\/Capture-d\u2019\u00e9cran-2017-03-29-\u00e0-14.09.20-213x300.png 213w\" sizes=\"auto, (max-width: 341px) 100vw, 341px\" \/><\/a>Oui, oui, je sais, les futurs \u00e9lecteurs de M\u00e9lenchon se pincent le nez en lisant cette derni\u00e8re phrase. Mais ce sont les m\u00eames qui l\u2019ann\u00e9e derni\u00e8re lisaient <em>l\u2019Ere du peuple<\/em>, un titre habilement m\u00e9dit\u00e9 par le leader de la France insoumise, sans doute m\u00e9ditait-il d\u00e9j\u00e0 le slogan de sa campagne actuelle. Les m\u00eames qui d\u00e9noncent le n\u00e9potisme de toute la classe politique (et Alexis Corbi\u00e8re, le second de M\u00e9lenchon, <a href=\"http:\/\/www.europe1.fr\/emissions\/l-interview-politique-du-week-end\/alexis-corbiere-laffaire-fillon-heurte-le-moment-populiste-dans-lequel-nous-sommes-2963399\">d\u2019estimer <\/a>que \u00ab l\u2019affaire Fillon heurte le moment populiste o\u00f9 nous sommes \u00bb), les m\u00eames qui depuis quinze ans d\u00e9plorent l\u2019abandon du peuple par la gauche et \u00ab comprennent \u00bb que d\u2019anciens communistes aient vir\u00e9 FN, dans les vieux bastions du PCF \u2014 dans le Nord notamment. Les m\u00eames qui lisent avidement Christophe Guilluy (longuement interview\u00e9 ce mois-ci dans <em>El\u00e9ments<\/em>, la revue que patronne Alain de Benoist \u2014 tiens, tiens), et savent bien que Gauche et Droite m\u00e9prisent la France p\u00e9riph\u00e9rique \u2014 et d\u2019ailleurs, la France tout court.<br \/>\nAlexis Corbi\u00e8re explique donc dans l\u2019interview pr\u00e9-cit\u00e9e que le mot \u00ab populisme \u00bb fait aujourd\u2019hui d\u00e9bat, que le peuple est contre l\u2019oligarchie et le n\u00e9potisme, et que la situation actuelle est pleine d\u2019une violence potentielle qui l\u2019am\u00e8ne \u00e0 conclure \u00e0 la n\u00e9cessit\u00e9 d\u2019une Asssembl\u00e9e Constituante.<br \/>\nCher Alexis Corbi\u00e8re, je crois qu\u2019il est trop tard. Alain de Benoist analyse finement la disparition des \u00ab lendemains qui chantent \u00bb \u2014 et le r\u00f4le qu\u2019a jou\u00e9 dans la mont\u00e9e du populisme l\u2019effondrement de l\u2019utopie socialiste, \u00e0 l\u2019Est. Seule une reddition en rase campagne de Hamon donnerait du sens \u00e0 une candidature M\u00e9lenchon \u2014 mais la rue de Solf\u00e9rino maintiendra Hamon, <a href=\"http:\/\/www.lefigaro.fr\/politique\/le-scan\/2016\/10\/31\/25001-20161031ARTFIG00146-pour-le-ps-melenchon-rejoint-un-populisme-associe-a-l-extreme-droite.php\">parce qu&rsquo;ils ha\u00efssent M\u00e9lenchon, au PS<\/a>, et surtout parce qu\u2019ils r\u00eavent d\u2019une victoire de MLP, qui permettrait, croient-ils, un sursaut pro-PS aux L\u00e9gislatives et la survie des El\u00e9phants. J\u2019ai bien peur (en fait, je n\u2019ai pas peur du tout) que nous ne soyons plus en 1788, mais d\u00e9j\u00e0 en 1791. \u00c7a va mal se passer dans les urnes, et \u00e7a va finir dans la rue.<br \/>\nJe dis \u00ab \u00e7a \u00bb, exactement comme C\u00e9line au d\u00e9but du <em>Voyage au Bout de la nuit<\/em> (\u00ab \u00c7a a d\u00e9but\u00e9 comme \u00e7a \u00bb \u2014 une phrase d\u2019une fabuleuse circularit\u00e9), non pour \u00e9crire populaire, mais parce que c\u2019est le \u00c7a freudien, le refoul\u00e9 de tant de d\u00e9cennies, qui est en train de remonter. \u00c0 jouer au plus fin avec le peuple, on finit par perdre \u2014 on ne peut pas le tromper tout le temps, m\u00eame si on l\u2019a tromp\u00e9 longtemps. Voil\u00e0, \u00e7a va finir comme \u00e7a.<\/p>\n<p>Jean-Paul Brighelli<\/p>\n","protected":false},"excerpt":{"rendered":"<p>Voil\u00e0 deux mois que j\u2019ai sur ma table le Moment populiste, d\u2019Alain de Benoist (Pierre Guillaume de Roux Editeur). Deux mois que j\u2019attends le bon moment de parler d\u2019un livre intens\u00e9ment \u00e9rudit et qui explore toutes les facettes d\u2019un mot qui pue un peu aux narines des cr\u00e9tins \u2014 sauf qu\u2019il rentre justement en gr\u00e2ce [&hellip;]<\/p>\n","protected":false},"author":6,"featured_media":0,"comment_status":"open","ping_status":"open","sticky":false,"template":"","format":"standard","meta":{"footnotes":""},"categories":[1],"tags":[1188,1161,1189,1190],"class_list":{"0":"post-1634","1":"post","2":"type-post","3":"status-publish","4":"format-standard","6":"category-non-classe","7":"tag-alain-de-benoist","8":"tag-jean-luc-melenchon","9":"tag-le-moment-populiste","10":"tag-peuple"},"_links":{"self":[{"href":"https:\/\/blog.causeur.fr\/bonnetdane\/wp-json\/wp\/v2\/posts\/1634","targetHints":{"allow":["GET"]}}],"collection":[{"href":"https:\/\/blog.causeur.fr\/bonnetdane\/wp-json\/wp\/v2\/posts"}],"about":[{"href":"https:\/\/blog.causeur.fr\/bonnetdane\/wp-json\/wp\/v2\/types\/post"}],"author":[{"embeddable":true,"href":"https:\/\/blog.causeur.fr\/bonnetdane\/wp-json\/wp\/v2\/users\/6"}],"replies":[{"embeddable":true,"href":"https:\/\/blog.causeur.fr\/bonnetdane\/wp-json\/wp\/v2\/comments?post=1634"}],"version-history":[{"count":0,"href":"https:\/\/blog.causeur.fr\/bonnetdane\/wp-json\/wp\/v2\/posts\/1634\/revisions"}],"wp:attachment":[{"href":"https:\/\/blog.causeur.fr\/bonnetdane\/wp-json\/wp\/v2\/media?parent=1634"}],"wp:term":[{"taxonomy":"category","embeddable":true,"href":"https:\/\/blog.causeur.fr\/bonnetdane\/wp-json\/wp\/v2\/categories?post=1634"},{"taxonomy":"post_tag","embeddable":true,"href":"https:\/\/blog.causeur.fr\/bonnetdane\/wp-json\/wp\/v2\/tags?post=1634"}],"curies":[{"name":"wp","href":"https:\/\/api.w.org\/{rel}","templated":true}]}}