{"id":1645,"date":"2017-04-14T19:26:55","date_gmt":"2017-04-14T17:26:55","guid":{"rendered":"http:\/\/blog.causeur.fr\/bonnetdane\/?p=1645"},"modified":"2021-04-22T18:49:17","modified_gmt":"2021-04-22T16:49:17","slug":"colloque-sentimental","status":"publish","type":"post","link":"https:\/\/blog.causeur.fr\/bonnetdane\/colloque-sentimental-1645","title":{"rendered":"Colloque sentimental"},"content":{"rendered":"<p><a href=\"http:\/\/blog.causeur.fr\/bonnetdane\/files\/2017\/04\/648x415-1.jpeg\"><img loading=\"lazy\" decoding=\"async\" class=\"aligncenter size-full wp-image-1654\" src=\"http:\/\/blog.causeur.fr\/bonnetdane\/files\/2017\/04\/648x415-1.jpeg\" alt=\"\" width=\"648\" height=\"415\" srcset=\"https:\/\/blog.causeur.fr\/bonnetdane\/wp-content\/uploads\/sites\/25\/2017\/04\/648x415-1.jpeg 648w, https:\/\/blog.causeur.fr\/bonnetdane\/wp-content\/uploads\/sites\/25\/2017\/04\/648x415-1-300x192.jpg 300w, https:\/\/blog.causeur.fr\/bonnetdane\/wp-content\/uploads\/sites\/25\/2017\/04\/648x415-1-468x300.jpg 468w\" sizes=\"auto, (max-width: 648px) 100vw, 648px\" \/><\/a>C\u2019\u00e9tait l\u2019heure de l\u2019appeler. Il n\u00e9gligea la batterie t\u00e9l\u00e9phonique juste derri\u00e8re lui sur sa droite, renon\u00e7a \u00e0 l\u2019i-phone 4 cher \u00e0 son c\u0153ur dont il n\u2019avait pas pu se s\u00e9parer tout \u00e0 fait, m\u00eame apr\u00e8s avoir appris qu\u2019il \u00e9tait sur \u00e9coutes, et fouilla dans le d\u00e9sordre de papiers et de dossiers qui encombraient l\u2019\u00e9l\u00e9gant bureau Louis XV. Il eut un bref moment de panique, et remit enfin la main sur le Hoox M2, le t\u00e9l\u00e9phone ultra-s\u00e9curis\u00e9 de Bull qu\u2019Emmanuel lui avait recommand\u00e9 \u2014 plus \u00e9l\u00e9gant et bien plus pratique que le Teorem de Thal\u00e8s. Il fit glisser son doigt sur la bande de reconnaissance biom\u00e9trique, et tapa son code \u2014 MLP2017, un sigle que personne ne pouvait d\u00e9cemment le soup\u00e7onner d\u2019avoir adopt\u00e9.<br \/>\nIls avaient convenu de ne pas se voir, du jour o\u00f9 Emmanuel s\u2019\u00e9tait mis en marche. Mais ils se t\u00e9l\u00e9phonaient tous les jours, \u00e0 heure fixe, pour faire le point. C\u2019\u00e9tait pour lui un plaisir ineffable que d\u2019entendre la voix de son poulain, son fils politique, son double non boudin\u00e9. Quelles crises de rire ils s\u2019offraient tous les deux, tous les jours !<br \/>\nLe portable cryptait automatiquement les conversations. Les grandes oreilles indiscr\u00e8tes qui cherchaient \u00e0 capter, au scanner, ce qui sortait des murs \u00e9pais du Palais en seraient pour leurs frais.<\/p>\n<div id=\"ligne\"><\/div>\n<p>&#8211; Tu as lu <em>le Point<\/em> ? dit-il de but en blanc.<br \/>\n&#8211; Tu as un peu forc\u00e9, quand m\u00eame ! <a href=\"http:\/\/www.bfmtv.com\/politique\/il-n-y-a-aucun-doute-hollande-votera-macron-assure-giesbert-1142028.html\">FOG s\u2019en va claironnant partout que tu voteras pour moi<\/a> !<br \/>\nIl para\u00eet soudain plus p\u00e2le sous la lumi\u00e8re des deux grands abat-jour \u00e0 six fausses chandelles pos\u00e9s de part et d\u2019autre du grand bureau.<br \/>\n&#8211; Tu\u2026 tu n\u2019as pas aim\u00e9 ? Cette mani\u00e8re d\u00e9licate d\u2019ins\u00e9rer le mot \u00ab marche \u00bb dans ma phrase\u2026 <a href=\"http:\/\/www.konbini.com\/fr\/tendances-2\/video-francois-hollande-questions-konbini\/\">Comme lors de l\u2019interview \u00e0 Konbini<\/a>\u2026 L\u2019histoire, elle ne s\u2019arr\u00eate pas, donc il faut aller vers la marche du progr\u00e8s. \u00bb<br \/>\nUn temps.<br \/>\n&#8211; Tu es dur, Emmanuel\u2026<br \/>\nIl a, dans la mani\u00e8re de dire ces quatre syllabes, en particulier la premi\u00e8re, \u00ab aime \u00bb, quelque chose de douloureux \u2014 comme un reproche rentr\u00e9.<br \/>\n&#8211; Nous \u00e9tions convenus de ne pas afficher notre\u2026 grande complicit\u00e9 ! Je suis oblig\u00e9 maintenant de d\u00e9mentir ! Tu sais quoi ? Tu es comme le sparadrap du capitaine Haddock !<br \/>\n&#8211; Mais Emmanuel ! Tu as vendu toi-m\u00eame la m\u00e8che, <a href=\"https:\/\/www.wsj.com\/articles\/frances-hollande-casts-fate-with-ex-banker-macron-1425851639\">dans le <em>Wall Street Journal<\/em><\/a> il y a d\u00e9j\u00e0 deux ans ! Quand tu as avou\u00e9 que je t&rsquo;avais charg\u00e9 de rassurer la Finance au moment m\u00eame o\u00f9 je faisais semblant de la vitup\u00e9rer, en 2012 !<br \/>\n&#8211; Nous sommes dans le pr\u00e9sent d\u00e9sormais ! D\u00e9j\u00e0, le soutien de Manu, je m\u2019en serais pass\u00e9 \u2014 d\u2019autant que tu l\u2019as plomb\u00e9 avec <a href=\"http:\/\/www.lefigaro.fr\/elections\/presidentielles\/2017\/04\/14\/35003-20170414ARTFIG00064-selon-envoye-special-matignon-a-depense-des-milliers-d-euros-en-sondages-sur-l-image-de-valls.php\">cette histoire de sondage sur la longueur de sa m\u00e8che<\/a> ! Joli coup !<br \/>\n&#8211; Ah, tu as aim\u00e9 ? Sur <em>France 2<\/em>, ils sont bien, hein ? 50 000 euros pour savoir s\u2019il d\u00e9gage le front et si son d\u00e9faut de parall\u00e9lisme auriculaire se voit en couverture de <em>Match<\/em> ! Enfonc\u00e9, le costard de Fillon ! Et le SIG a fait semblant de refuser de donner les contenus d\u2019autres sondages \u2014 les gens penseront que ce qui est cach\u00e9 est encore plus monstrueux ! Elle peut toujours essayer de revenir en 2002, la petite tique !<br \/>\n&#8211; Comprends-moi : plus j\u2019ai l\u2019air d\u2019\u00eatre un Hollande-bis \u2014 et la couverture de <em>Causeur<\/em>, le mois dernier,<a href=\"http:\/\/blog.causeur.fr\/bonnetdane\/files\/2017\/04\/ob_98c38f_macron-causeur-w.jpg\"><img loading=\"lazy\" decoding=\"async\" class=\"alignright size-full wp-image-1653\" src=\"http:\/\/blog.causeur.fr\/bonnetdane\/files\/2017\/04\/ob_98c38f_macron-causeur-w.jpg\" alt=\"\" width=\"274\" height=\"380\" srcset=\"https:\/\/blog.causeur.fr\/bonnetdane\/wp-content\/uploads\/sites\/25\/2017\/04\/ob_98c38f_macron-causeur-w.jpg 274w, https:\/\/blog.causeur.fr\/bonnetdane\/wp-content\/uploads\/sites\/25\/2017\/04\/ob_98c38f_macron-causeur-w-216x300.jpg 216w\" sizes=\"auto, (max-width: 274px) 100vw, 274px\" \/><\/a> m\u2019a fait beaucoup de tort \u2014, et moins la droite b\u00e9ate votera pour moi ! Faire \u00e9lire aux primaires puis canarder Hamon, OK, pour faire glisser vers moi tous les vrais hollandistes, ah ah ! Mais le probl\u00e8me, c\u2019est que maintenant M\u00e9lenchon\u2026<br \/>\n&#8211; Ce connard de M\u00e9lenchon ! Ce qu\u2019il a pu me les briser, quand il \u00e9tait au PS !<br \/>\n&#8211; M\u00e9lenchon passe pour \u00eatre un recours \u00e0 gauche \u2014 et tout le PS un peu mou qui allait voter pour moi h\u00e9site, \u00e0 pr\u00e9sent\u2026 Leurs militants, qui sont moins cons ou moins crapuleux qu\u2019eux, ne les suivront pas ! Je vais avoir bonne mine, moi, avec Bayrou \u00e0 main droite et Le Foll \u00e0 main gauche \u2014 et rien derri\u00e8re !<br \/>\n&#8211; Bon, bon, j\u2019en ai un peu trop fait \u2014 c\u2019est mon d\u00e9faut majeur. Avec Davet et Lhomme, d\u00e9j\u00e0, j\u2019en avais remis plusieurs couches\u2026 Promis, je ne dis plus rien jusqu\u2019au second tour !<br \/>\n<em>Silence<\/em> \u2014 comme dans une pi\u00e8ce de Beckett.<br \/>\n&#8211; Dis-moi\u2026 C\u2019est toujours <em>MLP2017<\/em>, le code de ton Bull ?<br \/>\n&#8211; Oui \u2014 c\u2019est dr\u00f4le, hein ?<br \/>\n&#8211; Oui, tr\u00e8s dr\u00f4le. Tu es s\u00fbr qu\u2019au fond, ce n\u2019est pas \u00e7a, ton souhait r\u00e9el ? Voir \u00e9lire la blondasse ?<br \/>\n&#8211; Ecoute\u2026 Imagine que \u00e7a ne marche pas \u2014 et quand je dis \u00ab marche \u00bb, h\u00e9 h\u00e9\u2026<br \/>\n&#8211; Tu as des infos que je n\u2019ai pas ?<br \/>\n&#8211; Quatre candidats dans un mouchoir ! C\u2019est ce que disent les RG. Eux, ils ne travaillent pas pour la t\u00e9l\u00e9, ils n\u2019oublient pas la fourchette d\u2019incertitude ! 23% pour toi, 20 pour Fillon et pour M\u00e9lenchon, rajoute et \u00f4te 2,8 de part et d\u2019autre, te voil\u00e0 \u00e0 21,2 et l\u2019un ou l\u2019autre des deux suivants est \u00e0 22,8\u2026 Et la Marine caracolera en t\u00eate !<br \/>\n&#8211; Je ne te savais pas si dou\u00e9 en maths ! Et alors ?<br \/>\n&#8211; Bref\u2026 Imagine que tu arrives troisi\u00e8me \u2014 derri\u00e8re M\u00e9lenchon, ou m\u00eame derri\u00e8re Fillon\u2026 S\u2019ils sont \u00e9lus, l\u2019un ou l\u2019autre, nous sommes balay\u00e9s pour cinq ans au moins. M\u00e9lenchon fera du M\u00e9lenchon, c\u2019est-\u00e0-dire n\u2019importe quoi, Fillon fera de la droite classique, ils ne nous laisseront pas m\u00eame les miettes ! Mais si tu ne passes pas au premier tour\u2026<br \/>\n&#8211; Eh bien ?<br \/>\n&#8211; On croisera les doigts en esp\u00e9rant que la Marine passera. En convainquant la droite classique de ne pas voter pour M\u00e9lenchon \u2014 et puis apr\u00e8s on d\u00e9noncera la rupture du \u00ab pacte r\u00e9publicain \u00bb ! Ou en sugg\u00e9rant \u00e0 la gauche de ne pas appuyer Fillon. Elle peut passer, si je m\u2019en occupe ! Et dans la semaine, je t\u2019organise quelques manifs spectaculaires dans le genre \u00ab refus du fascisme \u00bb, dix millions de sans-dents dans la rue, on se d\u00e9brouille pour que \u00e7a d\u00e9rape s\u00e9rieux, que les flics interviennent, de toute fa\u00e7on ils votent pour elle au moins \u00e0 50%, ils adoreront casser du gaucho \u2014 et dans la foul\u00e9e on fait un raz-de-mar\u00e9e aux L\u00e9gislatives, et on reprend le pouvoir \u2014 et tu es Premier ministre ! Hein ! Qu\u2019en penses-tu ?<br \/>\n&#8211; Gagnant-gagnant, quoi ! Moi ou elle, \u00e7a reste toi !<br \/>\n&#8211; Ah, c\u2019est comme l\u2019Institut Montaigne \u2014 deux fers au feu, toi et Fillon. Et ne me dis pas non, moi, j\u2019ai mes sources ! Jean-Pierre me tient au courant ! Gagnant-gagnant, comme tu dis. Mais je pr\u00e9f\u00e8rerais que ce soit toi !<br \/>\n&#8211; Ah quand m\u00eame !<br \/>\n<em>Silence<\/em>.<br \/>\n&#8211; Tu es trop fort, dit Emmanuel.<br \/>\nTon mi-ch\u00e8vre, mi-chou.<br \/>\n<em>Silence<\/em>.<br \/>\n&#8211; Tu me manques, dit l\u2019autre.<\/p>\n<p>Jean-Paul Brighelli<\/p>\n","protected":false},"excerpt":{"rendered":"<p>C\u2019\u00e9tait l\u2019heure de l\u2019appeler. Il n\u00e9gligea la batterie t\u00e9l\u00e9phonique juste derri\u00e8re lui sur sa droite, renon\u00e7a \u00e0 l\u2019i-phone 4 cher \u00e0 son c\u0153ur dont il n\u2019avait pas pu se s\u00e9parer tout \u00e0 fait, m\u00eame apr\u00e8s avoir appris qu\u2019il \u00e9tait sur \u00e9coutes, et fouilla dans le d\u00e9sordre de papiers et de dossiers qui encombraient l\u2019\u00e9l\u00e9gant bureau [&hellip;]<\/p>\n","protected":false},"author":6,"featured_media":0,"comment_status":"open","ping_status":"open","sticky":false,"template":"","format":"standard","meta":{"footnotes":""},"categories":[1],"tags":[1195,1095,523,1197,1196,252,654],"class_list":{"0":"post-1645","1":"post","2":"type-post","3":"status-publish","4":"format-standard","6":"category-non-classe","7":"tag-emmanuel","8":"tag-fillon","9":"tag-francois","10":"tag-hoox-m2","11":"tag-manuel","12":"tag-marine-le-pen","13":"tag-melenchon"},"_links":{"self":[{"href":"https:\/\/blog.causeur.fr\/bonnetdane\/wp-json\/wp\/v2\/posts\/1645","targetHints":{"allow":["GET"]}}],"collection":[{"href":"https:\/\/blog.causeur.fr\/bonnetdane\/wp-json\/wp\/v2\/posts"}],"about":[{"href":"https:\/\/blog.causeur.fr\/bonnetdane\/wp-json\/wp\/v2\/types\/post"}],"author":[{"embeddable":true,"href":"https:\/\/blog.causeur.fr\/bonnetdane\/wp-json\/wp\/v2\/users\/6"}],"replies":[{"embeddable":true,"href":"https:\/\/blog.causeur.fr\/bonnetdane\/wp-json\/wp\/v2\/comments?post=1645"}],"version-history":[{"count":0,"href":"https:\/\/blog.causeur.fr\/bonnetdane\/wp-json\/wp\/v2\/posts\/1645\/revisions"}],"wp:attachment":[{"href":"https:\/\/blog.causeur.fr\/bonnetdane\/wp-json\/wp\/v2\/media?parent=1645"}],"wp:term":[{"taxonomy":"category","embeddable":true,"href":"https:\/\/blog.causeur.fr\/bonnetdane\/wp-json\/wp\/v2\/categories?post=1645"},{"taxonomy":"post_tag","embeddable":true,"href":"https:\/\/blog.causeur.fr\/bonnetdane\/wp-json\/wp\/v2\/tags?post=1645"}],"curies":[{"name":"wp","href":"https:\/\/api.w.org\/{rel}","templated":true}]}}