{"id":1652,"date":"2017-04-18T09:49:03","date_gmt":"2017-04-18T07:49:03","guid":{"rendered":"http:\/\/blog.causeur.fr\/bonnetdane\/?p=1652"},"modified":"2021-04-22T18:49:17","modified_gmt":"2021-04-22T16:49:17","slug":"and-the-winner-is","status":"publish","type":"post","link":"https:\/\/blog.causeur.fr\/bonnetdane\/and-the-winner-is-1652","title":{"rendered":"And the winner is\u2026"},"content":{"rendered":"<p>Fini de rire. Il faut se d\u00e9cider.<br \/>\nEt je me suis personnellement d\u00e9cid\u00e9 en fonction des politiques \u00e9ducatives envisag\u00e9es par les diff\u00e9rents candidats.<br \/>\n\u00ab Mais vous \u00eates donc aveugle aux questions \u00e9conomiques ? Au ch\u00f4mage de masse ? \u00c0 la dissolution de la nation dans l\u2019europ\u00e9anisation, la mondialisation, le March\u00e9 divinis\u00e9 ? \u00bb<br \/>\n\u00ab Et les questions de s\u00e9curit\u00e9, alors ? L\u2019immigration sauvage ? Et\u2026 \u00bb<\/p>\n<p>J\u2019adore la valse des milliards que nous promettent la plupart des candidats. Ils iront les p\u00eacher o\u00f9, leurs milliards ? Depuis 1973, depuis que Pompidou \u2014 un autre ex-employ\u00e9 de la banque Rothschild \u2014 a accept\u00e9 que la France ne puisse faire fonctionner sa planche \u00e0 billets et s\u2019auto-financer, depuis que nous sommes pieds et poings li\u00e9s devant les diktats des banques priv\u00e9es, nous n\u2019avons d\u2019argent que si les grands financiers internationaux le d\u00e9cident.<br \/>\n\u00ab Il suffira d\u2019emprunter ! Nous sommes solvables, \u00e0 long terme ! \u00bb<br \/>\nPas du tout. Si vous voulez savoir ce qui nous pend au nez, jetez un \u0153il sur <a href=\"http:\/\/www.latribune.fr\/economie\/union-europeenne\/grece-le-piege-de-wolfgang-schauble-se-referme-638180.html\">ce que Wolfgang Scha\u00fcble a fait \u00e0 la Gr\u00e8ce<\/a> \u2014 le pi\u00e8ge dont les m\u00e2choires se referment, ces jours-ci. Ces salopards veulent une Europe \u00e0 deux vitesses \u2014 et nous ne serons pas en t\u00eate. Tout comme ils ont fait une \u00e9cole \u00e0 deux vitesses. L&rsquo;Ecole du Protocole de Lisbonne avait pour fonction de r\u00e9duire la nation. Les programmes des europ\u00e9anistes ont pour fonction de l&rsquo;\u00e9liminer.<br \/>\nL\u2019argent, le nerf de la guerre\u2026 Ben oui : Hollande a tr\u00e9buch\u00e9 l\u00e0-dessus d\u00e8s son entr\u00e9e en fonction. C\u2019est pour \u00e7a \u2014 et uniquement pour \u00e7a \u2014 que les socialistes se sont lanc\u00e9s dans des r\u00e9formes soci\u00e9tales sans impact financier. Parce qu\u2019ils ne pouvaient pas se lancer dans quoi que ce soit d\u2019autre. Le mariage pour tous, les \u00ab rythmes scolaires \u00bb, la r\u00e9forme du coll\u00e8ge, la loi Travail\u2026 Du vent \u2014 avec de petites \u00e9conomies en perspective.<br \/>\nEt un b\u00e9n\u00e9fice \u00e9lectoral conforme aux plans de Terra Nova. Faire plaisir aux bobos gays du Marais. Accabler le prol\u00e9tariat \u2014 parce qu\u2019il y a toujours un prol\u00e9tariat, et m\u00eame de plus en plus. Faire semblant de s\u2019occuper des pauvres, et des pauvres en esprit \u2014 et les accabler dans les faits. Et avec \u00e7a ils comptent sur le vote immigr\u00e9 !<\/p>\n<p>Aucun candidat ne pourra op\u00e9rer d\u2019autres r\u00e9formes que celles qui ne co\u00fbteront rien, ou pas grand-chose.<\/p>\n<div id=\"ligne\"><\/div>\n<p>Par exemple, l\u2019\u00e9cole. L&rsquo;\u00e9cole, sous un certain angle, \u00e7a ne co\u00fbte rien de la r\u00e9former. Autant en profiter.<br \/>\nRevenir, au moins dans un premier temps, aux programmes de 2008 serait indolore. Les manuels existent, il en est m\u00eame de bons.<br \/>\nD\u00e9cider de d\u00e9doubler la section S pour d\u00e9gager une vraie fili\u00e8re scientifique ne co\u00fbtera rien \u2014 ou pas grand-chose : quelques heures de cours de plus, c\u2019est secondaire. Il suffit de les financer en coupant le robinet \u00e0 subventions qui arrose des organisations p\u00e9dagos dont l\u2019objectif commun est la d\u00e9sorganisation de la nation. Ou en remettant devant des classes ces merveilleux didacticiens qui font perdre leur temps aux stagiaires dans les ESPE \u2014 puisqu&rsquo;ils sont si malins et si bons p\u00e9dagogues\u2026<br \/>\nD\u2019ailleurs, autant fermer les ESPE, et demander aux enseignants-praticiens en exercice \u2014 les bons \u2014 de former gracieusement leurs coll\u00e8gues. Ils adoreront \u00e7a.<br \/>\nComme il ne co\u00fbtera rien de d\u00e9cr\u00e9ter la tol\u00e9rance z\u00e9ro, et la remise au travail de tout le monde. Ou de tirer un trait sur cette grande escroquerie que fut le coll\u00e8ge unique \u2014 est-ce qu\u2019un seul prof \u00ab de gauche \u00bb a r\u00e9fl\u00e9chi \u00e0 ce qui avait d\u00e9cid\u00e9 Haby et Giscard \u00e0 imposer le coll\u00e8ge unique ? Mais pensent-ils encore, les profs de gauche ?<br \/>\nIl faudrait augmenter de fa\u00e7on sensible les salaires \u2014 au moins les salaires de d\u00e9part. Ne r\u00eavez pas : \u00e7a ne se fera pas. De la m\u00eame fa\u00e7on, on ne recrutera pas des dizaines de milliers d\u2019enseignants \u2014 Hollande ne l\u2019a pas fait, quoi qu\u2019il dise, parce que les volontaires ne se pressent pas \u2014 et qu\u2019il est parfaitement inutile de recruter \u00e0 la va-vite des gens qui n\u2019auront pas le niveau requis : on tient ses classes, entre autres, parce qu\u2019on domine totalement sa discipline, et o\u00f9 voyez-vous que des \u00e9tudiants de M1 (surtout quand il s\u2019agit de ces merveilleux MEEF, ces masters d\u2019enseignement \u00e0 grande base de didactique prodigu\u00e9s \/ impos\u00e9s par les ESPE) aient un niveau disciplinaire suffisant ? D\u00e9missionneraient-ils en masse comme ils le font d\u00e8s l\u2019ann\u00e9e de stage s\u2019ils se sentaient bien pr\u00e9par\u00e9s ?<br \/>\nEn modifiant les programmes intelligemment, en \u00e9vacuant toutes ces heures perdues \u00e0 effectuer des EPI et autres plaisanteries p\u00e9dagogiques, on peut d\u00e9gager des heures pour d\u00e9doubler les classes les plus faibles, et multiplier par deux les heures des mati\u00e8res fondamentales \u2014 \u00e0 commencer par l\u2019apprentissage syst\u00e9matique de la langue, sans laquelle\u2026<br \/>\nIl faut sonner le tocsin, au niveau de l\u2019enseignement \u2014 et ce n\u2019est pas en saupoudrant le syst\u00e8me d\u2019aum\u00f4nes, comme le voudraient certains syndicats, que l\u2019on remontera le niveau, qui est, comme le moral, dans les chaussettes.<br \/>\nD\u2019ailleurs, les syndicats doivent contribuer \u00e0 l\u2019effort en se passant de subventions \u2014 r\u00e9elles ou d\u00e9guis\u00e9es sous la forme de permanents pay\u00e9s \u00e0 faire du syndicalisme. Et les parents doivent redevenir des parents \u2014 pas des officines financ\u00e9es pour imposer des vues p\u00e9dagogiques h\u00e9rit\u00e9es de Meirieu et de ses disciples.<br \/>\nOn peut en trois mois imposer des r\u00e9formes qui ne co\u00fbteront rien \u2014 sinon un peu d\u2019explication. On a des IPR pour \u00e7a. Ils ont pass\u00e9 un an \u00e0 expliquer la r\u00e9forme de Najat. Ils passeront quelques mois \u00e0 expliquer qu\u2019il faut faire machine arri\u00e8re \u2014 avant que les profs soient all\u00e9s de l\u2019avant.<br \/>\nEt croyez-moi : on peut le faire parce qu\u2019on ne pourra pas faire autre chose.<\/p>\n<p>Alors, qui ?<a href=\"http:\/\/blog.causeur.fr\/bonnetdane\/files\/2017\/04\/nicolas-dupont-aignan-la-solution-fillon-ne-marche-pas_0.jpg\"><img loading=\"lazy\" decoding=\"async\" class=\"aligncenter size-medium wp-image-1657\" src=\"http:\/\/blog.causeur.fr\/bonnetdane\/files\/2017\/04\/nicolas-dupont-aignan-la-solution-fillon-ne-marche-pas_0-300x168.jpg\" alt=\"\" width=\"300\" height=\"168\" srcset=\"https:\/\/blog.causeur.fr\/bonnetdane\/wp-content\/uploads\/sites\/25\/2017\/04\/nicolas-dupont-aignan-la-solution-fillon-ne-marche-pas_0-300x168.jpg 300w, https:\/\/blog.causeur.fr\/bonnetdane\/wp-content\/uploads\/sites\/25\/2017\/04\/nicolas-dupont-aignan-la-solution-fillon-ne-marche-pas_0-500x281.jpg 500w, https:\/\/blog.causeur.fr\/bonnetdane\/wp-content\/uploads\/sites\/25\/2017\/04\/nicolas-dupont-aignan-la-solution-fillon-ne-marche-pas_0.jpg 640w\" sizes=\"auto, (max-width: 300px) 100vw, 300px\" \/><\/a><a href=\"http:\/\/blog.causeur.fr\/bonnetdane\/files\/2017\/04\/fillion.jpg\"><img loading=\"lazy\" decoding=\"async\" class=\"aligncenter size-medium wp-image-1658\" src=\"http:\/\/blog.causeur.fr\/bonnetdane\/files\/2017\/04\/fillion-300x200.jpg\" alt=\"\" width=\"300\" height=\"200\" srcset=\"https:\/\/blog.causeur.fr\/bonnetdane\/wp-content\/uploads\/sites\/25\/2017\/04\/fillion-300x200.jpg 300w, https:\/\/blog.causeur.fr\/bonnetdane\/wp-content\/uploads\/sites\/25\/2017\/04\/fillion-450x300.jpg 450w, https:\/\/blog.causeur.fr\/bonnetdane\/wp-content\/uploads\/sites\/25\/2017\/04\/fillion.jpg 630w\" sizes=\"auto, (max-width: 300px) 100vw, 300px\" \/><\/a><a href=\"http:\/\/blog.causeur.fr\/bonnetdane\/files\/2017\/04\/Capture-d\u2019\u00e9cran-2017-04-18-\u00e0-09.30.18.png\"><img loading=\"lazy\" decoding=\"async\" class=\"aligncenter size-medium wp-image-1659\" src=\"http:\/\/blog.causeur.fr\/bonnetdane\/files\/2017\/04\/Capture-d\u2019\u00e9cran-2017-04-18-\u00e0-09.30.18-300x172.png\" alt=\"\" width=\"300\" height=\"172\" srcset=\"https:\/\/blog.causeur.fr\/bonnetdane\/wp-content\/uploads\/sites\/25\/2017\/04\/Capture-d\u2019\u00e9cran-2017-04-18-\u00e0-09.30.18-300x172.png 300w, https:\/\/blog.causeur.fr\/bonnetdane\/wp-content\/uploads\/sites\/25\/2017\/04\/Capture-d\u2019\u00e9cran-2017-04-18-\u00e0-09.30.18-500x286.png 500w, https:\/\/blog.causeur.fr\/bonnetdane\/wp-content\/uploads\/sites\/25\/2017\/04\/Capture-d\u2019\u00e9cran-2017-04-18-\u00e0-09.30.18.png 694w\" sizes=\"auto, (max-width: 300px) 100vw, 300px\" \/><\/a><a href=\"http:\/\/blog.causeur.fr\/bonnetdane\/files\/2017\/04\/648x415_jean-luc-melenchon-invite-emission-politique-23-fevrier-2017.jpg\"><img loading=\"lazy\" decoding=\"async\" class=\"aligncenter size-medium wp-image-1660\" src=\"http:\/\/blog.causeur.fr\/bonnetdane\/files\/2017\/04\/648x415_jean-luc-melenchon-invite-emission-politique-23-fevrier-2017-300x192.jpg\" alt=\"\" width=\"300\" height=\"192\" srcset=\"https:\/\/blog.causeur.fr\/bonnetdane\/wp-content\/uploads\/sites\/25\/2017\/04\/648x415_jean-luc-melenchon-invite-emission-politique-23-fevrier-2017-300x192.jpg 300w, https:\/\/blog.causeur.fr\/bonnetdane\/wp-content\/uploads\/sites\/25\/2017\/04\/648x415_jean-luc-melenchon-invite-emission-politique-23-fevrier-2017-468x300.jpg 468w, https:\/\/blog.causeur.fr\/bonnetdane\/wp-content\/uploads\/sites\/25\/2017\/04\/648x415_jean-luc-melenchon-invite-emission-politique-23-fevrier-2017.jpg 648w\" sizes=\"auto, (max-width: 300px) 100vw, 300px\" \/><\/a>Quand on compare les programmes (<a href=\"https:\/\/www.u-cergy.fr\/fr\/laboratoires\/ema\/recherche\/ema-techedulab\/le-magazine-de-l-education.html\">ce qu\u2019a excellemment fait une \u00e9quipe de p\u00e9dagos de Cergy<\/a>, il suffit de prendre leurs conclusions et de les renverser), il nous reste, par ordre alphab\u00e9tique, <a href=\"http:\/\/www.nda-2017.fr\/theme\/instruction-publique\">Dupont-Aignan<\/a>, <a href=\"https:\/\/www.fillon2017.fr\/projet\/education\/\">Fillon<\/a>, Le Pen <a href=\"https:\/\/blogs.mediapart.fr\/jchouelfreefr\/blog\/260916\/les-projets-de-marine-le-pen-sur-leducation-une-vision-de-cauchemar\">(ce sont encore ses adversaires qui en parlent le mieux<\/a>), et peut-\u00eatre M\u00e9lenchon : je me base pour ce dernier sur <a href=\"http:\/\/blog.educpros.fr\/Jean-Michel-Zakhartchouk\/2017\/04\/17\/une-ecole-pas-tres-insoumise-a-propos-du-programme-educatif-de-jean-luc-melenchon\/\">les critiques qu\u2019il essuie de la part de socialos p\u00e9dagos bon teint, ainsi l\u2019inf\u00e2me Zakhartchouk<\/a>, qui a si fort contribu\u00e9 aux programmes Najat et au pr\u00e9dicat-roi.<br \/>\nMacron ou Hamon, c\u2019est la continuation sans faille de la politique des quinze derni\u00e8res ann\u00e9es. Nous avons touch\u00e9 le fond, mais ils creusent encore.<br \/>\nJe ne parle m\u00eame pas de Poutou, qui a la faveur de l\u2019establishment p\u00e9dago \u2014 on en aurait, du vivre-ensemble avec toutes les filles voil\u00e9es de la terre !<\/p>\n<p>Reste \u00e0 pr\u00e9sent \u00e0 d\u00e9terminer qui a une chance de l\u2019emporter dans trois semaines. Qui aura donc l\u2019opportunit\u00e9 de mettre en \u0153uvre quelques-unes des r\u00e9formes de surface pr\u00e9conis\u00e9es ci-dessus \u2014 \u00e9tant entendu que personne n\u2019aura l\u2019occasion de faire davantage, quoi que pr\u00e9tendent les uns et les autres. Faites votre march\u00e9. Nous ne gagnerons qu\u2019une capacit\u00e9 limit\u00e9e \u00e0 gouverner \u2014 et dans certains cas, une \u00e9cole selon notre c\u0153ur.<\/p>\n<p>Ou alors, on lance un appel \u00e0 l\u2019insurrection et \u00e0 une seconde r\u00e9volution fran\u00e7aise. Mais si le foot et TF1 avaient exist\u00e9 en 1789, Louis XVI aurait-il fini chez la Veuve ?<br \/>\nNotez que je crois vraiment que l\u2019\u00e9meute attend patiemment les L\u00e9gislatives, et le chaos probable qui en sortira \u2014 parce qu\u2019il n\u2019y aura pas cette fois d\u2019accord \u00ab r\u00e9publicain \u00bb \u2014 quelle blague ! Juste des app\u00e9tits qui se d\u00e9chireront pour les meilleures places. Et \u00e0 l\u2019arriv\u00e9e, un pays ingouvernable.<br \/>\nDois-je avouer que je ne pleurerai pas ?<\/p>\n<p>Jean-Paul Brighelli<\/p>\n","protected":false},"excerpt":{"rendered":"<p>Fini de rire. Il faut se d\u00e9cider. Et je me suis personnellement d\u00e9cid\u00e9 en fonction des politiques \u00e9ducatives envisag\u00e9es par les diff\u00e9rents candidats. \u00ab Mais vous \u00eates donc aveugle aux questions \u00e9conomiques ? Au ch\u00f4mage de masse ? \u00c0 la dissolution de la nation dans l\u2019europ\u00e9anisation, la mondialisation, le March\u00e9 divinis\u00e9 ? \u00bb \u00ab Et [&hellip;]<\/p>\n","protected":false},"author":6,"featured_media":0,"comment_status":"open","ping_status":"open","sticky":false,"template":"","format":"standard","meta":{"footnotes":""},"categories":[1],"tags":[655,17,1095,154,654],"class_list":{"0":"post-1652","1":"post","2":"type-post","3":"status-publish","4":"format-standard","6":"category-non-classe","7":"tag-dupont-aignan","8":"tag-ecole","9":"tag-fillon","10":"tag-le-pen","11":"tag-melenchon"},"_links":{"self":[{"href":"https:\/\/blog.causeur.fr\/bonnetdane\/wp-json\/wp\/v2\/posts\/1652","targetHints":{"allow":["GET"]}}],"collection":[{"href":"https:\/\/blog.causeur.fr\/bonnetdane\/wp-json\/wp\/v2\/posts"}],"about":[{"href":"https:\/\/blog.causeur.fr\/bonnetdane\/wp-json\/wp\/v2\/types\/post"}],"author":[{"embeddable":true,"href":"https:\/\/blog.causeur.fr\/bonnetdane\/wp-json\/wp\/v2\/users\/6"}],"replies":[{"embeddable":true,"href":"https:\/\/blog.causeur.fr\/bonnetdane\/wp-json\/wp\/v2\/comments?post=1652"}],"version-history":[{"count":0,"href":"https:\/\/blog.causeur.fr\/bonnetdane\/wp-json\/wp\/v2\/posts\/1652\/revisions"}],"wp:attachment":[{"href":"https:\/\/blog.causeur.fr\/bonnetdane\/wp-json\/wp\/v2\/media?parent=1652"}],"wp:term":[{"taxonomy":"category","embeddable":true,"href":"https:\/\/blog.causeur.fr\/bonnetdane\/wp-json\/wp\/v2\/categories?post=1652"},{"taxonomy":"post_tag","embeddable":true,"href":"https:\/\/blog.causeur.fr\/bonnetdane\/wp-json\/wp\/v2\/tags?post=1652"}],"curies":[{"name":"wp","href":"https:\/\/api.w.org\/{rel}","templated":true}]}}