{"id":1664,"date":"2017-05-03T15:37:05","date_gmt":"2017-05-03T13:37:05","guid":{"rendered":"http:\/\/blog.causeur.fr\/bonnetdane\/?p=1664"},"modified":"2021-04-22T18:49:17","modified_gmt":"2021-04-22T16:49:17","slug":"fascisme-dur-fascisme-mou","status":"publish","type":"post","link":"https:\/\/blog.causeur.fr\/bonnetdane\/fascisme-dur-fascisme-mou-1664","title":{"rendered":"Fascisme dur, fascisme mou"},"content":{"rendered":"<p>Les noms d\u2019oiseaux volent bas depuis quelques jours. Voter MLP, ce serait donc voter fasciste. Ou mieux : nazi. \u00c0 point Godwin, point Godwin et demi. Et voter blanc c&rsquo;est tout pareil \u2014 un demi-point de mieux !<br \/>\nClaude Rochet, qui a fait une brillante carri\u00e8re dans le priv\u00e9 et dans le public, professeur des universit\u00e9s et vieux sp\u00e9cialiste du fascisme fran\u00e7ais,<a href=\"http:\/\/claude-rochet.fr\/de-la-nature-du-fascisme\/\"> a beau expliquer dans une tribune rigoureuse<\/a> ce qu\u2019est le fascisme, et comment le vrai fascisme a toujours \u00e9t\u00e9 du c\u00f4t\u00e9 des puissances \u00e9conomiques, c\u2019est sur Marine Le Pen que l\u2019on s\u2019acharne. Et mieux que cela : sur tous ceux qui n\u2019appellent pas \u00e0 voter pour son adversaire. M\u00e9lenchon, tu n\u2019as pas honte d\u2019\u00eatre fasciste ?<br \/>\nPourtant, comme le souligne mon ami Jacques Sapir analysant le programme de MLP, \u00ab la d\u00e9cence devrait obliger cette m\u00eame meute de reconna\u00eetre qu\u2019il n\u2019y a rien de \u00ab fasciste \u00bb ni dans son programme ni dans le comportement de son mouvement. O\u00f9 sont donc les milices arm\u00e9es qui tiendraient les rues ? Depuis des ann\u00e9es, elles viennent d\u2019une toute autre mouvance que le FN. A pr\u00e9tendre que le FN est \u00ab antir\u00e9publicain \u00bb on s\u2019expose de plus \u00e0 une contradiction \u00e9vidente : si ce mouvement fait courir un danger \u00e0 la R\u00e9publique, il devrait \u00eatre interdit et ses responsables emprisonn\u00e9s. Si tel n\u2019est pas le cas, c\u2019est que ce parti n\u2019est pas un danger pour la R\u00e9publique. A vouloir se draper dans l\u2019Histoire, cette meute journalistique et \u00e9crivassi\u00e8re se prend les pieds dans le tapis. Le programme d\u00e9fendu par Mme Marine le Pen est un programme populiste, avec ses bons mais aussi ses mauvais c\u00f4t\u00e9s. C\u2019est un programme souverainiste, m\u00eame s\u2019il n\u2019est pas exempt de d\u00e9rapages, comme sur la question du droit du sol et de la protection sociale. On peut le contester, on peut m\u00eame le r\u00e9prouver. Mais, en faire un \u00e9pouvantail est d\u2019un ridicule achev\u00e9. Non, nous ne sommes pas dans l\u2019Allemagne de 1933. Nous ne sommes m\u00eame plus dans la France de 2002. Les choses ont profond\u00e9ment chang\u00e9, sauf peut-\u00eatre l\u2019inconscience crasse de cette meute bavante qui nous rejoue la m\u00eame partition qu\u2019elle nous avait jou\u00e9e lors du r\u00e9f\u00e9rendum de 2005. Et, il faut le souligner, elle avait \u00e9t\u00e9 battue \u00e0 l\u2019\u00e9poque ! \u00bb<br \/>\nJe suis loin d&rsquo;approuver moi-m\u00eame tout le programme de Marine Le Pen. Par exemple, ne pas vouloir scolariser aux frais de la R\u00e9publique les enfants de migrants est une grosse bourde : il faut les sur-scolariser, et deux fois plut\u00f4t qu&rsquo;une, et leur apprendre la langue fran\u00e7aise qui sera leur vraie patrie, et \u00e0 travers eux scolariser leurs parents. Mais ce sera facile, dans les classes d\u00e9doubl\u00e9es que nous promet Macron.<\/p>\n<div id=\"ligne\"><\/div>\n<p>Que je sache, ce ne sont pas les fascistes qui, le 1er mai, tentent de faire br\u00fbler les policiers \u2014 <a href=\"http:\/\/www.sudouest.fr\/2017\/05\/03\/policier-grievement-brule-une-section-de-la-cgt-ironise-sur-le-poulet-grille-3412996-7.php\">et s\u2019en r\u00e9jouissent. C\u2019est une section CGT<\/a> \u2014 d\u00e9savou\u00e9e par Martinez, l\u00e9g\u00e8rement d\u00e9bord\u00e9 par ses troupes. \u00c0 noter que Hollande ne s\u2019est pas rendu au chevet du policier le plus gravement atteint \u2014 il a trop \u00e0 faire \u00e0 exhorter ses troupes \u00e0 voter Macron. Le marionnettiste est sorti de son cagibi \u00e9lys\u00e9en.<a href=\"http:\/\/blog.causeur.fr\/bonnetdane\/files\/2017\/05\/Capture-d\u2019\u00e9cran-2017-05-03-\u00e0-14.55.43.png\"><img loading=\"lazy\" decoding=\"async\" class=\"aligncenter size-full wp-image-1668\" src=\"http:\/\/blog.causeur.fr\/bonnetdane\/files\/2017\/05\/Capture-d\u2019\u00e9cran-2017-05-03-\u00e0-14.55.43.png\" alt=\"\" width=\"319\" height=\"271\" srcset=\"https:\/\/blog.causeur.fr\/bonnetdane\/wp-content\/uploads\/sites\/25\/2017\/05\/Capture-d\u2019\u00e9cran-2017-05-03-\u00e0-14.55.43.png 319w, https:\/\/blog.causeur.fr\/bonnetdane\/wp-content\/uploads\/sites\/25\/2017\/05\/Capture-d\u2019\u00e9cran-2017-05-03-\u00e0-14.55.43-300x254.png 300w\" sizes=\"auto, (max-width: 319px) 100vw, 319px\" \/><\/a>Oui, le vrai fascisme a toujours \u00e9t\u00e9 du c\u00f4t\u00e9 des puissants \u2014 il n\u2019est populiste que dans ses moyens. Aude Lancelin <a href=\"https:\/\/audelancelin.com\/2017\/04\/20\/emmanuel-macron-un-putsch-du-cac-40\/\">a dress\u00e9 un \u00e9tat enfin lucide de la presse fran\u00e7aise<\/a>, sid\u00e9r\u00e9e, ch\u00e8re \u00e2me, de ce que la quasi-totalit\u00e9 des m\u00e9dias soutienne Toufriquet. Ce qui met la France, au palmar\u00e8s de Reporters sans fronti\u00e8res, au 45\u00e8me rang, \u00ab quelque part entre le Botswana et la Roumanie \u00bb, ajoute la journaliste. Et de pr\u00e9ciser: \u00ab Le tout \u00e0 cause, contentons-nous de citer l\u2019organisme international sur ce point, \u00ab d\u2019une poign\u00e9e d\u2019hommes d\u2019affaires ayant des int\u00e9r\u00eats ext\u00e9rieurs au champ des m\u00e9dias qui ont fini par poss\u00e9der la grande majorit\u00e9 des m\u00e9dias priv\u00e9s \u00e0 vocation nationale. \u00bb Jamais une situation pareille de mainmise quasi totale sur la presse ne s\u2019\u00e9tait vue en France depuis 1945. \u00bb<br \/>\nOui, le vrai fascisme n\u2019est pas dans une r\u00e9surgence d\u2019Auschwitz \u2014 il faut toute la rh\u00e9torique \u00e9chevel\u00e9e d\u2019Arno Klarsfeld pour oser le dire<a href=\"http:\/\/blog.causeur.fr\/bonnetdane\/files\/2017\/05\/Capture-d\u2019\u00e9cran-2017-05-03-\u00e0-15.21.45.png\"><img loading=\"lazy\" decoding=\"async\" class=\"alignright size-full wp-image-1669\" src=\"http:\/\/blog.causeur.fr\/bonnetdane\/files\/2017\/05\/Capture-d\u2019\u00e9cran-2017-05-03-\u00e0-15.21.45.png\" alt=\"\" width=\"359\" height=\"383\" srcset=\"https:\/\/blog.causeur.fr\/bonnetdane\/wp-content\/uploads\/sites\/25\/2017\/05\/Capture-d\u2019\u00e9cran-2017-05-03-\u00e0-15.21.45.png 359w, https:\/\/blog.causeur.fr\/bonnetdane\/wp-content\/uploads\/sites\/25\/2017\/05\/Capture-d\u2019\u00e9cran-2017-05-03-\u00e0-15.21.45-281x300.png 281w\" sizes=\"auto, (max-width: 359px) 100vw, 359px\" \/><\/a> \u2014, mais <a href=\"http:\/\/www.lesoir.be\/1137303\/article\/debats\/cartes-blanches\/2016-03-01\/neoliberalisme-est-un-fascisme\">un enfant inavou\u00e9, quoique vigoureux, du n\u00e9o-lib\u00e9ralisme<\/a> qui a fait des m\u00e9dias son bac \u00e0 sable pr\u00e9f\u00e9r\u00e9. Ceux qui ont c\u00e9l\u00e9br\u00e9 le mieux la premi\u00e8re place de Macron au soir du 1er tour, ce sont les boursiers qui se sont ru\u00e9s d\u00e8s le lendemain sur les actions des banques \u2014 entre + 8 et + 10% en moyenne.<br \/>\nAlors, si vous \u00eates banquier, ou grand industriel, ou gros propri\u00e9taire terrien ; si vous participez peu ou prou au dernier cercle du pouvoir \u2014 particuli\u00e8rement du pouvoir bruxellois ; si vous \u00eates dans les petits papiers de Jacques Attali ou de Jean-Pierre Jouyet ; si vous complotez ga\u00eement avec l\u2019Institut Montaigne ou <a href=\"http:\/\/www.uoif-online.com\/communiques\/communique-appel-a-mobilisation\/\">prenez vos ordres \u00e0 l\u2019Union des Organisations Islamiques de France<\/a> \u2014 alors oui, votez Macron. Il est votre homme. Il est, <a href=\"https:\/\/www.youtube.com\/watch?v=8CU4VkJ9iq0\">comme le r\u00e9sume tr\u00e8s bien Onfray<\/a>, le paquet de lessive qui lavera plus blanc vos petits et vos grands b\u00e9n\u00e9fices.<br \/>\nMais dans tous les autres cas\u2026<br \/>\nEt cela fait du monde.<\/p>\n<p>La loi nous fait obligation de ne plus rien publier de politique \u00e0 partir de vendredi 20 heures. Je vous pr\u00e9pare donc pour cette date un joli article sur l\u2019influence des rayons gamma sur le comportement des marguerites \u2014 ou quelque chose d\u2019approchant. En attendant, bonne lecture \u2014 et pensez de temps en temps \u00e0 moi, qui signe de mon nom ces chroniques du temps pr\u00e9sent.<\/p>\n<p>Jean-Paul Brighelli<\/p>\n","protected":false},"excerpt":{"rendered":"<p>Les noms d\u2019oiseaux volent bas depuis quelques jours. Voter MLP, ce serait donc voter fasciste. Ou mieux : nazi. \u00c0 point Godwin, point Godwin et demi. Et voter blanc c&rsquo;est tout pareil \u2014 un demi-point de mieux ! Claude Rochet, qui a fait une brillante carri\u00e8re dans le priv\u00e9 et dans le public, professeur des [&hellip;]<\/p>\n","protected":false},"author":6,"featured_media":0,"comment_status":"open","ping_status":"open","sticky":false,"template":"","format":"standard","meta":{"footnotes":""},"categories":[1],"tags":[1200,261],"class_list":{"0":"post-1664","1":"post","2":"type-post","3":"status-publish","4":"format-standard","6":"category-non-classe","7":"tag-election-presidentielle","8":"tag-point-godwin"},"_links":{"self":[{"href":"https:\/\/blog.causeur.fr\/bonnetdane\/wp-json\/wp\/v2\/posts\/1664","targetHints":{"allow":["GET"]}}],"collection":[{"href":"https:\/\/blog.causeur.fr\/bonnetdane\/wp-json\/wp\/v2\/posts"}],"about":[{"href":"https:\/\/blog.causeur.fr\/bonnetdane\/wp-json\/wp\/v2\/types\/post"}],"author":[{"embeddable":true,"href":"https:\/\/blog.causeur.fr\/bonnetdane\/wp-json\/wp\/v2\/users\/6"}],"replies":[{"embeddable":true,"href":"https:\/\/blog.causeur.fr\/bonnetdane\/wp-json\/wp\/v2\/comments?post=1664"}],"version-history":[{"count":0,"href":"https:\/\/blog.causeur.fr\/bonnetdane\/wp-json\/wp\/v2\/posts\/1664\/revisions"}],"wp:attachment":[{"href":"https:\/\/blog.causeur.fr\/bonnetdane\/wp-json\/wp\/v2\/media?parent=1664"}],"wp:term":[{"taxonomy":"category","embeddable":true,"href":"https:\/\/blog.causeur.fr\/bonnetdane\/wp-json\/wp\/v2\/categories?post=1664"},{"taxonomy":"post_tag","embeddable":true,"href":"https:\/\/blog.causeur.fr\/bonnetdane\/wp-json\/wp\/v2\/tags?post=1664"}],"curies":[{"name":"wp","href":"https:\/\/api.w.org\/{rel}","templated":true}]}}