{"id":1671,"date":"2017-05-07T20:01:21","date_gmt":"2017-05-07T18:01:21","guid":{"rendered":"http:\/\/blog.causeur.fr\/bonnetdane\/?p=1671"},"modified":"2021-04-22T18:49:17","modified_gmt":"2021-04-22T16:49:17","slug":"les-francais-ont-veaute","status":"publish","type":"post","link":"https:\/\/blog.causeur.fr\/bonnetdane\/les-francais-ont-veaute-1671","title":{"rendered":"Les Fran\u00e7ais ont veaut\u00e9 !"},"content":{"rendered":"<p><a href=\"http:\/\/blog.causeur.fr\/bonnetdane\/files\/2017\/05\/Capture-d\u2019\u00e9cran-2017-05-07-\u00e0-19.33.54.png\"><img loading=\"lazy\" decoding=\"async\" class=\"aligncenter size-full wp-image-1677\" src=\"http:\/\/blog.causeur.fr\/bonnetdane\/files\/2017\/05\/Capture-d\u2019\u00e9cran-2017-05-07-\u00e0-19.33.54.png\" alt=\"\" width=\"414\" height=\"252\" srcset=\"https:\/\/blog.causeur.fr\/bonnetdane\/wp-content\/uploads\/sites\/25\/2017\/05\/Capture-d\u2019\u00e9cran-2017-05-07-\u00e0-19.33.54.png 414w, https:\/\/blog.causeur.fr\/bonnetdane\/wp-content\/uploads\/sites\/25\/2017\/05\/Capture-d\u2019\u00e9cran-2017-05-07-\u00e0-19.33.54-300x182.png 300w\" sizes=\"auto, (max-width: 414px) 100vw, 414px\" \/><\/a>Emmanuel Macron est donc le huiti\u00e8me pr\u00e9sident de la V\u00e8me R\u00e9publique. Elu par une conjuration de bobos friqu\u00e9s et de pseudo-d\u00e9mocrates inquiets.<br \/>\nC\u2019est \u00e0 ces derniers que j\u2019aimerais dire des douceurs.<\/p>\n<p>Vous vous \u00eates crus tr\u00e8s malins en portant au pouvoir un homme qui est l\u2019\u00e9manation des grands groupes qui contr\u00f4lent les finances et les m\u00e9dias. Qu\u2019un financier vote Macron, rien \u00e0 redire : il est l\u2019homme des banques, qui depuis quinze jours qu\u2019il est arriv\u00e9 en t\u00eate du premier tour, pavoisent \u00e0 la Bourse. Inutile de parier que les cours desdites banques s\u2019envoleront mardi.<br \/>\nLes autres\u2026<\/p>\n<p>Comme je veux que les choses soient claires, autant les dire.<br \/>\nPendant cinq ans, j\u2019ai subi les j\u00e9r\u00e9miades de ceux qui avaient vot\u00e9 Hollande \u2014 le ch\u0153ur des cocus ! Et qui, tout implorants et furieux qu\u2019ils fussent, ont aval\u00e9 les couleuvres n\u00e9o-lib\u00e9rales et germanophiles de la Promotion Voltaire. La loi El Khomri, la France \u00e0 l\u2019encan europ\u00e9en, le communautarisme triomphant, et la r\u00e9forme du coll\u00e8ge. Carton plein.<br \/>\nUn clou chasse l\u2019autre. Le b\u00e9b\u00e9 Hollande est arriv\u00e9 \u00e0 maturit\u00e9, et il aggravera la politique de son mentor marionnettiste. Apr\u00e8s la Promotion Voltaire, place \u00e0 la promotion Senghor, qui d\u2019ailleurs <a href=\"https:\/\/www.challenges.fr\/economie\/le-fabuleux-destin-des-enarques-de-la-promotion-macron_4856\">n\u2019a pas attendu l\u2019\u00e9lection du mieux-disant d\u2019entre eux pour s\u2019installer aux postes de commande<\/a>. Aussi bien sous Sarkozy que sous Hollande \u2014 Boris Vallaud, l\u2019\u00e9poux de celle-dont-on-ne-doit-pas-prononcer-le-nom, est de ceux-l\u00e0.<\/p>\n<p>Je d\u00e9nie \u00e0 tous ceux qui ont vot\u00e9 Macron le droit de se plaindre dans les cinq ans \u00e0 venir.<\/p>\n<div id=\"ligne\"><\/div>\n<p>Je d\u00e9nie aux profs qui ont vot\u00e9 Macron \u2014 ob\u00e9issant scrupuleusement aux consignes de la FSU, du SGEN et du SU-UNSA \u2014 le droit de manifester quand le recrutement sera d\u00e9l\u00e9gu\u00e9 aux \u00e9tablissements en fonction d\u2019un \u00ab projet \u00bb d\u00e9fini par les plus p\u00e9dagos du coin, et qu\u2019ils seront not\u00e9s par une commission tripartite r\u00e9unissant administration locale, parents et \u00e9l\u00e8ves. Les bonnes notes, dor\u00e9navant, vous les mettrez en esp\u00e9rant \u00eatre \u00e0 votre tour bien not\u00e9s.<br \/>\nJe d\u00e9nie aux jeunes qui ont vot\u00e9 Macron le droit de protester quand ils n\u2019auront plus le choix qu\u2019entre un CDD \u00e0 temps partiel et la file d\u2019attente de P\u00f4le Emploi.<br \/>\nJe d\u00e9nie \u00e0 tous les travailleurs qui ont vot\u00e9 Macron le droit de rousp\u00e9ter quand le tarif horaire fran\u00e7ais rejoindra celui des Polonais \u2014 au nom de la directive Bolkenstein.<br \/>\nJe d\u00e9nie \u00e0 tous ceux qui ont vot\u00e9 Macron le droit de vilipender les extr\u00e9mistes religieux de l\u2019UOIF qui pourront d\u00e9sormais faire acqu\u00e9rir la nationalit\u00e9 fran\u00e7aise \u00e0 Tariq Ramadan \u2014 apr\u00e8s tout, son fr\u00e8re Hani, l\u2019homme qui justifie la charia en g\u00e9n\u00e9ral et la lapidation en particulier, a appel\u00e9 lu aussi \u00e0 voter pour le candidat de l\u2019entente cordiale des int\u00e9r\u00eats bien compris. Ce n\u2019est pas demain qu\u2019il y aura moins de voiles islamiques dans les rues en g\u00e9n\u00e9ral et dans les facs en particulier. S\u00fbr que la la\u00efcit\u00e9 y gagnera.<br \/>\nJe d\u00e9nie \u00e0 tous les gens de gauche qui ont vot\u00e9 Macron le droit de lui reprocher de faire une politique de droite. Ils l\u2019ont voulu, ils l\u2019ont eu. Comment dit Dorine d\u00e9j\u00e0, dans <em>Tartuffe<\/em> ? \u00ab Vous serez, ma foi, macronis\u00e9s \u00bb \u2014 ou \u00e0 peu pr\u00e8s.<\/p>\n<p>\u00ab Mais tout se passera sur le front des luttes ! \u00bb protestent ces imb\u00e9ciles heureux. C\u2019est la politique Poutou, qui devrait r\u00e9viser son petit Marx portatif \u2014 et particuli\u00e8rement Guy Debord. Les m\u00e9dias \u00e0 sa solde ont constitu\u00e9 Macron en objet de d\u00e9sir, en le divisant en autant de quartiers qu\u2019il y avait de segments de population \u00e0 conqu\u00e9rir. <a href=\"https:\/\/www.publicsenat.fr\/article\/politique\/macron-est-fabrique-selon-michel-onfray-59332\">Onfray l\u2019a merveilleusement analys\u00e9 le 25 avril dernier sur <em>Public S\u00e9nat<\/em><\/a>, expliquant qu\u2019en fait cette pr\u00e9sidentielle \u00e9tait une \u00e9lection \u00e0 un tour \u2014 la pantalonnade de dimanche 7 mai se contente d\u2019ent\u00e9riner le r\u00e9sultat acquis. Oui, ils auraient d\u00fb relire ce que Marx explique sur la f\u00e9tichisation de la marchandise (en l\u2019occurrence la marchandise Macron, par\u00e9e de toutes les vertus) et ce que Debord pensait d\u2019une soci\u00e9t\u00e9 m\u00e9diatique capable de vendre n\u2019importe quel produit, pourvu qu\u2019il soit assez martel\u00e9. Surtout quand le produit concurrent para\u00eet faible.<br \/>\nMais le produit concurrent, ce n\u2019\u00e9tait pas Marine Le Pen, dont je ne fais pas grand cas ! C\u2019\u00e9tait la souverainet\u00e9 de la France \u2014 d\u00e9j\u00e0 cocufi\u00e9e en 2005, quand la m\u00eame collusion d\u2019int\u00e9r\u00eats supra-nationaux a renvers\u00e9 le vote des Fran\u00e7ais. P\u00e9ch\u00e9 originel de cette classe politique qui s\u2019est assise sur la volont\u00e9 populaire.<br \/>\nLes m\u00eames s\u2019appr\u00eatent \u00e0 gouverner ensemble : parions que Macron sortira finalement de sa poche un gouvernement de coalition copi\u00e9 sur le principe que Merkel a fait jouer pour asseoir son autorit\u00e9 en Allemagne et \u00e9touffer toute opposition. \u00c0 ceci pr\u00e8s que la France n\u2019est pas l\u2019Allemagne, et que les Fran\u00e7ais ont la t\u00eate plus pr\u00e8s du bonnet. Mais enfin, avec quelques \u00e9missions de t\u00e9l\u00e9-r\u00e9alit\u00e9 et quelques matches de foot, on devrait r\u00e9gler assez facilement les \u00e9motions populaires. Relis Marx, Poutou ! Il n\u2019y a pas que la religion, aujourd\u2019hui, qui soit l\u2019opium du peuple. Il y a aussi l\u2019OM et Koh-Lanta.<\/p>\n<p>Au V\u00e8me si\u00e8cle avant J.C., lors de la guerre contre les Volsques, le S\u00e9nat promit aux pl\u00e9b\u00e9iens d\u2019effacer leurs dettes \u2014 et s\u2019empressa d\u2019oublier sa promesse, une fois la premi\u00e8re victoire acquise. Il ne fallait pas heurter les banquiers de l&rsquo;\u00e9poque. Le peuple vex\u00e9 se retira sur l\u2019Aventin, l&rsquo;une des collines de la ville, refusant toute participation ult\u00e9rieure aux combats. C\u2019est alors que M\u00e9n\u00e9nius Agrippa, envoy\u00e9 en d\u00e9l\u00e9gation, improvisa sa fable des membres et de l\u2019estomac \u2014 reprise plus tard par La Fontaine \u2014 pour les convaincre de revenir sur leur d\u00e9cision de s\u2019abstenir. Parce que l\u2019abstention \u2014 ou le vote blanc \u2014, \u00e7a compte, n\u2019en d\u00e9plaise aux commentateurs !<br \/>\nMais le peuple obtint tout de m\u00eame l\u2019effacement des dettes, et le droit d\u2019\u00eatre enfin repr\u00e9sent\u00e9 par des \u00e9lus qui parleraient en son nom.<br \/>\nM\u00e9lenchon, qui conna\u00eet l\u2019Histoire, y a sans doute pens\u00e9. Son attitude lors du second tour est un retrait \u2014 en attendant mieux. C\u2019est digne \u2014 et intelligent. Mais les autres, tous les autres, ceux qui sont all\u00e9s \u00e0 la p\u00eache aux postes et au retour d\u2019ascenseur, ceux qui ont cru \u00e0 la th\u00e9orie de l\u2019\u00e9pouvantail (je trouve au passage immonde que l\u2019on fasse encore porter \u00e0 Marine Le Pen les outrances de son p\u00e8re \u2014 sans doute parce que c\u2019est une femme, et que l\u2019on persiste \u00e0 l\u2019imaginer sous influence), tous ceux qui ont vot\u00e9 Macron, quelle excuse ont-ils ? Ils ont offert la R\u00e9publique au jeune ambitieux fringant et ils ont cinq ans pour la regarder se faire empapaouter.<br \/>\nOn appelle \u00e7a du candaulisme\u2026 \u00c0 l\u2019\u00e9chelle d\u2019une nation, c\u2019est in\u00e9dit.<\/p>\n<p>Alors, c\u2019est d\u00e9cid\u00e9 : je me retire sur mon Aventin personnel \u2014 et pour longtemps. Je renonce \u00e0 parler de politique. Je causerai d\u00e9sormais de bons vins, de bons films, de bons livres et de belles personnes \u2014 autant me choisir mon propre opium. Et je me permettrai de rire chaque fois qu\u2019un cocu de Macron jurera ses grands dieux qu\u2019il n\u2019avait pas voulu \u00e7a.<\/p>\n<p>Jean-Paul Brighelli<\/p>\n","protected":false},"excerpt":{"rendered":"<p>Emmanuel Macron est donc le huiti\u00e8me pr\u00e9sident de la V\u00e8me R\u00e9publique. Elu par une conjuration de bobos friqu\u00e9s et de pseudo-d\u00e9mocrates inquiets. C\u2019est \u00e0 ces derniers que j\u2019aimerais dire des douceurs. Vous vous \u00eates crus tr\u00e8s malins en portant au pouvoir un homme qui est l\u2019\u00e9manation des grands groupes qui contr\u00f4lent les finances et les [&hellip;]<\/p>\n","protected":false},"author":6,"featured_media":0,"comment_status":"open","ping_status":"open","sticky":false,"template":"","format":"standard","meta":{"footnotes":""},"categories":[1],"tags":[1200],"class_list":{"0":"post-1671","1":"post","2":"type-post","3":"status-publish","4":"format-standard","6":"category-non-classe","7":"tag-election-presidentielle"},"_links":{"self":[{"href":"https:\/\/blog.causeur.fr\/bonnetdane\/wp-json\/wp\/v2\/posts\/1671","targetHints":{"allow":["GET"]}}],"collection":[{"href":"https:\/\/blog.causeur.fr\/bonnetdane\/wp-json\/wp\/v2\/posts"}],"about":[{"href":"https:\/\/blog.causeur.fr\/bonnetdane\/wp-json\/wp\/v2\/types\/post"}],"author":[{"embeddable":true,"href":"https:\/\/blog.causeur.fr\/bonnetdane\/wp-json\/wp\/v2\/users\/6"}],"replies":[{"embeddable":true,"href":"https:\/\/blog.causeur.fr\/bonnetdane\/wp-json\/wp\/v2\/comments?post=1671"}],"version-history":[{"count":0,"href":"https:\/\/blog.causeur.fr\/bonnetdane\/wp-json\/wp\/v2\/posts\/1671\/revisions"}],"wp:attachment":[{"href":"https:\/\/blog.causeur.fr\/bonnetdane\/wp-json\/wp\/v2\/media?parent=1671"}],"wp:term":[{"taxonomy":"category","embeddable":true,"href":"https:\/\/blog.causeur.fr\/bonnetdane\/wp-json\/wp\/v2\/categories?post=1671"},{"taxonomy":"post_tag","embeddable":true,"href":"https:\/\/blog.causeur.fr\/bonnetdane\/wp-json\/wp\/v2\/tags?post=1671"}],"curies":[{"name":"wp","href":"https:\/\/api.w.org\/{rel}","templated":true}]}}