{"id":1703,"date":"2017-06-15T20:20:20","date_gmt":"2017-06-15T18:20:20","guid":{"rendered":"http:\/\/blog.causeur.fr\/bonnetdane\/?p=1703"},"modified":"2021-04-22T18:49:17","modified_gmt":"2021-04-22T16:49:17","slug":"natacha-polony-2","status":"publish","type":"post","link":"https:\/\/blog.causeur.fr\/bonnetdane\/natacha-polony-2-1703","title":{"rendered":"Natacha Polony"},"content":{"rendered":"<p><a href=\"http:\/\/blog.causeur.fr\/bonnetdane\/natacha-polony-2-001703.html\/natacha-polony-l-agitatrice-d-europe-1-la-question-n-est-pas-d-etre-d-accord-avec-moi\" rel=\"attachment wp-att-1708\"><img loading=\"lazy\" decoding=\"async\" class=\"aligncenter size-full wp-image-1708\" src=\"http:\/\/blog.causeur.fr\/bonnetdane\/files\/2017\/06\/natacha-polony-l-agitatrice-d-europe-1-la-question-n-est-pas-d-etre-d-accord-avec-moi.jpg\" alt=\"natacha-polony-l-agitatrice-d-europe-1-la-question-n-est-pas-d-etre-d-accord-avec-moi\" width=\"1160\" height=\"500\" srcset=\"https:\/\/blog.causeur.fr\/bonnetdane\/wp-content\/uploads\/sites\/25\/2017\/06\/natacha-polony-l-agitatrice-d-europe-1-la-question-n-est-pas-d-etre-d-accord-avec-moi.jpg 1160w, https:\/\/blog.causeur.fr\/bonnetdane\/wp-content\/uploads\/sites\/25\/2017\/06\/natacha-polony-l-agitatrice-d-europe-1-la-question-n-est-pas-d-etre-d-accord-avec-moi-300x129.jpg 300w, https:\/\/blog.causeur.fr\/bonnetdane\/wp-content\/uploads\/sites\/25\/2017\/06\/natacha-polony-l-agitatrice-d-europe-1-la-question-n-est-pas-d-etre-d-accord-avec-moi-1024x441.jpg 1024w, https:\/\/blog.causeur.fr\/bonnetdane\/wp-content\/uploads\/sites\/25\/2017\/06\/natacha-polony-l-agitatrice-d-europe-1-la-question-n-est-pas-d-etre-d-accord-avec-moi-500x215.jpg 500w\" sizes=\"auto, (max-width: 1160px) 100vw, 1160px\" \/><\/a>Apr\u00e8s l\u2019arr\u00eat de <em>Polonium<\/em>, sur <em>Paris Premi\u00e8re<\/em>, je n\u2019ai pas mis\u00e9 cher sur la peau de Polony \u00e0 <em>Europe 1<\/em>. L&rsquo;\u00e9viction de Thomas Sotto, <a href=\"http:\/\/www.non-stop-people.com\/actu\/tv\/le-tube-natacha-polony-defend-thomas-sotto-apres-son-eviction-deurope-1-video-144061\">dont elle s\u2019\u00e9tait pay\u00e9 le luxe de dire du bien<\/a> alors m\u00eame qu\u2019on lui avait coll\u00e9 au dos l\u2019\u00e9criteau des bannis, \u00e9tait le pr\u00e9lude. La voici elle-m\u00eame \u00e9ject\u00e9e de la revue de presse qu\u2019elle faisait trop bien, avec trop d\u2019humour et trop d\u2019audience pour que le nouveau ma\u00eetre de la tranche horaire, Patrick Cohen, n\u2019en prenne pas ombrage avant m\u00eame toute cohabitation.<br \/>\nCela faisait une semaine qu\u2019elle en parlait. Elle avait demand\u00e9 que l\u2019on rest\u00e2t discret, en attendant l\u2019ultime round de n\u00e9gociations. Mais Arnaud Lagard\u00e8re, que l\u2019on sait si comp\u00e9tent dans la gestion de l\u2019empire de papa, a jou\u00e9 au chef.<br \/>\nQue lui fait-on payer ? Peut-\u00eatre pas ce qu\u2019elle disait sur <em>Europe<\/em>, qui \u00e9tait de toute fa\u00e7on tributaire de l\u2019actualit\u00e9 \u2014 sauf \u00e0 penser que le pouvoir politique, qui l\u2019amuse ou qui ne l\u2019amuse pas, ou le pouvoir m\u00e9diatique, dont elle \u00e9gratignait parfois les belles plumes si rarement pr\u00e9tentieuses, ont d\u00e9cid\u00e9 de se tenir par la main et de nettoyer tout ce qui ne \u00ab marche \u00bb pas \u00e0 \u00e0 l\u2019uni\u00e7on, comme le \u00ab\u00a0mur du \u00e7on\u00a0\u00bb cher au <em>Canard<\/em>.<br \/>\nR\u00e9sumons. Pujadas \u2014 pourquoi Pujadas, sinon parce que Delphine Ernotte, qui se sentait sur si\u00e8ge \u00e9jectable, voulait faire un sacrifice au nouveau pouvoir en esp\u00e9rant d\u00e9vier la foudre jupit\u00e9rienne \u2014 a \u00e9t\u00e9 vir\u00e9 de <em>France 2<\/em> alors que son Journal progressait nettement, et avait rattrap\u00e9 celui de TF1. Polony, qui n\u2019aura plus les divans de <em>Paris Premi\u00e8re<\/em> pour y distiller un peu d\u2019intelligence dans un monde de brutes. Moi-m\u00eame, remerci\u00e9 par <em>le Point.fr<\/em> pour incompatibilit\u00e9 politique \u2014 alors m\u00eame qu\u2019ils affichaient depuis trois ans, sous mon nom, ma proximit\u00e9 avec NDA. Il y en aura d\u2019autres. La d\u00e9mocratie est en marche.<br \/>\nLe plus dr\u00f4le, c\u2019est que l\u2019on fait surtout payer \u00e0 Polony les gentillesses qu\u2019elle \u00e9crit hebdomadairement dans<em> le Figaro<\/em>. Billard indirect. Que voulez-vous, la b\u00eatise n\u2019est pas son fort, et par les temps qui courent, c\u2019est un d\u00e9faut capital : la preuve, on va chercher Patrick Cohen, l\u2019homme qui sur <em>France Inter<\/em> tenait absolument \u00e0 faire dire \u00e0 NDA qu\u2019il s\u2019\u00e9tait f\u00e2ch\u00e9 avec moi. Ou qui avait jadis reproch\u00e9 \u00e0 Fr\u00e9d\u00e9ric Tadde\u00ef, qui est un vrai homme de t\u00e9l\u00e9, lui, d\u2019inviter des \u00ab cerveaux malades \u00bb \u2014 ce qui lui avait valu d\u00e9j\u00e0 il y a quatre ans d\u2019\u00eatre trait\u00e9 de \u00ab censeur des ondes officielles d\u2019Etat \u00bb. Le m\u00eame Patrick Cohen a tent\u00e9 en 2015 de faire virer Yann Moix du <em>Figaro<\/em>, pour une chronique qui lui d\u00e9plaisait. Petite pointure.<br \/>\nMais voil\u00e0, au <em>Figaro<\/em>, pour le moment, ils la gardent \u2014 apr\u00e8s tout, boulevard Haussmann, ils votaient plut\u00f4t Fillon, et ils ne se sont ralli\u00e9s que du bout des dents \u00e0 Napol\u00e9on IV. Elle aura encore pour quelque temps l\u2019occasion de d\u00e9crypter la politique. Ce qu\u2019elle fait tr\u00e8s bien, au passage, <a href=\"https:\/\/polony.tv\/focus\">sur Polony.tv<\/a> \u2014 l&rsquo;essayer, c&rsquo;est l&rsquo;adopter. Certains ont les dents longues, elle, elle a la canine aiguis\u00e9e.<br \/>\nAllez, ma ch\u00e8re, vous voici avec un peu de temps libre \u2014 pas trop, j\u2019esp\u00e8re, il faut bien vivre, et de surcro\u00eet on a besoin de vous. Il ne vous reste plus qu\u2019\u00e0 user de votre talent pour \u00e9crire ce roman des m\u00e9dias qui sera le <em>Bel-Am<\/em>i du XXI\u00e8me si\u00e8cle, le genre qui se croit beau gosse irr\u00e9sistible, qui a plus ou moins rat\u00e9 ses \u00e9tudes, conquis la radio et la t\u00e9l\u00e9 au prix de cabotinages ou de vulgarit\u00e9s satisfaites \u2014 les mod\u00e8les sont si nombreux que l\u2019embarras du choix vous guette.<\/p>\n<p>Jean-Paul Brighelli<\/p>\n","protected":false},"excerpt":{"rendered":"<p>Apr\u00e8s l\u2019arr\u00eat de Polonium, sur Paris Premi\u00e8re, je n\u2019ai pas mis\u00e9 cher sur la peau de Polony \u00e0 Europe 1. L&rsquo;\u00e9viction de Thomas Sotto, dont elle s\u2019\u00e9tait pay\u00e9 le luxe de dire du bien alors m\u00eame qu\u2019on lui avait coll\u00e9 au dos l\u2019\u00e9criteau des bannis, \u00e9tait le pr\u00e9lude. La voici elle-m\u00eame \u00e9ject\u00e9e de la revue [&hellip;]<\/p>\n","protected":false},"author":6,"featured_media":0,"comment_status":"open","ping_status":"open","sticky":false,"template":"","format":"standard","meta":{"footnotes":""},"categories":[1],"tags":[1227,186,1230,1229,1231,1228],"class_list":{"0":"post-1703","1":"post","2":"type-post","3":"status-publish","4":"format-standard","6":"category-non-classe","7":"tag-europe-1","8":"tag-natacha-polony","9":"tag-paris-premiere","10":"tag-patrick-cohen","11":"tag-polonium","12":"tag-thomas-sotto"},"_links":{"self":[{"href":"https:\/\/blog.causeur.fr\/bonnetdane\/wp-json\/wp\/v2\/posts\/1703","targetHints":{"allow":["GET"]}}],"collection":[{"href":"https:\/\/blog.causeur.fr\/bonnetdane\/wp-json\/wp\/v2\/posts"}],"about":[{"href":"https:\/\/blog.causeur.fr\/bonnetdane\/wp-json\/wp\/v2\/types\/post"}],"author":[{"embeddable":true,"href":"https:\/\/blog.causeur.fr\/bonnetdane\/wp-json\/wp\/v2\/users\/6"}],"replies":[{"embeddable":true,"href":"https:\/\/blog.causeur.fr\/bonnetdane\/wp-json\/wp\/v2\/comments?post=1703"}],"version-history":[{"count":0,"href":"https:\/\/blog.causeur.fr\/bonnetdane\/wp-json\/wp\/v2\/posts\/1703\/revisions"}],"wp:attachment":[{"href":"https:\/\/blog.causeur.fr\/bonnetdane\/wp-json\/wp\/v2\/media?parent=1703"}],"wp:term":[{"taxonomy":"category","embeddable":true,"href":"https:\/\/blog.causeur.fr\/bonnetdane\/wp-json\/wp\/v2\/categories?post=1703"},{"taxonomy":"post_tag","embeddable":true,"href":"https:\/\/blog.causeur.fr\/bonnetdane\/wp-json\/wp\/v2\/tags?post=1703"}],"curies":[{"name":"wp","href":"https:\/\/api.w.org\/{rel}","templated":true}]}}