{"id":1710,"date":"2017-06-22T12:33:09","date_gmt":"2017-06-22T10:33:09","guid":{"rendered":"http:\/\/blog.causeur.fr\/bonnetdane\/?p=1710"},"modified":"2021-04-22T18:49:17","modified_gmt":"2021-04-22T16:49:17","slug":"souverainisme-pas-mort","status":"publish","type":"post","link":"https:\/\/blog.causeur.fr\/bonnetdane\/souverainisme-pas-mort-1710","title":{"rendered":"Souverainisme pas mort !"},"content":{"rendered":"<p>Droite et Gauche sont mortes \u2014 c\u2019est le principal enseignement de l\u2019\u00e9lection d\u2019Emmanuel Macron.<br \/>\nSoyons honn\u00eates : la distinction entre ces deux gestionnaires du lib\u00e9ralisme europ\u00e9en n\u2019\u00e9tait plus claire depuis longtemps d\u00e9j\u00e0 \u2014 disons 1983 pour r\u00e9sumer. Mais ces derniers temps, les jumeaux vaguement dissemblables avaient gliss\u00e9 vers l\u2019homozygotie.<br \/>\nIl faut de temps en temps un \u00e9v\u00e9nement, m\u00eame insignifiant, pour faire admettre une v\u00e9rit\u00e9 depuis longtemps acquise, mais dont on n\u2019osait s\u2019avouer les cons\u00e9quences. La derni\u00e8re s\u00e9quence \u00e9lectorale, engag\u00e9e par les primaires et conclue par des l\u00e9gislatives caricaturales, a r\u00e9v\u00e9l\u00e9, au sens photographique du terme, la compatibilit\u00e9 profonde de gens qui feignaient de s\u2019affronter pour mieux se partager les charges et le g\u00e2teau \u2014 \u00ab\u00a0l&rsquo;arsenic et les n\u00e8gres\u00a0\u00bb, comme disait Hugo. \u00ab En marche \u00bb, en r\u00e9unissant les app\u00e9tits des deux camps, a lev\u00e9 l\u2019ambigu\u00eft\u00e9.<br \/>\nQue les primaires de la droite aient \u00e9t\u00e9 perturb\u00e9es de l\u2019int\u00e9rieur par tel ou tel adversaire de Fran\u00e7ois Fillon \u2014 dont les \u00ab affaires \u00bb ont brutalement disparu de la ligne d\u2019horizon ; que celles de la gauche aient \u00e9t\u00e9 truqu\u00e9es de fa\u00e7on \u00e0 ce que soit d\u00e9sign\u00e9 le seul candidat susceptible d\u2019emp\u00eacher M\u00e9lenchon d\u2019acc\u00e9der au second tour ; qu\u2019Emmanuel Macron ait \u00e9t\u00e9 ou non le plan B d\u2019un Fran\u00e7ois Hollande \u00e0 bout de souffle \u2014 tout cela a finalement assez peu d\u2019importance. Que les m\u00e9dias se soient unanimement ralli\u00e9s \u00e0 Napol\u00e9on IV (voir Hegel, puis Marx : apr\u00e8s la trag\u00e9die, la farce ; apr\u00e8s la farce\u2026) est aussi un \u00e9piph\u00e9nom\u00e8ne \u2014 vous ne pensiez tout de m\u00eame pas qu\u2019ils allaient embrasser son adversaire\u2026 Que les banquiers de Bilderberg, les penseurs de l\u2019Institut Montaigne ou les d\u00eeneurs du Si\u00e8cle y aient tous mis du leur, rien de plus logique : il y avait en face une menace r\u00e9elle, non pas celle du Front national, qui n\u2019a jamais \u00e9t\u00e9 cr\u00e9dible, mais celle du souverainisme.<br \/>\nDu peuple souverain.<\/p>\n<p>Le Syst\u00e8me a eu tr\u00e8s peur en 1968, et a g\u00e9r\u00e9 au mieux cette angoisse, en \u00e9liminant le concept de prol\u00e9tariat d\u2019abord, celui de peuple ensuite. M\u00eame M\u00e9lenchon ne dit plus que \u00ab les gens \u00bb\u2026<br \/>\nMais il n\u2019est pas encore parvenu \u00e0 effacer la Nation.<br \/>\nPeut-\u00eatre y parviendra-t-il. L\u2019atomisation des programmes d\u2019Histoire op\u00e9r\u00e9e par Vallaud-Belkacem allait dans ce sens ; les belles d\u00e9clarations sur le \u00ab r\u00e9cit national \u00bb, tant qu\u2019elles ne sont pas suivies d\u2019effet, en resteront aux intentions \u2014 parce que restaurer l\u2019histoire nationale risquerait de restaurer la nation, et d\u2019effacer son atomisation en \u00ab communaut\u00e9s \u00bb, \u00e0 laquelle on pr\u00e9tend nous faire consentir.<br \/>\nFaites l\u2019addition des voix qui se sont port\u00e9es sur des candidats souverainistes \u2014 de Marine Le Pen \u00e0 Jean-Luc M\u00e9lenchon, en passant par Nicolas Dupont-Aignan ou Fran\u00e7ois Asselineau, sans oublier une petite part des \u00e9lecteurs de Fillon. Cela frise les 50%. Combien d&rsquo;entre eux ont choisi l&rsquo;abstention aux L\u00e9gislatives ?<\/p>\n<p>50% qui sont repr\u00e9sent\u00e9s aujourd\u2019hui \u00e0 la Chambre par une petite quarantaine d\u2019\u00e9lus. On applaudit tr\u00e8s fort la d\u00e9mocratie.<br \/>\nPeu importe. Les d\u00e9s ont roul\u00e9, les circonstances \u00e9taient ce qu\u2019elles \u00e9taient, le souverainisme a fait si peur qu\u2019il a fallu inventer un homme providentiel comme la France les aime pour faire face \u00e0 la menace.<br \/>\nMais n\u2019est pas De Gaulle qui veut. M\u00eame avec l\u2019appui des m\u00e9dias.<\/p>\n<div id=\"ligne\"><\/div>\n<p>Et demain \u2014 en 2022 ? On prend les m\u00eames et on recommence ?<br \/>\nMarine Le Pen s\u2019est d\u00e9finitivement disqualifi\u00e9e lors du d\u00e9bat contre Emmanuel Macron \u2014 qui visiblement n\u2019en croyait pas ses yeux. Non par son incomp\u00e9tence en mati\u00e8re de finances et d\u2019\u00e9conomie \u2014 on \u00e9lit un pr\u00e9sident, pas un chef comptable. Mais parce qu\u2019en refusant tout conseil avant le d\u00e9bat, elle a fait preuve d\u2019hubris \u2014 la fameuse d\u00e9mesure par laquelle les dieux rendent fous ceux qu\u2019ils veulent perdre. Le FN va sombrer dans des querelles de personnes, Collard plaidera pour Marion Mar\u00e9chal, Marine Le Pen fera de la r\u00e9sistance, le Vieux nuira tant qu\u2019il pourra, par vocation, tout cela est d\u00e9risoire, et Philippot se repliera sur les Patriotes, le club qu\u2019il vient de cr\u00e9er.<br \/>\nNicolas Dupont-Aignan est mort \u00e9galement \u2014 seuls ses concitoyens d\u2019Yerres lui ont permis d\u2019\u00e9chapper \u00e0 la d\u00e9faite que lui avaient programm\u00e9e tant de belles \u00e2mes qui s\u2019\u00e9taient pinc\u00e9 le nez en apprenant qu\u2019il voterait MLP au second tour. M\u00e9lenchon tonitruera \u00e0 l\u2019Assembl\u00e9e, mais il est d\u00e9j\u00e0 accul\u00e9 aux confins, \u00ab corn\u00e9ris\u00e9 \u00bb par Macron comme Merkel a corneris\u00e9 Die Linke. Au mieux, il fera un maire convenable \u00e0 Marseille, qui en a bien besoin \u2014 mais on ne prend pas la France en conqu\u00e9rant la Canebi\u00e8re.<br \/>\nEt M\u00e9lenchon n\u2019est pas son \u00e9lectorat. Qu\u2019on le veuille ou non, il y a bien une gauche souverainiste en passe de rester orpheline \u2014 une Gauche qui se reconna\u00eetrait aujourd\u2019hui dans le discours de Chev\u00e8nement en 2002 : il est terrible en politique d\u2019avoir raison trop t\u00f4t. Tout comme une large part de la Droite regrette chaque jour Philippe Seguin.<br \/>\nIl faut d\u00e8s \u00e0 pr\u00e9sent penser au coup suivant, sous peine d\u2019\u00eatre accul\u00e9 \u00e0 prendre les m\u00eames \u2014 et \u00e0 recommencer. Utilisons les recettes de Macron : les Fran\u00e7ais ne parient plus sur les chevaux de retour, les habitu\u00e9s des dorures, les conseilleurs qui ne sont jamais les payeurs ; ils ont \u00e9galement \u00e9mis le v\u0153u assez net de changer de g\u00e9n\u00e9ration \u2014 la jeunesse n\u2019est pas une garantie en soi, elle peut elle aussi \u00eatre un naufrage, mais elle a au moins le m\u00e9rite de ne pas \u00eatre compromise avec les grabataires, et il y dans la g\u00e9n\u00e9ration des ann\u00e9es 1970 des gens de valeur. Enfin, il faut chercher dans la \u00ab soci\u00e9t\u00e9 civile \u00bb (une curieuse expression quasi pl\u00e9onastique, quand on y pense) quelqu\u2019un \/ quelqu\u2019une qui ait quelques id\u00e9es, l\u2019art de les exprimer, une image et une constante : la d\u00e9fense de la France, de sa langue, de sa culture, de son terroir \u2014 et de ses habitants, humbles et h\u00e9ritiers, citadins et p\u00e9riph\u00e9riques, bobos et oubli\u00e9s.<\/p>\n<p>Jean-Paul Brighelli<\/p>\n","protected":false},"excerpt":{"rendered":"<p>Droite et Gauche sont mortes \u2014 c\u2019est le principal enseignement de l\u2019\u00e9lection d\u2019Emmanuel Macron. Soyons honn\u00eates : la distinction entre ces deux gestionnaires du lib\u00e9ralisme europ\u00e9en n\u2019\u00e9tait plus claire depuis longtemps d\u00e9j\u00e0 \u2014 disons 1983 pour r\u00e9sumer. Mais ces derniers temps, les jumeaux vaguement dissemblables avaient gliss\u00e9 vers l\u2019homozygotie. Il faut de temps en temps [&hellip;]<\/p>\n","protected":false},"author":6,"featured_media":0,"comment_status":"open","ping_status":"open","sticky":false,"template":"","format":"standard","meta":{"footnotes":""},"categories":[1],"tags":[1234,516],"class_list":{"0":"post-1710","1":"post","2":"type-post","3":"status-publish","4":"format-standard","6":"category-non-classe","7":"tag-1234","8":"tag-souverainisme"},"_links":{"self":[{"href":"https:\/\/blog.causeur.fr\/bonnetdane\/wp-json\/wp\/v2\/posts\/1710","targetHints":{"allow":["GET"]}}],"collection":[{"href":"https:\/\/blog.causeur.fr\/bonnetdane\/wp-json\/wp\/v2\/posts"}],"about":[{"href":"https:\/\/blog.causeur.fr\/bonnetdane\/wp-json\/wp\/v2\/types\/post"}],"author":[{"embeddable":true,"href":"https:\/\/blog.causeur.fr\/bonnetdane\/wp-json\/wp\/v2\/users\/6"}],"replies":[{"embeddable":true,"href":"https:\/\/blog.causeur.fr\/bonnetdane\/wp-json\/wp\/v2\/comments?post=1710"}],"version-history":[{"count":0,"href":"https:\/\/blog.causeur.fr\/bonnetdane\/wp-json\/wp\/v2\/posts\/1710\/revisions"}],"wp:attachment":[{"href":"https:\/\/blog.causeur.fr\/bonnetdane\/wp-json\/wp\/v2\/media?parent=1710"}],"wp:term":[{"taxonomy":"category","embeddable":true,"href":"https:\/\/blog.causeur.fr\/bonnetdane\/wp-json\/wp\/v2\/categories?post=1710"},{"taxonomy":"post_tag","embeddable":true,"href":"https:\/\/blog.causeur.fr\/bonnetdane\/wp-json\/wp\/v2\/tags?post=1710"}],"curies":[{"name":"wp","href":"https:\/\/api.w.org\/{rel}","templated":true}]}}