{"id":1753,"date":"2017-08-01T08:52:08","date_gmt":"2017-08-01T06:52:08","guid":{"rendered":"http:\/\/blog.causeur.fr\/bonnetdane\/?p=1753"},"modified":"2021-04-22T18:49:16","modified_gmt":"2021-04-22T16:49:16","slug":"retour-a-arles","status":"publish","type":"post","link":"https:\/\/blog.causeur.fr\/bonnetdane\/retour-a-arles-1753","title":{"rendered":"Retour \u00e0 Arles"},"content":{"rendered":"<p>Ils marchaient lentement, dans la ville surchauff\u00e9e. Arles peut bien ne plus \u00eatre ench\u00e2ss\u00e9 que dans des vestiges de murailles, les rues ont beau \u00eatre \u00e9troites et \u00e0 l\u2019abri du soleil, l\u2019air n\u2019y circule pas, l\u2019\u00e9t\u00e9, et une chape de plomb fondu l\u2019enserre. Le pire, c\u2019est quand vous sortez des ruelles et que vous entrez sur une place : traverser celle de la R\u00e9publique, de Sainte-Anne \u00e0 Saint-Trophime, est une \u00e9preuve du feu.<br \/>\nPourtant, ils \u00e9taient revenus dans la fournaise arl\u00e9sienne, <a href=\"http:\/\/blog.causeur.fr\/bonnetdane\/arles-2016-001229.html\">comme l\u2019ann\u00e9e derni\u00e8re.<\/a> Ils \u00e9taient arriv\u00e9s t\u00f4t le matin, et ils prenaient un caf\u00e9 sur le boulevard des Lices. Ils s\u2019\u00e9taient procur\u00e9,\u00a0au syndicat d\u2019initiative juste en face, un passe expo pour les Rencontres photographiques jadis fond\u00e9es par Lucien Clergue. Et ils discutaient des diverses opportunit\u00e9s \u2014 partir directement vers le Palais de l\u2019Archev\u00each\u00e9, en s\u2019enfon\u00e7ant dans la vieille ville, ou en faire le tour \u2014 mais dans quel sens ?<br \/>\nElle eut la bont\u00e9 de lui laisser le dernier mot en lui faisant croire qu\u2019il l\u2019avait convaincue \u2014 comme d\u2019habitude. Et ils remont\u00e8rent le boulevard vers le jardin d\u2019\u00e9t\u00e9, tournant dans la rue Emile Combes (dit \u00ab le petit p\u00e8re \u00bb) pour gagner la Maison des peintres, o\u00f9 il tenait absolument \u00e0 voir <a href=\"http:\/\/www.loeildelaphotographie.com\/fr\/2017\/07\/10\/article\/159959448\/arles-2017-les-routes-mortelles-de-christophe-rihet\/\">le travail de Christophe Rihet<\/a> intitul\u00e9 \u00ab Crossroads \u00bb (<a href=\"https:\/\/www.youtube.com\/watch?v=3kAF5Uh7SQs\">comme le blues sublime de Calvin Russell<\/a>). Roads to death.<\/p>\n<p>Les photos, superbes, sont l\u2019autre bout, celui dont on ne parle jamais, du photo-reportage. Apr\u00e8s l&rsquo;incident, ou l&rsquo;accident. Rihet a eu l\u2019id\u00e9e d\u2019aller photographier les routes ou les rues o\u00f9 ont eu lieu des morts c\u00e9l\u00e8bres : la route o\u00f9 Bonnie et Clyde ont \u00e9t\u00e9 pass\u00e9s \u00e0 la moulinette par le FBI, le virage o\u00f9 Fran\u00e7oise Dorl\u00e9ac a br\u00fbl\u00e9 vive, la route 46 de Californie<a href=\"http:\/\/blog.causeur.fr\/bonnetdane\/retour-a-arles-001753.html\/capture-decran-2017-07-31-a-15-55-42\" rel=\"attachment wp-att-1763\"><img loading=\"lazy\" decoding=\"async\" class=\"aligncenter size-full wp-image-1763\" src=\"http:\/\/blog.causeur.fr\/bonnetdane\/files\/2017\/07\/Capture-d\u2019e\u0301cran-2017-07-31-a\u0300-15.55.42.png\" alt=\"Capture d\u2019e\u0301cran 2017-07-31 a\u0300 15.55.42\" width=\"792\" height=\"638\" srcset=\"https:\/\/blog.causeur.fr\/bonnetdane\/wp-content\/uploads\/sites\/25\/2017\/07\/Capture-d\u2019e\u0301cran-2017-07-31-a\u0300-15.55.42.png 792w, https:\/\/blog.causeur.fr\/bonnetdane\/wp-content\/uploads\/sites\/25\/2017\/07\/Capture-d\u2019e\u0301cran-2017-07-31-a\u0300-15.55.42-300x242.png 300w, https:\/\/blog.causeur.fr\/bonnetdane\/wp-content\/uploads\/sites\/25\/2017\/07\/Capture-d\u2019e\u0301cran-2017-07-31-a\u0300-15.55.42-768x619.png 768w, https:\/\/blog.causeur.fr\/bonnetdane\/wp-content\/uploads\/sites\/25\/2017\/07\/Capture-d\u2019e\u0301cran-2017-07-31-a\u0300-15.55.42-372x300.png 372w\" sizes=\"auto, (max-width: 792px) 100vw, 792px\" \/><\/a> o\u00f9 une c\u00e9l\u00e8bre Porsche 550 Spyder (les marques des voitures sont syst\u00e9matiquement pr\u00e9cis\u00e9es), dite \u00ab\u00a0Little Bastard\u00a0\u00bb, a heurt\u00e9 une Ford Sedan \u2014 l\u2019accident mis en sc\u00e8ne dans <em>Crash<\/em>, le film-culte de Cronenberg. Ou la Nationale 5 o\u00f9 Michel Gallimard, l\u2019h\u00e9ritier pr\u00e9somptif de Gaston, au volant d\u2019une Facel Vega HK500, a embrass\u00e9 un platane sans son consentement. Il en est mort, ainsi que son passager, un certain Albert Camus. La glissi\u00e8re de s\u00e9curit\u00e9, bien s\u00fbr, n&rsquo;est pas d&rsquo;\u00e9poque\u2026<a href=\"http:\/\/blog.causeur.fr\/bonnetdane\/retour-a-arles-001753.html\/capture-decran-2017-07-31-a-15-54-07\" rel=\"attachment wp-att-1764\"><img loading=\"lazy\" decoding=\"async\" class=\"aligncenter size-full wp-image-1764\" src=\"http:\/\/blog.causeur.fr\/bonnetdane\/files\/2017\/07\/Capture-d\u2019e\u0301cran-2017-07-31-a\u0300-15.54.07.png\" alt=\"Capture d\u2019e\u0301cran 2017-07-31 a\u0300 15.54.07\" width=\"462\" height=\"370\" srcset=\"https:\/\/blog.causeur.fr\/bonnetdane\/wp-content\/uploads\/sites\/25\/2017\/07\/Capture-d\u2019e\u0301cran-2017-07-31-a\u0300-15.54.07.png 462w, https:\/\/blog.causeur.fr\/bonnetdane\/wp-content\/uploads\/sites\/25\/2017\/07\/Capture-d\u2019e\u0301cran-2017-07-31-a\u0300-15.54.07-300x240.png 300w, https:\/\/blog.causeur.fr\/bonnetdane\/wp-content\/uploads\/sites\/25\/2017\/07\/Capture-d\u2019e\u0301cran-2017-07-31-a\u0300-15.54.07-375x300.png 375w\" sizes=\"auto, (max-width: 462px) 100vw, 462px\" \/><\/a>L\u2019album rassemblant les photos est en vente l\u00e0, et vous pouvez choisir l\u2019exemplaire que vous voulez \u2014 avec en couverture la photo qui vous a le plus parl\u00e9. Sur celui qu\u2019il a achet\u00e9, il y a ce sous-bois anglais o\u00f9 T.E. Lawrence a rejoint l\u2019Arabie heureuse au guidon de sa Brough Superior SS100 \u2014 rebaptis\u00e9e George, comme ses six motos pr\u00e9c\u00e9dentes.<a href=\"http:\/\/blog.causeur.fr\/bonnetdane\/retour-a-arles-001753.html\/capture-decran-2017-07-31-a-16-01-34\" rel=\"attachment wp-att-1765\"><img loading=\"lazy\" decoding=\"async\" class=\"aligncenter size-full wp-image-1765\" src=\"http:\/\/blog.causeur.fr\/bonnetdane\/files\/2017\/07\/Capture-d\u2019e\u0301cran-2017-07-31-a\u0300-16.01.34.png\" alt=\"Capture d\u2019e\u0301cran 2017-07-31 a\u0300 16.01.34\" width=\"587\" height=\"389\" srcset=\"https:\/\/blog.causeur.fr\/bonnetdane\/wp-content\/uploads\/sites\/25\/2017\/07\/Capture-d\u2019e\u0301cran-2017-07-31-a\u0300-16.01.34.png 587w, https:\/\/blog.causeur.fr\/bonnetdane\/wp-content\/uploads\/sites\/25\/2017\/07\/Capture-d\u2019e\u0301cran-2017-07-31-a\u0300-16.01.34-300x199.png 300w, https:\/\/blog.causeur.fr\/bonnetdane\/wp-content\/uploads\/sites\/25\/2017\/07\/Capture-d\u2019e\u0301cran-2017-07-31-a\u0300-16.01.34-453x300.png 453w\" sizes=\"auto, (max-width: 587px) 100vw, 587px\" \/><\/a>Morbide ? Pas m\u00eame. Mais une belle d\u00e9monstration sur le fait qu\u2019un paysage est toujours un portrait \u2014 et toujours un auto-portrait. Christophe Rihet doit \u00eatre un gar\u00e7on int\u00e9ressant.<\/p>\n<p>Ils sont remont\u00e9s vers les ar\u00e8nes. \u00c7a commen\u00e7ait \u00e0 taper dur, l\u00e0-haut. Au Palais de Lupp\u00e9 Olympus a invit\u00e9 divers photographes \u2014 ils n\u2019ont remarqu\u00e9 que les photos fort belles et morbides elles aussi de <a href=\"https:\/\/www.rencontres-arles.com\/fr\/expositions\/view\/190\/guillaume-herbaut-eleonore-lubna\">Guillaume Herbaut et El\u00e9onore Lubna<\/a>, \u00ab de Kiev au Donbass, un aller-retour \u00bb. Ou comment photographier la guerre \u2014 apr\u00e8s tant d\u2019extraordinaires reporters sp\u00e9cialis\u00e9s dans le genre.<a href=\"http:\/\/blog.causeur.fr\/bonnetdane\/retour-a-arles-001753.html\/capture-decran-2017-07-31-a-16-07-00\" rel=\"attachment wp-att-1766\"><img loading=\"lazy\" decoding=\"async\" class=\"aligncenter size-full wp-image-1766\" src=\"http:\/\/blog.causeur.fr\/bonnetdane\/files\/2017\/07\/Capture-d\u2019e\u0301cran-2017-07-31-a\u0300-16.07.00.png\" alt=\"Capture d\u2019e\u0301cran 2017-07-31 a\u0300 16.07.00\" width=\"517\" height=\"427\" srcset=\"https:\/\/blog.causeur.fr\/bonnetdane\/wp-content\/uploads\/sites\/25\/2017\/07\/Capture-d\u2019e\u0301cran-2017-07-31-a\u0300-16.07.00.png 517w, https:\/\/blog.causeur.fr\/bonnetdane\/wp-content\/uploads\/sites\/25\/2017\/07\/Capture-d\u2019e\u0301cran-2017-07-31-a\u0300-16.07.00-300x248.png 300w, https:\/\/blog.causeur.fr\/bonnetdane\/wp-content\/uploads\/sites\/25\/2017\/07\/Capture-d\u2019e\u0301cran-2017-07-31-a\u0300-16.07.00-363x300.png 363w\" sizes=\"auto, (max-width: 517px) 100vw, 517px\" \/><\/a><br \/>\nLa galerie Arena, adjointe \u00e0 l\u2019ENSP d\u2019Arles, expose un premier lot de photos de Colombie \u2014 le th\u00e8me central des rencontres cette ann\u00e9e. Rien de marquant. Au mus\u00e9e R\u00e9attu, comme l\u2019ann\u00e9e derni\u00e8re, rien : des photos \u00ab mode \u00bb, sur le <em>genre<\/em> dans tous ses \u00e9tats. \u00c0 quoi bon aller \u00e0 Arles si c\u2019est pour y retrouver Michou ? En face, \u00e0 la Commanderie Sainte-Luce, un autre marronnier, les migrants libyens. \u00c0 trop traquer l\u2019\u00e9motion du direct, on oublie de photographier \u2014 c\u2019est-\u00e0-dire d\u2019\u00e9crire la lumi\u00e8re, de la mettre en sc\u00e8ne, de la dompter finalement. Entre le cru et le cuit, ils ont choisi\u2026 de ne pas s\u2019attarder.<\/p>\n<p>Il \u00e9tait temps d\u2019aller d\u00e9jeuner. Plut\u00f4t que de se perdre dans les innombrables gargotes \u00e0 touristes de la place du Forum, ils ont pass\u00e9 le pont de Trinquetaille et sont all\u00e9s chez Michel (juste \u00e0 la sortie du pont, en contrebas) , le seul endroit o\u00f9 l\u2019on mange une bourride de lotte pour 20 \u20ac. Mais que la travers\u00e9e du pont, une seule arche jet\u00e9e sur le Rh\u00f4ne, fut rude ! Le fleuve avait renonc\u00e9 \u00e0 couler. Les silures sommeillaient au fond. Les bateaux ne naviguaient pas. L\u2019air \u00e9tait si \u00e9pais de chaleur qu\u2019on l\u2019aurait d\u00e9coup\u00e9 au couteau.<\/p>\n<p>Puis retour : ils repass\u00e8rent le pont, et cherch\u00e8rent un peu de fra\u00eecheur dans la chapelle Saint-Martin du M\u00e9jan (juste \u00e0 c\u00f4t\u00e9 de la librairie d&rsquo;Actes Sud) o\u00f9 s\u2019expose la Vuelta, qui n\u2019est pas un documentaire sur le tour d\u2019Espagne mais un panorama, \u00e0 travers les \u0153uvres de 28 photographes, de la Colombie actuelle. Mention sp\u00e9ciale pour Rosario Lopez, Andrea Acosta, Maria Fernanda Cardoso (dont la sp\u00e9cialit\u00e9 est la macro-photographie d&rsquo;inqui\u00e9tants organes sexuels floraux)<a href=\"http:\/\/blog.causeur.fr\/bonnetdane\/retour-a-arles-001753.html\/capture-decran-2017-07-31-a-16-14-25\" rel=\"attachment wp-att-1767\"><img loading=\"lazy\" decoding=\"async\" class=\"aligncenter size-full wp-image-1767\" src=\"http:\/\/blog.causeur.fr\/bonnetdane\/files\/2017\/07\/Capture-d\u2019e\u0301cran-2017-07-31-a\u0300-16.14.25.png\" alt=\"Capture d\u2019e\u0301cran 2017-07-31 a\u0300 16.14.25\" width=\"896\" height=\"444\" srcset=\"https:\/\/blog.causeur.fr\/bonnetdane\/wp-content\/uploads\/sites\/25\/2017\/07\/Capture-d\u2019e\u0301cran-2017-07-31-a\u0300-16.14.25.png 896w, https:\/\/blog.causeur.fr\/bonnetdane\/wp-content\/uploads\/sites\/25\/2017\/07\/Capture-d\u2019e\u0301cran-2017-07-31-a\u0300-16.14.25-300x149.png 300w, https:\/\/blog.causeur.fr\/bonnetdane\/wp-content\/uploads\/sites\/25\/2017\/07\/Capture-d\u2019e\u0301cran-2017-07-31-a\u0300-16.14.25-768x381.png 768w, https:\/\/blog.causeur.fr\/bonnetdane\/wp-content\/uploads\/sites\/25\/2017\/07\/Capture-d\u2019e\u0301cran-2017-07-31-a\u0300-16.14.25-500x248.png 500w\" sizes=\"auto, (max-width: 896px) 100vw, 896px\" \/><\/a> ou Maria Elvira Escallon. A vous donner envie de ne pas y aller : c\u2019est superbe, la Colombie, mais \u00e7a a l\u2019air violemment hostile.<br \/>\nRemontez de quelques dizaines de m\u00e8tres, contournez la b\u00e2tisse o\u00f9 est organis\u00e9 l\u2019accueil du festival, et rendez-vous dans l\u2019\u00e9glise des fr\u00e8res pr\u00eacheurs. Micha\u00ebl Wolf y a accroch\u00e9 de tr\u00e8s belles vues de villes \u2014 les immeubles de Shanghai<a href=\"http:\/\/blog.causeur.fr\/bonnetdane\/retour-a-arles-001753.html\/capture-decran-2017-07-31-a-16-19-02\" rel=\"attachment wp-att-1768\"><img loading=\"lazy\" decoding=\"async\" class=\"aligncenter size-full wp-image-1768\" src=\"http:\/\/blog.causeur.fr\/bonnetdane\/files\/2017\/07\/Capture-d\u2019e\u0301cran-2017-07-31-a\u0300-16.19.02.png\" alt=\"Capture d\u2019e\u0301cran 2017-07-31 a\u0300 16.19.02\" width=\"816\" height=\"541\" srcset=\"https:\/\/blog.causeur.fr\/bonnetdane\/wp-content\/uploads\/sites\/25\/2017\/07\/Capture-d\u2019e\u0301cran-2017-07-31-a\u0300-16.19.02.png 816w, https:\/\/blog.causeur.fr\/bonnetdane\/wp-content\/uploads\/sites\/25\/2017\/07\/Capture-d\u2019e\u0301cran-2017-07-31-a\u0300-16.19.02-300x199.png 300w, https:\/\/blog.causeur.fr\/bonnetdane\/wp-content\/uploads\/sites\/25\/2017\/07\/Capture-d\u2019e\u0301cran-2017-07-31-a\u0300-16.19.02-768x509.png 768w, https:\/\/blog.causeur.fr\/bonnetdane\/wp-content\/uploads\/sites\/25\/2017\/07\/Capture-d\u2019e\u0301cran-2017-07-31-a\u0300-16.19.02-452x300.png 452w\" sizes=\"auto, (max-width: 816px) 100vw, 816px\" \/><\/a> ou de Hong-Kong, entre autres. \u00ab Pulsions urbaines \u00bb dit-il. C\u2019est tout \u00e0 fait \u00e7a \u2014 ces villes vivent \u00e0 battements acc\u00e9l\u00e9r\u00e9s, au plus pr\u00e8s de l&rsquo;infarctus. Tr\u00e8s belle s\u00e9rie de visages de Japonais press\u00e9s les uns contre les autres \u00e0 travers les vitres du m\u00e9tro de Tokyo \u2014 insectes semi-\u00e9cras\u00e9s derri\u00e8re les parois d\u2019un vivarium g\u00e9ant.<a href=\"http:\/\/blog.causeur.fr\/bonnetdane\/retour-a-arles-001753.html\/capture-decran-2017-07-31-a-16-19-38\" rel=\"attachment wp-att-1769\"><img loading=\"lazy\" decoding=\"async\" class=\"aligncenter size-full wp-image-1769\" src=\"http:\/\/blog.causeur.fr\/bonnetdane\/files\/2017\/07\/Capture-d\u2019e\u0301cran-2017-07-31-a\u0300-16.19.38.png\" alt=\"Capture d\u2019e\u0301cran 2017-07-31 a\u0300 16.19.38\" width=\"523\" height=\"652\" srcset=\"https:\/\/blog.causeur.fr\/bonnetdane\/wp-content\/uploads\/sites\/25\/2017\/07\/Capture-d\u2019e\u0301cran-2017-07-31-a\u0300-16.19.38.png 523w, https:\/\/blog.causeur.fr\/bonnetdane\/wp-content\/uploads\/sites\/25\/2017\/07\/Capture-d\u2019e\u0301cran-2017-07-31-a\u0300-16.19.38-241x300.png 241w\" sizes=\"auto, (max-width: 523px) 100vw, 523px\" \/><\/a><br \/>\nIl est temps de repiquer vers le centre-ville, que la promenade, en spirale escargotique, a soigneusement contourn\u00e9. Ils passent \u00e0 travers la mairie, tant le plafond du hall leur arrache \u00e0 chaque visite des commentaires admiratifs. \u00c0 droite, l\u2019\u00e9glise Sainte-Anne propose une exposition intitul\u00e9e \u00ab Iran 38 \u00bb (le nombre de photographes qui ont envoy\u00e9 leurs clich\u00e9s) avec des images magnifiques de Arash Khamooshi ou Benham Zakeri. Ou ce sauna improvis\u00e9 en bord de mer, qui ressemble terriblement \u00e0 un rite anthropophage \u2014 photographi\u00e9 par Morteza Niknahad.<a href=\"http:\/\/blog.causeur.fr\/bonnetdane\/retour-a-arles-001753.html\/capture-decran-2017-07-31-a-16-22-45\" rel=\"attachment wp-att-1770\"><img loading=\"lazy\" decoding=\"async\" class=\"aligncenter size-full wp-image-1770\" src=\"http:\/\/blog.causeur.fr\/bonnetdane\/files\/2017\/07\/Capture-d\u2019e\u0301cran-2017-07-31-a\u0300-16.22.45.png\" alt=\"Capture d\u2019e\u0301cran 2017-07-31 a\u0300 16.22.45\" width=\"983\" height=\"653\" srcset=\"https:\/\/blog.causeur.fr\/bonnetdane\/wp-content\/uploads\/sites\/25\/2017\/07\/Capture-d\u2019e\u0301cran-2017-07-31-a\u0300-16.22.45.png 983w, https:\/\/blog.causeur.fr\/bonnetdane\/wp-content\/uploads\/sites\/25\/2017\/07\/Capture-d\u2019e\u0301cran-2017-07-31-a\u0300-16.22.45-300x199.png 300w, https:\/\/blog.causeur.fr\/bonnetdane\/wp-content\/uploads\/sites\/25\/2017\/07\/Capture-d\u2019e\u0301cran-2017-07-31-a\u0300-16.22.45-768x510.png 768w, https:\/\/blog.causeur.fr\/bonnetdane\/wp-content\/uploads\/sites\/25\/2017\/07\/Capture-d\u2019e\u0301cran-2017-07-31-a\u0300-16.22.45-452x300.png 452w\" sizes=\"auto, (max-width: 983px) 100vw, 983px\" \/><\/a>Attention, il faut retraverser la place de la R\u00e9publique, pour atteindre la Palais de l\u2019Archev\u00each\u00e9 et Saint-Trophime, juste derri\u00e8re. Ils ne se donnent m\u00eame pas la main, pour ne pas transpirer en vain l\u2019un dans l\u2019autre \u2014 il y a des lieux et des occasions pour \u00e7a. M\u00eame la fontaine sur la place coule paresseusement, comme si elle \u00e9tait trop fatigu\u00e9e pour c\u00e9der \u00e0 la gravitation universelle.<br \/>\nUne fois la vo\u00fbte d\u2019entr\u00e9e atteinte, il sont provisoirement sauv\u00e9s. Ils montent l\u2019escalier \u00e0 droite, pour voir la premi\u00e8re exposition d\u2019ensemble des \u0153uvres de Masahisa Fukase, qui avec un humour tr\u00e8s japonais a subverti la photo de famille,<a href=\"http:\/\/blog.causeur.fr\/bonnetdane\/retour-a-arles-001753.html\/capture-decran-2017-07-31-a-16-25-36\" rel=\"attachment wp-att-1771\"><img loading=\"lazy\" decoding=\"async\" class=\"aligncenter size-full wp-image-1771\" src=\"http:\/\/blog.causeur.fr\/bonnetdane\/files\/2017\/07\/Capture-d\u2019e\u0301cran-2017-07-31-a\u0300-16.25.36.png\" alt=\"Capture d\u2019e\u0301cran 2017-07-31 a\u0300 16.25.36\" width=\"383\" height=\"523\" srcset=\"https:\/\/blog.causeur.fr\/bonnetdane\/wp-content\/uploads\/sites\/25\/2017\/07\/Capture-d\u2019e\u0301cran-2017-07-31-a\u0300-16.25.36.png 383w, https:\/\/blog.causeur.fr\/bonnetdane\/wp-content\/uploads\/sites\/25\/2017\/07\/Capture-d\u2019e\u0301cran-2017-07-31-a\u0300-16.25.36-220x300.png 220w\" sizes=\"auto, (max-width: 383px) 100vw, 383px\" \/><\/a> et pass\u00e9 une longue ann\u00e9e \u00e0 fixer des corbeaux, comme des kanji barbares et illisibles jet\u00e9s sur le soleil nippon.<a href=\"http:\/\/blog.causeur.fr\/bonnetdane\/retour-a-arles-001753.html\/capture-decran-2017-07-31-a-16-26-20\" rel=\"attachment wp-att-1772\"><img loading=\"lazy\" decoding=\"async\" class=\"aligncenter size-full wp-image-1772\" src=\"http:\/\/blog.causeur.fr\/bonnetdane\/files\/2017\/07\/Capture-d\u2019e\u0301cran-2017-07-31-a\u0300-16.26.20.png\" alt=\"Capture d\u2019e\u0301cran 2017-07-31 a\u0300 16.26.20\" width=\"710\" height=\"476\" srcset=\"https:\/\/blog.causeur.fr\/bonnetdane\/wp-content\/uploads\/sites\/25\/2017\/07\/Capture-d\u2019e\u0301cran-2017-07-31-a\u0300-16.26.20.png 710w, https:\/\/blog.causeur.fr\/bonnetdane\/wp-content\/uploads\/sites\/25\/2017\/07\/Capture-d\u2019e\u0301cran-2017-07-31-a\u0300-16.26.20-300x201.png 300w, https:\/\/blog.causeur.fr\/bonnetdane\/wp-content\/uploads\/sites\/25\/2017\/07\/Capture-d\u2019e\u0301cran-2017-07-31-a\u0300-16.26.20-447x300.png 447w\" sizes=\"auto, (max-width: 710px) 100vw, 710px\" \/><\/a> Tr\u00e8s beau. Tr\u00e8s d\u00e9sesp\u00e9r\u00e9. Apr\u00e8s \u00e7a, l\u2019auteur<a href=\"http:\/\/blog.causeur.fr\/bonnetdane\/retour-a-arles-001753.html\/capture-decran-2017-08-01-a-08-49-29\" rel=\"attachment wp-att-1777\"><img loading=\"lazy\" decoding=\"async\" class=\"aligncenter size-full wp-image-1777\" src=\"http:\/\/blog.causeur.fr\/bonnetdane\/files\/2017\/08\/Capture-d\u2019e\u0301cran-2017-08-01-a\u0300-08.49.29.png\" alt=\"Capture d\u2019e\u0301cran 2017-08-01 a\u0300 08.49.29\" width=\"637\" height=\"426\" srcset=\"https:\/\/blog.causeur.fr\/bonnetdane\/wp-content\/uploads\/sites\/25\/2017\/08\/Capture-d\u2019e\u0301cran-2017-08-01-a\u0300-08.49.29.png 637w, https:\/\/blog.causeur.fr\/bonnetdane\/wp-content\/uploads\/sites\/25\/2017\/08\/Capture-d\u2019e\u0301cran-2017-08-01-a\u0300-08.49.29-300x201.png 300w, https:\/\/blog.causeur.fr\/bonnetdane\/wp-content\/uploads\/sites\/25\/2017\/08\/Capture-d\u2019e\u0301cran-2017-08-01-a\u0300-08.49.29-449x300.png 449w\" sizes=\"auto, (max-width: 637px) 100vw, 637px\" \/><\/a> s\u2019est d\u00e9brouill\u00e9 pour avoir un accident qui l\u2019a plong\u00e9 vingt ans dans un coma profond dont il n\u2019est sorti que pour mourir. Un hara-kiri d\u00e9compos\u00e9 longuement.<br \/>\nA Saint-Trophime, juste au-dessus, on peut passer rapidement sur les photos de Dune Varela \u2014 des temples antiques tir\u00e9s sur des plaques de m\u00e9tal, transperc\u00e9es par derri\u00e8re \u00e0 la 22 long rifle \u2014 sans doute pour \u00e9voquer la destruction de Palmyre. On se prend \u00e0 regretter que l\u2019auteur n\u2019ait pas utilis\u00e9 une kalach, au moins il ne serait rien rest\u00e9 de son \u0153uvre.<br \/>\nMais au dernier \u00e9tage, tr\u00e8s belle exposition de Niels Ackerman et S\u00e9bastien Gobert, \u00ab Looking for Lenin \u00bb : une s\u00e9rie impressionnante de photos de statues renvers\u00e9es du p\u00e8re fondateur du socialisme, dans des arri\u00e8re-cours, des terrains vagues o\u00f9 les mauvaises herbes prennent leur revanche sur l\u2019Histoire, des entrep\u00f4ts clandestins o\u00f9 l&rsquo;on a stock\u00e9 les bustes en morceaux.<a href=\"http:\/\/blog.causeur.fr\/bonnetdane\/retour-a-arles-001753.html\/capture-decran-2017-07-31-a-16-31-16\" rel=\"attachment wp-att-1773\"><img loading=\"lazy\" decoding=\"async\" class=\"aligncenter size-full wp-image-1773\" src=\"http:\/\/blog.causeur.fr\/bonnetdane\/files\/2017\/07\/Capture-d\u2019e\u0301cran-2017-07-31-a\u0300-16.31.16.png\" alt=\"Capture d\u2019e\u0301cran 2017-07-31 a\u0300 16.31.16\" width=\"1048\" height=\"586\" srcset=\"https:\/\/blog.causeur.fr\/bonnetdane\/wp-content\/uploads\/sites\/25\/2017\/07\/Capture-d\u2019e\u0301cran-2017-07-31-a\u0300-16.31.16.png 1048w, https:\/\/blog.causeur.fr\/bonnetdane\/wp-content\/uploads\/sites\/25\/2017\/07\/Capture-d\u2019e\u0301cran-2017-07-31-a\u0300-16.31.16-300x168.png 300w, https:\/\/blog.causeur.fr\/bonnetdane\/wp-content\/uploads\/sites\/25\/2017\/07\/Capture-d\u2019e\u0301cran-2017-07-31-a\u0300-16.31.16-768x429.png 768w, https:\/\/blog.causeur.fr\/bonnetdane\/wp-content\/uploads\/sites\/25\/2017\/07\/Capture-d\u2019e\u0301cran-2017-07-31-a\u0300-16.31.16-1024x573.png 1024w, https:\/\/blog.causeur.fr\/bonnetdane\/wp-content\/uploads\/sites\/25\/2017\/07\/Capture-d\u2019e\u0301cran-2017-07-31-a\u0300-16.31.16-500x280.png 500w\" sizes=\"auto, (max-width: 1048px) 100vw, 1048px\" \/><\/a> La plupart des photos sont accompagn\u00e9es du commentaire d\u2019un Ukrainien-t\u00e9moin \u2014 celui-ci par exemple : \u00ab Si vous tirez sur \u2018Histoire avec un pistolet, elle ripostera au canon. Si tout est d\u00e9figur\u00e9 \u00e0 tel point qu\u2019on oublie d\u2019o\u00f9 l\u2019on vient, nous ne formerons jamais une nation. Nous ne serons qu\u2019une populace. Voire pire, des esclaves. Combien de fois, je vous le demande, est-ce que l\u2019Histoire a \u00e9t\u00e9 r\u00e9\u00e9crite, depuis les d\u00e9buts de l\u2019humanit\u00e9 ? Et regardez le r\u00e9sultat\u2026 \u00bb On ne saurait mieux dire qu\u2019\u00e0 vouloir abolir le pass\u00e9, on rate son futur. Et il n\u2019y a pas qu\u2019en Ukraine \u2014 de fa\u00e7on amusante, ce sont d\u00e9sormais les lib\u00e9raux qui chantent \u00ab du pass\u00e9 faisons table rase\u2026 \u00bb<\/p>\n<p>Ils se sont r\u00e9solus \u00e0 retraverser la place pour prendre la rue de la R\u00e9publique. \u00c0 l\u2019\u00e9glise des Trinitaires, Marie Bovo a eu une bonne id\u00e9e \u2014 photographier la Russie \u00e0 travers les vitres du train qui parcourait la steppe \u2014, mais \u00e0 part l\u2019id\u00e9e\u2026<br \/>\nEspace Van Gogh, les \u00ab Pulsions urbaines \u00bb d\u2019une Am\u00e9rique du Sud prot\u00e9iforme \u2014 rien, mais alors rien, qui tire l\u2019\u0153il et d\u00e9passe le niveau de la carte postale, sauf de tr\u00e8s belles images de Miguel Rio Branco, un Br\u00e9silien, et de Fernell Franco \u2014 la Colombie encore :<a href=\"http:\/\/blog.causeur.fr\/bonnetdane\/retour-a-arles-001753.html\/capture-decran-2017-07-31-a-16-33-54\" rel=\"attachment wp-att-1774\"><img loading=\"lazy\" decoding=\"async\" class=\"aligncenter size-full wp-image-1774\" src=\"http:\/\/blog.causeur.fr\/bonnetdane\/files\/2017\/07\/Capture-d\u2019e\u0301cran-2017-07-31-a\u0300-16.33.54.png\" alt=\"Capture d\u2019e\u0301cran 2017-07-31 a\u0300 16.33.54\" width=\"452\" height=\"321\" srcset=\"https:\/\/blog.causeur.fr\/bonnetdane\/wp-content\/uploads\/sites\/25\/2017\/07\/Capture-d\u2019e\u0301cran-2017-07-31-a\u0300-16.33.54.png 452w, https:\/\/blog.causeur.fr\/bonnetdane\/wp-content\/uploads\/sites\/25\/2017\/07\/Capture-d\u2019e\u0301cran-2017-07-31-a\u0300-16.33.54-300x213.png 300w, https:\/\/blog.causeur.fr\/bonnetdane\/wp-content\/uploads\/sites\/25\/2017\/07\/Capture-d\u2019e\u0301cran-2017-07-31-a\u0300-16.33.54-422x300.png 422w\" sizes=\"auto, (max-width: 452px) 100vw, 452px\" \/><\/a>L\u2019apr\u00e8s-midi tirait sur sa fin. Il a tenu \u00e0 passer rue des Porcelet, qui donne sur la place Antonelle. Un vieux copain, qui signe Peter Henri Stein, y expose, comme chaque ann\u00e9e, ses photos noir et blanc de femmes tortur\u00e9es, empal\u00e9es, ficel\u00e9es comme des poup\u00e9es de Bellmer, sur lesquelles, en surimpression, sont parfois recopi\u00e9s des fragments de textes sadiens.<a href=\"http:\/\/blog.causeur.fr\/bonnetdane\/retour-a-arles-001753.html\/capture-decran-2017-07-31-a-16-36-03\" rel=\"attachment wp-att-1775\"><img loading=\"lazy\" decoding=\"async\" class=\"aligncenter size-full wp-image-1775\" src=\"http:\/\/blog.causeur.fr\/bonnetdane\/files\/2017\/07\/Capture-d\u2019e\u0301cran-2017-07-31-a\u0300-16.36.03.png\" alt=\"Capture d\u2019e\u0301cran 2017-07-31 a\u0300 16.36.03\" width=\"398\" height=\"640\" srcset=\"https:\/\/blog.causeur.fr\/bonnetdane\/wp-content\/uploads\/sites\/25\/2017\/07\/Capture-d\u2019e\u0301cran-2017-07-31-a\u0300-16.36.03.png 398w, https:\/\/blog.causeur.fr\/bonnetdane\/wp-content\/uploads\/sites\/25\/2017\/07\/Capture-d\u2019e\u0301cran-2017-07-31-a\u0300-16.36.03-187x300.png 187w\" sizes=\"auto, (max-width: 398px) 100vw, 398px\" \/><\/a> Tiens, cette ann\u00e9e, il a un peu sacrifi\u00e9 \u00e0 la couleur, pour transformer une chair humaine en vieux bois flott\u00e9.<a href=\"http:\/\/blog.causeur.fr\/bonnetdane\/retour-a-arles-001753.html\/capture-decran-2017-07-31-a-16-36-28\" rel=\"attachment wp-att-1776\"><img loading=\"lazy\" decoding=\"async\" class=\"aligncenter size-full wp-image-1776\" src=\"http:\/\/blog.causeur.fr\/bonnetdane\/files\/2017\/07\/Capture-d\u2019e\u0301cran-2017-07-31-a\u0300-16.36.28.png\" alt=\"Capture d\u2019e\u0301cran 2017-07-31 a\u0300 16.36.28\" width=\"269\" height=\"392\" srcset=\"https:\/\/blog.causeur.fr\/bonnetdane\/wp-content\/uploads\/sites\/25\/2017\/07\/Capture-d\u2019e\u0301cran-2017-07-31-a\u0300-16.36.28.png 269w, https:\/\/blog.causeur.fr\/bonnetdane\/wp-content\/uploads\/sites\/25\/2017\/07\/Capture-d\u2019e\u0301cran-2017-07-31-a\u0300-16.36.28-206x300.png 206w\" sizes=\"auto, (max-width: 269px) 100vw, 269px\" \/><\/a>Il \u00e9tait pr\u00e8s de cinq heures, il \u00e9tait temps de partir. Il restait tant de choses \u00e0 voir \u2014<a href=\"https:\/\/www.focus-numerique.com\/news\/arles-2017-annie-leibovitz-les-premieres-annees-1970-1983-20503.html\">les photos de jeunesse d\u2019Annie Leibowitz<\/a>, \u00e0 la Grande Halle par exemple. Ma foi, ils y retourneront, la plupart des expos sont l\u00e0 jusqu\u2019\u00e0 fin ao\u00fbt.<\/p>\n<p>Jean-Paul Brighelli<\/p>\n","protected":false},"excerpt":{"rendered":"<p>Ils marchaient lentement, dans la ville surchauff\u00e9e. Arles peut bien ne plus \u00eatre ench\u00e2ss\u00e9 que dans des vestiges de murailles, les rues ont beau \u00eatre \u00e9troites et \u00e0 l\u2019abri du soleil, l\u2019air n\u2019y circule pas, l\u2019\u00e9t\u00e9, et une chape de plomb fondu l\u2019enserre. Le pire, c\u2019est quand vous sortez des ruelles et que vous entrez [&hellip;]<\/p>\n","protected":false},"author":6,"featured_media":0,"comment_status":"open","ping_status":"open","sticky":false,"template":"","format":"standard","meta":{"footnotes":""},"categories":[1],"tags":[1265,1261,1263,1259,1270,1260,1267,1266,1268,1262,1269,1271,1258,1264],"class_list":{"0":"post-1753","1":"post","2":"type-post","3":"status-publish","4":"format-standard","6":"category-non-classe","7":"tag-andrea-acosta","8":"tag-arash-khamooshi","9":"tag-benham-zakeri","10":"tag-christophe-rihet","11":"tag-fernell-franco","12":"tag-guillaume-herbaut-et-eleonore-lubna","13":"tag-maria-elvira-escalloni","14":"tag-maria-fernanda-cardoso","15":"tag-masahisa-fukase","16":"tag-morteza-niknahad","17":"tag-niels-ackerman-et-sebastien-gobert","18":"tag-peter-henri-stein","19":"tag-rencontres-photographiques-darles","20":"tag-rosario-lopez"},"_links":{"self":[{"href":"https:\/\/blog.causeur.fr\/bonnetdane\/wp-json\/wp\/v2\/posts\/1753","targetHints":{"allow":["GET"]}}],"collection":[{"href":"https:\/\/blog.causeur.fr\/bonnetdane\/wp-json\/wp\/v2\/posts"}],"about":[{"href":"https:\/\/blog.causeur.fr\/bonnetdane\/wp-json\/wp\/v2\/types\/post"}],"author":[{"embeddable":true,"href":"https:\/\/blog.causeur.fr\/bonnetdane\/wp-json\/wp\/v2\/users\/6"}],"replies":[{"embeddable":true,"href":"https:\/\/blog.causeur.fr\/bonnetdane\/wp-json\/wp\/v2\/comments?post=1753"}],"version-history":[{"count":0,"href":"https:\/\/blog.causeur.fr\/bonnetdane\/wp-json\/wp\/v2\/posts\/1753\/revisions"}],"wp:attachment":[{"href":"https:\/\/blog.causeur.fr\/bonnetdane\/wp-json\/wp\/v2\/media?parent=1753"}],"wp:term":[{"taxonomy":"category","embeddable":true,"href":"https:\/\/blog.causeur.fr\/bonnetdane\/wp-json\/wp\/v2\/categories?post=1753"},{"taxonomy":"post_tag","embeddable":true,"href":"https:\/\/blog.causeur.fr\/bonnetdane\/wp-json\/wp\/v2\/tags?post=1753"}],"curies":[{"name":"wp","href":"https:\/\/api.w.org\/{rel}","templated":true}]}}