{"id":1762,"date":"2017-08-05T14:06:47","date_gmt":"2017-08-05T12:06:47","guid":{"rendered":"http:\/\/blog.causeur.fr\/bonnetdane\/?p=1762"},"modified":"2021-04-22T18:49:16","modified_gmt":"2021-04-22T16:49:16","slug":"nicolas-hulot-est-un-loup-pour-le-loup","status":"publish","type":"post","link":"https:\/\/blog.causeur.fr\/bonnetdane\/nicolas-hulot-est-un-loup-pour-le-loup-1762","title":{"rendered":"Nicolas Hulot est un loup pour le loup"},"content":{"rendered":"<p><a href=\"http:\/\/blog.causeur.fr\/bonnetdane\/nicolas-hulot-est-un-loup-pour-le-loup-001762.html\/capture-decran-2017-08-05-a-13-45-13\" rel=\"attachment wp-att-1785\"><img loading=\"lazy\" decoding=\"async\" class=\"aligncenter size-full wp-image-1785\" src=\"http:\/\/blog.causeur.fr\/bonnetdane\/files\/2017\/08\/Capture-d\u2019e\u0301cran-2017-08-05-a\u0300-13.45.13.png\" alt=\"Capture d\u2019e\u0301cran 2017-08-05 a\u0300 13.45.13\" width=\"593\" height=\"398\" srcset=\"https:\/\/blog.causeur.fr\/bonnetdane\/wp-content\/uploads\/sites\/25\/2017\/08\/Capture-d\u2019e\u0301cran-2017-08-05-a\u0300-13.45.13.png 593w, https:\/\/blog.causeur.fr\/bonnetdane\/wp-content\/uploads\/sites\/25\/2017\/08\/Capture-d\u2019e\u0301cran-2017-08-05-a\u0300-13.45.13-300x201.png 300w, https:\/\/blog.causeur.fr\/bonnetdane\/wp-content\/uploads\/sites\/25\/2017\/08\/Capture-d\u2019e\u0301cran-2017-08-05-a\u0300-13.45.13-447x300.png 447w\" sizes=\"auto, (max-width: 593px) 100vw, 593px\" \/><\/a>Il y a quelques jours, Brigitte Bardot, \u00e9c\u0153ur\u00e9e qu\u2019il n\u2019y ait aucun moratoire sur la chasse, particuli\u00e8rement dans les r\u00e9gions incendi\u00e9es, <a href=\"http:\/\/www.varmatin.com\/debat\/pour-brigitte-bardot-les-chasseurs-sont-des-djihadistes-du-monde-animal-157880\">traitait dans <em>Var-Matin<\/em><\/a> Nicolas Hulot de \u00ab vendu \u00bb et de \u00ab l\u00e2che \u00bb. Sans doute le nouveau ministre de l\u2019Ecologie s\u2019est-il pos\u00e9 le probl\u00e8me en termes n\u00e9o-staliniens : \u00ab Bardot, combien de divisions ? Le lobby des chasseurs, par contre\u2026 \u00bb<\/p>\n<p>Ce samedi 5 ao\u00fbt, elle r\u00e9cidive <a href=\"http:\/\/www.laprovence.com\/article\/societe\/4567360\/44-ans-de-combat-pour-les-animaux-brigitte-bardot-ressort-ses-griffes.html\">dans les colonnes de <em>la Provence<\/em><\/a>. Interview\u00e9e par Franz-Olivier Giesbert apr\u00e8s la d\u00e9cision de Nicolas Hulot de faire abattre quarante loups pour plaire cette fois au lobby des \u00e9leveurs, elle l\u00e2che : \u00ab J\u2019avais de bonnes relations avec Hulot : dans le pass\u00e9, ma Fondation a travaill\u00e9 avec lui. Mais je ne l\u2019aurais jamais cru capable de \u00e7a. Quel cynisme ! Il a suffi qu\u2019il soit nomm\u00e9 ministre pour qu\u2019il change, c\u2019est le cas de le dire, son fusil d\u2019\u00e9paule. Je n\u2019ai plus aucune confiance en lui alors qu\u2019il m\u2019inspirait une confiance quand il est entr\u00e9 au gouvernement. Il m\u2019a tu\u00e9 quelque part\u2026 \u00bb Et d\u2019ajouter, <em>in fine<\/em> : \u00ab Quand ce connard (je r\u00e9tablis le mot dont <em>la Provence<\/em> n&rsquo;a conserv\u00e9 que l&rsquo;initiale) de Hulot a d\u00e9cid\u00e9 de tuer les quarante loups, j\u2019ai pleur\u00e9 pendant une nuit enti\u00e8re. \u00bb<br \/>\nEvitons de faire pleurer les vieilles dames \u2014 c\u2019est bien assez de faire pleurer les jeunes.<a href=\"http:\/\/blog.causeur.fr\/bonnetdane\/nicolas-hulot-est-un-loup-pour-le-loup-001762.html\/capture-decran-2017-08-05-a-08-26-12\" rel=\"attachment wp-att-1786\"><img loading=\"lazy\" decoding=\"async\" class=\"aligncenter size-full wp-image-1786\" src=\"http:\/\/blog.causeur.fr\/bonnetdane\/files\/2017\/08\/Capture-d\u2019e\u0301cran-2017-08-05-a\u0300-08.26.12.png\" alt=\"Capture d\u2019e\u0301cran 2017-08-05 a\u0300 08.26.12\" width=\"353\" height=\"349\" srcset=\"https:\/\/blog.causeur.fr\/bonnetdane\/wp-content\/uploads\/sites\/25\/2017\/08\/Capture-d\u2019e\u0301cran-2017-08-05-a\u0300-08.26.12.png 353w, https:\/\/blog.causeur.fr\/bonnetdane\/wp-content\/uploads\/sites\/25\/2017\/08\/Capture-d\u2019e\u0301cran-2017-08-05-a\u0300-08.26.12-300x297.png 300w, https:\/\/blog.causeur.fr\/bonnetdane\/wp-content\/uploads\/sites\/25\/2017\/08\/Capture-d\u2019e\u0301cran-2017-08-05-a\u0300-08.26.12-303x300.png 303w, https:\/\/blog.causeur.fr\/bonnetdane\/wp-content\/uploads\/sites\/25\/2017\/08\/Capture-d\u2019e\u0301cran-2017-08-05-a\u0300-08.26.12-32x32.png 32w, https:\/\/blog.causeur.fr\/bonnetdane\/wp-content\/uploads\/sites\/25\/2017\/08\/Capture-d\u2019e\u0301cran-2017-08-05-a\u0300-08.26.12-50x50.png 50w, https:\/\/blog.causeur.fr\/bonnetdane\/wp-content\/uploads\/sites\/25\/2017\/08\/Capture-d\u2019e\u0301cran-2017-08-05-a\u0300-08.26.12-64x64.png 64w, https:\/\/blog.causeur.fr\/bonnetdane\/wp-content\/uploads\/sites\/25\/2017\/08\/Capture-d\u2019e\u0301cran-2017-08-05-a\u0300-08.26.12-96x96.png 96w, https:\/\/blog.causeur.fr\/bonnetdane\/wp-content\/uploads\/sites\/25\/2017\/08\/Capture-d\u2019e\u0301cran-2017-08-05-a\u0300-08.26.12-128x128.png 128w\" sizes=\"auto, (max-width: 353px) 100vw, 353px\" \/><\/a><\/p>\n<p>Et raisonnons un peu.<br \/>\nQuarante loups, c\u2019est pr\u00e8s de 15% des loups fran\u00e7ais, selon les derni\u00e8res estimations. Il y a aujourd&rsquo;hui un peu moins de 350 loups pour 550 000 km2. Un risque inacceptable, selon le ministre.<br \/>\nLe plus dr\u00f4le, c\u2019est que ni les Italiens ni les Espagnols, qui nous ont galamment pr\u00eat\u00e9 quelques-uns de leurs <em>Canis lupus lupus<\/em>, n\u2019ont de probl\u00e8mes avec les soi-disant attaques de loups (qui ne sont la plupart du temps, d\u00e8s qu\u2019il s\u2019agit de massacres d\u2019envergure, que des attaques de chiens errants : le loup est un pr\u00e9dateur intelligent qui se saisit d\u2019une b\u00eate qui tra\u00eene et sait s\u2019en contenter, timide et discret comme il est). Peut-\u00eatre parce que leurs bergers gardent leurs b\u00eates, au lieu de les envoyer errer dans la montagne \u2014 ce qui est, en France, le fait de gros \u00e9leveurs propri\u00e9taires de tr\u00e8s gros troupeaux. Et qu\u2019ils sont second\u00e9s par des patous \u2014 indiff\u00e9remment des Bergers des Pyr\u00e9n\u00e9es ou des Bergers de Maremme des Abruzzes) qui sont des chiens particuli\u00e8rement dissuasifs, et dont il faut absolument se tenir \u00e0 distance : ce sont de fausses peluches et de vrais carnassiers.<a href=\"http:\/\/blog.causeur.fr\/bonnetdane\/nicolas-hulot-est-un-loup-pour-le-loup-001762.html\/capture-decran-2017-08-05-a-13-51-32\" rel=\"attachment wp-att-1787\"><img loading=\"lazy\" decoding=\"async\" class=\"aligncenter size-full wp-image-1787\" src=\"http:\/\/blog.causeur.fr\/bonnetdane\/files\/2017\/08\/Capture-d\u2019e\u0301cran-2017-08-05-a\u0300-13.51.32.png\" alt=\"Capture d\u2019e\u0301cran 2017-08-05 a\u0300 13.51.32\" width=\"317\" height=\"264\" srcset=\"https:\/\/blog.causeur.fr\/bonnetdane\/wp-content\/uploads\/sites\/25\/2017\/08\/Capture-d\u2019e\u0301cran-2017-08-05-a\u0300-13.51.32.png 317w, https:\/\/blog.causeur.fr\/bonnetdane\/wp-content\/uploads\/sites\/25\/2017\/08\/Capture-d\u2019e\u0301cran-2017-08-05-a\u0300-13.51.32-300x250.png 300w\" sizes=\"auto, (max-width: 317px) 100vw, 317px\" \/><\/a>Ah oui, mais en France le lobby des randonneurs s\u2019\u00e9tait fendu, il y a deux ans, d\u2019une <a href=\"https:\/\/www.change.org\/p\/mme-s%C3%A9gol%C3%A8ne-royal-pour-en-finir-avec-les-agressions-de-patous-sur-les-randonneurs-en-montagne\">p\u00e9tition adress\u00e9e \u00e0 S\u00e9gol\u00e8ne Royal<\/a> demandant \u00e0 ce que les patous soient \u00ab sociabilis\u00e9s \u00bb. Et <a href=\"http:\/\/www.jfdumas.fr\/Sur-les-terres-hantees-par-le-loup-gare-aux-patous-_a208.html\">d&rsquo;autres veulent<\/a> que l&rsquo;on abandonne la montagne aux randonneurs, et que l&rsquo;on supprime \u00e9galement bergers, troupeaux et chiens. Heureusement que de vrais sp\u00e9cialistes de la randonn\u00e9e donnent, pendant ce temps, <a href=\"https:\/\/www.randonner-malin.com\/les-patous-un-danger-pour-les-randonneurs\/\">des conseils intelligents<\/a>. Nous voulons bien la montagne, pourvu qu\u2019elle ressemble au boulevard Saint-Germain.<\/p>\n<div id=\"ligne\"><\/div>\n<p>Le loup a \u00e9t\u00e9 \u00e9radiqu\u00e9 au XIX\u00e8me si\u00e8cle pour des raisons superstitieuses \u2014 on leur mettait sur le dos toutes les disparitions de Chaperons rouges, alors que nous savons bien, nous, que <a href=\"https:\/\/www.youtube.com\/watch?v=Y0F_2Jo8Rx8\">c&rsquo;\u00e9tait Michel Galabru<\/a>. C\u2019est une esp\u00e8ce prot\u00e9g\u00e9e que le ministre a d\u00e9cid\u00e9 de faire abattre. Une esp\u00e8ce qui a \u00e9t\u00e9 au bord de l\u2019extinction totale, et qui la frisera \u00e0 nouveau.<\/p>\n<p>Pendant longtemps, Hulot, pour le cin\u00e9phile que je suis, c\u2019\u00e9tait \u00e7a :<a href=\"http:\/\/blog.causeur.fr\/bonnetdane\/nicolas-hulot-est-un-loup-pour-le-loup-001762.html\/capture-decran-2017-08-05-a-09-33-40\" rel=\"attachment wp-att-1788\"><img loading=\"lazy\" decoding=\"async\" class=\"aligncenter size-full wp-image-1788\" src=\"http:\/\/blog.causeur.fr\/bonnetdane\/files\/2017\/08\/Capture-d\u2019e\u0301cran-2017-08-05-a\u0300-09.33.40.png\" alt=\"Capture d\u2019e\u0301cran 2017-08-05 a\u0300 09.33.40\" width=\"516\" height=\"638\" srcset=\"https:\/\/blog.causeur.fr\/bonnetdane\/wp-content\/uploads\/sites\/25\/2017\/08\/Capture-d\u2019e\u0301cran-2017-08-05-a\u0300-09.33.40.png 516w, https:\/\/blog.causeur.fr\/bonnetdane\/wp-content\/uploads\/sites\/25\/2017\/08\/Capture-d\u2019e\u0301cran-2017-08-05-a\u0300-09.33.40-243x300.png 243w\" sizes=\"auto, (max-width: 516px) 100vw, 516px\" \/><\/a>Et comme je n\u2019ai pas la t\u00e9l\u00e9vision, je n\u2019ai pas r\u00e9alis\u00e9 que d\u00e9sormais, c\u2019\u00e9tait \u00e7a :<a href=\"http:\/\/blog.causeur.fr\/bonnetdane\/nicolas-hulot-est-un-loup-pour-le-loup-001762.html\/capture-decran-2017-08-05-a-10-38-43\" rel=\"attachment wp-att-1789\"><img loading=\"lazy\" decoding=\"async\" class=\"aligncenter size-full wp-image-1789\" src=\"http:\/\/blog.causeur.fr\/bonnetdane\/files\/2017\/08\/Capture-d\u2019e\u0301cran-2017-08-05-a\u0300-10.38.43.png\" alt=\"Capture d\u2019e\u0301cran 2017-08-05 a\u0300 10.38.43\" width=\"652\" height=\"661\" srcset=\"https:\/\/blog.causeur.fr\/bonnetdane\/wp-content\/uploads\/sites\/25\/2017\/08\/Capture-d\u2019e\u0301cran-2017-08-05-a\u0300-10.38.43.png 652w, https:\/\/blog.causeur.fr\/bonnetdane\/wp-content\/uploads\/sites\/25\/2017\/08\/Capture-d\u2019e\u0301cran-2017-08-05-a\u0300-10.38.43-296x300.png 296w, https:\/\/blog.causeur.fr\/bonnetdane\/wp-content\/uploads\/sites\/25\/2017\/08\/Capture-d\u2019e\u0301cran-2017-08-05-a\u0300-10.38.43-32x32.png 32w, https:\/\/blog.causeur.fr\/bonnetdane\/wp-content\/uploads\/sites\/25\/2017\/08\/Capture-d\u2019e\u0301cran-2017-08-05-a\u0300-10.38.43-50x50.png 50w, https:\/\/blog.causeur.fr\/bonnetdane\/wp-content\/uploads\/sites\/25\/2017\/08\/Capture-d\u2019e\u0301cran-2017-08-05-a\u0300-10.38.43-64x64.png 64w, https:\/\/blog.causeur.fr\/bonnetdane\/wp-content\/uploads\/sites\/25\/2017\/08\/Capture-d\u2019e\u0301cran-2017-08-05-a\u0300-10.38.43-96x96.png 96w\" sizes=\"auto, (max-width: 652px) 100vw, 652px\" \/><\/a>Et avec \u00e7a, les droits d\u00e9riv\u00e9s des divers produits commercialis\u00e9s via TF1, sans compter ce qui lui vient via sa Fondation (d\u00e9sormais \u2014 depuis juin \u2014 dirig\u00e9e par Audrey Pulvar) et la soci\u00e9t\u00e9 Eole Conseil qui la chapeaute. Le <em>Canard encha\u00een\u00e9<\/em> <a href=\"http:\/\/www.europe1.fr\/politique\/revelations-sur-des-profits-embarrassants-pour-le-ministre-nicolas-hulot-3380690\">en a fait r\u00e9cemment ses choux gras<\/a>. Pas de quoi embarrasser un gouvernement qui a vir\u00e9 Bayrou ou Sarnez sur des soup\u00e7ons, mais tol\u00e8re sans probl\u00e8me Hulot ou P\u00e9nicaud. L\u2019exigence de vertu s\u2019arr\u00eate \u00e0 la fronti\u00e8re des int\u00e9r\u00eats bien compris.<br \/>\nPeut-\u00eatre le bon Monsieur Hulot devrait-il, au lieu de r\u00e9tablir la charge de Lieutenant de Louveterie, faire interdire tous les perturbateurs endocriniens connus \u2014 il y en a \u00e0 ce jour pr\u00e8s de 100 000, dont les effets \u2014 entre autres sur la reproduction \u2014 sont d\u00e9sastreux. Mais bon, rien qu\u2019\u00e0 l\u2019id\u00e9e de toutes ces multi-nationales oblig\u00e9es pour un temps de rogner sur leurs marges ; \u00e0 l\u2019id\u00e9e aussi de ces hypermarch\u00e9s d\u00e9barrassant leurs rayons des trois-quarts de leurs produits \u2014 mon c\u0153ur se serre. Celui de Nicolas Hulot aussi, manifestement : c\u2019est gr\u00e2ce au revirement de la France et de son minist\u00e8re que l\u2019Union europ\u00e9enne <a href=\"http:\/\/www.lemonde.fr\/pollution\/article\/2017\/07\/04\/perturbateurs-endocriniens-la-france-cede-a-l-allemagne_5155485_1652666.html\">s\u2019est pli\u00e9e aux diktats allemands et adopt\u00e9 une d\u00e9finition desdits perturbateurs la moins contraignante possible<\/a> \u2014 c\u2019\u00e9tait le mois dernier.<a href=\"http:\/\/blog.causeur.fr\/bonnetdane\/nicolas-hulot-est-un-loup-pour-le-loup-001762.html\/8d05901_9403-7gtdra-3xsto9lik9\" rel=\"attachment wp-att-1791\"><img loading=\"lazy\" decoding=\"async\" class=\"aligncenter size-full wp-image-1791\" src=\"http:\/\/blog.causeur.fr\/bonnetdane\/files\/2017\/08\/8d05901_9403-7gtdra.3xsto9lik9.jpg\" alt=\"8d05901_9403-7gtdra.3xsto9lik9\" width=\"534\" height=\"315\" srcset=\"https:\/\/blog.causeur.fr\/bonnetdane\/wp-content\/uploads\/sites\/25\/2017\/08\/8d05901_9403-7gtdra.3xsto9lik9.jpg 534w, https:\/\/blog.causeur.fr\/bonnetdane\/wp-content\/uploads\/sites\/25\/2017\/08\/8d05901_9403-7gtdra.3xsto9lik9-300x177.jpg 300w, https:\/\/blog.causeur.fr\/bonnetdane\/wp-content\/uploads\/sites\/25\/2017\/08\/8d05901_9403-7gtdra.3xsto9lik9-500x295.jpg 500w\" sizes=\"auto, (max-width: 534px) 100vw, 534px\" \/><\/a>Manifestement, les loups et les brebis, c\u2019\u00e9tait plus important.<\/p>\n<p>Jean-Paul Brighelli<\/p>\n<p>PS. Je ne veux pas avoir l\u2019air de tout savoir sur tout. Ma connaissance des m\u0153urs du loup, je la dois \u00e0 mon ami <a href=\"http:\/\/www.biosphoto.com\/recherche.php?lib=:auteur:id=299\">Henry Ausloos, photographe animalier professionnel<\/a>, qui a pass\u00e9 des jours et des jours, en plein hiver, \u00e0 attendre dans un igloo de fortune que quelques loups am\u00e9ricains veuillent bien passer devant lui, \u00e0 Yellowstone, afin d\u2019en tirer quelques clich\u00e9s qui pour une fois n\u2019auront pas \u00e9t\u00e9 pris en douce derri\u00e8re les grilles d\u2019un zoo. Mais qui a aussi photographi\u00e9 des loups bien de chez nous. Qui ne l&rsquo;ont pas mang\u00e9, \u00e7a alors !<a href=\"http:\/\/blog.causeur.fr\/bonnetdane\/nicolas-hulot-est-un-loup-pour-le-loup-001762.html\/capture-decran-2017-08-05-a-14-03-44\" rel=\"attachment wp-att-1790\"><img loading=\"lazy\" decoding=\"async\" class=\"aligncenter size-full wp-image-1790\" src=\"http:\/\/blog.causeur.fr\/bonnetdane\/files\/2017\/08\/Capture-d\u2019e\u0301cran-2017-08-05-a\u0300-14.03.44.png\" alt=\"Capture d\u2019e\u0301cran 2017-08-05 a\u0300 14.03.44\" width=\"512\" height=\"357\" srcset=\"https:\/\/blog.causeur.fr\/bonnetdane\/wp-content\/uploads\/sites\/25\/2017\/08\/Capture-d\u2019e\u0301cran-2017-08-05-a\u0300-14.03.44.png 512w, https:\/\/blog.causeur.fr\/bonnetdane\/wp-content\/uploads\/sites\/25\/2017\/08\/Capture-d\u2019e\u0301cran-2017-08-05-a\u0300-14.03.44-300x209.png 300w, https:\/\/blog.causeur.fr\/bonnetdane\/wp-content\/uploads\/sites\/25\/2017\/08\/Capture-d\u2019e\u0301cran-2017-08-05-a\u0300-14.03.44-430x300.png 430w\" sizes=\"auto, (max-width: 512px) 100vw, 512px\" \/><\/a><\/p>\n","protected":false},"excerpt":{"rendered":"<p>Il y a quelques jours, Brigitte Bardot, \u00e9c\u0153ur\u00e9e qu\u2019il n\u2019y ait aucun moratoire sur la chasse, particuli\u00e8rement dans les r\u00e9gions incendi\u00e9es, traitait dans Var-Matin Nicolas Hulot de \u00ab vendu \u00bb et de \u00ab l\u00e2che \u00bb. Sans doute le nouveau ministre de l\u2019Ecologie s\u2019est-il pos\u00e9 le probl\u00e8me en termes n\u00e9o-staliniens : \u00ab Bardot, combien de divisions [&hellip;]<\/p>\n","protected":false},"author":6,"featured_media":0,"comment_status":"open","ping_status":"open","sticky":false,"template":"","format":"standard","meta":{"footnotes":""},"categories":[1],"tags":[1273,1274,1272,1276,1277,1275],"class_list":{"0":"post-1762","1":"post","2":"type-post","3":"status-publish","4":"format-standard","6":"category-non-classe","7":"tag-brigitte-bardot","8":"tag-loup","9":"tag-nicolas-hulot","10":"tag-patous","11":"tag-perturbateurs-endocriniens","12":"tag-ushuaia"},"_links":{"self":[{"href":"https:\/\/blog.causeur.fr\/bonnetdane\/wp-json\/wp\/v2\/posts\/1762","targetHints":{"allow":["GET"]}}],"collection":[{"href":"https:\/\/blog.causeur.fr\/bonnetdane\/wp-json\/wp\/v2\/posts"}],"about":[{"href":"https:\/\/blog.causeur.fr\/bonnetdane\/wp-json\/wp\/v2\/types\/post"}],"author":[{"embeddable":true,"href":"https:\/\/blog.causeur.fr\/bonnetdane\/wp-json\/wp\/v2\/users\/6"}],"replies":[{"embeddable":true,"href":"https:\/\/blog.causeur.fr\/bonnetdane\/wp-json\/wp\/v2\/comments?post=1762"}],"version-history":[{"count":0,"href":"https:\/\/blog.causeur.fr\/bonnetdane\/wp-json\/wp\/v2\/posts\/1762\/revisions"}],"wp:attachment":[{"href":"https:\/\/blog.causeur.fr\/bonnetdane\/wp-json\/wp\/v2\/media?parent=1762"}],"wp:term":[{"taxonomy":"category","embeddable":true,"href":"https:\/\/blog.causeur.fr\/bonnetdane\/wp-json\/wp\/v2\/categories?post=1762"},{"taxonomy":"post_tag","embeddable":true,"href":"https:\/\/blog.causeur.fr\/bonnetdane\/wp-json\/wp\/v2\/tags?post=1762"}],"curies":[{"name":"wp","href":"https:\/\/api.w.org\/{rel}","templated":true}]}}