{"id":1784,"date":"2017-08-12T12:21:51","date_gmt":"2017-08-12T10:21:51","guid":{"rendered":"http:\/\/blog.causeur.fr\/bonnetdane\/?p=1784"},"modified":"2021-04-22T18:49:16","modified_gmt":"2021-04-22T16:49:16","slug":"modeste-proposition-concernant-letablissement-dun-internat-dexcellence-aux-iles-du-frioul","status":"publish","type":"post","link":"https:\/\/blog.causeur.fr\/bonnetdane\/modeste-proposition-concernant-letablissement-dun-internat-dexcellence-aux-iles-du-frioul-1784","title":{"rendered":"Modeste proposition concernant l\u2019\u00e9tablissement d\u2019un internat d\u2019excellence aux \u00eeles du Frioul"},"content":{"rendered":"<p><em>Mon int\u00e9r\u00eat pour les <a href=\"http:\/\/www.education.gouv.fr\/cid50541\/les-internats-d-excellence.html\">internats d\u2019excellence<\/a>, cr\u00e9\u00e9s sous l\u2019\u00e8re Sarkozy, est ancien. J\u2019ai <a href=\"http:\/\/blog.causeur.fr\/bonnetdane\/sourdun-internat-dexcellence-00353.html\">ici m\u00eame encens\u00e9 celui de Sourdun<\/a>. Ce fut m\u00eame, \u00e0 mon humble avis (allez, cessons de rire : mon avis n\u2019est jamais humble, l\u2019humilit\u00e9 est une hypocrisie post-chr\u00e9tienne), la seule r\u00e9ussite des ann\u00e9es Chatel, marqu\u00e9es par ailleurs par une r\u00e9forme des lyc\u00e9es singuli\u00e8rement obtuse. Bien entendu, Peillon, Vallaud-Belkacem et Jean-Paul Delahaye (\u00e0 ne pas confondre avec le math\u00e9maticien : celui-ci, ex-patron de la DGESCO sous Peillon, <a href=\"http:\/\/www.lemonde.fr\/idees\/article\/2017\/06\/13\/education-les-responsables-de-l-echec-sont-de-retour_5143481_3232.html\">est un nuisible de premier plan<\/a>, qui a donc eu une magnifique carri\u00e8re dans l\u2019Education Nationale) se sont tous dress\u00e9s contre ces internats, <a href=\"http:\/\/www.lemonde.fr\/ecole-primaire-et-secondaire\/article\/2013\/04\/11\/trop-couteux-les-internats-d-excellence-ont-vecu_3158124_1473688.html\">et ont eu \u00e0 c\u0153ur de les d\u00e9manteler<\/a>.<\/em><br \/>\n<em> L\u2019arriv\u00e9e de Jean-Michel Blanquer, qui pr\u00e9sidait sous Chatel aux destin\u00e9es de la DGESCO, le retour de Christophe Kerrero, qui fut l\u2019un des ma\u00eetres d\u2019\u0153uvre de ces internats, sont donc des signes encourageants : peut-\u00eatre, dans le \u00ab d\u00e9tricotage \u00bb (c\u2019est le terme convenu, j\u2019y reviendrai bient\u00f4t, parce que \u00e7a ne d\u00e9tricote pas bien vite) des ann\u00e9es Najat, le nouveau ministre envisage-t-il de r\u00e9tablir ces internats qui pour une somme relativement modique, quoi qu\u2019en aient dit les cr\u00e9tins patent\u00e9s des ann\u00e9es 2012-2017, menaient \u00e0 la r\u00e9ussite et \u00e0 la culture des enfants perdus par le syst\u00e8me.<\/em><br \/>\nBonnet d\u2019\u00e2ne<em> ambitionnant de donner des id\u00e9es \u00e0 tous ces politiques qui en manquent, j\u2019ai donc d\u00e9cid\u00e9 d\u2019envoyer un envoy\u00e9 sp\u00e9cial sur les \u00eeles du Frioul, au large de Marseille, pour \u00e9tudier la faisabilit\u00e9 (le mot est immonde, je l\u2019emploie juste pour m\u2019auto-flageller) d\u2019un internat d\u2019excellence o\u00f9 l\u2019on regrouperait les plus turbulents \/ m\u00e9ritants des petits Marseillais des quartiers nord, quartiers centraux et quartiers sud\u2026<\/em><br \/>\n<em> Le reportage qui suit est port\u00e9 par un enthousiasme \u00e9vident. Notre reporter, qui s\u2019est \u00e9galement institu\u00e9 photographe, a vraiment pris \u00e0 c\u0153ur le projet. Qu\u2019il en soit ici solennellement remerci\u00e9.<\/em><\/p>\n<p><em>Jean-Paul Brighelli<\/em><\/p>\n<p>Postulons pour commencer qu\u2019il n\u2019est pas inutile de d\u00e9payser des adolescents peut-\u00eatre trop influenc\u00e9s par leur milieu \u2014 une bonne douzaine d\u2019arrondissements marseillais sur quinze. L\u2019id\u00e9e de b\u00e2tir des ghettos scolaires dans des ghettos urbains ne pouvait germer que dans la t\u00eate de fonctionnaires utopistes, qui ont tous pris soin d\u2019inscrire leurs propres enfants loin de ces Zones d\u2019Exclusion Programm\u00e9e, comme les appelait jadis un pol\u00e9miste c\u00e9l\u00e8bre.<br \/>\nEn m\u00eame temps, les \u00e9loigner vraiment de leurs rep\u00e8res n\u2019est pas une bonne id\u00e9e. La nostalgie engendre la m\u00e9lancolie, <em>qui genuit<\/em> le d\u00e9go\u00fbt, le d\u00e9s\u0153uvrement, le laisser-aller, la violence, et autres d\u00e9sagr\u00e9ments p\u00e9dagogiques.<br \/>\nL\u2019int\u00e9r\u00eat de l\u2019humble plan que je propose au public est d\u2019isoler les heureux b\u00e9n\u00e9ficiaires de leur milieu d\u2019origine, tout en les maintenant \u00e0 port\u00e9e de vue de Notre-Dame-de-la-Garde,<a href=\"http:\/\/blog.causeur.fr\/bonnetdane\/modeste-proposition-concernant-letablissement-dun-internat-dexcellence-aux-iles-du-frioul-001784.html\/capture-decran-2017-08-06-a-16-12-51\" rel=\"attachment wp-att-1800\"><img loading=\"lazy\" decoding=\"async\" class=\"aligncenter size-full wp-image-1800\" src=\"http:\/\/blog.causeur.fr\/bonnetdane\/files\/2017\/08\/Capture-d\u2019e\u0301cran-2017-08-06-a\u0300-16.12.51.png\" alt=\"Capture d\u2019e\u0301cran 2017-08-06 a\u0300 16.12.51\" width=\"787\" height=\"488\" srcset=\"https:\/\/blog.causeur.fr\/bonnetdane\/wp-content\/uploads\/sites\/25\/2017\/08\/Capture-d\u2019e\u0301cran-2017-08-06-a\u0300-16.12.51.png 787w, https:\/\/blog.causeur.fr\/bonnetdane\/wp-content\/uploads\/sites\/25\/2017\/08\/Capture-d\u2019e\u0301cran-2017-08-06-a\u0300-16.12.51-300x186.png 300w, https:\/\/blog.causeur.fr\/bonnetdane\/wp-content\/uploads\/sites\/25\/2017\/08\/Capture-d\u2019e\u0301cran-2017-08-06-a\u0300-16.12.51-768x476.png 768w, https:\/\/blog.causeur.fr\/bonnetdane\/wp-content\/uploads\/sites\/25\/2017\/08\/Capture-d\u2019e\u0301cran-2017-08-06-a\u0300-16.12.51-484x300.png 484w\" sizes=\"auto, (max-width: 787px) 100vw, 787px\" \/><\/a> rep\u00e8re perp\u00e9tuel de tous les Marseillais, quelles que soient leurs confessions.<br \/>\nLe Frioul est \u00e0 port\u00e9e de vue de Marseille \u2014 pas trop loin pour ne pas engendrer de d\u00e9sesp\u00e9rance, pas trop pr\u00e8s pour ne pas susciter la tentation d\u2019y retourner \u00e0 la nage.<\/p>\n<p>Comme \u00e0 Sourdun, mod\u00e8le de tous les internats d\u2019excellence, il est tr\u00e8s facile, au Frioul, de remodeler des b\u00e2timents jadis occup\u00e9s par l\u2019arm\u00e9e.<a href=\"http:\/\/blog.causeur.fr\/bonnetdane\/modeste-proposition-concernant-letablissement-dun-internat-dexcellence-aux-iles-du-frioul-001784.html\/capture-decran-2017-08-06-a-16-01-20\" rel=\"attachment wp-att-1809\"><img loading=\"lazy\" decoding=\"async\" class=\"aligncenter size-full wp-image-1809\" src=\"http:\/\/blog.causeur.fr\/bonnetdane\/files\/2017\/08\/Capture-d\u2019e\u0301cran-2017-08-06-a\u0300-16.01.20.png\" alt=\"Capture d\u2019e\u0301cran 2017-08-06 a\u0300 16.01.20\" width=\"807\" height=\"456\" srcset=\"https:\/\/blog.causeur.fr\/bonnetdane\/wp-content\/uploads\/sites\/25\/2017\/08\/Capture-d\u2019e\u0301cran-2017-08-06-a\u0300-16.01.20.png 807w, https:\/\/blog.causeur.fr\/bonnetdane\/wp-content\/uploads\/sites\/25\/2017\/08\/Capture-d\u2019e\u0301cran-2017-08-06-a\u0300-16.01.20-300x170.png 300w, https:\/\/blog.causeur.fr\/bonnetdane\/wp-content\/uploads\/sites\/25\/2017\/08\/Capture-d\u2019e\u0301cran-2017-08-06-a\u0300-16.01.20-768x434.png 768w, https:\/\/blog.causeur.fr\/bonnetdane\/wp-content\/uploads\/sites\/25\/2017\/08\/Capture-d\u2019e\u0301cran-2017-08-06-a\u0300-16.01.20-500x283.png 500w\" sizes=\"auto, (max-width: 807px) 100vw, 807px\" \/><\/a> Bien s\u00fbr, quelques l\u00e9gers travaux de ravalement sont n\u00e9cessaires<a href=\"http:\/\/blog.causeur.fr\/bonnetdane\/modeste-proposition-concernant-letablissement-dun-internat-dexcellence-aux-iles-du-frioul-001784.html\/capture-decran-2017-08-06-a-16-01-51\" rel=\"attachment wp-att-1810\"><img loading=\"lazy\" decoding=\"async\" class=\"aligncenter size-full wp-image-1810\" src=\"http:\/\/blog.causeur.fr\/bonnetdane\/files\/2017\/08\/Capture-d\u2019e\u0301cran-2017-08-06-a\u0300-16.01.51.png\" alt=\"Capture d\u2019e\u0301cran 2017-08-06 a\u0300 16.01.51\" width=\"804\" height=\"397\" srcset=\"https:\/\/blog.causeur.fr\/bonnetdane\/wp-content\/uploads\/sites\/25\/2017\/08\/Capture-d\u2019e\u0301cran-2017-08-06-a\u0300-16.01.51.png 804w, https:\/\/blog.causeur.fr\/bonnetdane\/wp-content\/uploads\/sites\/25\/2017\/08\/Capture-d\u2019e\u0301cran-2017-08-06-a\u0300-16.01.51-300x148.png 300w, https:\/\/blog.causeur.fr\/bonnetdane\/wp-content\/uploads\/sites\/25\/2017\/08\/Capture-d\u2019e\u0301cran-2017-08-06-a\u0300-16.01.51-768x379.png 768w, https:\/\/blog.causeur.fr\/bonnetdane\/wp-content\/uploads\/sites\/25\/2017\/08\/Capture-d\u2019e\u0301cran-2017-08-06-a\u0300-16.01.51-500x247.png 500w\" sizes=\"auto, (max-width: 804px) 100vw, 804px\" \/><\/a> \u2014 mais les murs au moins sont bons.<a href=\"http:\/\/blog.causeur.fr\/bonnetdane\/modeste-proposition-concernant-letablissement-dun-internat-dexcellence-aux-iles-du-frioul-001784.html\/capture-decran-2017-08-06-a-16-02-27\" rel=\"attachment wp-att-1811\"><img loading=\"lazy\" decoding=\"async\" class=\"aligncenter size-full wp-image-1811\" src=\"http:\/\/blog.causeur.fr\/bonnetdane\/files\/2017\/08\/Capture-d\u2019e\u0301cran-2017-08-06-a\u0300-16.02.27.png\" alt=\"Capture d\u2019e\u0301cran 2017-08-06 a\u0300 16.02.27\" width=\"797\" height=\"450\" srcset=\"https:\/\/blog.causeur.fr\/bonnetdane\/wp-content\/uploads\/sites\/25\/2017\/08\/Capture-d\u2019e\u0301cran-2017-08-06-a\u0300-16.02.27.png 797w, https:\/\/blog.causeur.fr\/bonnetdane\/wp-content\/uploads\/sites\/25\/2017\/08\/Capture-d\u2019e\u0301cran-2017-08-06-a\u0300-16.02.27-300x169.png 300w, https:\/\/blog.causeur.fr\/bonnetdane\/wp-content\/uploads\/sites\/25\/2017\/08\/Capture-d\u2019e\u0301cran-2017-08-06-a\u0300-16.02.27-768x434.png 768w, https:\/\/blog.causeur.fr\/bonnetdane\/wp-content\/uploads\/sites\/25\/2017\/08\/Capture-d\u2019e\u0301cran-2017-08-06-a\u0300-16.02.27-500x282.png 500w\" sizes=\"auto, (max-width: 797px) 100vw, 797px\" \/><\/a> Et les autorit\u00e9s militaires qui occupent encore un admirable b\u00e2timent, en forme de proue de navire,<a href=\"http:\/\/blog.causeur.fr\/bonnetdane\/modeste-proposition-concernant-letablissement-dun-internat-dexcellence-aux-iles-du-frioul-001784.html\/capture-decran-2017-08-06-a-16-04-21\" rel=\"attachment wp-att-1804\"><img loading=\"lazy\" decoding=\"async\" class=\"aligncenter size-full wp-image-1804\" src=\"http:\/\/blog.causeur.fr\/bonnetdane\/files\/2017\/08\/Capture-d\u2019e\u0301cran-2017-08-06-a\u0300-16.04.21.png\" alt=\"Capture d\u2019e\u0301cran 2017-08-06 a\u0300 16.04.21\" width=\"796\" height=\"361\" srcset=\"https:\/\/blog.causeur.fr\/bonnetdane\/wp-content\/uploads\/sites\/25\/2017\/08\/Capture-d\u2019e\u0301cran-2017-08-06-a\u0300-16.04.21.png 796w, https:\/\/blog.causeur.fr\/bonnetdane\/wp-content\/uploads\/sites\/25\/2017\/08\/Capture-d\u2019e\u0301cran-2017-08-06-a\u0300-16.04.21-300x136.png 300w, https:\/\/blog.causeur.fr\/bonnetdane\/wp-content\/uploads\/sites\/25\/2017\/08\/Capture-d\u2019e\u0301cran-2017-08-06-a\u0300-16.04.21-768x348.png 768w, https:\/\/blog.causeur.fr\/bonnetdane\/wp-content\/uploads\/sites\/25\/2017\/08\/Capture-d\u2019e\u0301cran-2017-08-06-a\u0300-16.04.21-500x227.png 500w\" sizes=\"auto, (max-width: 796px) 100vw, 796px\" \/><\/a> qui fait face \u00e0 la cit\u00e9 phoc\u00e9enne auront \u00e0 c\u0153ur de pr\u00eater gracieusement leurs murs \u00e0 l\u2019Education nationale, qui y logera la direction du futur internat. Le directeur y jouira en sus d\u2019une crique priv\u00e9e, l\u2019une des tr\u00e8s rares plages sableuses de ce caillou perdu, derni\u00e8re insurrection du choc alpin. Une bonne occasion d\u2019apprendre la g\u00e9ologie.<br \/>\nD\u00e8s que le succ\u00e8s \u2014 programm\u00e9 \u2014 de cette nouvelle institution sera d\u00e9clar\u00e9, une foule de demandes pourront \u00eatre satisfaites par une extension des locaux. Il suffira pour cela de rajouter quelques couvertures aux installations des sommets.<a href=\"http:\/\/blog.causeur.fr\/bonnetdane\/modeste-proposition-concernant-letablissement-dun-internat-dexcellence-aux-iles-du-frioul-001784.html\/capture-decran-2017-08-06-a-16-15-45\" rel=\"attachment wp-att-1816\"><img loading=\"lazy\" decoding=\"async\" class=\"aligncenter size-full wp-image-1816\" src=\"http:\/\/blog.causeur.fr\/bonnetdane\/files\/2017\/08\/Capture-d\u2019e\u0301cran-2017-08-06-a\u0300-16.15.45.png\" alt=\"Capture d\u2019e\u0301cran 2017-08-06 a\u0300 16.15.45\" width=\"795\" height=\"379\" srcset=\"https:\/\/blog.causeur.fr\/bonnetdane\/wp-content\/uploads\/sites\/25\/2017\/08\/Capture-d\u2019e\u0301cran-2017-08-06-a\u0300-16.15.45.png 795w, https:\/\/blog.causeur.fr\/bonnetdane\/wp-content\/uploads\/sites\/25\/2017\/08\/Capture-d\u2019e\u0301cran-2017-08-06-a\u0300-16.15.45-300x143.png 300w, https:\/\/blog.causeur.fr\/bonnetdane\/wp-content\/uploads\/sites\/25\/2017\/08\/Capture-d\u2019e\u0301cran-2017-08-06-a\u0300-16.15.45-768x366.png 768w, https:\/\/blog.causeur.fr\/bonnetdane\/wp-content\/uploads\/sites\/25\/2017\/08\/Capture-d\u2019e\u0301cran-2017-08-06-a\u0300-16.15.45-500x238.png 500w\" sizes=\"auto, (max-width: 795px) 100vw, 795px\" \/><\/a><br \/>\nRien de ce qui est n\u00e9cessaire \u00e0 la vie d\u2019un coll\u00e8ge ne manque, si on y regarde bien. L\u2019h\u00f4pital Caroline (auquel la duchesse de Bourbon-Siciles a donn\u00e9 son pr\u00e9nom lors de la construction au XIX\u00e8me si\u00e8cle) a d\u00e9j\u00e0 en partie \u00e9t\u00e9 restaur\u00e9 par une association, depuis 1978.<a href=\"http:\/\/blog.causeur.fr\/bonnetdane\/modeste-proposition-concernant-letablissement-dun-internat-dexcellence-aux-iles-du-frioul-001784.html\/capture-decran-2017-08-06-a-16-02-48\" rel=\"attachment wp-att-1807\"><img loading=\"lazy\" decoding=\"async\" class=\"aligncenter size-full wp-image-1807\" src=\"http:\/\/blog.causeur.fr\/bonnetdane\/files\/2017\/08\/Capture-d\u2019e\u0301cran-2017-08-06-a\u0300-16.02.48.png\" alt=\"Capture d\u2019e\u0301cran 2017-08-06 a\u0300 16.02.48\" width=\"797\" height=\"448\" srcset=\"https:\/\/blog.causeur.fr\/bonnetdane\/wp-content\/uploads\/sites\/25\/2017\/08\/Capture-d\u2019e\u0301cran-2017-08-06-a\u0300-16.02.48.png 797w, https:\/\/blog.causeur.fr\/bonnetdane\/wp-content\/uploads\/sites\/25\/2017\/08\/Capture-d\u2019e\u0301cran-2017-08-06-a\u0300-16.02.48-300x169.png 300w, https:\/\/blog.causeur.fr\/bonnetdane\/wp-content\/uploads\/sites\/25\/2017\/08\/Capture-d\u2019e\u0301cran-2017-08-06-a\u0300-16.02.48-768x432.png 768w, https:\/\/blog.causeur.fr\/bonnetdane\/wp-content\/uploads\/sites\/25\/2017\/08\/Capture-d\u2019e\u0301cran-2017-08-06-a\u0300-16.02.48-500x281.png 500w\" sizes=\"auto, (max-width: 797px) 100vw, 797px\" \/><\/a> Il fournira une infirmerie et un dispensaire de premier plan, construits en hauteur pour permettre au mistral de chasser les mauvaises pens\u00e9es. Deux b\u00e2timents aujourd\u2019hui inoccup\u00e9s sont ais\u00e9ment transformables en gymnase.<a href=\"http:\/\/blog.causeur.fr\/bonnetdane\/modeste-proposition-concernant-letablissement-dun-internat-dexcellence-aux-iles-du-frioul-001784.html\/capture-decran-2017-08-06-a-15-59-55\" rel=\"attachment wp-att-1813\"><img loading=\"lazy\" decoding=\"async\" class=\"aligncenter size-full wp-image-1813\" src=\"http:\/\/blog.causeur.fr\/bonnetdane\/files\/2017\/08\/Capture-d\u2019e\u0301cran-2017-08-06-a\u0300-15.59.55.png\" alt=\"Capture d\u2019e\u0301cran 2017-08-06 a\u0300 15.59.55\" width=\"796\" height=\"418\" srcset=\"https:\/\/blog.causeur.fr\/bonnetdane\/wp-content\/uploads\/sites\/25\/2017\/08\/Capture-d\u2019e\u0301cran-2017-08-06-a\u0300-15.59.55.png 796w, https:\/\/blog.causeur.fr\/bonnetdane\/wp-content\/uploads\/sites\/25\/2017\/08\/Capture-d\u2019e\u0301cran-2017-08-06-a\u0300-15.59.55-300x158.png 300w, https:\/\/blog.causeur.fr\/bonnetdane\/wp-content\/uploads\/sites\/25\/2017\/08\/Capture-d\u2019e\u0301cran-2017-08-06-a\u0300-15.59.55-768x403.png 768w, https:\/\/blog.causeur.fr\/bonnetdane\/wp-content\/uploads\/sites\/25\/2017\/08\/Capture-d\u2019e\u0301cran-2017-08-06-a\u0300-15.59.55-500x263.png 500w\" sizes=\"auto, (max-width: 796px) 100vw, 796px\" \/><\/a> On y d\u00e9veloppera une pratique exigeante et saine de l\u2019Education physique, avec des enseignants certes attentifs aux capacit\u00e9s de chaque \u00e9l\u00e8ve, <a href=\"https:\/\/www.youtube.com\/watch?v=YBp_heQBuoY&amp;list=PLQTwQ2waE-BluVr1kHDIMq5Md4eaPLfs_&amp;index=20\">mais qui leur apprendront \u00e0 se transcender<\/a>\u2026<br \/>\nDes terrains de sport polyvalents (tennis, basket, handball) sont d\u00e9j\u00e0 en place.<a href=\"http:\/\/blog.causeur.fr\/bonnetdane\/modeste-proposition-concernant-letablissement-dun-internat-dexcellence-aux-iles-du-frioul-001784.html\/capture-decran-2017-08-06-a-16-00-25\" rel=\"attachment wp-att-1814\"><img loading=\"lazy\" decoding=\"async\" class=\"aligncenter size-full wp-image-1814\" src=\"http:\/\/blog.causeur.fr\/bonnetdane\/files\/2017\/08\/Capture-d\u2019e\u0301cran-2017-08-06-a\u0300-16.00.25.png\" alt=\"Capture d\u2019e\u0301cran 2017-08-06 a\u0300 16.00.25\" width=\"797\" height=\"457\" srcset=\"https:\/\/blog.causeur.fr\/bonnetdane\/wp-content\/uploads\/sites\/25\/2017\/08\/Capture-d\u2019e\u0301cran-2017-08-06-a\u0300-16.00.25.png 797w, https:\/\/blog.causeur.fr\/bonnetdane\/wp-content\/uploads\/sites\/25\/2017\/08\/Capture-d\u2019e\u0301cran-2017-08-06-a\u0300-16.00.25-300x172.png 300w, https:\/\/blog.causeur.fr\/bonnetdane\/wp-content\/uploads\/sites\/25\/2017\/08\/Capture-d\u2019e\u0301cran-2017-08-06-a\u0300-16.00.25-768x440.png 768w, https:\/\/blog.causeur.fr\/bonnetdane\/wp-content\/uploads\/sites\/25\/2017\/08\/Capture-d\u2019e\u0301cran-2017-08-06-a\u0300-16.00.25-500x287.png 500w\" sizes=\"auto, (max-width: 797px) 100vw, 797px\" \/><\/a> Les falaises qui entourent le futur internat offrent d\u2019int\u00e9ressantes voies pour apprendre les subtilit\u00e9s de la varappe.<a href=\"http:\/\/blog.causeur.fr\/bonnetdane\/modeste-proposition-concernant-letablissement-dun-internat-dexcellence-aux-iles-du-frioul-001784.html\/capture-decran-2017-08-06-a-16-00-55\" rel=\"attachment wp-att-1815\"><img loading=\"lazy\" decoding=\"async\" class=\"aligncenter size-full wp-image-1815\" src=\"http:\/\/blog.causeur.fr\/bonnetdane\/files\/2017\/08\/Capture-d\u2019e\u0301cran-2017-08-06-a\u0300-16.00.55.png\" alt=\"Capture d\u2019e\u0301cran 2017-08-06 a\u0300 16.00.55\" width=\"350\" height=\"526\" srcset=\"https:\/\/blog.causeur.fr\/bonnetdane\/wp-content\/uploads\/sites\/25\/2017\/08\/Capture-d\u2019e\u0301cran-2017-08-06-a\u0300-16.00.55.png 350w, https:\/\/blog.causeur.fr\/bonnetdane\/wp-content\/uploads\/sites\/25\/2017\/08\/Capture-d\u2019e\u0301cran-2017-08-06-a\u0300-16.00.55-200x300.png 200w\" sizes=\"auto, (max-width: 350px) 100vw, 350px\" \/><\/a> Et des \u00e9curies sont d\u00e9j\u00e0 disponibles,<a href=\"http:\/\/blog.causeur.fr\/bonnetdane\/modeste-proposition-concernant-letablissement-dun-internat-dexcellence-aux-iles-du-frioul-001784.html\/capture-decran-2017-08-06-a-16-03-44\" rel=\"attachment wp-att-1806\"><img loading=\"lazy\" decoding=\"async\" class=\"aligncenter size-full wp-image-1806\" src=\"http:\/\/blog.causeur.fr\/bonnetdane\/files\/2017\/08\/Capture-d\u2019e\u0301cran-2017-08-06-a\u0300-16.03.44.png\" alt=\"Capture d\u2019e\u0301cran 2017-08-06 a\u0300 16.03.44\" width=\"807\" height=\"363\" srcset=\"https:\/\/blog.causeur.fr\/bonnetdane\/wp-content\/uploads\/sites\/25\/2017\/08\/Capture-d\u2019e\u0301cran-2017-08-06-a\u0300-16.03.44.png 807w, https:\/\/blog.causeur.fr\/bonnetdane\/wp-content\/uploads\/sites\/25\/2017\/08\/Capture-d\u2019e\u0301cran-2017-08-06-a\u0300-16.03.44-300x135.png 300w, https:\/\/blog.causeur.fr\/bonnetdane\/wp-content\/uploads\/sites\/25\/2017\/08\/Capture-d\u2019e\u0301cran-2017-08-06-a\u0300-16.03.44-768x345.png 768w, https:\/\/blog.causeur.fr\/bonnetdane\/wp-content\/uploads\/sites\/25\/2017\/08\/Capture-d\u2019e\u0301cran-2017-08-06-a\u0300-16.03.44-500x225.png 500w\" sizes=\"auto, (max-width: 807px) 100vw, 807px\" \/><\/a> pour l&rsquo;installation de quelques chevaux. Leur entretien quotidien sera \u00e9minemment formateur \u2014 sans compter que le crottin ainsi r\u00e9cup\u00e9r\u00e9 fournira un fumier susceptible d&rsquo;am\u00e9liorer, \u00e0 terme, le rendement du jardin potager d\u00e9j\u00e0 install\u00e9.<a href=\"http:\/\/blog.causeur.fr\/bonnetdane\/modeste-proposition-concernant-letablissement-dun-internat-dexcellence-aux-iles-du-frioul-001784.html\/capture-decran-2017-08-06-a-16-01-09\" rel=\"attachment wp-att-1812\"><img loading=\"lazy\" decoding=\"async\" class=\"aligncenter size-full wp-image-1812\" src=\"http:\/\/blog.causeur.fr\/bonnetdane\/files\/2017\/08\/Capture-d\u2019e\u0301cran-2017-08-06-a\u0300-16.01.09.png\" alt=\"Capture d\u2019e\u0301cran 2017-08-06 a\u0300 16.01.09\" width=\"791\" height=\"520\" srcset=\"https:\/\/blog.causeur.fr\/bonnetdane\/wp-content\/uploads\/sites\/25\/2017\/08\/Capture-d\u2019e\u0301cran-2017-08-06-a\u0300-16.01.09.png 791w, https:\/\/blog.causeur.fr\/bonnetdane\/wp-content\/uploads\/sites\/25\/2017\/08\/Capture-d\u2019e\u0301cran-2017-08-06-a\u0300-16.01.09-300x197.png 300w, https:\/\/blog.causeur.fr\/bonnetdane\/wp-content\/uploads\/sites\/25\/2017\/08\/Capture-d\u2019e\u0301cran-2017-08-06-a\u0300-16.01.09-768x505.png 768w, https:\/\/blog.causeur.fr\/bonnetdane\/wp-content\/uploads\/sites\/25\/2017\/08\/Capture-d\u2019e\u0301cran-2017-08-06-a\u0300-16.01.09-456x300.png 456w\" sizes=\"auto, (max-width: 791px) 100vw, 791px\" \/><\/a>C\u2019est d\u2019ailleurs \u00e0 partir du sport que devrait se dessiner le projet \u00e9ducatif de cet internat. Les pistes caillouteuses offrent d\u2019admirables chemins de jogging, ombrag\u00e9s de palmiers<a href=\"http:\/\/blog.causeur.fr\/bonnetdane\/modeste-proposition-concernant-letablissement-dun-internat-dexcellence-aux-iles-du-frioul-001784.html\/capture-decran-2017-08-06-a-16-00-13\" rel=\"attachment wp-att-1818\"><img loading=\"lazy\" decoding=\"async\" class=\"aligncenter size-full wp-image-1818\" src=\"http:\/\/blog.causeur.fr\/bonnetdane\/files\/2017\/08\/Capture-d\u2019e\u0301cran-2017-08-06-a\u0300-16.00.13.png\" alt=\"Capture d\u2019e\u0301cran 2017-08-06 a\u0300 16.00.13\" width=\"796\" height=\"408\" srcset=\"https:\/\/blog.causeur.fr\/bonnetdane\/wp-content\/uploads\/sites\/25\/2017\/08\/Capture-d\u2019e\u0301cran-2017-08-06-a\u0300-16.00.13.png 796w, https:\/\/blog.causeur.fr\/bonnetdane\/wp-content\/uploads\/sites\/25\/2017\/08\/Capture-d\u2019e\u0301cran-2017-08-06-a\u0300-16.00.13-300x154.png 300w, https:\/\/blog.causeur.fr\/bonnetdane\/wp-content\/uploads\/sites\/25\/2017\/08\/Capture-d\u2019e\u0301cran-2017-08-06-a\u0300-16.00.13-768x394.png 768w, https:\/\/blog.causeur.fr\/bonnetdane\/wp-content\/uploads\/sites\/25\/2017\/08\/Capture-d\u2019e\u0301cran-2017-08-06-a\u0300-16.00.13-500x256.png 500w\" sizes=\"auto, (max-width: 796px) 100vw, 796px\" \/><\/a> ou d&rsquo;oliviers doucement inclin\u00e9s dans le sens de la brise.<a href=\"http:\/\/blog.causeur.fr\/bonnetdane\/modeste-proposition-concernant-letablissement-dun-internat-dexcellence-aux-iles-du-frioul-001784.html\/capture-decran-2017-08-06-a-16-07-16\" rel=\"attachment wp-att-1817\"><img loading=\"lazy\" decoding=\"async\" class=\"aligncenter size-full wp-image-1817\" src=\"http:\/\/blog.causeur.fr\/bonnetdane\/files\/2017\/08\/Capture-d\u2019e\u0301cran-2017-08-06-a\u0300-16.07.16.png\" alt=\"Capture d\u2019e\u0301cran 2017-08-06 a\u0300 16.07.16\" width=\"791\" height=\"506\" srcset=\"https:\/\/blog.causeur.fr\/bonnetdane\/wp-content\/uploads\/sites\/25\/2017\/08\/Capture-d\u2019e\u0301cran-2017-08-06-a\u0300-16.07.16.png 791w, https:\/\/blog.causeur.fr\/bonnetdane\/wp-content\/uploads\/sites\/25\/2017\/08\/Capture-d\u2019e\u0301cran-2017-08-06-a\u0300-16.07.16-300x192.png 300w, https:\/\/blog.causeur.fr\/bonnetdane\/wp-content\/uploads\/sites\/25\/2017\/08\/Capture-d\u2019e\u0301cran-2017-08-06-a\u0300-16.07.16-768x491.png 768w, https:\/\/blog.causeur.fr\/bonnetdane\/wp-content\/uploads\/sites\/25\/2017\/08\/Capture-d\u2019e\u0301cran-2017-08-06-a\u0300-16.07.16-469x300.png 469w\" sizes=\"auto, (max-width: 791px) 100vw, 791px\" \/><\/a> Les criques, nombreuses et secr\u00e8tes, permettent tous les exercices aquatiques.<a href=\"http:\/\/blog.causeur.fr\/bonnetdane\/modeste-proposition-concernant-letablissement-dun-internat-dexcellence-aux-iles-du-frioul-001784.html\/capture-decran-2017-08-12-a-11-48-56\" rel=\"attachment wp-att-1819\"><img loading=\"lazy\" decoding=\"async\" class=\"aligncenter size-full wp-image-1819\" src=\"http:\/\/blog.causeur.fr\/bonnetdane\/files\/2017\/08\/Capture-d\u2019e\u0301cran-2017-08-12-a\u0300-11.48.56.png\" alt=\"Capture d\u2019e\u0301cran 2017-08-12 a\u0300 11.48.56\" width=\"799\" height=\"521\" srcset=\"https:\/\/blog.causeur.fr\/bonnetdane\/wp-content\/uploads\/sites\/25\/2017\/08\/Capture-d\u2019e\u0301cran-2017-08-12-a\u0300-11.48.56.png 799w, https:\/\/blog.causeur.fr\/bonnetdane\/wp-content\/uploads\/sites\/25\/2017\/08\/Capture-d\u2019e\u0301cran-2017-08-12-a\u0300-11.48.56-300x196.png 300w, https:\/\/blog.causeur.fr\/bonnetdane\/wp-content\/uploads\/sites\/25\/2017\/08\/Capture-d\u2019e\u0301cran-2017-08-12-a\u0300-11.48.56-768x501.png 768w, https:\/\/blog.causeur.fr\/bonnetdane\/wp-content\/uploads\/sites\/25\/2017\/08\/Capture-d\u2019e\u0301cran-2017-08-12-a\u0300-11.48.56-460x300.png 460w\" sizes=\"auto, (max-width: 799px) 100vw, 799px\" \/><\/a> L\u2019\u00eele offre d\u00e9j\u00e0 une base nautique au pied du futur gymnase,<a href=\"http:\/\/blog.causeur.fr\/bonnetdane\/modeste-proposition-concernant-letablissement-dun-internat-dexcellence-aux-iles-du-frioul-001784.html\/capture-decran-2017-08-12-a-12-03-40\" rel=\"attachment wp-att-1820\"><img loading=\"lazy\" decoding=\"async\" class=\"aligncenter size-full wp-image-1820\" src=\"http:\/\/blog.causeur.fr\/bonnetdane\/files\/2017\/08\/Capture-d\u2019e\u0301cran-2017-08-12-a\u0300-12.03.40.png\" alt=\"Capture d\u2019e\u0301cran 2017-08-12 a\u0300 12.03.40\" width=\"799\" height=\"522\" srcset=\"https:\/\/blog.causeur.fr\/bonnetdane\/wp-content\/uploads\/sites\/25\/2017\/08\/Capture-d\u2019e\u0301cran-2017-08-12-a\u0300-12.03.40.png 799w, https:\/\/blog.causeur.fr\/bonnetdane\/wp-content\/uploads\/sites\/25\/2017\/08\/Capture-d\u2019e\u0301cran-2017-08-12-a\u0300-12.03.40-300x196.png 300w, https:\/\/blog.causeur.fr\/bonnetdane\/wp-content\/uploads\/sites\/25\/2017\/08\/Capture-d\u2019e\u0301cran-2017-08-12-a\u0300-12.03.40-768x502.png 768w, https:\/\/blog.causeur.fr\/bonnetdane\/wp-content\/uploads\/sites\/25\/2017\/08\/Capture-d\u2019e\u0301cran-2017-08-12-a\u0300-12.03.40-459x300.png 459w\" sizes=\"auto, (max-width: 799px) 100vw, 799px\" \/><\/a> et toutes les activit\u00e9s de plein air \u2014 et le mot \u00ab air \u00bb ne doit pas \u00eatre pris \u00e0 la l\u00e9g\u00e8re, dans un site sur lequel le mistral souffle m\u00eame par temps calme. De quoi a\u00e9rer les esprits chagrins.<br \/>\nOn pourra m\u00eame y d\u00e9velopper enfin de vrais Enseignements Pratiques Interdisciplinaires, tant qu\u2019on ne les a pas abolis. Ainsi, les enseignants de SVT, accoupl\u00e9s aux profs de Lettres, enseigneront aux \u00e9l\u00e8ves le cycle de reproduction de l\u2019agave, omnipr\u00e9sente sur Ratonneau<a href=\"http:\/\/blog.causeur.fr\/bonnetdane\/modeste-proposition-concernant-letablissement-dun-internat-dexcellence-aux-iles-du-frioul-001784.html\/capture-decran-2017-08-06-a-16-02-37\" rel=\"attachment wp-att-1808\"><img loading=\"lazy\" decoding=\"async\" class=\"aligncenter size-full wp-image-1808\" src=\"http:\/\/blog.causeur.fr\/bonnetdane\/files\/2017\/08\/Capture-d\u2019e\u0301cran-2017-08-06-a\u0300-16.02.37.png\" alt=\"Capture d\u2019e\u0301cran 2017-08-06 a\u0300 16.02.37\" width=\"797\" height=\"514\" srcset=\"https:\/\/blog.causeur.fr\/bonnetdane\/wp-content\/uploads\/sites\/25\/2017\/08\/Capture-d\u2019e\u0301cran-2017-08-06-a\u0300-16.02.37.png 797w, https:\/\/blog.causeur.fr\/bonnetdane\/wp-content\/uploads\/sites\/25\/2017\/08\/Capture-d\u2019e\u0301cran-2017-08-06-a\u0300-16.02.37-300x193.png 300w, https:\/\/blog.causeur.fr\/bonnetdane\/wp-content\/uploads\/sites\/25\/2017\/08\/Capture-d\u2019e\u0301cran-2017-08-06-a\u0300-16.02.37-768x495.png 768w, https:\/\/blog.causeur.fr\/bonnetdane\/wp-content\/uploads\/sites\/25\/2017\/08\/Capture-d\u2019e\u0301cran-2017-08-06-a\u0300-16.02.37-465x300.png 465w\" sizes=\"auto, (max-width: 797px) 100vw, 797px\" \/><\/a> \u2014 une plante qui a jadis fort impressionn\u00e9 Michelet : \u00ab Avez-vous vu l\u2019agave, \u00e9crit l\u2019historien dans la Sorci\u00e8re, ce dur et sauvage africain, pointu, amer, d\u00e9chirant, qui, pour feuilles, a d\u2019\u00e9normes dards ? Il aime et meurt tous les dix ans. Un matin, le jet amoureux, si longtemps accumul\u00e9 dans la rude cr\u00e9ature, avec le bruit d\u2019un coup de feu, part, s\u2019\u00e9lance dans le ciel. Et ce jet est tout un arbre qui n\u2019a pas moins de trente pieds, h\u00e9riss\u00e9 de tristes fleurs. \u00bb<br \/>\n<em>Sic<\/em>. Ces m\u00eames naturalistes, associ\u00e9s cette fois aux profs de Chimie, apprendront \u00e0 leurs disciples la transformation de l\u2019agave en tequila \u2014 r\u00e9serv\u00e9e bien s\u00fbr aux p\u00e9dagogues.<br \/>\nPassons sur le fait que la pr\u00e9sence perp\u00e9tuelle d\u2019oiseaux tout \u00e0 fait amicaux<a href=\"http:\/\/blog.causeur.fr\/bonnetdane\/modeste-proposition-concernant-letablissement-dun-internat-dexcellence-aux-iles-du-frioul-001784.html\/capture-decran-2017-08-06-a-16-10-17\" rel=\"attachment wp-att-1801\"><img loading=\"lazy\" decoding=\"async\" class=\"aligncenter size-full wp-image-1801\" src=\"http:\/\/blog.causeur.fr\/bonnetdane\/files\/2017\/08\/Capture-d\u2019e\u0301cran-2017-08-06-a\u0300-16.10.17.png\" alt=\"Capture d\u2019e\u0301cran 2017-08-06 a\u0300 16.10.17\" width=\"746\" height=\"419\" srcset=\"https:\/\/blog.causeur.fr\/bonnetdane\/wp-content\/uploads\/sites\/25\/2017\/08\/Capture-d\u2019e\u0301cran-2017-08-06-a\u0300-16.10.17.png 746w, https:\/\/blog.causeur.fr\/bonnetdane\/wp-content\/uploads\/sites\/25\/2017\/08\/Capture-d\u2019e\u0301cran-2017-08-06-a\u0300-16.10.17-300x168.png 300w, https:\/\/blog.causeur.fr\/bonnetdane\/wp-content\/uploads\/sites\/25\/2017\/08\/Capture-d\u2019e\u0301cran-2017-08-06-a\u0300-16.10.17-500x281.png 500w\" sizes=\"auto, (max-width: 746px) 100vw, 746px\" \/><\/a> <a href=\"http:\/\/blog.causeur.fr\/bonnetdane\/modeste-proposition-concernant-letablissement-dun-internat-dexcellence-aux-iles-du-frioul-001784.html\/capture-decran-2017-08-06-a-16-09-45\" rel=\"attachment wp-att-1802\"><img loading=\"lazy\" decoding=\"async\" class=\"aligncenter size-full wp-image-1802\" src=\"http:\/\/blog.causeur.fr\/bonnetdane\/files\/2017\/08\/Capture-d\u2019e\u0301cran-2017-08-06-a\u0300-16.09.45.png\" alt=\"Capture d\u2019e\u0301cran 2017-08-06 a\u0300 16.09.45\" width=\"672\" height=\"386\" srcset=\"https:\/\/blog.causeur.fr\/bonnetdane\/wp-content\/uploads\/sites\/25\/2017\/08\/Capture-d\u2019e\u0301cran-2017-08-06-a\u0300-16.09.45.png 672w, https:\/\/blog.causeur.fr\/bonnetdane\/wp-content\/uploads\/sites\/25\/2017\/08\/Capture-d\u2019e\u0301cran-2017-08-06-a\u0300-16.09.45-300x172.png 300w, https:\/\/blog.causeur.fr\/bonnetdane\/wp-content\/uploads\/sites\/25\/2017\/08\/Capture-d\u2019e\u0301cran-2017-08-06-a\u0300-16.09.45-500x287.png 500w\" sizes=\"auto, (max-width: 672px) 100vw, 672px\" \/><\/a>(les \u00eeles du Frioul, parc national, abritent de nombreuses esp\u00e8ces qui y nidifient) permet de s\u00e9rieuses observations ornithologies \u2014 ce qui d\u00e9bouchera cette fois sur une interdisciplinarit\u00e9 avec les enseignants de musique, qui des cris discordants des gabians (le nom local des go\u00e9lands) tireront de quoi initier les \u00e9l\u00e8ves \u00e0 <a href=\"https:\/\/www.youtube.com\/watch?v=sgNeH9_8l0w\">Olivier Messiaen<\/a> et \u00e0 <a href=\"https:\/\/www.youtube.com\/watch?v=fsAMAIaas94\">Charlie Parker<\/a>.<br \/>\nLa musique, \u00e0 laquelle Jean-Michel Blanquer tient si fort qu\u2019il a propos\u00e9 d\u2019organiser la rentr\u00e9e \u00ab en musique \u00bb, sera omnipr\u00e9sente dans cet \u00e9tablissement hors normes. On y apprendra l<a href=\"https:\/\/www.youtube.com\/watch?v=GKaYOW9zMoY\">e classique, en s\u2019inspirant des meilleurs mod\u00e8les<\/a>, <a href=\"https:\/\/www.youtube.com\/watch?v=7L8QpHqh4YI\">le rock<\/a> et le bon go\u00fbt, et <a href=\"https:\/\/www.youtube.com\/watch?v=hlZO79Ui0qo\">l\u2019improvisation<\/a>. De quoi <a href=\"https:\/\/www.youtube.com\/watch?v=4XLUhlZa5fg\">donner aux filles des inspirations sur leur future carri\u00e8re<\/a>\u2026<br \/>\nL\u2019Histoire, toujours pr\u00e9voyante, a m\u00eame pens\u00e9 il y a bient\u00f4t cinq si\u00e8cles, \u00e0 installer un lieu de retraite pour calmer les esprits agit\u00e9s,<a href=\"http:\/\/blog.causeur.fr\/bonnetdane\/modeste-proposition-concernant-letablissement-dun-internat-dexcellence-aux-iles-du-frioul-001784.html\/capture-decran-2017-08-06-a-15-59-28\" rel=\"attachment wp-att-1798\"><img loading=\"lazy\" decoding=\"async\" class=\"aligncenter size-full wp-image-1798\" src=\"http:\/\/blog.causeur.fr\/bonnetdane\/files\/2017\/08\/Capture-d\u2019e\u0301cran-2017-08-06-a\u0300-15.59.28.png\" alt=\"Capture d\u2019e\u0301cran 2017-08-06 a\u0300 15.59.28\" width=\"799\" height=\"306\" srcset=\"https:\/\/blog.causeur.fr\/bonnetdane\/wp-content\/uploads\/sites\/25\/2017\/08\/Capture-d\u2019e\u0301cran-2017-08-06-a\u0300-15.59.28.png 799w, https:\/\/blog.causeur.fr\/bonnetdane\/wp-content\/uploads\/sites\/25\/2017\/08\/Capture-d\u2019e\u0301cran-2017-08-06-a\u0300-15.59.28-300x115.png 300w, https:\/\/blog.causeur.fr\/bonnetdane\/wp-content\/uploads\/sites\/25\/2017\/08\/Capture-d\u2019e\u0301cran-2017-08-06-a\u0300-15.59.28-768x294.png 768w, https:\/\/blog.causeur.fr\/bonnetdane\/wp-content\/uploads\/sites\/25\/2017\/08\/Capture-d\u2019e\u0301cran-2017-08-06-a\u0300-15.59.28-500x191.png 500w\" sizes=\"auto, (max-width: 799px) 100vw, 799px\" \/><\/a> et, plus proche,\u00a0 un oratoire isol\u00e9<a href=\"http:\/\/blog.causeur.fr\/bonnetdane\/modeste-proposition-concernant-letablissement-dun-internat-dexcellence-aux-iles-du-frioul-001784.html\/capture-decran-2017-08-06-a-15-58-34\" rel=\"attachment wp-att-1797\"><img loading=\"lazy\" decoding=\"async\" class=\"aligncenter size-full wp-image-1797\" src=\"http:\/\/blog.causeur.fr\/bonnetdane\/files\/2017\/08\/Capture-d\u2019e\u0301cran-2017-08-06-a\u0300-15.58.34.png\" alt=\"Capture d\u2019e\u0301cran 2017-08-06 a\u0300 15.58.34\" width=\"703\" height=\"519\" srcset=\"https:\/\/blog.causeur.fr\/bonnetdane\/wp-content\/uploads\/sites\/25\/2017\/08\/Capture-d\u2019e\u0301cran-2017-08-06-a\u0300-15.58.34.png 703w, https:\/\/blog.causeur.fr\/bonnetdane\/wp-content\/uploads\/sites\/25\/2017\/08\/Capture-d\u2019e\u0301cran-2017-08-06-a\u0300-15.58.34-300x221.png 300w, https:\/\/blog.causeur.fr\/bonnetdane\/wp-content\/uploads\/sites\/25\/2017\/08\/Capture-d\u2019e\u0301cran-2017-08-06-a\u0300-15.58.34-406x300.png 406w\" sizes=\"auto, (max-width: 703px) 100vw, 703px\" \/><\/a> pour les heures de colle, si des enseignants veulent perp\u00e9tuer cette pratique discutable.<br \/>\nL\u2019un des buts de cette institution est d\u2019instaurer <a href=\"https:\/\/www.youtube.com\/watch?v=FNU3nOAuylg&amp;index=17&amp;list=PLQTwQ2waE-BluVr1kHDIMq5Md4eaPLfs_\">un esprit de corps et une capacit\u00e9 \u00e0 \u00ab vivre ensemble \u00bb<\/a> qui feront l\u2019admiration des inspecteurs en visite \u2014 <a href=\"https:\/\/www.youtube.com\/watch?v=Q1kN1XNszak&amp;index=22&amp;list=PLQTwQ2waE-BluVr1kHDIMq5Md4eaPLfs_\">lesquels seront accueillis avec d\u00e9f\u00e9rence par les enseignants<\/a>, mais sans l\u00e8che-cultisme aucun : l\u2019internat du Frioul sera le lieu par excellence de la libre-pens\u00e9e et de la libre parole.<br \/>\nAjoutons que la la\u00efcit\u00e9 sera tout \u00e0 fait respect\u00e9e \u2014 enfin ! Les seuls b\u00e2timents religieux de l\u2019\u00eele sont des temples antiques, aussi bien au c\u0153ur du dispensaire Caroline<a href=\"http:\/\/blog.causeur.fr\/bonnetdane\/modeste-proposition-concernant-letablissement-dun-internat-dexcellence-aux-iles-du-frioul-001784.html\/hopital-caroline-ile-frioul-marseille-696x464\" rel=\"attachment wp-att-1799\"><img loading=\"lazy\" decoding=\"async\" class=\"aligncenter size-full wp-image-1799\" src=\"http:\/\/blog.causeur.fr\/bonnetdane\/files\/2017\/08\/hopital-caroline-ile-frioul-marseille-696x464.jpg\" alt=\"hopital-caroline-ile-frioul-marseille-696x464\" width=\"696\" height=\"464\" srcset=\"https:\/\/blog.causeur.fr\/bonnetdane\/wp-content\/uploads\/sites\/25\/2017\/08\/hopital-caroline-ile-frioul-marseille-696x464.jpg 696w, https:\/\/blog.causeur.fr\/bonnetdane\/wp-content\/uploads\/sites\/25\/2017\/08\/hopital-caroline-ile-frioul-marseille-696x464-300x200.jpg 300w, https:\/\/blog.causeur.fr\/bonnetdane\/wp-content\/uploads\/sites\/25\/2017\/08\/hopital-caroline-ile-frioul-marseille-696x464-450x300.jpg 450w\" sizes=\"auto, (max-width: 696px) 100vw, 696px\" \/><\/a> que dans la riante cit\u00e9 o\u00f9 seront log\u00e9s les enseignants<a href=\"http:\/\/blog.causeur.fr\/bonnetdane\/modeste-proposition-concernant-letablissement-dun-internat-dexcellence-aux-iles-du-frioul-001784.html\/capture-decran-2017-08-06-a-16-07-47\" rel=\"attachment wp-att-1803\"><img loading=\"lazy\" decoding=\"async\" class=\"aligncenter size-full wp-image-1803\" src=\"http:\/\/blog.causeur.fr\/bonnetdane\/files\/2017\/08\/Capture-d\u2019e\u0301cran-2017-08-06-a\u0300-16.07.47.png\" alt=\"Capture d\u2019e\u0301cran 2017-08-06 a\u0300 16.07.47\" width=\"764\" height=\"458\" srcset=\"https:\/\/blog.causeur.fr\/bonnetdane\/wp-content\/uploads\/sites\/25\/2017\/08\/Capture-d\u2019e\u0301cran-2017-08-06-a\u0300-16.07.47.png 764w, https:\/\/blog.causeur.fr\/bonnetdane\/wp-content\/uploads\/sites\/25\/2017\/08\/Capture-d\u2019e\u0301cran-2017-08-06-a\u0300-16.07.47-300x180.png 300w, https:\/\/blog.causeur.fr\/bonnetdane\/wp-content\/uploads\/sites\/25\/2017\/08\/Capture-d\u2019e\u0301cran-2017-08-06-a\u0300-16.07.47-500x300.png 500w\" sizes=\"auto, (max-width: 764px) 100vw, 764px\" \/><\/a> \u2014 install\u00e9s \u00e0 demeure dans ce lieu idyllique :<a href=\"http:\/\/blog.causeur.fr\/bonnetdane\/modeste-proposition-concernant-letablissement-dun-internat-dexcellence-aux-iles-du-frioul-001784.html\/capture-decran-2017-08-06-a-16-04-04\" rel=\"attachment wp-att-1805\"><img loading=\"lazy\" decoding=\"async\" class=\"aligncenter size-full wp-image-1805\" src=\"http:\/\/blog.causeur.fr\/bonnetdane\/files\/2017\/08\/Capture-d\u2019e\u0301cran-2017-08-06-a\u0300-16.04.04.png\" alt=\"Capture d\u2019e\u0301cran 2017-08-06 a\u0300 16.04.04\" width=\"799\" height=\"466\" srcset=\"https:\/\/blog.causeur.fr\/bonnetdane\/wp-content\/uploads\/sites\/25\/2017\/08\/Capture-d\u2019e\u0301cran-2017-08-06-a\u0300-16.04.04.png 799w, https:\/\/blog.causeur.fr\/bonnetdane\/wp-content\/uploads\/sites\/25\/2017\/08\/Capture-d\u2019e\u0301cran-2017-08-06-a\u0300-16.04.04-300x175.png 300w, https:\/\/blog.causeur.fr\/bonnetdane\/wp-content\/uploads\/sites\/25\/2017\/08\/Capture-d\u2019e\u0301cran-2017-08-06-a\u0300-16.04.04-768x448.png 768w, https:\/\/blog.causeur.fr\/bonnetdane\/wp-content\/uploads\/sites\/25\/2017\/08\/Capture-d\u2019e\u0301cran-2017-08-06-a\u0300-16.04.04-500x292.png 500w\" sizes=\"auto, (max-width: 799px) 100vw, 799px\" \/><\/a> je parierais volontiers que les demandes, d\u00e8s l\u2019ouverture de cet internat, d\u00e9passeront, et de loin, l\u2019offre. Il va de soi que seuls pourront y \u00eatre recrut\u00e9s des p\u00e9dagogues sachant nager, courir avec les \u00e9l\u00e8ves le matin, faire de la voile ou de la planche, s\u2019accommoder d\u2019une vie rude et saine \u2014 <a href=\"https:\/\/www.youtube.com\/watch?v=vc2cPuwpqTg\">et assumer les l\u00e9gers risques inh\u00e9rents \u00e0 toute vie de groupe<\/a>\u2026 Pas de quoi en \u00eatre affect\u00e9s, <a href=\"https:\/\/www.youtube.com\/watch?v=mPPGMNOLaMw\">m\u00eame si des d\u00e9pressions nerveuses sont toujours possibles<\/a>.<br \/>\nCe projet, qui para\u00eetra trop ambitieux aux petits esprits, r\u00e9g\u00e9n\u00e9rera des adolescents et adolescentes aujourd\u2019hui engonc\u00e9(e)s dans des superstitions familiales <a href=\"http:\/\/www.20minutes.fr\/marseille\/1965503-20161121-marseille-corps-adolescent-15-ans-retrouve-tue-balle-tete-partie-brule\">et des rituels dangereux<\/a>. Il leur apprendra les valeurs de la camaraderie et de l\u2019entraide, fortifiera des physiques d\u00e9prim\u00e9s par les habitudes citadines, et bien entendu leur inculquera une culture \u00e9tendue, par la r\u00e9p\u00e9tition syst\u00e9matique des consignes et des bons principes.<\/p>\n<p>Au pire, la contemplation morose du grand large leur donnera une propension bien litt\u00e9raire \u00e0 la m\u00e9lancolie \u2014 \u00ab\u00a0Fuir, l\u00e0-bas, fuir\u00a0\u00bb, dit Mallarm\u00e9 ; et Rimbaud : \u00ab\u00a0Elle est retrouv\u00e9e, l&rsquo;\u00e9ternit\u00e9\u2026\u00a0\u00bb Il y a des jours o\u00f9 le paysage ressemble \u00e0 ce tableau peint par le protagoniste de <em>la Vie mode d&#8217;emploi<\/em>, o\u00f9\u00a0 terre,\u00a0 mer et\u00a0 ciel se confondent, dans l&rsquo;horizon du Planier, <em>ultima Thul\u00e9<\/em> de Marseille :<a href=\"http:\/\/blog.causeur.fr\/bonnetdane\/modeste-proposition-concernant-letablissement-dun-internat-dexcellence-aux-iles-du-frioul-001784.html\/capture-decran-2017-08-06-a-16-06-46\" rel=\"attachment wp-att-1821\"><img loading=\"lazy\" decoding=\"async\" class=\"aligncenter size-full wp-image-1821\" src=\"http:\/\/blog.causeur.fr\/bonnetdane\/files\/2017\/08\/Capture-d\u2019e\u0301cran-2017-08-06-a\u0300-16.06.46.png\" alt=\"Capture d\u2019e\u0301cran 2017-08-06 a\u0300 16.06.46\" width=\"797\" height=\"516\" srcset=\"https:\/\/blog.causeur.fr\/bonnetdane\/wp-content\/uploads\/sites\/25\/2017\/08\/Capture-d\u2019e\u0301cran-2017-08-06-a\u0300-16.06.46.png 797w, https:\/\/blog.causeur.fr\/bonnetdane\/wp-content\/uploads\/sites\/25\/2017\/08\/Capture-d\u2019e\u0301cran-2017-08-06-a\u0300-16.06.46-300x194.png 300w, https:\/\/blog.causeur.fr\/bonnetdane\/wp-content\/uploads\/sites\/25\/2017\/08\/Capture-d\u2019e\u0301cran-2017-08-06-a\u0300-16.06.46-768x497.png 768w, https:\/\/blog.causeur.fr\/bonnetdane\/wp-content\/uploads\/sites\/25\/2017\/08\/Capture-d\u2019e\u0301cran-2017-08-06-a\u0300-16.06.46-463x300.png 463w\" sizes=\"auto, (max-width: 797px) 100vw, 797px\" \/><\/a>Jean-Paul Brighelli me para\u00eet tout \u00e0 fait l\u2019homme de la situation, pour diriger ce futur havre d&rsquo;excellence. Il conna\u00eet les \u00eeles comme sa poche, et quarante ans d\u2019enseignement dans des coll\u00e8ges puis des lyc\u00e9es de zones d\u00e9favoris\u00e9es lui ont forg\u00e9 une mentalit\u00e9 de chef de bande.<a href=\"https:\/\/www.youtube.com\/watch?v=3j3_iPskjxk\"> Il saura accueillir les \u00e9l\u00e8ves avec fermet\u00e9 et sympathie<\/a>. Enfin, ces derni\u00e8res ann\u00e9es en classes pr\u00e9paratoires aux grandes \u00e9coles lui ont confirm\u00e9 que l\u2019ambition seule donne de l\u2019ambition \u2014 pas l\u2019ambition un peu r\u00e9pugnante des institutionnels de l\u2019Education, mais celle des vrais p\u00e9dagogues, qui ont de l\u2019ambition pour les autres bien plus que pour eux-m\u00eames.<\/p>\n<p>P.C.C. Jonathan Tfiws<\/p>\n","protected":false},"excerpt":{"rendered":"<p>Mon int\u00e9r\u00eat pour les internats d\u2019excellence, cr\u00e9\u00e9s sous l\u2019\u00e8re Sarkozy, est ancien. J\u2019ai ici m\u00eame encens\u00e9 celui de Sourdun. Ce fut m\u00eame, \u00e0 mon humble avis (allez, cessons de rire : mon avis n\u2019est jamais humble, l\u2019humilit\u00e9 est une hypocrisie post-chr\u00e9tienne), la seule r\u00e9ussite des ann\u00e9es Chatel, marqu\u00e9es par ailleurs par une r\u00e9forme des lyc\u00e9es [&hellip;]<\/p>\n","protected":false},"author":6,"featured_media":0,"comment_status":"open","ping_status":"open","sticky":false,"template":"","format":"standard","meta":{"footnotes":""},"categories":[1],"tags":[710,1278,1218],"class_list":{"0":"post-1784","1":"post","2":"type-post","3":"status-publish","4":"format-standard","6":"category-non-classe","7":"tag-frioul","8":"tag-internats-dexcellence","9":"tag-jean-michel-blanquer"},"_links":{"self":[{"href":"https:\/\/blog.causeur.fr\/bonnetdane\/wp-json\/wp\/v2\/posts\/1784","targetHints":{"allow":["GET"]}}],"collection":[{"href":"https:\/\/blog.causeur.fr\/bonnetdane\/wp-json\/wp\/v2\/posts"}],"about":[{"href":"https:\/\/blog.causeur.fr\/bonnetdane\/wp-json\/wp\/v2\/types\/post"}],"author":[{"embeddable":true,"href":"https:\/\/blog.causeur.fr\/bonnetdane\/wp-json\/wp\/v2\/users\/6"}],"replies":[{"embeddable":true,"href":"https:\/\/blog.causeur.fr\/bonnetdane\/wp-json\/wp\/v2\/comments?post=1784"}],"version-history":[{"count":0,"href":"https:\/\/blog.causeur.fr\/bonnetdane\/wp-json\/wp\/v2\/posts\/1784\/revisions"}],"wp:attachment":[{"href":"https:\/\/blog.causeur.fr\/bonnetdane\/wp-json\/wp\/v2\/media?parent=1784"}],"wp:term":[{"taxonomy":"category","embeddable":true,"href":"https:\/\/blog.causeur.fr\/bonnetdane\/wp-json\/wp\/v2\/categories?post=1784"},{"taxonomy":"post_tag","embeddable":true,"href":"https:\/\/blog.causeur.fr\/bonnetdane\/wp-json\/wp\/v2\/tags?post=1784"}],"curies":[{"name":"wp","href":"https:\/\/api.w.org\/{rel}","templated":true}]}}