{"id":1966,"date":"2017-11-20T18:24:54","date_gmt":"2017-11-20T16:24:54","guid":{"rendered":"https:\/\/blog.causeur.fr\/bonnetdane\/?p=1966"},"modified":"2021-04-22T18:49:15","modified_gmt":"2021-04-22T16:49:15","slug":"atelier-en-non-mixite-raciale","status":"publish","type":"post","link":"https:\/\/blog.causeur.fr\/bonnetdane\/atelier-en-non-mixite-raciale-1966","title":{"rendered":"\u00ab Atelier en non-mixit\u00e9 raciale \u00bb"},"content":{"rendered":"<p>J\u2019ai connu des ministres moins r\u00e9actifs. La nouvelle \u00e9tait tomb\u00e9e dimanche soir, et d\u00e8s le lundi matin, <a href=\"https:\/\/www.lci.fr\/societe\/jean-michel-blanquer-condamne-un-stage-syndical-sud-education-triant-les-membres-sur-la-base-de-leur-origine-2070948.html\">Jean-Michel Blanquer gazouillait<\/a> :<a href=\"https:\/\/blog.causeur.fr\/bonnetdane\/atelier-en-non-mixite-raciale-001966.html\/capture-decran-2017-11-20-a-15-23-03\" rel=\"attachment wp-att-1977\"><img loading=\"lazy\" decoding=\"async\" class=\"aligncenter size-full wp-image-1977\" src=\"https:\/\/blog.causeur.fr\/bonnetdane\/files\/2017\/11\/Capture-d\u2019e\u0301cran-2017-11-20-a\u0300-15.23.03.png\" alt=\"Capture d\u2019e\u0301cran 2017-11-20 a\u0300 15.23.03\" width=\"686\" height=\"593\" srcset=\"https:\/\/blog.causeur.fr\/bonnetdane\/wp-content\/uploads\/sites\/25\/2017\/11\/Capture-d\u2019e\u0301cran-2017-11-20-a\u0300-15.23.03.png 686w, https:\/\/blog.causeur.fr\/bonnetdane\/wp-content\/uploads\/sites\/25\/2017\/11\/Capture-d\u2019e\u0301cran-2017-11-20-a\u0300-15.23.03-300x259.png 300w, https:\/\/blog.causeur.fr\/bonnetdane\/wp-content\/uploads\/sites\/25\/2017\/11\/Capture-d\u2019e\u0301cran-2017-11-20-a\u0300-15.23.03-347x300.png 347w\" sizes=\"auto, (max-width: 686px) 100vw, 686px\" \/><\/a>Une r\u00e9action suscit\u00e9e par la tenue prochaine, les 18 et 19 d\u00e9cembre \u00e0 Saint-Denis, d\u2019un <a href=\"http:\/\/www.sudeducation93.org\/IMG\/pdf\/journal_stage_antiracisme_18-19_dec_2017_v2_-_sans_illu.pdf\">stage de formation syndicale organis\u00e9 par le syndicat SUD-Education 93<\/a> sur le th\u00e8me \u00ab Au croisement des oppressions O\u00f9 en est-on de l\u2019antiracisme \u00e0 l\u2019\u00e9cole ? \u00bb<br \/>\nUn beau th\u00e8me qui se d\u00e9cline en :<br \/>\n\u00ab Qu\u2019est-ce qu\u2019un-e \u00e9l\u00e8ve racis\u00e9-e ? \u00bb<br \/>\net<br \/>\n\u00ab Les in\u00e9galit\u00e9s ethno-raciales \u00e0 l\u2019\u00e9cole \u00bb<br \/>\net en un certain nombre d\u2019 \u00ab ateliers \u00bb dont deux au moins portent cette mention sur la brochure d\u2019appel publi\u00e9e sur le site national du syndicat : \u00ab Atelier en non-mixit\u00e9 raciale \u00bb. L\u2019un sur \u00ab Pratiques de classes : outils pour d\u00e9construire les pr\u00e9jug\u00e9s de race, de genre et de classe \u00bb \u2014 un sujet qui exige le huis-clos entre \u00ab racis\u00e9es \u00bb, qui se d\u00e9finissent, comme chacun sait, comme h\u00e9ritiers des anciens colonis\u00e9s, ce qui exclut les Juifs, qui ne sont pas du tout, comme chacun sait, victimes de pr\u00e9jug\u00e9s raciaux. Parlez-en \u00e0 Ilan et Sarah Halimi. Ah, mais ils ont succomb\u00e9 \u00e0 la juste vengeance d\u2019anciens h\u00e9ritiers des colonis\u00e9s \u2014 bien fait pour eux.<br \/>\nIl faut dire que les Ashk\u00e9nazes sont blancs, ce qui fait d\u2019eux les justes cibles de Houria Bouteldja, des Indig\u00e8nes du PIR et des amis d\u2019Edwy Plenel (quant aux S\u00e9farades, qui appartiennent au m\u00eame cadre ethnique que les musulmans du Maghreb et du Machrek, leur sort n\u2019est pas clair\u2026). D\u2019ailleurs, Pierre Tevanian, qui est l\u2019un des plus purs repr\u00e9sentants de cet ethno-gauchisme compagnon de route des extr\u00e9mismes les plus r\u00e9pugnants, animera un autre atelier sur \u00ab le racisme et les privil\u00e8ges dans l\u2019Education nationale \u00bb. C\u2019est ce qu\u2019on t\u2019a appris \u00e0 l\u2019ENS, petit Pierre ? Gare au loup !<\/p>\n<p>\u00c0 propos, et les Asiatiques ? Pas \u00ab\u00a0racis\u00e9s\u00a0\u00bb, les Asiatiques ? Ah, mais j&rsquo;oubliais : ils sont \u00ab\u00a0riches\u00a0\u00bb, n&rsquo;est-ce pas, <a href=\"http:\/\/www.atlantico.fr\/decryptage\/asiatiques-france-cibles-delinquance-et-violence-specifiques-richard-beraha-643292.html\">ce qui permet \u00e0 certains de s&rsquo;en prendre \u00e0 eux<\/a>\u2026 Pas moins colonis\u00e9s, pourtant, pas moins exploit\u00e9s\u2026 Mais ils ont le grand tort de ne pas se plaindre. \u00ab\u00a0R\u00e9silience\u00a0\u00bb doit \u00eatre un mot chinois. \u00ab\u00a0Travail\u00a0\u00bb aussi.<\/p>\n<p>L\u2019autre atelier \u00ab r\u00e9serv\u00e9 \u00bb de cette passionnante d\u00e9monstration de connerie humaine traitera de la \u00ab vie professionnelle pour les enseignant.e.s racis\u00e9.e.s \u00bb \u2014 avec l\u2019intervention d\u2019une certaine Wiam Berhouma, \u00ab professeure \u00bb d\u2019anglais dans un coll\u00e8ge du 93.<br \/>\nEn parall\u00e8le, les enseignant.e.s blanc.hes (voil\u00e0 que \u00e7a me prend, moi aussi) se r\u00e9uniront ailleurs pour \u00ab interroger [leurs] repr\u00e9sentations et [leurs] postures dominantes \u00bb.<br \/>\nNon, je ne gloserai pas le mot <em>posture<\/em>. Mais je leur sugg\u00e8re d&rsquo;interroger le racisme anti-blanc qui s&rsquo;exprime en ce moment \u2014 sauf que<a href=\"http:\/\/www.lepoint.fr\/invites-du-point\/sihem-souid\/l-imposture-du-racisme-anti-blanc-14-11-2013-1756841_421.php\"> d&rsquo;apr\u00e8s certains experts<\/a>, c&rsquo;est une notion qui ne peut exister. On est bien content. T&rsquo;es blanc, t&rsquo;es raciste, t&rsquo;es pas blanc, t&rsquo;es racis\u00e9. C&rsquo;est bien pratique.<\/p>\n<p>Tout y est, y compris l\u2019\u00e9criture inclusive (c\u2019est bien le moins, quand on tient une r\u00e9union qui exclut tout ce qui \u2018est pas soi) et la finale \u00ab marseillaise \u00bb des noms de m\u00e9tiers f\u00e9minis\u00e9es de force \u2014 Bonjour, madame la professeureu\u2026 \u00bb<\/p>\n<p>Ne nous en \u00e9tonnons pas. A la fin du printemps dernier devait se tenir \u00e0 Paris <a href=\"http:\/\/www.lemonde.fr\/immigration-et-diversite\/article\/2017\/05\/30\/festival-en-partie-reserve-aux-femmes-noires-a-paris-la-polemique-ne-s-eteint-pas_5135747_1654200.html\">une f\u00eate quelque peu racialis\u00e9e elle aussi<\/a> :<a href=\"https:\/\/blog.causeur.fr\/bonnetdane\/atelier-en-non-mixite-raciale-001966.html\/capture-decran-2017-11-20-a-15-40-15\" rel=\"attachment wp-att-1978\"><img loading=\"lazy\" decoding=\"async\" class=\"aligncenter size-full wp-image-1978\" src=\"https:\/\/blog.causeur.fr\/bonnetdane\/files\/2017\/11\/Capture-d\u2019e\u0301cran-2017-11-20-a\u0300-15.40.15.png\" alt=\"Capture d\u2019e\u0301cran 2017-11-20 a\u0300 15.40.15\" width=\"799\" height=\"561\" srcset=\"https:\/\/blog.causeur.fr\/bonnetdane\/wp-content\/uploads\/sites\/25\/2017\/11\/Capture-d\u2019e\u0301cran-2017-11-20-a\u0300-15.40.15.png 799w, https:\/\/blog.causeur.fr\/bonnetdane\/wp-content\/uploads\/sites\/25\/2017\/11\/Capture-d\u2019e\u0301cran-2017-11-20-a\u0300-15.40.15-300x211.png 300w, https:\/\/blog.causeur.fr\/bonnetdane\/wp-content\/uploads\/sites\/25\/2017\/11\/Capture-d\u2019e\u0301cran-2017-11-20-a\u0300-15.40.15-768x539.png 768w, https:\/\/blog.causeur.fr\/bonnetdane\/wp-content\/uploads\/sites\/25\/2017\/11\/Capture-d\u2019e\u0301cran-2017-11-20-a\u0300-15.40.15-427x300.png 427w\" sizes=\"auto, (max-width: 799px) 100vw, 799px\" \/><\/a><\/p>\n<p>qui se d\u00e9clinait elle aussi :<a href=\"https:\/\/blog.causeur.fr\/bonnetdane\/atelier-en-non-mixite-raciale-001966.html\/capture-decran-2017-11-20-a-15-40-42\" rel=\"attachment wp-att-1979\"><img loading=\"lazy\" decoding=\"async\" class=\"aligncenter size-full wp-image-1979\" src=\"https:\/\/blog.causeur.fr\/bonnetdane\/files\/2017\/11\/Capture-d\u2019e\u0301cran-2017-11-20-a\u0300-15.40.42.png\" alt=\"Capture d\u2019e\u0301cran 2017-11-20 a\u0300 15.40.42\" width=\"795\" height=\"316\" srcset=\"https:\/\/blog.causeur.fr\/bonnetdane\/wp-content\/uploads\/sites\/25\/2017\/11\/Capture-d\u2019e\u0301cran-2017-11-20-a\u0300-15.40.42.png 795w, https:\/\/blog.causeur.fr\/bonnetdane\/wp-content\/uploads\/sites\/25\/2017\/11\/Capture-d\u2019e\u0301cran-2017-11-20-a\u0300-15.40.42-300x119.png 300w, https:\/\/blog.causeur.fr\/bonnetdane\/wp-content\/uploads\/sites\/25\/2017\/11\/Capture-d\u2019e\u0301cran-2017-11-20-a\u0300-15.40.42-768x305.png 768w, https:\/\/blog.causeur.fr\/bonnetdane\/wp-content\/uploads\/sites\/25\/2017\/11\/Capture-d\u2019e\u0301cran-2017-11-20-a\u0300-15.40.42-500x199.png 500w\" sizes=\"auto, (max-width: 795px) 100vw, 795px\" \/><\/a>Apr\u00e8s le communautarisme, on en revient \u00e0 la s\u00e9gr\u00e9gation \u00e0 l\u2019am\u00e9ricaine, p\u00e9riode Sud profond. De jolis petits segments bien parall\u00e8le \u2014 \u00e7a aide au dialogue.<br \/>\nJe pr\u00e9sume que les organisateurs trieront le bon grain de l\u2019ivraie, et examineront les ongles des participants. C\u2019est sur la couleur des lunules que les Sud-Africains p\u00e9riode Apartheid distinguaient les \u00ab encore noirs \u00bb de ceux qui avaient, comme on disait \u00e9l\u00e9gamment, \u00ab pass\u00e9 la ligne \u00bb\u2026 Ou<a href=\"https:\/\/fr.wikipedia.org\/wiki\/Test_du_crayon\"> le test du crayon<\/a> ? Mais qui se doutait que SUD, qui se prend pour un syndicat d\u2019extr\u00eame-gauche, r\u00e9servait des places aux \u00e9mules de Pieter Willem Botha ?<\/p>\n<div id=\"ligne\"><\/div>\n<p>Nos militants syndicaux seront \u00e9paul\u00e9s, en cette mi-d\u00e9cembre, par deux merveilleux repr\u00e9sentants de l\u2019esprit d\u2019ouverture, de sentiment r\u00e9publicain et de la\u00efcit\u00e9 triomphante, Marwan Muhammad, ancien directeur du CCIF, et Nacira Gu\u00e9anif, \u00ab sociologue, anthropologue, et vice-pr\u00e9sidente de l\u2019Institut des cultures d\u2019islam \u2014 si, \u00e7a existe, quoi que vous puissiez penser de l\u2019association contemporaine de ces deux mots, \u00ab culture \u00bb et \u00ab islam \u00bb. La LICRA en pleure d\u00e9j\u00e0 \u2014 et pas de rire :<a href=\"https:\/\/blog.causeur.fr\/bonnetdane\/atelier-en-non-mixite-raciale-001966.html\/capture-decran-2017-11-20-a-15-37-25\" rel=\"attachment wp-att-1981\"><img loading=\"lazy\" decoding=\"async\" class=\"aligncenter size-full wp-image-1981\" src=\"https:\/\/blog.causeur.fr\/bonnetdane\/files\/2017\/11\/Capture-d\u2019e\u0301cran-2017-11-20-a\u0300-15.37.25.png\" alt=\"Capture d\u2019e\u0301cran 2017-11-20 a\u0300 15.37.25\" width=\"500\" height=\"202\" srcset=\"https:\/\/blog.causeur.fr\/bonnetdane\/wp-content\/uploads\/sites\/25\/2017\/11\/Capture-d\u2019e\u0301cran-2017-11-20-a\u0300-15.37.25.png 500w, https:\/\/blog.causeur.fr\/bonnetdane\/wp-content\/uploads\/sites\/25\/2017\/11\/Capture-d\u2019e\u0301cran-2017-11-20-a\u0300-15.37.25-300x121.png 300w\" sizes=\"auto, (max-width: 500px) 100vw, 500px\" \/><\/a>Quant \u00e0 la journ\u00e9e du mardi, elle sera anim\u00e9e par une \u00ab formatrice \u00e0 l\u2019ESPE de Bonneuil \u00bb, Lila Belkacem. Ils en ont de la chance, dans les ESPE\u2026<\/p>\n<p>Alors, puisque la p\u00e9riode est \u00e0 la d\u00e9lation, je vais moi aussi balancer mes porcs et mes truies.<br \/>\nMonsieur le Ministre, le tract d\u2019invitation de cette sauterie anti-r\u00e9publicaine comporte un certain nombre de noms d\u2019enseignants. Je r\u00e9clame pour eux un conseil de discipline imm\u00e9diat, avec une menace claire de radiation d\u00e9finitive. On ne peut pas \u00e0 la fois s\u2019exprimer dans un cadre \u00ab racialis\u00e9 \u00bb et accueillir le lendemain des \u00e9l\u00e8ves dont certains risquent, m\u00eame dans le 93, de ne pas avoir la bonne couleur ou la bonne religion. Et faire des distinctions bas\u00e9es sur la couleur de la peau, la religion, le sexe ou l\u2019orientation sexuelle, cela tombe sous le coup de la loi, Monsieur le Ministre. Mais l&rsquo;ancien prof de Droit que vous \u00eates le sait parfaitement.<br \/>\nVous avez fort bien r\u00e9agi \u2014 et vite, ce qui n\u2019a pas toujours \u00e9t\u00e9 le cas de vos pr\u00e9d\u00e9cesseurs. Allez jusqu\u2019au bout : SUD est un syndicat qui, comme tant d\u2019autres, vit de subsides publics \u2014 <a href=\"http:\/\/www.contribuables.org\/2014\/12\/syndicats-entre-22-et-81-de-subventions-publiques\/\">pour pr\u00e8s de la moiti\u00e9 de son budget, disent certains<\/a>. Supprimez-les. A eux et \u00e0 cette myriade d\u2019associations p\u00e9dagogistes et autres, qui pr\u00e9tendent r\u00e9\u00e9crire l\u2019Histoire de notre pays \u2014 une Histoire qui est, para\u00eet-il, \u00e0 d\u00e9construire elle-m\u00eame : un atelier se demandera \u00ab Comment enseigner une histoire d\u00e9coloniale \u00bb en argumentant : \u00ab Face \u00e0 l&rsquo;imposition de programmes scolaires, quelles sont nos difficult\u00e9s pour proposer une alternative d&rsquo;histoire d\u00e9coloniale ? \u00bb Je ne m&rsquo;\u00e9tonne gu\u00e8re que Laurence de Cock, qui dirige les destin\u00e9es d&rsquo;un groupuscule \u00ab\u00a0historien\u00a0\u00bb baptis\u00e9 <em>Aggiornamento<\/em>, soutienne les positions de SUD \u2014 qui se ressemble s&rsquo;assemble : \u00ab\u00a0La libert\u00e9 syndicale est sacr\u00e9e, un gouvernement n&rsquo;a pas \u00e0 se prononcer sur le sujet\u00a0\u00bb, a-t-elle d\u00e9clar\u00e9 (dans le<em> Figaro<\/em> du 20 novembre). J&rsquo;allais\u00a0 le dire.<br \/>\nCet atelier sera anim\u00e9 par \u00ab deux professeures d\u2019histoire-g\u00e9ographie du 93 \u00bb \u2014 vite, leurs noms ! On a lynch\u00e9 Harry Weinstein pour bien moins que \u00e7a. Il s\u2019en prenait \u00e0 des starlettes, elles s\u2019en prennent \u00e0 la nation. Qu\u2019en aurait-on fait en 93, de ces excit\u00e9s du 9-3 ?<br \/>\nC\u2019est comme cette Compagnie Synergies Th\u00e9\u00e2tre qui \u00ab proposera un atelier de pratique th\u00e9\u00e2trale autour des discriminations \u00bb. \u00c7a m\u2019\u00e9tonnerait qu\u2019elle ne soit pas subventionn\u00e9e par Val\u00e9rie P\u00e9cresse, au nom de l\u2019Ile-de-France\u2026<\/p>\n<p>J\u2019avoue que je suis un peu las de me battre contre les imb\u00e9ciles. \u00ab Qu\u2019est-ce que c\u2019est que tout cela ? Vous \u00eates mille ! \u00bb s\u2019\u00e9crie Cyrano au cinqui\u00e8me acte. Et \u00e0 la fin de <em>Vingt ans apr\u00e8s<\/em> : \u00ab C\u2019est vrai, dit Porthos en se haussant sur ses \u00e9triers pour mieux d\u00e9couvrir les immensit\u00e9s de la foule, c\u2019est vrai, il y en a beaucoup. \u00bb<br \/>\nTant pis. Retour \u00e0 Cyrano. \u00ab N\u2019importe \u2014 je me bats, je me bats, je me bats\u2026 \u00bb<\/p>\n<p>Jean-Paul Brighelli<\/p>\n<p>PS. La LICRA, et c&rsquo;est heureux, a r\u00e9agi aux implicites de ce stage : \u00ab\u00a0Il n&rsquo;existe pas d\u00a0\u00bb\u00e9l\u00e8ves racis\u00e9s&rsquo; en France [&#8230;]. Encore moins d\u00a0\u00bbenseignants racis\u00e9s&rsquo;. [&#8230;] Il n&rsquo;existe que des \u00e9l\u00e8ves. Il n&rsquo;existe que des fonctionnaires.\u00a0\u00bb Pour elle, <a href=\"https:\/\/tempsreel.nouvelobs.com\/education\/20171120.OBS7564\/polemique-sur-un-stage-syndical-non-mixte-sud-education-se-defend.html\">pr\u00e9cise encore<em> l&rsquo;Obs<\/em><\/a>, ces termes correspondent \u00e0 des \u00ab\u00a0crit\u00e8res dignes d&rsquo;une exposition coloniale\u00a0\u00bb. Je sens que la justice, que SUD entend saisir pour diffamation, va avoir du boulot et du beau linge \u00e0 inculper.<\/p>\n","protected":false},"excerpt":{"rendered":"<p>J\u2019ai connu des ministres moins r\u00e9actifs. La nouvelle \u00e9tait tomb\u00e9e dimanche soir, et d\u00e8s le lundi matin, Jean-Michel Blanquer gazouillait :Une r\u00e9action suscit\u00e9e par la tenue prochaine, les 18 et 19 d\u00e9cembre \u00e0 Saint-Denis, d\u2019un stage de formation syndicale organis\u00e9 par le syndicat SUD-Education 93 sur le th\u00e8me \u00ab Au croisement des oppressions O\u00f9 en [&hellip;]<\/p>\n","protected":false},"author":6,"featured_media":0,"comment_status":"open","ping_status":"open","sticky":false,"template":"","format":"standard","meta":{"footnotes":""},"categories":[1],"tags":[1218,113,1345,1344],"class_list":{"0":"post-1966","1":"post","2":"type-post","3":"status-publish","4":"format-standard","6":"category-non-classe","7":"tag-jean-michel-blanquer","8":"tag-racisme","9":"tag-seine-saint-denis","10":"tag-sud-education"},"_links":{"self":[{"href":"https:\/\/blog.causeur.fr\/bonnetdane\/wp-json\/wp\/v2\/posts\/1966","targetHints":{"allow":["GET"]}}],"collection":[{"href":"https:\/\/blog.causeur.fr\/bonnetdane\/wp-json\/wp\/v2\/posts"}],"about":[{"href":"https:\/\/blog.causeur.fr\/bonnetdane\/wp-json\/wp\/v2\/types\/post"}],"author":[{"embeddable":true,"href":"https:\/\/blog.causeur.fr\/bonnetdane\/wp-json\/wp\/v2\/users\/6"}],"replies":[{"embeddable":true,"href":"https:\/\/blog.causeur.fr\/bonnetdane\/wp-json\/wp\/v2\/comments?post=1966"}],"version-history":[{"count":0,"href":"https:\/\/blog.causeur.fr\/bonnetdane\/wp-json\/wp\/v2\/posts\/1966\/revisions"}],"wp:attachment":[{"href":"https:\/\/blog.causeur.fr\/bonnetdane\/wp-json\/wp\/v2\/media?parent=1966"}],"wp:term":[{"taxonomy":"category","embeddable":true,"href":"https:\/\/blog.causeur.fr\/bonnetdane\/wp-json\/wp\/v2\/categories?post=1966"},{"taxonomy":"post_tag","embeddable":true,"href":"https:\/\/blog.causeur.fr\/bonnetdane\/wp-json\/wp\/v2\/tags?post=1966"}],"curies":[{"name":"wp","href":"https:\/\/api.w.org\/{rel}","templated":true}]}}