{"id":1983,"date":"2017-12-01T11:47:29","date_gmt":"2017-12-01T09:47:29","guid":{"rendered":"https:\/\/blog.causeur.fr\/bonnetdane\/?p=1983"},"modified":"2021-04-22T18:49:15","modified_gmt":"2021-04-22T16:49:15","slug":"cachez-ce-sein-etc","status":"publish","type":"post","link":"https:\/\/blog.causeur.fr\/bonnetdane\/cachez-ce-sein-etc-1983","title":{"rendered":"Cachez ce sein, etc."},"content":{"rendered":"<p><a href=\"https:\/\/blog.causeur.fr\/bonnetdane\/cachez-ce-sein-etc-001983.html\/capture-decran-2017-12-01-a-05-46-11\" rel=\"attachment wp-att-1989\"><img loading=\"lazy\" decoding=\"async\" class=\"aligncenter size-full wp-image-1989\" src=\"https:\/\/blog.causeur.fr\/bonnetdane\/files\/2017\/12\/Capture-d\u2019e\u0301cran-2017-12-01-a\u0300-05.46.11.png\" alt=\"Capture d\u2019e\u0301cran 2017-12-01 a\u0300 05.46.11\" width=\"468\" height=\"764\" srcset=\"https:\/\/blog.causeur.fr\/bonnetdane\/wp-content\/uploads\/sites\/25\/2017\/12\/Capture-d\u2019e\u0301cran-2017-12-01-a\u0300-05.46.11.png 468w, https:\/\/blog.causeur.fr\/bonnetdane\/wp-content\/uploads\/sites\/25\/2017\/12\/Capture-d\u2019e\u0301cran-2017-12-01-a\u0300-05.46.11-184x300.png 184w\" sizes=\"auto, (max-width: 468px) 100vw, 468px\" \/><\/a>\u00ab De nouvelles libations \u00e0 Cypris termin\u00e8rent cette seconde \u00e9preuve et l\u2019on m\u2019interrogea. \u00d4 mon amie ! dis-je \u00e0 Delb\u00e8ne qui me questionnait, j\u2019avoue, puisqu\u2019il faut que je r\u00e9ponde avec v\u00e9rit\u00e9, que le membre qui s\u2019est introduit dans mon derri\u00e8re, m\u2019a caus\u00e9 des sensations infiniment plus vives et plus d\u00e9licates que celui qui a parcouru mon devant. Je suis jeune, innocente, timide, peu faite aux plaisirs dont je viens d\u2019\u00eatre combl\u00e9e, il serait possible que je me trompasse sur l\u2019esp\u00e8ce et la nature de ces plaisirs en eux-m\u00eames, mais vous me demandez ce que j\u2019ai senti, je le dis. \u00bb<\/p>\n<p>Mon p\u00e8re travaillait alors \u00e0 l\u2019Ev\u00each\u00e9 \u2014 ainsi appelle-t-on ici l\u2019office central de la police marseillaise. Il en avait profit\u00e9 pour mettre la main sur toute une s\u00e9rie d\u2019ouvrages alors interdits par la censure pudibonde de la V\u00e8me R\u00e9publique commen\u00e7ante et saisis par la mar\u00e9chauss\u00e9e. C\u2019est ainsi que vers 10 ans, ayant \u00e9puis\u00e9 notre maigre biblioth\u00e8que de bas en haut, je tombai sur <em>Histoire d\u2019O<a href=\"https:\/\/blog.causeur.fr\/bonnetdane\/cachez-ce-sein-etc-001983.html\/capture-decran-2017-12-01-a-10-32-12\" rel=\"attachment wp-att-1990\"><img loading=\"lazy\" decoding=\"async\" class=\"aligncenter size-full wp-image-1990\" src=\"https:\/\/blog.causeur.fr\/bonnetdane\/files\/2017\/12\/Capture-d\u2019e\u0301cran-2017-12-01-a\u0300-10.32.12.png\" alt=\"Capture d\u2019e\u0301cran 2017-12-01 a\u0300 10.32.12\" width=\"316\" height=\"497\" srcset=\"https:\/\/blog.causeur.fr\/bonnetdane\/wp-content\/uploads\/sites\/25\/2017\/12\/Capture-d\u2019e\u0301cran-2017-12-01-a\u0300-10.32.12.png 316w, https:\/\/blog.causeur.fr\/bonnetdane\/wp-content\/uploads\/sites\/25\/2017\/12\/Capture-d\u2019e\u0301cran-2017-12-01-a\u0300-10.32.12-191x300.png 191w\" sizes=\"auto, (max-width: 316px) 100vw, 316px\" \/><\/a><\/em> et les tribulations de Justine puis de Juliette,<a href=\"https:\/\/blog.causeur.fr\/bonnetdane\/cachez-ce-sein-etc-001983.html\/capture-decran-2017-12-01-a-10-31-42\" rel=\"attachment wp-att-1991\"><img loading=\"lazy\" decoding=\"async\" class=\"aligncenter size-full wp-image-1991\" src=\"https:\/\/blog.causeur.fr\/bonnetdane\/files\/2017\/12\/Capture-d\u2019e\u0301cran-2017-12-01-a\u0300-10.31.42.png\" alt=\"Capture d\u2019e\u0301cran 2017-12-01 a\u0300 10.31.42\" width=\"472\" height=\"650\" srcset=\"https:\/\/blog.causeur.fr\/bonnetdane\/wp-content\/uploads\/sites\/25\/2017\/12\/Capture-d\u2019e\u0301cran-2017-12-01-a\u0300-10.31.42.png 472w, https:\/\/blog.causeur.fr\/bonnetdane\/wp-content\/uploads\/sites\/25\/2017\/12\/Capture-d\u2019e\u0301cran-2017-12-01-a\u0300-10.31.42-218x300.png 218w\" sizes=\"auto, (max-width: 472px) 100vw, 472px\" \/><\/a> les uns et les autres dans l\u2019\u00e9dition d\u2019origine de Jean-Jacques Pauvert, r\u00e9guli\u00e8rement poursuivi d\u00e8s qu\u2019il imprimait et diffusait ces petits chefs d\u2019\u0153uvre.<br \/>\nLa petite citation ci-dessus est extraite de l\u2019<em>Histoire de Juliette<\/em> \u2014 et quelques lignes plus loin, Delb\u00e8ne conclut une s\u00e9ance de fouterie particuli\u00e8rement approfondie par ces mots ail\u00e9s, comme dit Hom\u00e8re : \u00ab Vous m\u2019avez fait mourir de volupt\u00e9, asseyons-nous, et dissertons. \u00bb<\/p>\n<p>Et je profitai de la philosophie sadienne comme j\u2019avais profit\u00e9 de sa mise en application.<br \/>\nJ\u2019avais dix ans. Quelques ann\u00e9es plus tard, mon prof de philo, l\u2019immense Michel Gourinat, nous donna comme sujet, en kh\u00e2gne, \u00ab l\u2019immoralit\u00e9 \u00bb. Arguant que le probl\u00e8me que posait ce sujet \u00e9tait dans le \u2013it\u00e9 qui mettait en action cette anti-morale, j\u2019alternai dans ma dissert sc\u00e8nes de cul et raisonnements philosophiques. Je d\u00e9crochai ainsi la meilleure note, r\u00e9sultat peu couru d\u2019avance avec un ma\u00eetre aussi exigeant : mais un ma\u00eetre qui ne l\u2019est pas est-il encore un ma\u00eetre ?<\/p>\n<p>Pourquoi pensais-je \u00e0 cette minuscule anecdote ? Parce qu\u2019Anastasie<a href=\"https:\/\/blog.causeur.fr\/bonnetdane\/cachez-ce-sein-etc-001983.html\/gill\" rel=\"attachment wp-att-1992\"><img loading=\"lazy\" decoding=\"async\" class=\"aligncenter size-full wp-image-1992\" src=\"https:\/\/blog.causeur.fr\/bonnetdane\/files\/2017\/12\/gill.gif\" alt=\"gill\" width=\"500\" height=\"661\" \/><\/a> est de retour dans notre soci\u00e9t\u00e9 jadis permissive, d\u00e9sormais pudibonde. Sauf que la censure jadis g\u00e9n\u00e9r\u00e9e par les ligues de vertu l\u2019est aujourd\u2019hui par les ligues f\u00e9ministes et leurs \u00e9mules. Jamais l\u2019injonction de Tartuffe \u2014 \u00ab Cachez ce sein que je ne saurais voir \u00bb \u2014 n\u2019a \u00e9t\u00e9 si pr\u00e9gnante. Dernier \u00e9pisode en date de ce retour des grands ciseaux, <a href=\"https:\/\/www.nytimes.com\/2017\/11\/10\/arts\/design\/egon-shiele-ads-london-tube.html?utm_content=buffer44f6a&amp;utm_medium=social&amp;utm_source=twitter.com&amp;utm_campaign=buffer\">la r\u00e9action outr\u00e9e des autorit\u00e9s allemandes et anglaises<\/a> devant les affiches annon\u00e7ant la grande r\u00e9trospective Egon Schiele (on va c\u00e9l\u00e9brer l\u2019ann\u00e9e prochaine le centenaire de la grippe espagnole qui l\u2019emporta, \u00e0 28 ans \u2014 lui, sa femme et son enfant \u00e0 na\u00eetre, et Apollinaire en sus, et 100 millions de p\u00e9kins d\u2019apr\u00e8s les estimations les plus r\u00e9centes)<\/p>\n<div id=\"ligne\"><\/div>\n<p>.<a href=\"https:\/\/blog.causeur.fr\/bonnetdane\/cachez-ce-sein-etc-001983.html\/untitled-9\" rel=\"attachment wp-att-1994\"><img loading=\"lazy\" decoding=\"async\" class=\"aligncenter size-full wp-image-1994\" src=\"https:\/\/blog.causeur.fr\/bonnetdane\/files\/2017\/12\/Untitled-9.jpg\" alt=\"Untitled-9\" width=\"900\" height=\"600\" srcset=\"https:\/\/blog.causeur.fr\/bonnetdane\/wp-content\/uploads\/sites\/25\/2017\/12\/Untitled-9.jpg 900w, https:\/\/blog.causeur.fr\/bonnetdane\/wp-content\/uploads\/sites\/25\/2017\/12\/Untitled-9-300x200.jpg 300w, https:\/\/blog.causeur.fr\/bonnetdane\/wp-content\/uploads\/sites\/25\/2017\/12\/Untitled-9-768x512.jpg 768w, https:\/\/blog.causeur.fr\/bonnetdane\/wp-content\/uploads\/sites\/25\/2017\/12\/Untitled-9-450x300.jpg 450w\" sizes=\"auto, (max-width: 900px) 100vw, 900px\" \/><\/a>Censure b\u00e9nie pour le mus\u00e9e Leopold de Vienne, <a href=\"http:\/\/www.lefigaro.fr\/arts-expositions\/2017\/11\/16\/03015-20171116ARTFIG00148-cachez-ces-nus-d-egon-schiele-que-l-angleterre-et-l-allemagne-ne-sauraient-voir.php\">qui a imm\u00e9diatement r\u00e9pliqu\u00e9 en fournissant des affiches \u00e0 carr\u00e9 blanc<\/a> qui expliquent que cent ans apr\u00e8s, le grand artiste viennois est toujours aussi scandaleux.<a href=\"https:\/\/blog.causeur.fr\/bonnetdane\/cachez-ce-sein-etc-001983.html\/capture-decran-2017-12-01-a-05-20-11\" rel=\"attachment wp-att-1993\"><img loading=\"lazy\" decoding=\"async\" class=\"aligncenter size-full wp-image-1993\" src=\"https:\/\/blog.causeur.fr\/bonnetdane\/files\/2017\/12\/Capture-d\u2019e\u0301cran-2017-12-01-a\u0300-05.20.11.png\" alt=\"Capture d\u2019e\u0301cran 2017-12-01 a\u0300 05.20.11\" width=\"497\" height=\"367\" srcset=\"https:\/\/blog.causeur.fr\/bonnetdane\/wp-content\/uploads\/sites\/25\/2017\/12\/Capture-d\u2019e\u0301cran-2017-12-01-a\u0300-05.20.11.png 497w, https:\/\/blog.causeur.fr\/bonnetdane\/wp-content\/uploads\/sites\/25\/2017\/12\/Capture-d\u2019e\u0301cran-2017-12-01-a\u0300-05.20.11-300x222.png 300w, https:\/\/blog.causeur.fr\/bonnetdane\/wp-content\/uploads\/sites\/25\/2017\/12\/Capture-d\u2019e\u0301cran-2017-12-01-a\u0300-05.20.11-406x300.png 406w\" sizes=\"auto, (max-width: 497px) 100vw, 497px\" \/><\/a>Cela rejoint la censure m\u00e9ticuleuse exerc\u00e9e par Facebook. Un instituteur amateur d\u2019art <a href=\"http:\/\/www.lefigaro.fr\/arts-expositions\/2016\/01\/06\/03015-20160106ARTFIG00290--l-origine-du-monde-la-bete-noire-juridique-de-facebook.php\">se bat depuis 2011<\/a> contre la soci\u00e9t\u00e9 de Zuckerberg, qui autorise sans probl\u00e8me sur son r\u00e9seau une prostitution \u00e0 peine d\u00e9guis\u00e9e (d\u00e8s que vous avez pass\u00e9 un certain seuil d\u2019\u00ab amis \u00bb, d\u2019accortes demoiselles peu v\u00eatues \u2014 mais dans les clous du r\u00e8glement interne \u2014 se pr\u00e9sentent \u00e0 vous sous l\u2019\u00e9tiquette \u00ab fleuriste \u00bb ou \u00ab coiffeuse \u00bb, et vous font des offres sans ambigu\u00eft\u00e9 si jamais vous les acceptez) mais qui censure impitoyablement Courbet et son <em>Origine du monde<\/em>.<a href=\"https:\/\/blog.causeur.fr\/bonnetdane\/cachez-ce-sein-etc-001983.html\/6041107_1-0-491569311_1000x625\" rel=\"attachment wp-att-1995\"><img loading=\"lazy\" decoding=\"async\" class=\"aligncenter size-full wp-image-1995\" src=\"https:\/\/blog.causeur.fr\/bonnetdane\/files\/2017\/12\/6041107_1-0-491569311_1000x625.jpg\" alt=\"6041107_1-0-491569311_1000x625\" width=\"1000\" height=\"625\" srcset=\"https:\/\/blog.causeur.fr\/bonnetdane\/wp-content\/uploads\/sites\/25\/2017\/12\/6041107_1-0-491569311_1000x625.jpg 1000w, https:\/\/blog.causeur.fr\/bonnetdane\/wp-content\/uploads\/sites\/25\/2017\/12\/6041107_1-0-491569311_1000x625-300x188.jpg 300w, https:\/\/blog.causeur.fr\/bonnetdane\/wp-content\/uploads\/sites\/25\/2017\/12\/6041107_1-0-491569311_1000x625-768x480.jpg 768w, https:\/\/blog.causeur.fr\/bonnetdane\/wp-content\/uploads\/sites\/25\/2017\/12\/6041107_1-0-491569311_1000x625-480x300.jpg 480w\" sizes=\"auto, (max-width: 1000px) 100vw, 1000px\" \/><\/a>Le clou de cette proc\u00e9dure est que <a href=\"http:\/\/www.lefigaro.fr\/actualite-france\/2015\/03\/05\/01016-20150305ARTFIG00009-facebook-pourrait-bientot-etre-juge-par-la-justice-francaise.php\">Facebook pr\u00e9tend \u2014 c\u2019est sa ligne de d\u00e9fense \u2014 que le droit fran\u00e7ais ne s\u2019applique pas<\/a> \u00e0 une soci\u00e9t\u00e9 bas\u00e9e en Californie, quoiqu\u2019elle exerce dans le monde entier, et quoi que puissent dire les tribunaux fran\u00e7ais. En revanche, le droit am\u00e9ricain s\u2019exerce lourdement sur les soci\u00e9t\u00e9s europ\u00e9ennes op\u00e9rant aux USA. Selon que vous serez puissants ou mis\u00e9rables\u2026<br \/>\nCe qui nous am\u00e8ne au GAFAM \u2014 Google \/ Apple \/ Facebook \/ Amazon \/ Microsoft. Non contents de dominer le march\u00e9 du num\u00e9rique, ces soci\u00e9t\u00e9s s\u2019arrogent le droit de r\u00e9\u00e9crire\u2026 le Droit.<br \/>\nEt c\u2019est bien l\u00e0 l\u2019essentiel de la menace. Que des coinc\u00e9es du cul exigent l\u2019\u00e9criture inclusive, l\u2019accord pr\u00e9f\u00e9rentiel au f\u00e9minin, le droit de faire l\u2019amour \u00e0 18 ans ou s\u2019insurgent contre telle ou telle repr\u00e9sentation, tel ou tel \u00e9crivain ou metteur en sc\u00e8ne, n\u2019a rien de bien nouveau : les imb\u00e9ciles sont nombreux, et vocif\u00e8rent. Que l\u2019on censure tel ou tel cr\u00e9ateur au nom du politiquement correct t\u00e9moigne juste du degr\u00e9 d\u2019inculture de l\u2019oligarchie au pouvoir. Mais que l\u2019on nous abandonne, pieds et poings li\u00e9s, aux app\u00e9tits de firmes \u00ab mondialis\u00e9es \u00bb en nous faisant croire que c\u2019est in\u00e9luctable, \u00e7a, c\u2019est inqualifiable. Il faut d\u00e9noncer les trait\u00e9s aberrants sign\u00e9s ces derni\u00e8res ann\u00e9es par des gouvernements vendus \u2014 <a href=\"http:\/\/www.lepoint.fr\/invites-du-point\/jean-paul-brighelli\/brighelli-l-ecole-vendue-pas-cher-a-microsoft-08-01-2016-2008088_1886.php\">la fa\u00e7on dont Najat Vallaud-Belkacem a brad\u00e9 l\u2019Education nationale \u00e0 Microsoft <\/a>n\u2019en est qu\u2019un exemple parmi d\u2019autre. C\u2019est impossible ? Parlez-en aux Chinois, qui ont expliqu\u00e9 doctement \u00e0 Google ou Apple qu\u2019il leur fallait passer sous leurs fourches caudines, ou aller se faire voir ailleurs. Et s\u2019ils ren\u00e2clent, saisissons imm\u00e9diatement tous les biens de ces gens-l\u00e0, tous ceux qui sont \u00e0 notre port\u00e9e \u2014 et poursuivons-les partout dans le monde, comme le Mossad a poursuivi Eichmann ou Mahmoud Hamchari. Pas de piti\u00e9 pour la b\u00eatise. Pas de sursis pour l&rsquo;hypocrisie.<br \/>\nIl est insupportable que des gouvernements fran\u00e7ais se plient aux desiderata de gens qui n\u2019apportent rien \u00e0 la France \u2014 gu\u00e8re en emplois, rien en imp\u00f4ts. Les vrais scandales sont l\u00e0 \u2014 pas dans la censure temporaire d\u2019un Nu d\u2019Egon Schiele, d\u2019une peinture de <a href=\"http:\/\/www.lepoint.fr\/culture\/allemagne-une-exposition-balthus-annulee-pour-pedophilie-04-02-2014-1787973_3.php\">Balthus jug\u00e9e p\u00e9dophile<\/a> ou d\u2019un gros plan sur le sexe attentif de Joanna Hifernan.<\/p>\n<p>Jean-Paul Brighelli<\/p>\n","protected":false},"excerpt":{"rendered":"<p>\u00ab De nouvelles libations \u00e0 Cypris termin\u00e8rent cette seconde \u00e9preuve et l\u2019on m\u2019interrogea. \u00d4 mon amie ! dis-je \u00e0 Delb\u00e8ne qui me questionnait, j\u2019avoue, puisqu\u2019il faut que je r\u00e9ponde avec v\u00e9rit\u00e9, que le membre qui s\u2019est introduit dans mon derri\u00e8re, m\u2019a caus\u00e9 des sensations infiniment plus vives et plus d\u00e9licates que celui qui a parcouru [&hellip;]<\/p>\n","protected":false},"author":6,"featured_media":0,"comment_status":"open","ping_status":"open","sticky":false,"template":"","format":"standard","meta":{"footnotes":""},"categories":[1],"tags":[],"class_list":{"0":"post-1983","1":"post","2":"type-post","3":"status-publish","4":"format-standard","6":"category-non-classe"},"_links":{"self":[{"href":"https:\/\/blog.causeur.fr\/bonnetdane\/wp-json\/wp\/v2\/posts\/1983","targetHints":{"allow":["GET"]}}],"collection":[{"href":"https:\/\/blog.causeur.fr\/bonnetdane\/wp-json\/wp\/v2\/posts"}],"about":[{"href":"https:\/\/blog.causeur.fr\/bonnetdane\/wp-json\/wp\/v2\/types\/post"}],"author":[{"embeddable":true,"href":"https:\/\/blog.causeur.fr\/bonnetdane\/wp-json\/wp\/v2\/users\/6"}],"replies":[{"embeddable":true,"href":"https:\/\/blog.causeur.fr\/bonnetdane\/wp-json\/wp\/v2\/comments?post=1983"}],"version-history":[{"count":0,"href":"https:\/\/blog.causeur.fr\/bonnetdane\/wp-json\/wp\/v2\/posts\/1983\/revisions"}],"wp:attachment":[{"href":"https:\/\/blog.causeur.fr\/bonnetdane\/wp-json\/wp\/v2\/media?parent=1983"}],"wp:term":[{"taxonomy":"category","embeddable":true,"href":"https:\/\/blog.causeur.fr\/bonnetdane\/wp-json\/wp\/v2\/categories?post=1983"},{"taxonomy":"post_tag","embeddable":true,"href":"https:\/\/blog.causeur.fr\/bonnetdane\/wp-json\/wp\/v2\/tags?post=1983"}],"curies":[{"name":"wp","href":"https:\/\/api.w.org\/{rel}","templated":true}]}}