{"id":20,"date":"2006-02-07T18:20:17","date_gmt":"2006-02-07T18:20:17","guid":{"rendered":"http:\/\/blog.causeur.fr\/bonnetdane\/?p=20"},"modified":"2021-04-22T18:54:13","modified_gmt":"2021-04-22T16:54:13","slug":"reponses-en-vrac","status":"publish","type":"post","link":"https:\/\/blog.causeur.fr\/bonnetdane\/reponses-en-vrac-20","title":{"rendered":"R\u00e9ponses en vrac"},"content":{"rendered":"<p>Bravo d&rsquo;abord \u00e0 celles et ceux qui ont tent\u00e9 de r\u00e9sister \u00e0 l&rsquo;IUFM \u2014 mais qu&rsquo;ils sachent (ils s&rsquo;en sont rendu compte, apparemment) qu&rsquo;il vaut mieux d\u00e9doubler, pour le moment. Feindre. Feinter. L&rsquo;IUFM, et toute la p\u00e9dagogie moderne, sont des \u00e9coles de distorsion schizophr\u00e9nique. Il faut emprunter les mots, et continuer \u00e0 penser avec d&rsquo;autres mots. <br \/>On peut le faire (parfois non sans d\u00e9g\u00e2ts) lorsqu&rsquo;on est enseignant. On ne peut pas le faire impun\u00e9ment quand oin est \u00e9l\u00e8ve. <br \/>Mais l&rsquo;Inf\u00e2me, comme disait Voltaire, sait qu&rsquo;il vit ses derniers instants. <br \/>M\u00eame s&rsquo;il est encore f\u00e9cond, le ventre qui a enfant\u00e9 la b\u00eate immonde \u2014 n&rsquo;est-ce pas, monsieur Fracowiack ?<br \/>(voir le courrier d\u00e9lirant de cet inspecteur de la r\u00e9gion lilloise \u00e0 son ministre, sur www.fen.fe\/~sien\/acsien.htm\u2026). Un focntionnaire d&rsquo;autorit\u00e9 a-t-il le droit de s&rsquo;opposer aux d\u00e9cisions de sa hi\u00e9rarchie, et d&rsquo;accuser son ministre d&rsquo;incomp\u00e9tence et d el\u00e9\u00a0\u00bbg\u00e8ret\u00e9 ? <br \/>Mais nous allons signaler ces \u00e9carts de langage audit ministre. \u00c7a lui fera s\u00fbrement plaisir.<br \/>Que les P\u00e9dagogues le sachent : le vent a tourn\u00e9.<\/p>\n<p>Plus grave.<br \/>Bien s\u00fbr que la Finlande a d\u00e9velopp\u00e9 un syst\u00e8me tr\u00e8s permissif, et avec succ\u00e8s.<br \/>Mais justement : c&rsquo;est un syst\u00e8me qui correspond \u00e0 un petit pays de quelques millions d&rsquo;habitants, et qui est inapplicable en France. De m\u00eame le syst\u00e8me cor\u00e9en, qui est exactement l&rsquo;inverse du mod\u00e8le finlandais, et qui est totalement coercitif. Je pr\u00eache (dans le d\u00e9sert, apparemment) pour le retour \u00e0 un mod\u00e8le fran\u00e7ais&nbsp;: qu&rsquo;avons-nous \u00e0 faire des exp\u00e9riences anglo-saxonnes dont les P\u00e9dagogues nous font bruire les oreilles ? Sommes-nous am\u00e9ricains ? <br \/>Nous avions un syst\u00e8me qui fonctionnait au mieux \u2014 et quoi qu&rsquo;on dise, les conditions d&rsquo;enseignement, les publics, n&rsquo;ont pas fondamentalement mut\u00e9 depuis les ann\u00e9es 60 : dans mon \u00e9cole communale, nous \u00e9tions tous fils d&rsquo;immigr\u00e9s (je dis \u00ab\u00a0fils\u00a0\u00bb parce que les \u00e9coles n&rsquo;\u00e9taient pas mixtes, \u00e0 l&rsquo;\u00e9poque) : corses, italiens, portugais, arm\u00e9niens, espagnols \u2014 et j&rsquo;en passe.<br \/>Ou alors, il fut dire \u2014 et \u00e9crire \u2014 que le probl\u00e8me actuel viendrait de l&rsquo;origine ethnique de certains \u00e9l\u00e8ves. Allez, les Padagos, osez !<br \/>Un dernier d\u00e9tail sur la Finlande.<br \/>Avez-vous lu Paasilina, ce merveilleux auteur finlandais (le Li\u00e8vre de Vatanen, la For\u00eat des renards pendus \u2014 entre autres) ? Il a \u00e9crit aussi Petits suicides entre amis, o\u00f9 il r\u00e9v\u00e8le que la Finlande poss\u00e8de le plus fort taux de suicides au monde. Dois-je compter cette statistique parmi les succ\u00e8s du mod\u00e8le finlandais ?<\/p>\n<p>Bon courage \u00e0 tous\u2026<\/p>\n<p>JPB<\/p>\n","protected":false},"excerpt":{"rendered":"<p>Bravo d&rsquo;abord \u00e0 celles et ceux qui ont tent\u00e9 de r\u00e9sister \u00e0 l&rsquo;IUFM \u2014 mais qu&rsquo;ils sachent (ils s&rsquo;en sont rendu compte, apparemment) qu&rsquo;il vaut mieux d\u00e9doubler, pour le moment. Feindre. Feinter. L&rsquo;IUFM, et toute la p\u00e9dagogie moderne, sont des \u00e9coles de distorsion schizophr\u00e9nique. Il faut emprunter les mots, et continuer \u00e0 penser avec d&rsquo;autres [&hellip;]<\/p>\n","protected":false},"author":6,"featured_media":0,"comment_status":"open","ping_status":"open","sticky":false,"template":"","format":"standard","meta":{"footnotes":""},"categories":[1],"tags":[],"class_list":{"0":"post-20","1":"post","2":"type-post","3":"status-publish","4":"format-standard","6":"category-non-classe"},"_links":{"self":[{"href":"https:\/\/blog.causeur.fr\/bonnetdane\/wp-json\/wp\/v2\/posts\/20","targetHints":{"allow":["GET"]}}],"collection":[{"href":"https:\/\/blog.causeur.fr\/bonnetdane\/wp-json\/wp\/v2\/posts"}],"about":[{"href":"https:\/\/blog.causeur.fr\/bonnetdane\/wp-json\/wp\/v2\/types\/post"}],"author":[{"embeddable":true,"href":"https:\/\/blog.causeur.fr\/bonnetdane\/wp-json\/wp\/v2\/users\/6"}],"replies":[{"embeddable":true,"href":"https:\/\/blog.causeur.fr\/bonnetdane\/wp-json\/wp\/v2\/comments?post=20"}],"version-history":[{"count":0,"href":"https:\/\/blog.causeur.fr\/bonnetdane\/wp-json\/wp\/v2\/posts\/20\/revisions"}],"wp:attachment":[{"href":"https:\/\/blog.causeur.fr\/bonnetdane\/wp-json\/wp\/v2\/media?parent=20"}],"wp:term":[{"taxonomy":"category","embeddable":true,"href":"https:\/\/blog.causeur.fr\/bonnetdane\/wp-json\/wp\/v2\/categories?post=20"},{"taxonomy":"post_tag","embeddable":true,"href":"https:\/\/blog.causeur.fr\/bonnetdane\/wp-json\/wp\/v2\/tags?post=20"}],"curies":[{"name":"wp","href":"https:\/\/api.w.org\/{rel}","templated":true}]}}