{"id":2045,"date":"2018-01-26T11:15:15","date_gmt":"2018-01-26T09:15:15","guid":{"rendered":"https:\/\/blog.causeur.fr\/bonnetdane\/?p=2045"},"modified":"2021-04-22T18:48:42","modified_gmt":"2021-04-22T16:48:42","slug":"a-propos-de-la-tunisie","status":"publish","type":"post","link":"https:\/\/blog.causeur.fr\/bonnetdane\/a-propos-de-la-tunisie-2045","title":{"rendered":"\u00c0 propos de la Tunisie"},"content":{"rendered":"<p><em>Dans quatre jours, Emmanuel Macron se rend en Tunisie. Le pays \u2014 particuli\u00e8rement dans ses provinces \u2014 est depuis plusieurs semaines le th\u00e9\u00e2tre de<a href=\"http:\/\/www.lefigaro.fr\/international\/2018\/01\/11\/01003-20180111ARTFIG00199-manifestations-greves-violences-comprendre-la-crise-en-tunisie-en-quatre-questions.php\"> manifestations parfois tr\u00e8s rudes, et rudement r\u00e9prim\u00e9es<\/a>. La situation \u00e9conomique est catastrophique, et la solution du \u00ab tout lib\u00e9ral \u00bb adopt\u00e9e par l\u2019actuel Premier ministre, Youssef Chahed, para\u00eet plus destin\u00e9e \u00e0 rassurer le FMI, les bailleurs de fonds ou d\u2019\u00e9ventuels investisseurs qu\u2019une population dont le niveau de vie ne s\u2019est gu\u00e8re am\u00e9lior\u00e9 depuis la chute de Ben Ali, et sur laquelle le rench\u00e9rissement g\u00e9n\u00e9ral observ\u00e9 depuis un an fait peser une contrainte insoutenable. Enfin, les alliances de fait entre d\u00e9mocrates au pouvoir et leaders de partis religieux (Rached Ghannouchi en l&rsquo;occurrence) font peser sur la classe politique un soup\u00e7on d&rsquo;entente tacite <a href=\"https:\/\/blogs.mediapart.fr\/les-invites-de-mediapart\/blog\/080118\/tunisie-defendre-le-pays-la-constitution-et-les-libertes\">d\u00e9nonc\u00e9 par de nombreux intellectuels<\/a>.<\/em><br \/>\n<em> Pour savoir dans quel pays le Pr\u00e9sident de la R\u00e9publique mettait les pieds, j\u2019ai eu l\u2019id\u00e9e d\u2019interviewer Hakim Ben Hammouda, \u00e9conomiste et ancien ministre de l\u2019Economie de la Tunisie (sous le gouvernement de Mehdi Jomaa, en 2014, qui a organis\u00e9 \u00e0 l\u2019automne des \u00e9lections l\u00e9gislatives qui ont vu un recul assez net du parti islamiste Ennahdha et une victoire relative du parti Nidaa Tounes, et une \u00e9lection pr\u00e9sidentielle qui a consacr\u00e9 B\u00e9ji Ca\u00efd Essebsi, qui a battu Moncef Marzouki, r\u00e9put\u00e9 proche d\u2019Ennahdha).<\/em><br \/>\n<em> Merci \u00e0 lui d\u2019avoir bien voulu r\u00e9pondre \u00e0 quelques questions \u2014 et merci \u00e0 celle qui a facilit\u00e9 le contact.<a href=\"https:\/\/blog.causeur.fr\/bonnetdane\/a-propos-de-la-tunisie-002045.html\/7471hr_-592x296\" rel=\"attachment wp-att-2054\"><img loading=\"lazy\" decoding=\"async\" class=\"aligncenter size-full wp-image-2054\" src=\"https:\/\/blog.causeur.fr\/bonnetdane\/files\/2018\/01\/7471hr_-592x296.jpg\" alt=\"7471hr_-592x296\" width=\"592\" height=\"296\" srcset=\"https:\/\/blog.causeur.fr\/bonnetdane\/wp-content\/uploads\/sites\/25\/2018\/01\/7471hr_-592x296.jpg 592w, https:\/\/blog.causeur.fr\/bonnetdane\/wp-content\/uploads\/sites\/25\/2018\/01\/7471hr_-592x296-300x150.jpg 300w, https:\/\/blog.causeur.fr\/bonnetdane\/wp-content\/uploads\/sites\/25\/2018\/01\/7471hr_-592x296-500x250.jpg 500w\" sizes=\"auto, (max-width: 592px) 100vw, 592px\" \/><\/a><\/em><\/p>\n<div id=\"ligne\"><\/div>\n<p><em>JPB. Quel pays le pr\u00e9sident Macron va-t-il d\u00e9couvrir ?<\/em><\/p>\n<p>HBH. Je crois qu&rsquo;en parlant de la Tunisie aujourd&rsquo;hui, on doit \u00e9voquer trois questions essentielles : la transition politique, la transition d\u00e9mocratique, et la question sociale.<br \/>\nLa transition politique avance. La Tunisie dans ce domaine a fait des progr\u00e8s importants. Nous nous sommes dot\u00e9s en 2014 d&rsquo;une constitution d\u00e9mocratique qui a donn\u00e9 lieu aux premi\u00e8res \u00e9lections d\u00e9mocratiques qui se sont d\u00e9roul\u00e9es \u00e0 la fin de l&rsquo;ann\u00e9e 2014, qui nous ont permis d&rsquo;\u00e9lire une Assembl\u00e9e et un Pr\u00e9sident de la R\u00e9publique au suffrage universel. Nous sommes en train de mettre en place les diff\u00e9rentes instances pr\u00e9vues dans le cadre de la constitution.<\/p>\n<p><em>JPB. Tout est donc pour le mieux dans le meilleur des mondes ?<\/em><\/p>\n<p>HBH. Le v\u00e9ritable probl\u00e8me concerne la transition d\u00e9mocratique qui bat de l&rsquo;aile. En effet, la croissance reste faible, l&rsquo;inflation est \u00e9lev\u00e9e et les d\u00e9ficits du budget de l&rsquo;Etat et de la Balance commerciale sont importants. Il faut aussi noter une progression rapide de l&rsquo;endettement ext\u00e9rieur du pays. Consid\u00e9r\u00e9s dans leur ensemble, ces indicateurs sont significatifs du blocage de la situation \u00e9conomique.<br \/>\nIl en est de m\u00eame sur les questions sociales. En effet, le niveau de ch\u00f4mage reste \u00e9lev\u00e9 \u2014 surtout le ch\u00f4mage des jeunes dipl\u00f4m\u00e9s qui ont jou\u00e9 un r\u00f4le important dans la r\u00e9volution. Par ailleurs, les in\u00e9galit\u00e9s r\u00e9gionales restent tr\u00e8s \u00e9lev\u00e9es et sont \u00e0 l&rsquo;origine des vastes mouvements de contestation dans les r\u00e9gions de l&rsquo;int\u00e9rieur.<\/p>\n<p><em>JPB. Tout est donc au plus mal ?<\/em><\/p>\n<p>HBH. Nous sommes devant un paysage contrast\u00e9 : une transition d\u00e9mocratique et politique qui conna\u00eet beaucoup de succ\u00e8s, mais sur fond de crise \u00e9conomique et sociale.<\/p>\n<p><em>JPB. Qu\u2019attend la Tunisie de cette visite d\u2019Emmanuel Macron ?<\/em><\/p>\n<p>HBH. Le soutien de nos partenaires et particuli\u00e8rement des pays europ\u00e9ens. Je crois qu&rsquo;il y avait de grands espoirs en Tunisie, et malheureusement le soutien europ\u00e9en n&rsquo;a pas \u00e9t\u00e9 \u00e0 la hauteur de ces attentes.<\/p>\n<p>Jean-Paul Brighelli<\/p>\n","protected":false},"excerpt":{"rendered":"<p>Dans quatre jours, Emmanuel Macron se rend en Tunisie. Le pays \u2014 particuli\u00e8rement dans ses provinces \u2014 est depuis plusieurs semaines le th\u00e9\u00e2tre de manifestations parfois tr\u00e8s rudes, et rudement r\u00e9prim\u00e9es. La situation \u00e9conomique est catastrophique, et la solution du \u00ab tout lib\u00e9ral \u00bb adopt\u00e9e par l\u2019actuel Premier ministre, Youssef Chahed, para\u00eet plus destin\u00e9e \u00e0 [&hellip;]<\/p>\n","protected":false},"author":6,"featured_media":0,"comment_status":"open","ping_status":"open","sticky":false,"template":"","format":"standard","meta":{"footnotes":""},"categories":[1],"tags":[1379,594],"class_list":{"0":"post-2045","1":"post","2":"type-post","3":"status-publish","4":"format-standard","6":"category-non-classe","7":"tag-hakim-ben-hammouda","8":"tag-tunisie"},"_links":{"self":[{"href":"https:\/\/blog.causeur.fr\/bonnetdane\/wp-json\/wp\/v2\/posts\/2045","targetHints":{"allow":["GET"]}}],"collection":[{"href":"https:\/\/blog.causeur.fr\/bonnetdane\/wp-json\/wp\/v2\/posts"}],"about":[{"href":"https:\/\/blog.causeur.fr\/bonnetdane\/wp-json\/wp\/v2\/types\/post"}],"author":[{"embeddable":true,"href":"https:\/\/blog.causeur.fr\/bonnetdane\/wp-json\/wp\/v2\/users\/6"}],"replies":[{"embeddable":true,"href":"https:\/\/blog.causeur.fr\/bonnetdane\/wp-json\/wp\/v2\/comments?post=2045"}],"version-history":[{"count":0,"href":"https:\/\/blog.causeur.fr\/bonnetdane\/wp-json\/wp\/v2\/posts\/2045\/revisions"}],"wp:attachment":[{"href":"https:\/\/blog.causeur.fr\/bonnetdane\/wp-json\/wp\/v2\/media?parent=2045"}],"wp:term":[{"taxonomy":"category","embeddable":true,"href":"https:\/\/blog.causeur.fr\/bonnetdane\/wp-json\/wp\/v2\/categories?post=2045"},{"taxonomy":"post_tag","embeddable":true,"href":"https:\/\/blog.causeur.fr\/bonnetdane\/wp-json\/wp\/v2\/tags?post=2045"}],"curies":[{"name":"wp","href":"https:\/\/api.w.org\/{rel}","templated":true}]}}