{"id":2071,"date":"2018-02-10T12:58:48","date_gmt":"2018-02-10T10:58:48","guid":{"rendered":"https:\/\/blog.causeur.fr\/bonnetdane\/?p=2071"},"modified":"2021-04-22T18:48:41","modified_gmt":"2021-04-22T16:48:41","slug":"du-nouveau-dans-ledition","status":"publish","type":"post","link":"https:\/\/blog.causeur.fr\/bonnetdane\/du-nouveau-dans-ledition-2071","title":{"rendered":"Du nouveau dans l&rsquo;\u00e9dition !"},"content":{"rendered":"<p><a href=\"https:\/\/blog.causeur.fr\/bonnetdane\/du-nouveau-dans-ledition-002071.html\/najat-vallaud-belkacem\" rel=\"attachment wp-att-2080\"><img loading=\"lazy\" decoding=\"async\" class=\"aligncenter size-full wp-image-2080\" src=\"https:\/\/blog.causeur.fr\/bonnetdane\/files\/2018\/02\/najat-vallaud-belkacem.jpg\" alt=\"najat vallaud belkacem\" width=\"700\" height=\"1052\" srcset=\"https:\/\/blog.causeur.fr\/bonnetdane\/wp-content\/uploads\/sites\/25\/2018\/02\/najat-vallaud-belkacem.jpg 700w, https:\/\/blog.causeur.fr\/bonnetdane\/wp-content\/uploads\/sites\/25\/2018\/02\/najat-vallaud-belkacem-200x300.jpg 200w, https:\/\/blog.causeur.fr\/bonnetdane\/wp-content\/uploads\/sites\/25\/2018\/02\/najat-vallaud-belkacem-681x1024.jpg 681w\" sizes=\"auto, (max-width: 700px) 100vw, 700px\" \/><\/a>J\u2019adore cette photo : on sent bien que le photographe a conseill\u00e9 \u00e0 son mod\u00e8le d\u2019avoir l\u2019air de penser.<br \/>\nLa s\u00e9ance a d\u00fb \u00eatre longue.<br \/>\nBref\u2026<\/p>\n<p>Najat Vallaud-Belkacem renonce donc \u00e0 briguer la t\u00eate du PS, qui n\u2019arrivait pas \u00e0 lui garantir <a href=\"https:\/\/www.20minutes.fr\/societe\/2176947-20171127-salaire-futur-patron-ps-hypothese-agace-solferino\">le salaire qu\u2019elle demandait<\/a>, <a href=\"http:\/\/www.liberation.fr\/france\/2018\/01\/03\/najat-vallaud-belkacem-met-entre-parentheses-sa-vie-politique_1620177\">et elle entre dans l\u2019\u00e9dition<\/a> : elle sera directrice de collection chez Fayard.<br \/>\nD\u2019aucuns pourraient s\u2019\u00e9tonner : elle a donc aussi des comp\u00e9tences dans ce domaine ? Pas plus pas moins qu\u2019en tant que ministre de l\u2019Education.<br \/>\nL\u2019ex-prot\u00e9g\u00e9e de S\u00e9gol\u00e8ne Royal, dont elle fut porte-parole ; l\u2019ex-ministre de Fran\u00e7ois Hollande ; l\u2019ex-chouchou de G\u00e9rard Collomb \u2014 avant qu\u2019il la voue aux g\u00e9monies \u2014 a donc annonc\u00e9 son intention de diriger une collection d\u2019essais intitul\u00e9e \u00ab Raison de plus \u00bb et \u00ab consacr\u00e9e aux batailles culturelles du progressisme \u00bb, <a href=\"https:\/\/www.nouvelobs.com\/politique\/20180103.OBS0068\/najat-vallaud-belkacem-ne-briguera-pas-la-tete-du-ps-je-ne-veux-pas-d-une-vie-reduite-a-la-politique.html\">a-t-elle expliqu\u00e9 \u00e0 <em>l\u2019Obs<\/em><\/a> (autant s\u2019exprimer chez soi). Son but ? Faire \u00e9merger de nouvelles propositions et de nouveaux talents. Elle aura fort \u00e0 faire, l\u2019expression \u00ab intellectuel de gauche \u00bb, apr\u00e8s avoir \u00e9t\u00e9 un quasi-pl\u00e9onasme dans les ann\u00e9es 1950-1960, est devenue un oxymore. <em>Sic transit<\/em>.<\/p>\n<p>J\u2019ai moi-m\u00eame un petit pass\u00e9 \u00e9ditorial. J\u2019ai travaill\u00e9 \u2014 il y a plus de trente ans \u00e0 pr\u00e9sent \u2014 avec Louis Magnard, qui \u00e9tait un grand \u00e9diteur ; avec Marie-Pierre Brossollet (chez Belin), qui \u00e9tait une grande \u00e9ditrice ; avec Franck Spengler, qui domine la sc\u00e8ne \u00e9ditoriale \u00e9rotique (mais pas seulement) depuis des lustres ; et surtout avec Pierre Marchand, chez Gallimard \u2014 l\u2019inventeur des Folio-Junior, des \u00ab Livres dont vous \u00eates le h\u00e9ros \u00bb, de la collection D\u00e9couvertes et des Guides Gallimard. Seul ou en soci\u00e9t\u00e9, j\u2019ai particip\u00e9 \u00e0 ces diverses aventures \u00e9ditoriales. Dix ans de bonheur.<br \/>\nEt avec Jean-Claude Gawsewitch, d\u2019abord chez Ramsay, puis dans la maison qui porte son nom, avant qu&rsquo;il ne rach\u00e8te Balland. Ce furent les heures glorieuses de <em>la Fabrique du cr\u00e9tin<\/em> \u2014 et de la suite. Gawsewitch \u00e9tait un vrai \u00e9diteur, rus\u00e9, matois, l\u00e9g\u00e8rement arnaqueur \u2014 mais avec un sens \u00e9ditorial certain. Je lui ai amen\u00e9 fin 2010 un ami du PS (si, si, j\u2019en ai !), Guillaume Bachelay, qui \u00e9tait certainement, \u00e0 l\u2019\u00e9poque, le type le plus dou\u00e9 de sa g\u00e9n\u00e9ration \u2014 \u00e0 tel titre que le PS<em> l\u2019a tuer<\/em>, comme dit l\u2019autre, m\u00eame s\u2019il est toujours membre de sa direction coll\u00e9giale. Un gar\u00e7on dot\u00e9 d\u2019un sens aigu de la formule qui tue. Je pensais que Bachelay avait un vrai livre en lui \u2014 un vrai livre politique de haut niveau.<br \/>\nMais il \u00e9tait aussi bon camarade, et il nous a amen\u00e9 la petite Vallaud-Belkacem, \u00e0 peine plus jeune que lui, qui se demandait alors que faire (j\u2019allais dire \u00ab comme L\u00e9nine \u00bb, mais n\u2019exag\u00e9rons pas). \u00ab Promise \u00e0 un brillant avenir \u00bb, nous dit Guillaume. Bien. Et alors ? \u00ab Nous allons signer \u00e0 deux un ab\u00e9c\u00e9daire sur le FN \u00bb \u2014 et c\u2019est ainsi que parut en septembre 2011 aux \u00e9ditions Gawsewitch un opuscule intitul\u00e9 <em>R\u00e9agissez ! R\u00e9pondre au FN de A \u00e0 Z<\/em>. Pas ce que j&rsquo;ai fait de plus brillant, mais c&rsquo;\u00e9tait en quelque sorte une bonne \u0153uvre.<a href=\"https:\/\/blog.causeur.fr\/bonnetdane\/du-nouveau-dans-ledition-002071.html\/41ef7us2bhl-_sx290_bo1204203200_\" rel=\"attachment wp-att-2081\"><img loading=\"lazy\" decoding=\"async\" class=\"aligncenter size-full wp-image-2081\" src=\"https:\/\/blog.causeur.fr\/bonnetdane\/files\/2018\/02\/41eF7us2BhL._SX290_BO1204203200_.jpg\" alt=\"41eF7us2BhL._SX290_BO1,204,203,200_\" width=\"292\" height=\"499\" srcset=\"https:\/\/blog.causeur.fr\/bonnetdane\/wp-content\/uploads\/sites\/25\/2018\/02\/41eF7us2BhL._SX290_BO1204203200_.jpg 292w, https:\/\/blog.causeur.fr\/bonnetdane\/wp-content\/uploads\/sites\/25\/2018\/02\/41eF7us2BhL._SX290_BO1204203200_-176x300.jpg 176w\" sizes=\"auto, (max-width: 292px) 100vw, 292px\" \/><\/a>\u00ab Signer \u00e0 deux \u00bb,<\/p>\n<div id=\"ligne\"><\/div>\n<p> avait dit Bachelay. En fait, il donna au livre son style, ses formules, ses id\u00e9es, sa syntaxe. Vallaud-Belkacem fit le reste. Apr\u00e8s tout, elle avait r\u00e9alis\u00e9 la m\u00eame op\u00e9ration l\u2019ann\u00e9e pr\u00e9c\u00e9dente avec Eric Keslassy (<em>Pluralit\u00e9 visible et \u00e9galit\u00e9 des opportunit\u00e9s<\/em>, un excellent titre promu par la Fondation Jean-Jaur\u00e8s et <a href=\"https:\/\/jean-jaures.org\/nos-productions\/Pluralite-visible-et-egalite-des-opportunites\">consultable en ligne<\/a>. Une certaine Julie de Klerk, \u00ab dipl\u00f4m\u00e9e de Sciences-Po et normalienne \u00bb, a d\u00fb assurer, comme on dit, le \u00ab secr\u00e9tariat d\u2019\u00e9dition \u00bb de cet hymne \u00e0 la discrimination positive en faveur des \u00ab minorit\u00e9s visibles \u00bb. La fa\u00e7on dont nos trois penseurs opposent l\u2019universalisme r\u00e9publicain \u00e0 un \u00ab nouveau concept \u00bb baptis\u00e9 par eux \u00ab l\u2019\u00e9galit\u00e9 des opportunit\u00e9s \u00bb (c\u2019est pages 27-28) vaut vraiment le coup d\u2019\u0153il. Comme quoi le PIR est toujours possible\u2026<br \/>\n\u00ab Secr\u00e9taire de r\u00e9daction \u00bb est l\u2019appellation \u00e9ditoriale du n\u00e8gre. Pas de probl\u00e8me, 80% des essais sign\u00e9s de personnalit\u00e9s diverses sont issus de la plume d\u2019un <em>ghost writer<\/em>, comme disent les Anglo-saxons. Tout le monde sait (et j\u2019ai vu sur manuscrit, ayant pu \u00e9valuer ce qui venait de Bachelay et ce qui venait d\u2019elle) que Najat ne sait pas \u00e9crire, et \u00e0 peine parler. Ce n\u2019est pas un d\u00e9faut pour un politique, auquel on demande essentiellement de se confiner \u00e0 des id\u00e9es re\u00e7ues. Et de ce point de vue, elle est exemplaire.<br \/>\nDe l\u00e0 \u00e0 assurer un service \u00e9ditorial\u2026 D\u2019autant que l\u2019annonce qu\u2019elle a faite de ses intentions n\u2019incite pas \u00e0 penser qu\u2019elle est l\u00e0 pour promouvoir la diversit\u00e9. Ce sera monocolor rose. \u00ab J\u2019ai tellement souffert de la trop faible qualit\u00e9 du d\u00e9bat public ces derni\u00e8res ann\u00e9es que je m\u2019\u00e9tais promis qu\u2019un pan de ma vie future serait consacr\u00e9 \u00e0 l\u2019aider \u00e0 reprendre du souffle, justifie-t-elle. On ne peut pas se satisfaire du seul spectacle m\u00e9diatique quotidien entre commentateurs, pol\u00e9mistes et adversaires politiques qui finissent par se caricaturer eux-m\u00eames. On a besoin de penseurs, de chercheurs qui acceptent de se mettre \u00e0 port\u00e9e d\u2019homme et nous aident \u00e0 \u00eatre collectivement plus intelligents. \u00bb C\u2019est beau.<\/p>\n<p>Est-elle la personne la plus qualifi\u00e9e pour ce travail ? JNRPACQ, je ne r\u00e9pondrai pas \u00e0 cette question. Fayard avait-il besoin d\u2019elle ? JNRPACQ. D\u2019ailleurs, Fayard (aujourd\u2019hui succursale de Hachette) qui fut l\u2019\u00e9diteur des vieilles gloires de la franchouillardise et de l\u2019antis\u00e9mitisme dans les ann\u00e9es 1900, devrait peut-\u00eatre y r\u00e9fl\u00e9chir \u00e0 deux fois. S\u2019ils tiennent absolument \u00e0 la garder, ils devraient lui confier la r\u00e9\u00e9dition \u2014 qui s\u2019impose \u2014 des vieilles gloires de la maison \u2014 par exemple Charles Merouvel, l\u2019immortel auteur de <em>Chaste et fl\u00e9trie<\/em>, un monument du roman-feuilleton.<a href=\"https:\/\/blog.causeur.fr\/bonnetdane\/du-nouveau-dans-ledition-002071.html\/f1\" rel=\"attachment wp-att-2082\"><img loading=\"lazy\" decoding=\"async\" class=\"aligncenter size-full wp-image-2082\" src=\"https:\/\/blog.causeur.fr\/bonnetdane\/files\/2018\/02\/f1.jpg\" alt=\"f1\" width=\"1444\" height=\"1054\" srcset=\"https:\/\/blog.causeur.fr\/bonnetdane\/wp-content\/uploads\/sites\/25\/2018\/02\/f1.jpg 1444w, https:\/\/blog.causeur.fr\/bonnetdane\/wp-content\/uploads\/sites\/25\/2018\/02\/f1-300x219.jpg 300w, https:\/\/blog.causeur.fr\/bonnetdane\/wp-content\/uploads\/sites\/25\/2018\/02\/f1-768x561.jpg 768w, https:\/\/blog.causeur.fr\/bonnetdane\/wp-content\/uploads\/sites\/25\/2018\/02\/f1-1024x747.jpg 1024w, https:\/\/blog.causeur.fr\/bonnetdane\/wp-content\/uploads\/sites\/25\/2018\/02\/f1-411x300.jpg 411w\" sizes=\"auto, (max-width: 1444px) 100vw, 1444px\" \/><\/a> L\u2019ancienne secr\u00e9taire d\u2019Etat aux droits de la femme, qui n\u2019a pas bien pris d\u2019arriver troisi\u00e8me aux l\u00e9gislatives \u00e0 Villeurbanne, pourrait vraiment s\u2019\u00e9panouir dans cette histoire de viol et de r\u00e9demption.<\/p>\n<p>On demandait un jour \u00e0 Fr\u00e9d\u00e9ric II, \u00e0 la veille d\u2019une bataille d\u00e9cisive, ce qu\u2019il ferait en cas de d\u00e9faite. \u00ab J\u2019irai \u00e0 Venise, dit l&rsquo;illustre souverain, et je me ferai m\u00e9decin. \u00bb Voltaire, qui d\u00eenait \u00e0 sa table, murmura entre ses dents \u2014 assez haut pour qu\u2019on l\u2019entend\u00eet : \u00ab Toujours assassin\u2026 \u00bb Ma foi, en cas d\u2019\u00e9chec, on ne peut plus s\u2019improviser toubib \u2014 il y a d\u00e9sormais des r\u00e8gles et des examens. Mais \u00e9diteur, oui, apparemment.<br \/>\nQuant \u00e0 savoir qui elle assassinera\u2026<\/p>\n<p>Jean-Paul Brighelli<\/p>\n<p><a href=\"https:\/\/blog.causeur.fr\/bonnetdane\/du-nouveau-dans-ledition-002071.html\/attachment\/0036199\" rel=\"attachment wp-att-2085\"><img loading=\"lazy\" decoding=\"async\" class=\"aligncenter size-full wp-image-2085\" src=\"https:\/\/blog.causeur.fr\/bonnetdane\/files\/2018\/02\/0036199.jpg\" alt=\"0036199\" width=\"1200\" height=\"1600\" srcset=\"https:\/\/blog.causeur.fr\/bonnetdane\/wp-content\/uploads\/sites\/25\/2018\/02\/0036199.jpg 1200w, https:\/\/blog.causeur.fr\/bonnetdane\/wp-content\/uploads\/sites\/25\/2018\/02\/0036199-225x300.jpg 225w, https:\/\/blog.causeur.fr\/bonnetdane\/wp-content\/uploads\/sites\/25\/2018\/02\/0036199-768x1024.jpg 768w\" sizes=\"auto, (max-width: 1200px) 100vw, 1200px\" \/><\/a>PS. Ajoutons une note positive : courez donc vite voir<em> l&rsquo;Insulte<\/em>, le film de ZIad Doueiri. C&rsquo;est un grand film politique \u2014 et accessoirement un tr\u00e8s bon film de pr\u00e9toire, comme les Am\u00e9ricains ne savent plus les faire. <a href=\"http:\/\/www.lemonde.fr\/cinema\/article\/2018\/01\/31\/l-insulte-guerre-civile-au-pretoire_5249531_3476.html\">Et il a d\u00e9plu au <em>Monde<\/em><\/a> !<\/p>\n","protected":false},"excerpt":{"rendered":"<p>J\u2019adore cette photo : on sent bien que le photographe a conseill\u00e9 \u00e0 son mod\u00e8le d\u2019avoir l\u2019air de penser. La s\u00e9ance a d\u00fb \u00eatre longue. Bref\u2026 Najat Vallaud-Belkacem renonce donc \u00e0 briguer la t\u00eate du PS, qui n\u2019arrivait pas \u00e0 lui garantir le salaire qu\u2019elle demandait, et elle entre dans l\u2019\u00e9dition : elle sera directrice [&hellip;]<\/p>\n","protected":false},"author":6,"featured_media":0,"comment_status":"open","ping_status":"open","sticky":false,"template":"","format":"standard","meta":{"footnotes":""},"categories":[1],"tags":[1395,1396,293,1397],"class_list":{"0":"post-2071","1":"post","2":"type-post","3":"status-publish","4":"format-standard","6":"category-non-classe","7":"tag-fayard","8":"tag-linsulte","9":"tag-najat-vallaud-belkacem","10":"tag-ziad-doueiri"},"_links":{"self":[{"href":"https:\/\/blog.causeur.fr\/bonnetdane\/wp-json\/wp\/v2\/posts\/2071","targetHints":{"allow":["GET"]}}],"collection":[{"href":"https:\/\/blog.causeur.fr\/bonnetdane\/wp-json\/wp\/v2\/posts"}],"about":[{"href":"https:\/\/blog.causeur.fr\/bonnetdane\/wp-json\/wp\/v2\/types\/post"}],"author":[{"embeddable":true,"href":"https:\/\/blog.causeur.fr\/bonnetdane\/wp-json\/wp\/v2\/users\/6"}],"replies":[{"embeddable":true,"href":"https:\/\/blog.causeur.fr\/bonnetdane\/wp-json\/wp\/v2\/comments?post=2071"}],"version-history":[{"count":0,"href":"https:\/\/blog.causeur.fr\/bonnetdane\/wp-json\/wp\/v2\/posts\/2071\/revisions"}],"wp:attachment":[{"href":"https:\/\/blog.causeur.fr\/bonnetdane\/wp-json\/wp\/v2\/media?parent=2071"}],"wp:term":[{"taxonomy":"category","embeddable":true,"href":"https:\/\/blog.causeur.fr\/bonnetdane\/wp-json\/wp\/v2\/categories?post=2071"},{"taxonomy":"post_tag","embeddable":true,"href":"https:\/\/blog.causeur.fr\/bonnetdane\/wp-json\/wp\/v2\/tags?post=2071"}],"curies":[{"name":"wp","href":"https:\/\/api.w.org\/{rel}","templated":true}]}}