{"id":2096,"date":"2018-02-28T18:46:58","date_gmt":"2018-02-28T16:46:58","guid":{"rendered":"https:\/\/blog.causeur.fr\/bonnetdane\/?p=2096"},"modified":"2021-04-22T18:48:41","modified_gmt":"2021-04-22T16:48:41","slug":"melenchon-a-lecole-fi-donc","status":"publish","type":"post","link":"https:\/\/blog.causeur.fr\/bonnetdane\/melenchon-a-lecole-fi-donc-2096","title":{"rendered":"M\u00e9lenchon \u00e0 l&rsquo;\u00e9cole : fi donc !"},"content":{"rendered":"<p><a href=\"https:\/\/blog.causeur.fr\/bonnetdane\/melenchon-a-lecole-fi-donc-002096.html\/melenchon\" rel=\"attachment wp-att-2102\"><img loading=\"lazy\" decoding=\"async\" class=\"aligncenter size-full wp-image-2102\" src=\"https:\/\/blog.causeur.fr\/bonnetdane\/files\/2018\/02\/M\u00e9lenchon.jpg\" alt=\"M\u00e9lenchon\" width=\"512\" height=\"341\" srcset=\"https:\/\/blog.causeur.fr\/bonnetdane\/wp-content\/uploads\/sites\/25\/2018\/02\/M\u00e9lenchon.jpg 512w, https:\/\/blog.causeur.fr\/bonnetdane\/wp-content\/uploads\/sites\/25\/2018\/02\/M\u00e9lenchon-300x200.jpg 300w, https:\/\/blog.causeur.fr\/bonnetdane\/wp-content\/uploads\/sites\/25\/2018\/02\/M\u00e9lenchon-450x300.jpg 450w\" sizes=\"auto, (max-width: 512px) 100vw, 512px\" \/><\/a>Ce mardi 27 f\u00e9vrier, M\u00e9lenchon, \u00e9lu de la quatri\u00e8me circonscription de Marseille, <a href=\"http:\/\/www.laprovence.com\/actu\/en-direct\/4856578\/demain-dans-la-provence-macron-cest-lami-des-riches-deux-pages-dinterview-exclusive-de-jean-luc-melenchon\">\u00e9tait longuement interview\u00e9 dans <em>la Provence<\/em><\/a>.<br \/>\nLe gros titre \u00e9tait sur la d\u00e9claration fracassante (en forme de porte ouverte que l\u2019on enfonce), \u00ab Macron est l\u2019ami des riches \u00bb. Cela ne m\u2019aurait pas arr\u00eat\u00e9 (sur le sujet, je recommanderai plut\u00f4t le livre de mon ami G\u00e9rard Filoche, tout r\u00e9cemment sorti, <em>Macron ou la casse sociale<\/em>, \u00e9ditions de l\u2019Archipel \u2014 Filoche avec qui M\u00e9lenchon signa jadis un livre, en 2000, quand ils cotisaient au m\u00eame parti) si mes yeux ne s\u2019\u00e9taient port\u00e9s par hasard sur un bout de colonne, en bas de page, o\u00f9 le <em>lider maximo<\/em> du Vieux-Port et de ses environs (l\u2019interview a \u00e9t\u00e9 r\u00e9alis\u00e9e dans une gargote proche du quai des Belges) n\u2019avait cru bon de ramener sa science sur l\u2019\u00e9ducation. Et pourquoi pas ? Apr\u00e8s tout, il fut ministre d\u00e9l\u00e9gu\u00e9 \u00e0 l\u2019enseignement professionnel, au temps lointain de Jospin et Jack Lang r\u00e9unis.<br \/>\nLe probl\u00e8me c&rsquo;est qu&rsquo;\u00e0\u00a0la question \u00ab Retirez-vous du positif dans la r\u00e9forme de l\u2019Education nationale ? \u00bb, le grand manitou de la France insoumise r\u00e9pond, en toute d\u00e9contraction :<br \/>\n\u00ab Le syst\u00e8me qui se met en place dans les universit\u00e9s va cr\u00e9er une rar\u00e9faction de la ressource humaine intellectuelle du pays. C\u2019est un syst\u00e8me de marchandisation des dipl\u00f4mes par l\u2019argent. Blanquer veut flatter l\u2019ancienne g\u00e9n\u00e9ration dans la nostalgie du \u00ab c\u2019\u00e9tait mieux avant \u00bb.<br \/>\n\u00d4 Jean-Luc !<br \/>\n(Deux remarques en incises. 1. \u00c0 Marseille, on interpelle \u00e0 la romaine \u2014 c\u2019est le \u00ab \u00f4 \u00bb vocatif de nos vieilles versions latines \u2014 pas le \u00ab oh \u00bb ni le \u00ab ho \u00bb modernes. En toute logique, il faudrait \u00e9crire ainsi l\u2019interjection si fr\u00e9quente ici \u2014 \u00ab \u00f4 con ! \u00bb.<br \/>\nEt 2. Je me permets de t\u2019appeler Jean-Luc parce que nous nous sommes rencontr\u00e9s, et plus d\u2019une fois, chez Jean-Claude Gawsewitch au moment o\u00f9 tu sortais, chez Balland, <em>En qu\u00eate de gauche<\/em> \u2014 en 2007, quand je sortais moi-m\u00eame <em>Une \u00e9cole sous influence<\/em>). Donc, cela \u00e9tant pr\u00e9cis\u00e9\u2026<br \/>\n\u00d4 Jean-Luc ! Tu gal\u00e8jes ou quoi ? \u00ab Une rar\u00e9faction de la ressource humaine intellectuelle du pays \u00bb ?<br \/>\nPrimo, une certaine dose de s\u00e9lection en fac ne vise qu\u2019\u00e0 supprimer d\u00e8s l\u2019entr\u00e9e ces 50% d\u2019\u00e9tudiants venus faire du tourisme, et qui se plantent en premi\u00e8re ann\u00e9e, aussi laxistes que soient les universitaires qui corrigent leurs torchons. Secundo, l\u2019extension ind\u00e9finie de certaines fili\u00e8res \u00ab en tension \u00bb, comme on dit dans ces milieux \u2014 STAPS, par exemple \u2014 est un mauvais service rendu depuis des ann\u00e9es \u00e0 des \u00e9tudiants qui d\u00e9couvrent trop tard que les d\u00e9bouch\u00e9s sont en nombre restreint. Et qu&rsquo;on les a envoy\u00e9s dans le mur.<\/p>\n<p>Et notre d\u00e9put\u00e9 et futur candidat \u00e0 la mairie \u2014 \u00e0 moins qu\u2019il pr\u00e9f\u00e8re laisser Castaner s\u2019y installer, Forcalquier \u00e9tant devenu trop petit pour le d\u00e9l\u00e9gu\u00e9 g\u00e9n\u00e9ral de la R\u00e9publique en marche, une-deux, une-deux, une-deux \u2014 de rajouter :<br \/>\n\u00ab L\u2019\u00e9cole primaire a toujours \u00e9t\u00e9 une r\u00e9ussite en France. On dit que 20% des \u00e9l\u00e8ves ne savent ni lire, ni \u00e9crire, ni compter ! On se demande m\u00eame s\u2019ils savent marcher ou parler ! Non, il y a des \u00e9l\u00e8ves qui ont des grosses difficult\u00e9s en maths, d\u2019autres en lecture, d\u2019autres en \u00e9criture. Tous finissent par se rattraper. Blanquer prend la posture de l\u2019autorit\u00e9. Ses d\u00e9bats sur la blouse ou le t\u00e9l\u00e9phone ne sont pas s\u00e9rieux. Ce sont des diversions. L\u2019\u00e9cole se d\u00e9sarticule faute de moyens. \u00bb<br \/>\nOn appr\u00e9ciera ce \u00ab on \u00bb qui en fran\u00e7ais d\u00e9signe l\u2019imb\u00e9cile d\u2019en face, \u00e0 distinguer du \u00ab nous \u00bb plein de noblesse et de dignit\u00e9. \u00ab On raconte que\u2026 mais nous savons bien\u2026 \u00bb Dans ce \u00ab on \u00bb, il y a \u00e0 peu pr\u00e8s tout ce que la France compte d\u2019enseignants lucides \u2014 allez, 80%, les 80% qui ont condamn\u00e9 d\u00e8s le premier mot la r\u00e9forme du coll\u00e8ge de Vallaud-Belkacem (forte de sa juste appr\u00e9ciation des statistiques, <a href=\"https:\/\/www.lesechos.fr\/politique-societe\/politique\/0301337378206-najat-vallaud-belkacem-rejoint-linstitut-de-sondage-ipsos-2155884.php\">Najat abandonne finalement l\u2019\u00e9dition et rejoint l&rsquo;institut de sondages IPSOS<\/a> \u2014 s\u00fbr que ce qui en sortira ne sera pas du pipeau).<\/p>\n<div id=\"ligne\"><\/div>\n<p>Et si l\u2019\u00e9cole maternelle marche encore assez bien, ce n\u2019est pas l\u00e0 (et c\u2019est bien dommage, mais tu devrais te tenir au courant) que l\u2019on apprend le lire \/ \u00e9crire. C\u2019est en CP \u2014 et la plupart des \u00ab professeurs des \u00e9coles \u00bb recrut\u00e9s depuis 1989 et la cr\u00e9ation des IUFM y appliquent des m\u00e9thodes d\u2019apprentissage l\u00e9tales. L\u2019id\u00e9o-visuel cher \u00e0 Foucambert, Goigoux et autres malfaiteurs encravat\u00e9s, c\u2019est l\u2019arme fatale d\u2019extinction des plus d\u00e9munis. Ce ne sont pas les \u00ab moyens \u00bb (tu cotises \u00e0 FO ou \u00e0 la CGT, dis-moi ? \u00c7a promet, si tu te pr\u00e9sentes \u00e0 Marseille) qui font d\u00e9faut, mais l\u2019application de m\u00e9thodes efficaces.<br \/>\nMais \u00e9videmment, si tu es conseill\u00e9 par Danielle Obono, <a href=\"http:\/\/www.rtl.fr\/actu\/politique\/laurent-wauquiez-daniele-obono-tenez-vous-clame-alba-ventura-7790359502\">qui pense que \u00ab Vive la France \u00bb et \u00ab Nique la France \u00bb, c\u2019est la m\u00eame chose<\/a>\u2026<\/p>\n<p>Eh non, ils ne finissent pas par \u00ab\u00a0se rattraper\u00a0\u00bb. Parce que dans les rues de Marseille, le m\u00eame jour, j&rsquo;ai photographi\u00e9 \u00e7a :<a href=\"https:\/\/blog.causeur.fr\/bonnetdane\/melenchon-a-lecole-fi-donc-002096.html\/img_20180228_074943\" rel=\"attachment wp-att-2104\"><img loading=\"lazy\" decoding=\"async\" class=\"aligncenter size-full wp-image-2104\" src=\"https:\/\/blog.causeur.fr\/bonnetdane\/files\/2018\/02\/IMG_20180228_074943.jpg\" alt=\"IMG_20180228_074943\" width=\"2448\" height=\"2448\" srcset=\"https:\/\/blog.causeur.fr\/bonnetdane\/wp-content\/uploads\/sites\/25\/2018\/02\/IMG_20180228_074943.jpg 2448w, https:\/\/blog.causeur.fr\/bonnetdane\/wp-content\/uploads\/sites\/25\/2018\/02\/IMG_20180228_074943-150x150.jpg 150w, https:\/\/blog.causeur.fr\/bonnetdane\/wp-content\/uploads\/sites\/25\/2018\/02\/IMG_20180228_074943-300x300.jpg 300w, https:\/\/blog.causeur.fr\/bonnetdane\/wp-content\/uploads\/sites\/25\/2018\/02\/IMG_20180228_074943-768x768.jpg 768w, https:\/\/blog.causeur.fr\/bonnetdane\/wp-content\/uploads\/sites\/25\/2018\/02\/IMG_20180228_074943-1024x1024.jpg 1024w, https:\/\/blog.causeur.fr\/bonnetdane\/wp-content\/uploads\/sites\/25\/2018\/02\/IMG_20180228_074943-32x32.jpg 32w, https:\/\/blog.causeur.fr\/bonnetdane\/wp-content\/uploads\/sites\/25\/2018\/02\/IMG_20180228_074943-50x50.jpg 50w, https:\/\/blog.causeur.fr\/bonnetdane\/wp-content\/uploads\/sites\/25\/2018\/02\/IMG_20180228_074943-64x64.jpg 64w, https:\/\/blog.causeur.fr\/bonnetdane\/wp-content\/uploads\/sites\/25\/2018\/02\/IMG_20180228_074943-96x96.jpg 96w, https:\/\/blog.causeur.fr\/bonnetdane\/wp-content\/uploads\/sites\/25\/2018\/02\/IMG_20180228_074943-128x128.jpg 128w\" sizes=\"auto, (max-width: 2448px) 100vw, 2448px\" \/><\/a><\/p>\n<p>Allez, Jean-Luc, je t\u2019aime bien, bien que tu n\u2019aies jamais voulu r\u00e9pondre \u00e0 mes questions pendant la campagne. Et bien que tu sois entour\u00e9 d\u2019imb\u00e9ciles (un joli mot \u00e0 double s\u00e9mantisme masculin \/ f\u00e9minin) de premi\u00e8re grandeur. Reviens sur terre : les gens qui n\u2019ont pas appris \u00e0 lire \/ \u00e9crire \/ compter aux m\u00f4mes les ont servis tout crus \u2014 et pour la vie \u2014 au n\u00e9o-lib\u00e9ralisme que tu pr\u00e9tends combattre. Tu la joues dans le genre marxiste basique \u2014 \u00ab le facteur \u00e9conomique \u00bb, tout \u00e7a\u2026 Mais ce n\u2019est pas sur l\u2019\u00e9conomie que \u00e7a se joue en ce moment : c\u2019est sur la culture. Sur l&rsquo;\u00e9ducation. Mets un peu de mao\u00efsme dans ton castrisme. Soit tu d\u00e9fends la nation, l\u2019h\u00e9ritage fran\u00e7ais \u2014 l\u2019h\u00e9ritage europ\u00e9en aussi, le latin par exemple, qui fut la <em>lingua franca<\/em> du continent (et m\u00eame du Maghreb) bien avant que des cr\u00e9tins croient que nous devons quelque chose aux musulmans \u2014, soit tu capitules devant les puissances d\u2019argent. Parce que les banquiers ne craignent qu\u2019une chose : un soubresaut de la conscience populaire, un retour des nations. Et l\u2019\u00e9cole, au sujet de laquelle tu dis de si grosses b\u00eatises, est le pivot de la r\u00e9volution \u00e0 venir \u2014 ou de notre an\u00e9antissement.<\/p>\n<p>Jean-Paul Brighelli<\/p>\n","protected":false},"excerpt":{"rendered":"<p>Ce mardi 27 f\u00e9vrier, M\u00e9lenchon, \u00e9lu de la quatri\u00e8me circonscription de Marseille, \u00e9tait longuement interview\u00e9 dans la Provence. Le gros titre \u00e9tait sur la d\u00e9claration fracassante (en forme de porte ouverte que l\u2019on enfonce), \u00ab Macron est l\u2019ami des riches \u00bb. Cela ne m\u2019aurait pas arr\u00eat\u00e9 (sur le sujet, je recommanderai plut\u00f4t le livre de [&hellip;]<\/p>\n","protected":false},"author":6,"featured_media":0,"comment_status":"open","ping_status":"open","sticky":false,"template":"","format":"standard","meta":{"footnotes":""},"categories":[1],"tags":[17,1161,61],"class_list":{"0":"post-2096","1":"post","2":"type-post","3":"status-publish","4":"format-standard","6":"category-non-classe","7":"tag-ecole","8":"tag-jean-luc-melenchon","9":"tag-marseille"},"_links":{"self":[{"href":"https:\/\/blog.causeur.fr\/bonnetdane\/wp-json\/wp\/v2\/posts\/2096","targetHints":{"allow":["GET"]}}],"collection":[{"href":"https:\/\/blog.causeur.fr\/bonnetdane\/wp-json\/wp\/v2\/posts"}],"about":[{"href":"https:\/\/blog.causeur.fr\/bonnetdane\/wp-json\/wp\/v2\/types\/post"}],"author":[{"embeddable":true,"href":"https:\/\/blog.causeur.fr\/bonnetdane\/wp-json\/wp\/v2\/users\/6"}],"replies":[{"embeddable":true,"href":"https:\/\/blog.causeur.fr\/bonnetdane\/wp-json\/wp\/v2\/comments?post=2096"}],"version-history":[{"count":0,"href":"https:\/\/blog.causeur.fr\/bonnetdane\/wp-json\/wp\/v2\/posts\/2096\/revisions"}],"wp:attachment":[{"href":"https:\/\/blog.causeur.fr\/bonnetdane\/wp-json\/wp\/v2\/media?parent=2096"}],"wp:term":[{"taxonomy":"category","embeddable":true,"href":"https:\/\/blog.causeur.fr\/bonnetdane\/wp-json\/wp\/v2\/categories?post=2096"},{"taxonomy":"post_tag","embeddable":true,"href":"https:\/\/blog.causeur.fr\/bonnetdane\/wp-json\/wp\/v2\/tags?post=2096"}],"curies":[{"name":"wp","href":"https:\/\/api.w.org\/{rel}","templated":true}]}}