{"id":2106,"date":"2018-03-04T16:05:58","date_gmt":"2018-03-04T14:05:58","guid":{"rendered":"https:\/\/blog.causeur.fr\/bonnetdane\/?p=2106"},"modified":"2021-04-22T18:48:41","modified_gmt":"2021-04-22T16:48:41","slug":"generation-jai-le-droit","status":"publish","type":"post","link":"https:\/\/blog.causeur.fr\/bonnetdane\/generation-jai-le-droit-2106","title":{"rendered":"G\u00e9n\u00e9ration \u00ab J\u2019ai le droit \u00bb"},"content":{"rendered":"<p><a href=\"https:\/\/blog.causeur.fr\/bonnetdane\/generation-jai-le-droit-002106.html\/t1\" rel=\"attachment wp-att-2117\"><img loading=\"lazy\" decoding=\"async\" class=\"aligncenter size-full wp-image-2117\" src=\"https:\/\/blog.causeur.fr\/bonnetdane\/files\/2018\/03\/t1.jpg\" alt=\"t1\" width=\"661\" height=\"1027\" srcset=\"https:\/\/blog.causeur.fr\/bonnetdane\/wp-content\/uploads\/sites\/25\/2018\/03\/t1.jpg 661w, https:\/\/blog.causeur.fr\/bonnetdane\/wp-content\/uploads\/sites\/25\/2018\/03\/t1-193x300.jpg 193w, https:\/\/blog.causeur.fr\/bonnetdane\/wp-content\/uploads\/sites\/25\/2018\/03\/t1-659x1024.jpg 659w\" sizes=\"auto, (max-width: 661px) 100vw, 661px\" \/><\/a>Curieux titre qui s\u2019\u00e9claire tr\u00e8s vite : cette g\u00e9n\u00e9ration, dit Barbara Lefebvre (enseignante d\u2019histoire-g\u00e9ographie, exer\u00e7ant depuis toujours en proche banlieue parisienne, et qui se fit conna\u00eetre il y a quinze ans \u2014 quinze ans ! Et rien de fait !\u2014 en participant aux<em> Territoires perdus de la R\u00e9publique<\/em> avec Georges Bensoussan, alias Emmanuel Brenner) \u2014 cette g\u00e9n\u00e9ration donc est celle du selfie, de l\u2019\u00e9l\u00e8ve au centre et d\u2019un ego dilat\u00e9 qui ne se conjugue au pluriel que sous la forme du communautarisme. La faute \u00e0 Rousseau ! <a href=\"https:\/\/blog.causeur.fr\/bonnetdane\/rousseau-et-le-selfie-00714.html\">ai-je expliqu\u00e9 par ailleurs<\/a>. \u00ab \u00ab Je \u00bb prend tout l\u2019espace, \u00e9crase par son irr\u00e9ductible souverainet\u00e9 un \u00ab Nous \u00bb qui aura servi au genre humain \u00e0 faire soci\u00e9t\u00e9 depuis des si\u00e8cles, sinon des mill\u00e9naires. \u00bb Ni soci\u00e9t\u00e9, ni nation. Le Je du \u00ab j\u2019ai le droit \u00bb est le r\u00eave des marchands qui pensent que la disparition des Etats-nations leur permettra de vendre plus de portables et de gadgets \u00e9lectroniques. C&rsquo;est un Je d&rsquo;autant plus certain de son importance qu&rsquo;il est en fait \u00e0 valeur nulle.<br \/>\nC\u2019est aussi la g\u00e9n\u00e9ration de l\u2019\u00e9cole sacrifi\u00e9e aux id\u00e9es l\u00e9tales des p\u00e9dagos. Comme elle le dit avec force, \u00ab ils \u00e9taient dans nos classes, dans les ann\u00e9es 1990 et 2000, les MErah, Fofana, Kouachi, Coulibaly et d\u2019autres \u00ab d\u00e9s\u00e9quilibr\u00e9s \u00bb venus \u00e0 leur suite.\u00bb<br \/>\n\u00ab D\u00e9s\u00e9quilibr\u00e9s \u00bb est entre guillemets parce que Barbara Lefebvre n\u2019adh\u00e8re pas \u2014 mais alors, pas le moins du monde \u2014 au discours l\u00e9nifiant qui voudrait que les auteurs d\u2019attentats soient juste des d\u00e9traqu\u00e9s. C\u2019est l\u2019islam en soi, dans la lecture qu\u2019impose le wahhabisme, qui est d\u00e9traqu\u00e9 \u2014 et \u00ab le hijab est le drapeau de l\u2019islam radical. \u00bb Bref, c\u2019est un livre o\u00f9 l\u2019on ne fait pas de prisonniers.<\/p>\n<p>Comment tout cela a-t-il commenc\u00e9 ? \u00ab Depuis presque un demi-si\u00e8cle une nomenklatura intellectuelle se sera \u00e9rig\u00e9e en m\u00e8re-la-morale. \u00bb \u00c7a, c\u2019est le d\u00e9cor lointain. Puis la cam\u00e9ra se rapproche, et filme le lieu du d\u00e9sastre. \u00ab [\u00c0 l\u2019\u00e9cole] l\u2019enfant fait l\u2019exp\u00e9rience fondatrice du d\u00e9placement d\u2019identit\u00e9 qui fonde toute soci\u00e9t\u00e9 humaine : enfant de ses parents, il devient \u00e9l\u00e8ve de sa classe (\u2026) Le fait de devenir \u00e9l\u00e8ve ne signifie pas l\u2019effacement de son identit\u00e9 d\u2019enfant, mais l\u2019apprentissage d\u2019une coexistence n\u00e9cessaire pour s\u2019instruire, pour apprendre \u00e0 se d\u00e9tacher de lui-m\u00eame et vivre dans cette soci\u00e9t\u00e9 en miniature qu\u2019est l\u2019\u00e9cole. (\u2026) C\u2019est un effort auquel certains enseignants n\u2019obligent plus l\u2019enfant, car ce serait contraire \u00e0 son libre d\u00e9veloppement. \u00bb La faute \u00e0 Rousseau, vous dis-je ! Emile, Kevin et Mohammed sont d\u00e9sormais des sujets. Des roseaux pensants \u2014 surtout s&rsquo;ils sont d\u00e9pensants.<br \/>\n\u00ab La d\u00e9vastation de l\u2019\u00e9cole r\u00e9publicaine, continue Lefebvre, s\u2019est construite sur un renoncement majeur : celui de l\u2019h\u00e9ritage culturel via la langue fran\u00e7aise. En rendant impossible une v\u00e9ritable ma\u00eetrise de la langue fran\u00e7aise par tous les enfants, en la r\u00e9duisant \u00e0 une langue de communication purg\u00e9e de toute nuance, de toute grammaire, de toute r\u00e9f\u00e9rence, en se gardant de leur imposer les codes culturels n\u00e9cessaires pour entrer dans le monde, on est parvenu \u00e0 d\u00e9raciner d\u00e9j\u00e0 deux g\u00e9n\u00e9rations de Fran\u00e7ais, celle des ann\u00e9es 1980 et celle des ann\u00e9es 2000. \u00bb<br \/>\n\u00ab Le fran\u00e7ais et sa litt\u00e9rature d\u2019une part, l\u2019histoire, d\u2019autre part, sont les mamelles de l\u2019identit\u00e9 nationale. C\u2019est pourquoi d\u00e9raciner l\u2019enseignement de ces deux disciplines \u00e9tait primordial pour les gu\u00e9rilleros du multicultiralisme postmoderne, du lib\u00e9ralisme mondialis\u00e9, de l\u2019individu atomis\u00e9. \u00bb J\u2019ai expliqu\u00e9 moi-m\u00eame tout cela dans <em>Voltaire ou le jihad<\/em> et dans <em>C\u2019est le fran\u00e7ais qu\u2019on assassine<\/em>. Mais cela fait toujours plaisir de constater qu\u2019il y a deux Cassandres qui hurlent dans le d\u00e9sert.<br \/>\nS\u2019ensuivent deux chapitres fort document\u00e9s sur la fa\u00e7on dont la m\u00e9thode Foucambert a supplant\u00e9 la m\u00e9thode syllabique, de fa\u00e7on \u00e0 fabriquer des illettr\u00e9s, et dont les id\u00e9ologues d\u2019Aggiornamento ont subverti les programmes d\u2019Histoire, en en faisant \u00ab l\u2019otage des identit\u00e9s et des m\u00e9moires qui clament leur \u00ab droit \u00bb dans une concurrence effr\u00e9n\u00e9e avec des revendications m\u00e9morielles. Rien d\u2019\u00e9tonnant si Macron se r\u00e9f\u00e8re volontiers \u00e0 Patrick Boucheron, l\u2019auteur de cette <em>Histoire mondiale de la France<\/em> qui pr\u00e9tend \u00ab organiser la r\u00e9sistance face au \u00ab roman national \u00bb \u00bb \u2014 pauvre cloche qui tinte au Coll\u00e8ge de France.<br \/>\nPourtant, de remarquables historiens de gauche (Pierre Nora, Marc Ferro, Jean-Pierre Vernant ou Pierre Vidal-Naquet, entre autres) <a href=\"http:\/\/www.liberation.fr\/societe\/2005\/12\/13\/liberte-pour-l-histoire_541669\">se sont \u00e9loquemment \u00e9lev\u00e9s<\/a> contre la mainmise de l\u2019Etat sur le \u00ab devoir de m\u00e9moire \u00bb. Peine perdue \u2014 leurs voix ne portent pas face aux hurlements des id\u00e9ologues qui se pr\u00e9tendent historiens, et qui confondent droit \u00e0 l\u2019Histoire et devoir de m\u00e9moire.<\/p>\n<p>R\u00e9sultat ? \u00ab Une jeunesse abandonn\u00e9e, livr\u00e9e \u00e0 elle-m\u00eame. La g\u00e9n\u00e9ration \u00ab j\u2019ai le droit \u00bb. Tout cela proc\u00e8de de l\u2019acculturation, de l\u2019abandon intellectuel auquel l\u2019institution scolaire les a vou\u00e9s en se mettant \u00e0 leur niveau au lieu de les \u00e9lever. \u00bb<br \/>\nComme Carole Barjon l\u2019ann\u00e9e derni\u00e8re, Barbara Lefebvre aime bien nommer un chat un chat, et un id\u00e9ologue un cr\u00e9tin patent\u00e9. Et de d\u00e9noncer \u00ab les vigilants chiens de garde progressistes du Caf\u00e9 p\u00e9dagogique, du collectif Aggiornamento et de leurs affid\u00e9s blogueurs sur Mediapart ou le Bondy Blog \u00bb. Ou Gregory Chambat, qui \u00ab consacre une partie de son site internet <a href=\"https:\/\/www.questionsdeclasses.org\/reac\/?L-ecole-des-reac-publicains-cartographie-d-une-nebuleuse\">\u00e0 la traque des fascistes<\/a> qui dominent actuellement, selon lui, le d\u00e9bat d\u2019id\u00e9es sur l\u2019\u00e9cole. \u00bb<br \/>\n\u00c0 noter que l\u2019on doit tout de m\u00eame \u00e0 Chambat une <a href=\"https:\/\/www.questionsdeclasses.org\/reac\/?Esquisse-d-une-bibliographie-de-l-antipedagogisme-1978-2016\">bibliographie presque compl\u00e8te de l\u2019anti-p\u00e9dagogisme<\/a> qui permettra \u00e0 chacun de savoir ce qui lui manque\u2026<\/p>\n<div id=\"ligne\"><\/div>\n<p>Prof d\u2019Histoire-G\u00e9ographie, elle ne r\u00e9v\u00e8re ni Francis Fukuyama, ni Emmanuel Macron : \u00ab Apr\u00e8s avoir essay\u00e9 de nous faire croire en 1989 que l&rsquo;histoire \u00e9tait finie, on rejoue maintenant la musique du progressisme : l\u2019histoire est \u00ab en marche \u00bb ! \u00bb Sans doute fait-elle partie de ces \u00ab tristes esprits englu\u00e9s dans l\u2019invective permanente \u00bb, comme a dit Macron (dans <em>Un personnage de roman<\/em>, de Philippe Besson, Julliard, 2017). Ni Vallaud-Belkacem : \u00ab La r\u00e9forme du coll\u00e8ge qui a suivi la loi de refondation de l\u2019\u00e9cole a \u00e9t\u00e9 la gifle de trop. \u00bb Ni Blanquer, dont elle doute qu\u2019il puisse r\u00e9ellement se \/ nous d\u00e9barrasser des morpions p\u00e9dagos incrust\u00e9s dans le syst\u00e8me \u2014 m\u00eame si \u00e0 petites touches le ministre tente actuellement de d\u00e9gonfler \u00ab l\u2019id\u00e9ologie p\u00e9dagogiste contre laquelle le minist\u00e8re et ses corps constitu\u00e9s n\u2019ont jamais os\u00e9 lutter \u00bb. Ou de r\u00e9voquer \u00ab ces coll\u00e8gues id\u00e9ologues qui s\u2019en prennent \u00e0 la m\u00e9ritocratie r\u00e9publicaine, aux enseignements culturels les plus exigeants comme les langues anciennes ou la musique classique, \u00e0 l\u2019enseignement disciplinaire, \u00e0 l\u2019histoire-r\u00e9cit, \u00e0 l\u2019orthographe et \u00e0 la grammaire qui seraient des outils de discrimination sociale. \u00bb \u00ab En r\u00e9alit\u00e9, pr\u00e9cise-t-elle, ils aspirent, souvent au nom d\u2019un anti-racisme d\u00e9voy\u00e9, \u00e0 conserver tout ce qui peut maintenir les enfants des milieux populaires dans un entre-soi qui leur interdit d\u2019assouvir cette \u00ab faim de d\u00e9couverte \u00bb dont parlait Camus. (\u2026) Pendant ce temps, eux (et leurs enfants) poss\u00e8dent ces codes et les surexploitent pour mieux en priver les \u00e9l\u00e8ves des milieux populaires qui ne sont rien d\u2019autre que leur fonds de commerce politique. \u00bb<br \/>\nCroit-elle pour autant \u00e0 quelque grand complot ? Il lui suffit de constater les faits, et l\u2019id\u00e9ologie qui les a engendr\u00e9s. \u00ab On ne s\u2019y prendrait pas mieux pour \u00e9viter qu\u2019ils ne s\u2019enracinent dans une identit\u00e9 fran\u00e7aise. On ne s\u2019y prendrait pas mieux pour faire advenir la d\u00e9mocratie moutonni\u00e8re dont r\u00eavent \u00e0 la fois les chantres du lib\u00e9ralisme et ceux du communautarisme. \u00bb C\u2019est moins un complot qu\u2019une collusion lib\u00e9ralo-libertaire, qui d\u00e9bouche \u00e0 la fois sur le \u00ab grand march\u00e9 \u00bb auquel on voudrait r\u00e9duire la plan\u00e8te, et sur la \u00ab reproduction \u00bb (c\u2019est pour le coup que Bourdieu, l\u2019un des responsables du d\u00e9sastre, aurait raison) d\u2019une oligarchie qui ne m\u00e9rite pas grand-chose et qui a invent\u00e9, du coup, la m\u00e9thode id\u00e9ale pour s\u2019auto-perp\u00e9tuer : tuer dans l\u2019\u0153uf les aspirants \u00e0 l\u2019ascension sociale. \u00ab \u00ab L\u2019\u00e9galit\u00e9 des chances \u00bb n\u2019existe que pour les \u00ab enfants de \u00bb qui depuis cinquante ans se cooptent dans un entre-soi confortable (\u2026) La gauche morale soixante-huitarde (\u2026) a \u00ab joui sans entraves \u00bb des bienfaits de cet \u00e9litisme bourgeois qu\u2019elle adore d\u00e9tester mais qu\u2019elle incarne avec une morgue sans \u00e9gale. \u00bb<\/p>\n<p>Je ne r\u00e9sumerai pas davantage un ouvrage m\u00e9thodique et foisonnant. Je voudrais juste finir sur l\u2019immense \u00e9clat de rire (jaune, comme l\u2019\u00e9toile du m\u00eame nom) qui fut le mien au r\u00e9cit de la d\u00e9couverte, par ses coll\u00e8gues puis ses \u00e9l\u00e8ves, de la juda\u00eft\u00e9 de Barbara Lefebvre \u2014 qu\u2019elle \u00e9voque dans un chapitre passionnant sur les zones de non-droit dans lesquelles s\u2019exercent la libre parole islamique et l\u2019antis\u00e9mitisme d\u00e9contract\u00e9. Elle raconte comment elle avait rectifi\u00e9 quelques erreurs factuelles sur Isra\u00ebl et la Palestine de coll\u00e8gues admirablement arm\u00e9s d\u2019\u0153ill\u00e8res pro-palestiniennes (au point d&rsquo;organiser pour leurs \u00e9l\u00e8ves un voyage en secteur palestinien \u2014 o\u00f9 ils eurent le plus grand mal, tant l&rsquo;islam est peu sexiste, \u00e0 faire admettre qu&rsquo;ils am\u00e8neraient une classe mixte), \u00e0 qui elle a avou\u00e9, pour justifier sa comp\u00e9tence, qu\u2019elle s\u2019y \u00e9tait\u00a0rendue plusieurs fois. \u00ab Stup\u00e9faite, comme si on venait de lui r\u00e9v\u00e9ler un secret d\u2019Etat, une coll\u00e8gue me r\u00e9pondit : \u00ab Mais tu t\u2019appelles Lefebvre ! \u00bb\u00bb<br \/>\nVous vous rappelez ? \u00ab Salomon est juif ? \u00bb C\u2019\u00e9tait dans <em>Rabbi Jacob<\/em>, chef d\u2019\u0153uvre ind\u00e9passable de la d\u00e9rision et de l\u2019auto-d\u00e9rision. Et Barbara Lefebvre de commenter : \u00ab La profondeur de son inculture autant que son antis\u00e9mitisme \u00e9taient tout entiers dans cette interjection. \u00bb<br \/>\nCela m\u2019a rappel\u00e9 le dilemme que dut r\u00e9soudre le r\u00e9gime de Vichy lorsqu\u2019il s\u2019effor\u00e7a de dire qui \u00e9tait juif. Le nom ? Peuh. L\u2019habit ? Il y avait beau temps que nombre de Juifs fran\u00e7ais ne s\u2019habillaient plus comme leurs grands-parents du shtetl polono-ukrainien. La pratique ? Mais nombre de Juifs, en 1940, ne conservaient de la religion que la c\u00e9l\u00e9bration de f\u00eates, exactement comme des fran\u00e7ais ath\u00e9es f\u00eatent No\u00ebl. \u00c0 la fin, on choisit de leur demander de se d\u00e9clarer juifs \u2014 ce qui malheureusement marcha au-del\u00e0 des r\u00eaves de Darquier de Pellepoix.<\/p>\n<p>Barbara Lefebvre n\u2019est pas tr\u00e8s optimiste sur les chances de l\u2019Ecole (et de la nation) de subvertir leur pr\u00e9sente d\u00e9confiture. Ni moi. Trop d\u2019int\u00e9r\u00eats se lient : p\u00e9dagogues minables, donc accroch\u00e9s comme des morpions aux postes que la mal\u00e9volence socialiste leur a fait obtenir, lib\u00e9raux pour qui seul le march\u00e9 mondialis\u00e9 compte r\u00e9ellement, et communautaristes de tous poils qui font leur march\u00e9 dans des consciences ravag\u00e9es d\u2019inculture. Il faudrait un grand mouvement national, une \u00ab lev\u00e9e en masse \u00bb comme on disait en mars 1793. Possible ? Probable ? Prochain ? Croisons les doigts, lisons de bons livres et buvons frais en attendant la fin.<\/p>\n<p>Jean-Paul Brighelli<\/p>\n<p>PS. J&rsquo;ai interview\u00e9 Barbara Lefebvre un peu au-del\u00e0 de son livre. \u00c0 para\u00eetre dans la semaine sur le blog que m&rsquo;a ouvert <em>Valeurs actuelles<\/em>.<\/p>\n","protected":false},"excerpt":{"rendered":"<p>Curieux titre qui s\u2019\u00e9claire tr\u00e8s vite : cette g\u00e9n\u00e9ration, dit Barbara Lefebvre (enseignante d\u2019histoire-g\u00e9ographie, exer\u00e7ant depuis toujours en proche banlieue parisienne, et qui se fit conna\u00eetre il y a quinze ans \u2014 quinze ans ! Et rien de fait !\u2014 en participant aux Territoires perdus de la R\u00e9publique avec Georges Bensoussan, alias Emmanuel Brenner) \u2014 [&hellip;]<\/p>\n","protected":false},"author":6,"featured_media":0,"comment_status":"open","ping_status":"open","sticky":false,"template":"","format":"standard","meta":{"footnotes":""},"categories":[1],"tags":[148,1417,1418,73,15],"class_list":{"0":"post-2106","1":"post","2":"type-post","3":"status-publish","4":"format-standard","6":"category-non-classe","7":"tag-antisemitisme","8":"tag-barbara-lefebvre","9":"tag-generation-jai-le-droit","10":"tag-islamisme","11":"tag-pedagogisme"},"_links":{"self":[{"href":"https:\/\/blog.causeur.fr\/bonnetdane\/wp-json\/wp\/v2\/posts\/2106","targetHints":{"allow":["GET"]}}],"collection":[{"href":"https:\/\/blog.causeur.fr\/bonnetdane\/wp-json\/wp\/v2\/posts"}],"about":[{"href":"https:\/\/blog.causeur.fr\/bonnetdane\/wp-json\/wp\/v2\/types\/post"}],"author":[{"embeddable":true,"href":"https:\/\/blog.causeur.fr\/bonnetdane\/wp-json\/wp\/v2\/users\/6"}],"replies":[{"embeddable":true,"href":"https:\/\/blog.causeur.fr\/bonnetdane\/wp-json\/wp\/v2\/comments?post=2106"}],"version-history":[{"count":0,"href":"https:\/\/blog.causeur.fr\/bonnetdane\/wp-json\/wp\/v2\/posts\/2106\/revisions"}],"wp:attachment":[{"href":"https:\/\/blog.causeur.fr\/bonnetdane\/wp-json\/wp\/v2\/media?parent=2106"}],"wp:term":[{"taxonomy":"category","embeddable":true,"href":"https:\/\/blog.causeur.fr\/bonnetdane\/wp-json\/wp\/v2\/categories?post=2106"},{"taxonomy":"post_tag","embeddable":true,"href":"https:\/\/blog.causeur.fr\/bonnetdane\/wp-json\/wp\/v2\/tags?post=2106"}],"curies":[{"name":"wp","href":"https:\/\/api.w.org\/{rel}","templated":true}]}}