{"id":2161,"date":"2018-04-09T11:26:17","date_gmt":"2018-04-09T09:26:17","guid":{"rendered":"https:\/\/blog.causeur.fr\/bonnetdane\/?p=2161"},"modified":"2021-04-22T18:48:41","modified_gmt":"2021-04-22T16:48:41","slug":"salafisme-mon-amour","status":"publish","type":"post","link":"https:\/\/blog.causeur.fr\/bonnetdane\/salafisme-mon-amour-2161","title":{"rendered":"Salafisme mon amour"},"content":{"rendered":"<p><a href=\"https:\/\/blog.causeur.fr\/bonnetdane\/salafisme-mon-amour-002161.html\/el-hadi-doudi-560x600\" rel=\"attachment wp-att-2163\"><img loading=\"lazy\" decoding=\"async\" class=\"aligncenter size-medium wp-image-2163\" src=\"https:\/\/blog.causeur.fr\/bonnetdane\/files\/2018\/04\/El-Hadi-Doudi-560x600-280x300.jpg\" alt=\"El-Hadi-Doudi-560x600\" width=\"280\" height=\"300\" srcset=\"https:\/\/blog.causeur.fr\/bonnetdane\/wp-content\/uploads\/sites\/25\/2018\/04\/El-Hadi-Doudi-560x600-280x300.jpg 280w, https:\/\/blog.causeur.fr\/bonnetdane\/wp-content\/uploads\/sites\/25\/2018\/04\/El-Hadi-Doudi-560x600.jpg 560w\" sizes=\"auto, (max-width: 280px) 100vw, 280px\" \/><\/a>\u00c0 El Hadi Doudi, imam de la mosqu\u00e9e As Sounna de Marseille, lumi\u00e8re des lumi\u00e8res, \u00ab sottise et b\u00e9n\u00e9diction \u00bb, comme dit Voltaire\u2026<\/p>\n<p>Le susdit a donc toutes les chances (ou malchances, selon que vous vous placez du c\u00f4t\u00e9 de la la\u00efcit\u00e9, du bon sens et de la s\u00e9curit\u00e9 ou du c\u00f4t\u00e9 d\u2019Allah le Mis\u00e9ricordieux) <a href=\"https:\/\/www.20minutes.fr\/justice\/2234183-20180308-marseille-avis-favorable-commission-expulsion-imam-el-hadi-doudi\">d\u2019\u00eatre prochainement expuls\u00e9<\/a>. Citoyen alg\u00e9rien, il trouvera dans sa patrie d\u2019origine de meilleures conditions pour pr\u00eacher le salafisme qu\u2019\u00e0 Marseille, o\u00f9 il n\u2019y a qu\u2019un tiers de la population r\u00e9elle qui est musulman \u2014 les deux autres tiers le seront bient\u00f4t, gr\u00e2ces soient rendues au Tr\u00e8s Haut.<br \/>\nLes raisons qui ont conduit \u00e0 la recommandation d\u2019expulsion sont pourtant mineures, et \u00e0 vrai dire un peu captieuses (le mot signifie \u00ab trompeuses \u00bb, particuli\u00e8rement quand il s\u2019agit de discours, je le pr\u00e9cise \u00e0 l\u2019intention des sectateurs illettr\u00e9s qui passeraient par l\u00e0 \u2014 et \u00ab sectateur \u00bb signifie \u00ab membre d\u2019une secte \u00bb, ce qui ne peut qualifier les Musulmans, qui sont ici tr\u00e8s largement majoritaires \u2014 fin de la parenth\u00e8se). Notre homme de Dieu a juste qualifi\u00e9 les caricaturistes de Mahomet (sur lui, etc.) de \u00ab chiens et de terroristes \u00bb, et plus globalement a expliqu\u00e9 que les Juifs, cette race maudite, \u00e9taient \u00ab impurs, fr\u00e8res des singes et des porcs \u00bb. Par ailleurs, certains de ses discours \u00ab appellent \u00e0 la d\u00e9faite et \u00e0 la destruction des m\u00e9cr\u00e9ants \u00bb, <a href=\"https:\/\/www.20minutes.fr\/societe\/2186387-20171212-marseille-mosquee-salafiste-fermee-ordre-prefecture-police\">raconte <em>20 minutes<\/em><\/a>, \u00ab incitent \u00e0 l\u2019application de la loi du Talion \u00e0 l\u2019encontre de ceux qui combattent Dieu et son proph\u00e8te et \u00e0 l\u2019\u00e9gard desquels la sentence de Dieu est la mort ou la crucifixion \u00bb ou incitent \u00e0 prononcer la formule \u00ab\u00a0Allah akbar\u00a0\u00bb dans les lieux publics pour \u00ab effrayer les m\u00e9cr\u00e9ants \u00bb.<br \/>\nSur son rocher, la Bonne M\u00e8re en tremble dans ses voiles.<\/p>\n<p>La commission qui vient de proposer l\u2019expulsion de notre homme de paix a consid\u00e9r\u00e9 que ces \u00e9l\u00e9ments caract\u00e9risaient des actes de provocation, de discrimination, de haine et de violence. Peuh\u2026 Ces gens s\u2019\u00e9meuvent pour un rien.<br \/>\nLa d\u00e9cision finale d\u00e9pend du ministre de l\u2019Int\u00e9rieur. Si Collomb penche pour l\u2019expulsion, ma\u00eetre Nabil Boudi, l\u2019avocat d\u2019El Hadi Doudi, pr\u00e9voit de saisir le tribunal administratif de Paris pour tenter de l\u2019annuler, avant la Cour europ\u00e9enne des droits de l\u2019homme : \u00ab Mon client risque la torture s\u2019il rentre en Alg\u00e9rie \u00bb, pr\u00e9vient-il. Mince alors ! On nous aurait menti ? L\u2019Alg\u00e9rie ne serait pas une grande d\u00e9mocratie dont nous soignons r\u00e9guli\u00e8rement le dirigeant, leader supr\u00eame et lumi\u00e8re des lumi\u00e8res ?<br \/>\nEnfin, lui ou l\u2019une de ses r\u00e9incarnations. Bouteflika est comme les chats, il doit avoir neuf vies.<\/p>\n<p>L\u2019expulsion de notre homme de foi, qui op\u00e8re dans le tranquille quartier de la Belle-de-Mai (la zone la plus pauvre de France, d\u2019apr\u00e8s les gens inform\u00e9s, dans une ville que <em>la Provence<\/em> <a href=\"https:\/\/www.laprovence.com\/article\/papier\/3432984\/marseille-capitale-de-la-pauvrete.html\">qualifie de \u00ab capitale de la pauvret\u00e9 \u00bb<\/a>) a \u00e9mu <a href=\"https:\/\/www.nytimes.com\/2018\/04\/05\/world\/europe\/france-extremism-doudi.html\">le <em>New York Times<\/em> du week-end dernier<\/a>. Adam Nossiter, que j\u2019ai connu plus coh\u00e9rent (ainsi <a href=\"https:\/\/www.nytimes.com\/2018\/03\/26\/world\/europe\/france-holocaust-survivor-murder.html?rref=collection%2Fbyline%2Fadam-nossiter&amp;action=click&amp;contentCollection=undefined&amp;region=stream&amp;module=stream_unit&amp;version=latest&amp;contentPlacement=3&amp;pgtype=collection\">lorsqu\u2019il expliquait<\/a> comment une survivante de l\u2019holocauste avait trouv\u00e9 la mort, \u00e0 82 ans, par le fait de voisins musulmans antis\u00e9mites \u2014 une association de mots qui n\u2019est pas forc\u00e9ment un pl\u00e9onasme, mais qui recouvre une r\u00e9alit\u00e9 fr\u00e9quente, comme l\u2019a expliqu\u00e9 Georges Bensoussan) a cherch\u00e9 \u00e0 comprendre comment la \u00ab patrie des Droits de l\u2019homme \u00bb osait expulser un homme de Dieu. Notez qu\u2019il cite les pr\u00eaches enflamm\u00e9s dudit homme de Dieu sans s\u2019en \u00e9mouvoir apparemment \u2014<em> free speech<\/em>, hein\u2026<\/p>\n<div id=\"ligne\"><\/div>\n<p>Il a donc demand\u00e9 \u00e0 des sp\u00e9cialistes ce qu\u2019il fallait en penser\u2026<\/p>\n<p>Et pour cela, il est all\u00e9 chercher deux hommes, Vincent Geisser et Romain Caillet, dont le moins que l\u2019on puisse dire est qu\u2019ils sont juges et parties. Les interviewer sur le salafisme ou le wahhabisme, c\u2019est demander son avis \u00e0 Landru sur la transmission d\u2019h\u00e9ritage chez les MILF de 1915.<br \/>\n<a href=\"https:\/\/blog.causeur.fr\/bonnetdane\/salafisme-mon-amour-002161.html\/hqdefault\" rel=\"attachment wp-att-2164\"><img loading=\"lazy\" decoding=\"async\" class=\"aligncenter size-medium wp-image-2164\" src=\"https:\/\/blog.causeur.fr\/bonnetdane\/files\/2018\/04\/hqdefault-300x225.jpg\" alt=\"hqdefault\" width=\"300\" height=\"225\" srcset=\"https:\/\/blog.causeur.fr\/bonnetdane\/wp-content\/uploads\/sites\/25\/2018\/04\/hqdefault-300x225.jpg 300w, https:\/\/blog.causeur.fr\/bonnetdane\/wp-content\/uploads\/sites\/25\/2018\/04\/hqdefault-400x300.jpg 400w, https:\/\/blog.causeur.fr\/bonnetdane\/wp-content\/uploads\/sites\/25\/2018\/04\/hqdefault.jpg 480w\" sizes=\"auto, (max-width: 300px) 100vw, 300px\" \/><\/a>Vincent Geisser a publi\u00e9 en 2003<em> la Nouvelle islamophobie<\/em>, o\u00f9 il explique que le discours r\u00e9publicain la\u00efque est le paravent de la haine du Musulman. Un gar\u00e7on mod\u00e9r\u00e9, comme on voit. <a href=\"https:\/\/blog.causeur.fr\/bonnetdane\/salafisme-mon-amour-002161.html\/31y-vdjb4rl-_sx340_bo1204203200_\" rel=\"attachment wp-att-2165\"><img loading=\"lazy\" decoding=\"async\" class=\"aligncenter size-medium wp-image-2165\" src=\"https:\/\/blog.causeur.fr\/bonnetdane\/files\/2018\/04\/31Y-vdjb4RL._SX340_BO1204203200_-206x300.jpg\" alt=\"31Y-vdjb4RL._SX340_BO1,204,203,200_\" width=\"206\" height=\"300\" srcset=\"https:\/\/blog.causeur.fr\/bonnetdane\/wp-content\/uploads\/sites\/25\/2018\/04\/31Y-vdjb4RL._SX340_BO1204203200_-206x300.jpg 206w, https:\/\/blog.causeur.fr\/bonnetdane\/wp-content\/uploads\/sites\/25\/2018\/04\/31Y-vdjb4RL._SX340_BO1204203200_.jpg 342w\" sizes=\"auto, (max-width: 206px) 100vw, 206px\" \/><\/a>Pour Isabelle Kersimon et Jean-Christophe Moreau, auteurs d&rsquo;un essai intitul\u00e9 <em>Islamophobie, la contre-enqu\u00eate<\/em>, le livre de Vincent Geisser est caract\u00e9ristique d&rsquo;une \u00ab certaine parano\u00efa \u00bb, \u00ab consistant \u00e0 vouloir d\u00e9montrer, au m\u00e9pris des m\u00e9thodologies en usage, que la psych\u00e9 occidentale et, pour ce qui nous concerne, l\u2019histoire coloniale de la France, ont fabriqu\u00e9 une v\u00e9ritable \u00ab passion islamophobe \u00bb \u00bb. \u00ab Un idiot utile \u00bb de l&rsquo;islamisme, juge Mohamed Sifaoui. Geisser \u00ab\u00a0vilipende toute critique \u00e0 l&rsquo;\u00e9gard de l&rsquo;int\u00e9grisme -m\u00eame lorsqu&rsquo;elle \u00e9mane de musulmans- en essayant de lui donner une connotation syst\u00e9matiquement raciste \u00bb \u2014 in\u00a0<em>Pourquoi l&rsquo;islamisme s\u00e9duit-il\u00a0?<\/em>\u00a0Armand Colin, 2010.<a href=\"https:\/\/blog.causeur.fr\/bonnetdane\/salafisme-mon-amour-002161.html\/41lpp1rlvdl-_sx317_bo1204203200_\" rel=\"attachment wp-att-2166\"><img loading=\"lazy\" decoding=\"async\" class=\"aligncenter size-medium wp-image-2166\" src=\"https:\/\/blog.causeur.fr\/bonnetdane\/files\/2018\/04\/41lPP1RLVDL._SX317_BO1204203200_-192x300.jpg\" alt=\"41lPP1RLVDL._SX317_BO1,204,203,200_\" width=\"192\" height=\"300\" srcset=\"https:\/\/blog.causeur.fr\/bonnetdane\/wp-content\/uploads\/sites\/25\/2018\/04\/41lPP1RLVDL._SX317_BO1204203200_-192x300.jpg 192w, https:\/\/blog.causeur.fr\/bonnetdane\/wp-content\/uploads\/sites\/25\/2018\/04\/41lPP1RLVDL._SX317_BO1204203200_.jpg 319w\" sizes=\"auto, (max-width: 192px) 100vw, 192px\" \/><\/a> La sociologie m\u00e8ne \u00e0 tout, surtout si l\u2019on n\u2019en sort pas.<br \/>\nQuant \u00e0 Romain Caillet,<a href=\"https:\/\/blog.causeur.fr\/bonnetdane\/salafisme-mon-amour-002161.html\/1870_2015-05-20_16-27-55_itw-romain-caillet\" rel=\"attachment wp-att-2167\"><img loading=\"lazy\" decoding=\"async\" class=\"aligncenter size-medium wp-image-2167\" src=\"https:\/\/blog.causeur.fr\/bonnetdane\/files\/2018\/04\/1870_2015-05-20_16-27-55_ITW-Romain-Caillet--300x156.png\" alt=\"1870_2015-05-20_16-27-55_ITW-Romain-Caillet\u00a0\" width=\"300\" height=\"156\" srcset=\"https:\/\/blog.causeur.fr\/bonnetdane\/wp-content\/uploads\/sites\/25\/2018\/04\/1870_2015-05-20_16-27-55_ITW-Romain-Caillet--300x156.png 300w, https:\/\/blog.causeur.fr\/bonnetdane\/wp-content\/uploads\/sites\/25\/2018\/04\/1870_2015-05-20_16-27-55_ITW-Romain-Caillet--500x259.png 500w, https:\/\/blog.causeur.fr\/bonnetdane\/wp-content\/uploads\/sites\/25\/2018\/04\/1870_2015-05-20_16-27-55_ITW-Romain-Caillet-.png 640w\" sizes=\"auto, (max-width: 300px) 100vw, 300px\" \/><\/a> c\u2019est un ex-catholique converti \u00e0 l\u2019islam qui a tenu lui aussi des discours si mod\u00e9r\u00e9s \u2014 en affirmant par exemple qu\u2019il \u00e9tait favorable au djihad \u2014 qu\u2019il fait l\u2019objet d\u2019une fiche S. Frankly, dear Mr Nossiter, didn&rsquo;t you find anybody else to tell you the truth ?<br \/>\nOn ne peut malheureusement pas les renvoyer, l\u2019un et l\u2019autre, en Alg\u00e9rie. Peut-\u00eatre seraient-ils tent\u00e9s par l\u2019Arabie saoudite ?<\/p>\n<p>\u00c0 noter que nos duettistes sont loin d&rsquo;\u00eatre isol\u00e9s. N&rsquo;est-ce pas Alain Badiou qui disait : \u00ab\u00a0C&rsquo;est un fantasme, cette histoire d&rsquo;islamisme radical\u00a0\u00bb ? Et on trouve des perles de m\u00eame calibre chez Rapha\u00ebl Liogier, Olivier Roy ou Geoffroy de Lagasnerie (\u00ab\u00a0Excuser, c&rsquo;est un beau programme de gauche\u00a0\u00bb). Comme disait Orwell (<a href=\"http:\/\/www.lefigaro.fr\/vox\/societe\/2018\/04\/09\/31003-20180409ARTFIG00230-laurent-wauquiez-l-archipel-du-djihad.php\">cit\u00e9 par Laurent Wauquiez dans <em>le Figaro<\/em> du 10 avril<\/a>) : \u00ab\u00a0Vous devez \u00eatre de l&rsquo;intelligentsia pour \u00e9crire des choses pareilles : nul homme ordinaire ne saurait \u00eatre aussi stupide\u00a0\u00bb.<\/p>\n<p>Personne ne saurait m\u2019accuser de servir la soupe \u00e0 Emmanuel Macron. Mais \u00e0 l\u2019occasion de l\u2019hommage rendu \u00e0 Arnaud Beltrame, il a prononc\u00e9 un discours qui rompt avec l\u2019aveuglement et la culture du d\u00e9ni des dirigeants fran\u00e7ais depuis quinze ans :<\/p>\n<p>\u00ab Le camp de la libert\u00e9, celui de la France, est confront\u00e9 aujourd\u2019hui \u00e0 un obscurantisme barbare, qui n\u2019a pour programme que l\u2019\u00e9limination de nos libert\u00e9s et de nos solidarit\u00e9s. Les atours religieux dont il se pare ne sont que le d\u00e9voiement de toute spiritualit\u00e9, et la n\u00e9gation m\u00eame de l\u2019esprit. Car il nie la valeur que nous donnons \u00e0 la vie. Valeur ni\u00e9e par le terroriste de Tr\u00e8bes. Valeur ni\u00e9e par le meurtrier de Mireille Knoll, qui a assassin\u00e9 une femme innocente et vuln\u00e9rable parce qu\u2019elle \u00e9tait juive, et qui ainsi a profan\u00e9 nos valeurs sacr\u00e9es et notre m\u00e9moire.<br \/>\n\u00ab Non, ce ne sont pas seulement les organisations terroristes, les arm\u00e9es de Daesh, les imams de haine et de mort que nous combattons. Ce que nous combattons, c\u2019est aussi cet islamisme souterrain, qui progresse par les r\u00e9seaux sociaux, qui accomplit son \u0153uvre de mani\u00e8re invisible, qui agit clandestinement, sur des esprits faibles ou instables, trahissant ceux-l\u00e0 m\u00eames dont il se r\u00e9clame, qui, sur notre sol, endoctrine par proximit\u00e9 et corrompt au quotidien. C\u2019est un ennemi insidieux, qui exige de chaque citoyen, de chacun d\u2019entre nous, un regain de vigilance et de civisme. \u00bb<\/p>\n<p>Reste \u00e0 tirer les cons\u00e9quences de ces m\u00e2les propos. Un \u00ab imam de haine et de mort \u00bb s\u2019en va \u2014 mais il y en a d\u2019autres : en six ans, nous avons expuls\u00e9 92 personnes, une goutte d\u2019eau dans un oc\u00e9an de haine. Il n\u2019est plus temps de s\u2019en prendre aux seuls jihadistes. Il faut an\u00e9antir les bases arri\u00e8re, faire taire les pr\u00eacheurs de guerre et de dissensions communautaristes, et r\u00e9inventer une R\u00e9publique que nos options \u00ab d\u00e9mocratiques \u00bb ont vid\u00e9e peu \u00e0 peu de son contenu et de sa capacit\u00e9 d\u2019enchantement. Arnaud Beltrame s\u2019est comport\u00e9 en h\u00e9ros ? C&rsquo;est que contrairement \u00e0 ce que croient les idol\u00e2tres, la nation est une divinit\u00e9 pour laquelle on peut mourir les yeux grands ouverts, au lieu de se sacrifier \u00e0 des croyances obscures l\u2019esprit grand ferm\u00e9.<\/p>\n<p>Jean-Paul Brighelli<\/p>\n","protected":false},"excerpt":{"rendered":"<p>\u00c0 El Hadi Doudi, imam de la mosqu\u00e9e As Sounna de Marseille, lumi\u00e8re des lumi\u00e8res, \u00ab sottise et b\u00e9n\u00e9diction \u00bb, comme dit Voltaire\u2026 Le susdit a donc toutes les chances (ou malchances, selon que vous vous placez du c\u00f4t\u00e9 de la la\u00efcit\u00e9, du bon sens et de la s\u00e9curit\u00e9 ou du c\u00f4t\u00e9 d\u2019Allah le Mis\u00e9ricordieux) [&hellip;]<\/p>\n","protected":false},"author":6,"featured_media":0,"comment_status":"open","ping_status":"open","sticky":false,"template":"","format":"standard","meta":{"footnotes":""},"categories":[1],"tags":[1449,1452,1445,1065,1450,1451,1446,871,1447,762,1448],"class_list":{"0":"post-2161","1":"post","2":"type-post","3":"status-publish","4":"format-standard","6":"category-non-classe","7":"tag-adam-nossiter","8":"tag-arnaud-beltrame","9":"tag-el-hadi-doudi","10":"tag-emmanuel-macron","11":"tag-isabelle-kersimon","12":"tag-jean-christophe-moreau","13":"tag-mohamed-sifaoui","14":"tag-new-york-times","15":"tag-romain-caillet","16":"tag-salafisme","17":"tag-vincent-geisser"},"_links":{"self":[{"href":"https:\/\/blog.causeur.fr\/bonnetdane\/wp-json\/wp\/v2\/posts\/2161","targetHints":{"allow":["GET"]}}],"collection":[{"href":"https:\/\/blog.causeur.fr\/bonnetdane\/wp-json\/wp\/v2\/posts"}],"about":[{"href":"https:\/\/blog.causeur.fr\/bonnetdane\/wp-json\/wp\/v2\/types\/post"}],"author":[{"embeddable":true,"href":"https:\/\/blog.causeur.fr\/bonnetdane\/wp-json\/wp\/v2\/users\/6"}],"replies":[{"embeddable":true,"href":"https:\/\/blog.causeur.fr\/bonnetdane\/wp-json\/wp\/v2\/comments?post=2161"}],"version-history":[{"count":0,"href":"https:\/\/blog.causeur.fr\/bonnetdane\/wp-json\/wp\/v2\/posts\/2161\/revisions"}],"wp:attachment":[{"href":"https:\/\/blog.causeur.fr\/bonnetdane\/wp-json\/wp\/v2\/media?parent=2161"}],"wp:term":[{"taxonomy":"category","embeddable":true,"href":"https:\/\/blog.causeur.fr\/bonnetdane\/wp-json\/wp\/v2\/categories?post=2161"},{"taxonomy":"post_tag","embeddable":true,"href":"https:\/\/blog.causeur.fr\/bonnetdane\/wp-json\/wp\/v2\/tags?post=2161"}],"curies":[{"name":"wp","href":"https:\/\/api.w.org\/{rel}","templated":true}]}}