{"id":2173,"date":"2018-04-22T00:57:31","date_gmt":"2018-04-21T22:57:31","guid":{"rendered":"https:\/\/blog.causeur.fr\/bonnetdane\/?p=2173"},"modified":"2021-04-22T18:48:41","modified_gmt":"2021-04-22T16:48:41","slug":"boycottez-la-turquie","status":"publish","type":"post","link":"https:\/\/blog.causeur.fr\/bonnetdane\/boycottez-la-turquie-2173","title":{"rendered":"Boycottez la Turquie !"},"content":{"rendered":"<p><a href=\"https:\/\/blog.causeur.fr\/bonnetdane\/boycottez-la-turquie-002173.html\/capture-decran-2018-04-21-a-17-15-57\" rel=\"attachment wp-att-2177\"><img loading=\"lazy\" decoding=\"async\" class=\"aligncenter size-medium wp-image-2177\" src=\"https:\/\/blog.causeur.fr\/bonnetdane\/files\/2018\/04\/Capture-d\u2019\u00e9cran-2018-04-21-\u00e0-17.15.57-285x300.png\" alt=\"Capture d\u2019\u00e9cran 2018-04-21 \u00e0 17.15.57\" width=\"285\" height=\"300\" srcset=\"https:\/\/blog.causeur.fr\/bonnetdane\/wp-content\/uploads\/sites\/25\/2018\/04\/Capture-d\u2019\u00e9cran-2018-04-21-\u00e0-17.15.57-285x300.png 285w, https:\/\/blog.causeur.fr\/bonnetdane\/wp-content\/uploads\/sites\/25\/2018\/04\/Capture-d\u2019\u00e9cran-2018-04-21-\u00e0-17.15.57.png 685w\" sizes=\"auto, (max-width: 285px) 100vw, 285px\" \/><\/a>Il fait sur Marseille un beau temps de carte postale. Mais comme disait Pr\u00e9vert, \u00ab le soleil brille pour tout le monde, il ne brille pas dans les prisons \u00bb, il ne brille pas pour les Kurdes, qui manifestaient sur la Canebi\u00e8re en ce samedi 21 avril, <a href=\"https:\/\/info.arte.tv\/fr\/syrie-le-siege-dafrin\">trois jours apr\u00e8s l&rsquo;abandon d&rsquo;Afrin<\/a> sous le pilonnage et les gazages turcs. Il ne fait pas beau pour tout le monde.<br \/>\nCe qui est sympathique, chez les Kurdes, c\u2019est qu\u2019il y a au moins autant de femmes que d\u2019hommes dans leurs rassemblements et sur la ligne de front \u2014 <a href=\"http:\/\/www.rfi.fr\/moyen-orient\/20180203-syrie-tolle-exhibition-corps-mutile-combattante-kurde-ypg\">ce qui leur permet d\u2019\u00eatre massacr\u00e9es comme les copains<\/a> par les Turcs et leurs alli\u00e9s syriens. Deux ou trois cents manifestants des deux sexes descendaient ainsi vers le port, derri\u00e8re des banderoles significatives, agitant des portraits d\u2019Abdullah \u00d6calan, d\u00e9tenu par les Turcs depuis 1999 apr\u00e8s une arrestation au Kenya qui n\u2019a pas pu avoir lieu sans l\u2019appui de services de renseignement occidentaux.<br \/>\nL\u2019occasion de cette manifestation (et de quelques autres : \u00e0 Marseille, les Kurdes se font entendre) est donc <a href=\"https:\/\/www.courrierinternational.com\/article\/afrin-labsurde-victoire-turque\">la prise de la ville d\u2019Afrin par les massacreurs d\u2019Erdogan<\/a>. Une conqu\u00eate \u00a0\u2014 Erdogan, qui ne manque pas de cynisme, a appel\u00e9 \u00e7a l&rsquo;op\u00e9ration \u00ab\u00a0Rameau d&rsquo;olivier\u00a0\u00bb<a href=\"https:\/\/blog.causeur.fr\/bonnetdane\/boycottez-la-turquie-002173.html\/capture-decran-2018-04-21-a-16-44-42\" rel=\"attachment wp-att-2179\"><img loading=\"lazy\" decoding=\"async\" class=\"aligncenter size-medium wp-image-2179\" src=\"https:\/\/blog.causeur.fr\/bonnetdane\/files\/2018\/04\/Capture-d\u2019\u00e9cran-2018-04-21-\u00e0-16.44.42-300x207.png\" alt=\"Capture d\u2019\u00e9cran 2018-04-21 \u00e0 16.44.42\" width=\"300\" height=\"207\" srcset=\"https:\/\/blog.causeur.fr\/bonnetdane\/wp-content\/uploads\/sites\/25\/2018\/04\/Capture-d\u2019\u00e9cran-2018-04-21-\u00e0-16.44.42-300x207.png 300w, https:\/\/blog.causeur.fr\/bonnetdane\/wp-content\/uploads\/sites\/25\/2018\/04\/Capture-d\u2019\u00e9cran-2018-04-21-\u00e0-16.44.42-434x300.png 434w, https:\/\/blog.causeur.fr\/bonnetdane\/wp-content\/uploads\/sites\/25\/2018\/04\/Capture-d\u2019\u00e9cran-2018-04-21-\u00e0-16.44.42.png 724w\" sizes=\"auto, (max-width: 300px) 100vw, 300px\" \/><\/a>r\u00e9alis\u00e9e\u00a0d\u2019apr\u00e8s les combattants kurdes avec des armes chimiques \u2014 les m\u00eames que celles qu\u2019utilise Assad \u00e0 la Ghouta. Mais voil\u00e0 : Assad, nous le bombardons, au nom des grands principes ; Erdogan, nous le saluons, au nom des grands sentiments. Erdogan fait partie de l\u2019OTAN \u2014 et Macron en participant aux tirs de missiles contre la Syrie a rappel\u00e9 l\u2019all\u00e9geance de l\u2019Etat fran\u00e7ais \u00e0 cette organisation sous parapluie am\u00e9ricain. Les Kurdes se sont content\u00e9s de chasser Daesh de Syrie et d\u2019Irak, une entreprise \u00e0 laquelle nous ne nous sommes pas m\u00eal\u00e9s, on n\u2019est jamais trop prudent. Maintenant qu\u2019ils ont fait le boulot, on les laisse se faire gazer \/ bombarder \/ massacrer (inutile de chercher les mentions inutiles, il n\u2019y en a pas) au nom de la RealPolitik. Parce qu\u2019Erdogan feint de g\u00e9rer la question des r\u00e9fugi\u00e9s. Et pour faire plaisir \u00e0 Merkel.<br \/>\nLes Allemands m\u00e9nagent les Turcs (5 \u00e0 7% de leur population selon les estimations, soit autour de 6 millions d\u2019habitants) et accablent les Grecs, que les Turcs n\u2019aiment pas (ni les Allemands, depuis que les Grecs leur ont flanqu\u00e9 une p\u00e2t\u00e9e en 1944-45). Et nous nous calquons sur les desiderata de nos plus fid\u00e8les alli\u00e9s \/ partenaires \/ fournisseurs (l\u00e0 non plus inutile de chercher l\u2019intrus).<\/p>\n<p>Que disaient donc ces Kurdes marseillais ? Ils expliquaient aux badauds, globalement r\u00e9ceptifs, qu\u2019Erdogan avait augment\u00e9 son budget militaire de plus de 40% ; que les fonds r\u00e9cup\u00e9r\u00e9s depuis ces cinq derni\u00e8res ann\u00e9es en sous-traitant le p\u00e9trole brad\u00e9 par l\u2019Etat islamique \u00e9taient malheureusement taris ; que la perspective d\u2019int\u00e9grer l\u2019UE ne se rapprochait gu\u00e8re ; et qu\u2019il ne restait \u00e0 Erdogan que le tourisme pour alimenter sa machine \u00e0 broyer du Kurde.<br \/>\nD\u2019o\u00f9 les tracts distribu\u00e9s ce jour \u2014 et peu importent les graphies particuli\u00e8res :<a href=\"https:\/\/blog.causeur.fr\/bonnetdane\/boycottez-la-turquie-002173.html\/capture-decran-2018-04-21-a-16-38-13\" rel=\"attachment wp-att-2178\"><img loading=\"lazy\" decoding=\"async\" class=\"aligncenter size-medium wp-image-2178\" src=\"https:\/\/blog.causeur.fr\/bonnetdane\/files\/2018\/04\/Capture-d\u2019\u00e9cran-2018-04-21-\u00e0-16.38.13-212x300.png\" alt=\"Capture d\u2019\u00e9cran 2018-04-21 \u00e0 16.38.13\" width=\"212\" height=\"300\" srcset=\"https:\/\/blog.causeur.fr\/bonnetdane\/wp-content\/uploads\/sites\/25\/2018\/04\/Capture-d\u2019\u00e9cran-2018-04-21-\u00e0-16.38.13-212x300.png 212w, https:\/\/blog.causeur.fr\/bonnetdane\/wp-content\/uploads\/sites\/25\/2018\/04\/Capture-d\u2019\u00e9cran-2018-04-21-\u00e0-16.38.13.png 399w\" sizes=\"auto, (max-width: 212px) 100vw, 212px\" \/><\/a><\/p>\n<p>Attendez donc la chute du sultan \u2014 qui vient d\u2019appeler \u00e0 des \u00e9lections anticip\u00e9es, c\u2019est ce que les vrais dictateurs appellent la d\u00e9mocratie \u2014 pour visiter les tr\u00e9sors d\u2019Istanbul et les ruines d\u2019Eph\u00e8se. Si vous r\u00eavez d\u2019Orient, allez en Gr\u00e8ce : eux aussi ont un besoin vital de vos sous, et pas pour faire la guerre \u2014 simplement pour survivre aux diktats de Merkel and co.<br \/>\nIl est \u00e9vident qu\u2019Erdogan, qui s\u2019est lanc\u00e9 dans un jihad anti-kurde, se prend pour le nouveau calife universel. Abou Bakr al-Bagdhadi est mort, ou disparu dans les ruines de son bunker, \u00e0 Raqqa ou ailleurs. Il \u00e9tait le pr\u00e9tendant au tr\u00f4ne d\u2019H\u00e2roun ar-Rach\u00eed. Reste en lice pour le poste de Madhi le despote d\u2019Ankara, qui r\u00eave de reconstituer l\u2019empire ottoman. Grand bien lui fasse \u2014 mais nous ne sommes pas forc\u00e9s d\u2019applaudir. D\u2019autant que critiquer le grand homme <a href=\"http:\/\/www.lemonde.fr\/international\/article\/2018\/03\/24\/afrine-erdogan-exprime-a-macron-sa-gene-vis-a-vis-de-propos-infondes_5275726_3210.html\">ne lui fait pas plaisir<\/a>.<br \/>\nEt soutenons les Kurdes, qui sont des guerriers depuis toujours (Saladin, le seul \u00e0 avoir rivalis\u00e9 avec Richard-C\u0153ur-de-Lion, \u00e9tait kurde, et non arabe). Ils essaient depuis quarante ans de se tailler un pays viable \u2014 et nous avons soutenu (encore un conseil avis\u00e9 de Teutons nostalgiques des Oustachis) des principaut\u00e9s balkaniques qui avaient bien moins de droits historiques qu\u2019eux \u00e0 l\u2019ind\u00e9pendance. Sans eux, Daesh serait encore tout-puissant. Avec eux, demain, Assad peut tomber \u2014 pourvu que la France ne se trompe plus de cible.<\/p>\n<p>Jean-Paul Brighelli<\/p>\n","protected":false},"excerpt":{"rendered":"<p>Il fait sur Marseille un beau temps de carte postale. Mais comme disait Pr\u00e9vert, \u00ab le soleil brille pour tout le monde, il ne brille pas dans les prisons \u00bb, il ne brille pas pour les Kurdes, qui manifestaient sur la Canebi\u00e8re en ce samedi 21 avril, trois jours apr\u00e8s l&rsquo;abandon d&rsquo;Afrin sous le pilonnage [&hellip;]<\/p>\n","protected":false},"author":6,"featured_media":0,"comment_status":"open","ping_status":"open","sticky":false,"template":"","format":"standard","meta":{"footnotes":""},"categories":[1],"tags":[1456,849,1457,930],"class_list":{"0":"post-2173","1":"post","2":"type-post","3":"status-publish","4":"format-standard","6":"category-non-classe","7":"tag-afrin","8":"tag-erdogan","9":"tag-gaz-de-combat","10":"tag-kurdes"},"_links":{"self":[{"href":"https:\/\/blog.causeur.fr\/bonnetdane\/wp-json\/wp\/v2\/posts\/2173","targetHints":{"allow":["GET"]}}],"collection":[{"href":"https:\/\/blog.causeur.fr\/bonnetdane\/wp-json\/wp\/v2\/posts"}],"about":[{"href":"https:\/\/blog.causeur.fr\/bonnetdane\/wp-json\/wp\/v2\/types\/post"}],"author":[{"embeddable":true,"href":"https:\/\/blog.causeur.fr\/bonnetdane\/wp-json\/wp\/v2\/users\/6"}],"replies":[{"embeddable":true,"href":"https:\/\/blog.causeur.fr\/bonnetdane\/wp-json\/wp\/v2\/comments?post=2173"}],"version-history":[{"count":0,"href":"https:\/\/blog.causeur.fr\/bonnetdane\/wp-json\/wp\/v2\/posts\/2173\/revisions"}],"wp:attachment":[{"href":"https:\/\/blog.causeur.fr\/bonnetdane\/wp-json\/wp\/v2\/media?parent=2173"}],"wp:term":[{"taxonomy":"category","embeddable":true,"href":"https:\/\/blog.causeur.fr\/bonnetdane\/wp-json\/wp\/v2\/categories?post=2173"},{"taxonomy":"post_tag","embeddable":true,"href":"https:\/\/blog.causeur.fr\/bonnetdane\/wp-json\/wp\/v2\/tags?post=2173"}],"curies":[{"name":"wp","href":"https:\/\/api.w.org\/{rel}","templated":true}]}}