{"id":2187,"date":"2018-05-05T16:06:57","date_gmt":"2018-05-05T14:06:57","guid":{"rendered":"https:\/\/blog.causeur.fr\/bonnetdane\/?p=2187"},"modified":"2021-04-22T18:48:40","modified_gmt":"2021-04-22T16:48:40","slug":"c-de-classiques","status":"publish","type":"post","link":"https:\/\/blog.causeur.fr\/bonnetdane\/c-de-classiques-2187","title":{"rendered":"C*** de classiques !"},"content":{"rendered":"<p><a href=\"https:\/\/blog.causeur.fr\/bonnetdane\/c-de-classiques-002187.html\/246985-capture-d-ecran-2011-02-16-a-12-_1297857336\" rel=\"attachment wp-att-2194\"><img loading=\"lazy\" decoding=\"async\" class=\"aligncenter size-medium wp-image-2194\" src=\"https:\/\/blog.causeur.fr\/bonnetdane\/files\/2018\/05\/246985-capture-d-ecran-2011-02-16-a-12-_1297857336-217x300.jpg\" alt=\"246985-capture-d-ecran-2011-02-16-a-12-_1297857336\" width=\"217\" height=\"300\" srcset=\"https:\/\/blog.causeur.fr\/bonnetdane\/wp-content\/uploads\/sites\/25\/2018\/05\/246985-capture-d-ecran-2011-02-16-a-12-_1297857336-217x300.jpg 217w, https:\/\/blog.causeur.fr\/bonnetdane\/wp-content\/uploads\/sites\/25\/2018\/05\/246985-capture-d-ecran-2011-02-16-a-12-_1297857336-768x1064.jpg 768w, https:\/\/blog.causeur.fr\/bonnetdane\/wp-content\/uploads\/sites\/25\/2018\/05\/246985-capture-d-ecran-2011-02-16-a-12-_1297857336-739x1024.jpg 739w, https:\/\/blog.causeur.fr\/bonnetdane\/wp-content\/uploads\/sites\/25\/2018\/05\/246985-capture-d-ecran-2011-02-16-a-12-_1297857336.jpg 975w\" sizes=\"auto, (max-width: 217px) 100vw, 217px\" \/><\/a>\u00ab Qu\u2019est-ce qu\u2019un Classique ? \u00bb est depuis Sainte-Beuve (priez pour moi !) l\u2019un des sujets les plus donn\u00e9s en Lettres, les plus comment\u00e9s sur le Web. J\u2019ai gard\u00e9 dans mes archives une bonne copie d\u2019\u00e9l\u00e8ve qui commence ainsi :<\/p>\n<p>\u00ab \u00ab J\u2019esp\u00e8re un jour ne plus \u00eatre \u00e0 la mode pour devenir un classique \u00bb, avoue Pedro Almodovar : singulier aveu pour un sp\u00e9cialiste de la provocation. Mais peut-\u00eatre ne faut-il pas s\u2019en \u00e9tonner. La notion de \u00ab classique \u00bb, en cin\u00e9ma, en litt\u00e9rature comme dans tous les arts, pose un probl\u00e8me \u00e9pineux. Si le Classique au sens restreint \u2014 entre le d\u00e9but du r\u00e8gne de Louis XIV et la R\u00e9volution \u2014 se d\u00e9finit assez ais\u00e9ment (\u00e0 ceci pr\u00e8s qu\u2019\u00e0 l\u2019\u00e9poque ces Classiques \u00e9taient des Modernes), l\u2019\u0153uvre classique \u2014 toute \u0153uvre primordiale, quand bien m\u00eame elle ne serait pas primitive \u2014 est plus complexe \u00e0 cerner. Quoi de commun entre <em>Ruy Blas, Ph\u00e8dre<\/em>, ou <em>Du c\u00f4t\u00e9 de chez Swann<\/em> ? \u00bb<\/p>\n<p>On voit le genre, tr\u00e8s kh\u00e2gnal. L\u2019accroche d\u00e9cal\u00e9e n\u2019emp\u00eache pas de citer, tr\u00e8s rapidement, quelques titres h\u00e9t\u00e9rog\u00e8nes qui assurent le correcteur que l\u2019\u00e9tudiant appartient bien \u00e0 son monde culturel, et a appris deux ou trois choses \u00e0 fr\u00e9quenter ses cours\u2026 Et je ne dirai rien de ce \u00ab en m\u00eame temps \u00bb induit \u2014 un mod\u00e8le exportable sur la longue dur\u00e9e\u2026<\/p>\n<p>Mais \u00e7a, c\u2019\u00e9tait hier.<\/p>\n<p>Un Classique d\u00e9sormais est une \u0153uvre litt\u00e9raire qu\u2019il est recommand\u00e9 de charcuter jusqu\u2019\u00e0 ce qu\u2019elle soit m\u00e9connaissable. Un quartier de b\u0153uf que le prof-\u00e9quarisseur jette sur la table des \u00e9l\u00e8ves-bouchers pour qu\u2019ils la r\u00e9duisent en pur\u00e9e. Dans le McDO, \u00e7a passe mieux.<br \/>\nC\u2019est de la litt\u00e9rature tartare, comme le steak du m\u00eame nom. Ce n\u2019est plus Flaubert diss\u00e9quant Madame Bovary \u2014 <a href=\"http:\/\/www.leparisien.fr\/espace-premium\/actu\/gargantua-mange-t-il-equilibre-13-11-2015-5271189.php\">dont on se souciait de savoir, il y a deux ans, si elle mangeait \u00e9quilibr\u00e9<\/a>, gr\u00e2ce aux programmes de Najat. C\u2019est Kevin et Yasmina atomisant\u00a0Flaubert.<a href=\"https:\/\/blog.causeur.fr\/bonnetdane\/c-de-classiques-002187.html\/caricature-dachille-lernot-parue-dans-la-parolie-flaubert-disseque-madame-bovary-1869-230x300\" rel=\"attachment wp-att-2195\"><img loading=\"lazy\" decoding=\"async\" class=\"aligncenter size-medium wp-image-2195\" src=\"https:\/\/blog.causeur.fr\/bonnetdane\/files\/2018\/05\/Caricature-dAchille-Lernot-parue-dans-La-Parolie.-Flaubert-diss\u00e8que-Madame-Bovary.-1869.-230x300-230x300.jpg\" alt=\"Caricature-dAchille-Lernot-parue-dans-La-Parolie.-Flaubert-diss\u00e8que-Madame-Bovary.-1869.-230x300\" width=\"230\" height=\"300\" \/><\/a> Par exemple\u2026<\/p>\n<p>Vous vous rappelez sans doute ces d\u00e9clarations \u00e0 l\u2019emporte-pi\u00e8ce de Nicolas Sarkozy contre <em>la Princesse de Cl\u00e8ves<\/em>. C\u2019\u00e9tait le 23 f\u00e9vrier 2006, \u00e0 Lyon. Promettant d\u2019en finir avec \u00ab la pression des concours et des examens \u00bb, il avait lanc\u00e9 : \u00ab L&rsquo;autre jour, je m&rsquo;amusais \u2014 on s&rsquo;amuse comme on peut \u2014 \u00e0 regarder le programme du concours d&rsquo;attach\u00e9 d&rsquo;administration. Un sadique ou un imb\u00e9cile avait mis dans le programme d&rsquo;interroger les concurrents sur La Princesse de Cl\u00e8ves. Je ne sais pas si cela vous est arriv\u00e9 de demander \u00e0 la guicheti\u00e8re ce qu&rsquo;elle pensait de <em>La Princesse de Cl\u00e8ves<\/em>. Imaginez un peu le spectacle ! \u00bb Sensation. <a href=\"https:\/\/www.dailymotion.com\/video\/x68n3c\">Deux ans plus tard, en juillet 2008<\/a>, le chef de l&rsquo;Etat faisait l&rsquo;apologie du b\u00e9n\u00e9volat qui, disait-il, devait \u00eatre reconnu par les concours administratifs \u2014 \u00ab car \u00e7a vaut autant que de savoir par c\u0153ur La Princesse de Cl\u00e8ves. J&rsquo;ai rien contre, mais&#8230; bon, j&rsquo;avais beaucoup souffert sur elle \u00bb. L\u2019une de ces formulations d\u2019une ambigu\u00eft\u00e9 \u00e9quivoque qui font que l\u2019on pardonne beaucoup de choses \u00e0 Sarko, tant il nous fait sourire.<br \/>\nN\u2019emp\u00eache que dans les mois qui suivirent, de nombreuses lectures de<em> la Princesse<\/em> s\u2019organis\u00e8rent dans des lieux publics. <a href=\"http:\/\/www.lemonde.fr\/cinema\/article\/2011\/03\/29\/et-nicolas-sarkozy-fit-la-fortune-du-roman-de-mme-de-la-fayette_1500132_3476.html\">Et les ventes s\u2019envol\u00e8rent<\/a> \u2014 une fa\u00e7on intelligente, enfin, de protester\u2026<a href=\"https:\/\/blog.causeur.fr\/bonnetdane\/c-de-classiques-002187.html\/1499528_3_c696_lecture-publique-de-la-princesse-de-cleves\" rel=\"attachment wp-att-2196\"><img loading=\"lazy\" decoding=\"async\" class=\"aligncenter size-medium wp-image-2196\" src=\"https:\/\/blog.causeur.fr\/bonnetdane\/files\/2018\/05\/1499528_3_c696_lecture-publique-de-la-princesse-de-cleves-300x150.jpg\" alt=\"1499528_3_c696_lecture-publique-de-la-princesse-de-cleves\" width=\"300\" height=\"150\" srcset=\"https:\/\/blog.causeur.fr\/bonnetdane\/wp-content\/uploads\/sites\/25\/2018\/05\/1499528_3_c696_lecture-publique-de-la-princesse-de-cleves-300x150.jpg 300w, https:\/\/blog.causeur.fr\/bonnetdane\/wp-content\/uploads\/sites\/25\/2018\/05\/1499528_3_c696_lecture-publique-de-la-princesse-de-cleves-500x250.jpg 500w, https:\/\/blog.causeur.fr\/bonnetdane\/wp-content\/uploads\/sites\/25\/2018\/05\/1499528_3_c696_lecture-publique-de-la-princesse-de-cleves.jpg 534w\" sizes=\"auto, (max-width: 300px) 100vw, 300px\" \/><\/a><\/p>\n<p>Fini de rire.<\/p>\n<p><em>Enter<\/em> Florence Charravin, aujourd\u2019hui IPR de Lettres en PACA, qui lorsqu\u2019elle \u00e9tait encore enseignante, au lyc\u00e9e Aubanel\u00a0d\u2019Avignon \u2014 c\u2019est plein de populations d\u00e9sh\u00e9rit\u00e9es, Avignon, elles valent bien un enseignement particulier et p\u00e9dagogiquement constructif, et m\u00eame constructiviste \u2014, avait travaill\u00e9 avec ses Premi\u00e8res sur le roman de Mme de Lafayette en cr\u00e9ant un compte Facebook sur lequel les \u00e9l\u00e8ves pouvaient \u00e9changer leurs impressions de lecture.<a href=\"https:\/\/blog.causeur.fr\/bonnetdane\/c-de-classiques-002187.html\/capture-decran-2018-05-05-a-15-51-00\" rel=\"attachment wp-att-2197\"><img loading=\"lazy\" decoding=\"async\" class=\"aligncenter size-medium wp-image-2197\" src=\"https:\/\/blog.causeur.fr\/bonnetdane\/files\/2018\/05\/Capture-d\u2019\u00e9cran-2018-05-05-\u00e0-15.51.00-300x180.png\" alt=\"Capture d\u2019\u00e9cran 2018-05-05 \u00e0 15.51.00\" width=\"300\" height=\"180\" srcset=\"https:\/\/blog.causeur.fr\/bonnetdane\/wp-content\/uploads\/sites\/25\/2018\/05\/Capture-d\u2019\u00e9cran-2018-05-05-\u00e0-15.51.00-300x180.png 300w, https:\/\/blog.causeur.fr\/bonnetdane\/wp-content\/uploads\/sites\/25\/2018\/05\/Capture-d\u2019\u00e9cran-2018-05-05-\u00e0-15.51.00-768x461.png 768w, https:\/\/blog.causeur.fr\/bonnetdane\/wp-content\/uploads\/sites\/25\/2018\/05\/Capture-d\u2019\u00e9cran-2018-05-05-\u00e0-15.51.00-500x300.png 500w, https:\/\/blog.causeur.fr\/bonnetdane\/wp-content\/uploads\/sites\/25\/2018\/05\/Capture-d\u2019\u00e9cran-2018-05-05-\u00e0-15.51.00.png 796w\" sizes=\"auto, (max-width: 300px) 100vw, 300px\" \/><\/a> Ah, ces \u00ab\u00a0<a href=\"https:\/\/www.pedagogie.ac-aix-marseille.fr\/upload\/docs\/application\/pdf\/2015-05\/pratiques-orales-num-cleves.pdf\">pratiques orales num\u00e9riques\u00a0\u00bb appliqu\u00e9es \u00e0 la litt\u00e9rature<\/a>, c&rsquo;est trop beau ! Elle avait fini par leur sugg\u00e9rer de r\u00e9\u00e9crire le chef d\u2019\u0153uvre dans leur langage, en modifiant l\u2019intrigue de fa\u00e7on \u00e0 ce que \u00e7a leur parle. On appelle cela s\u2019approprier une \u0153uvre, chez les didactichiens du Fran\u00e7ais. Alors, \u00e0 la fin, elle se tape Nemours, cette p\u00e9tasse ?<\/p>\n<div id=\"ligne\"><\/div>\n<p>Les <em>Cahiers p\u00e9dagogiques<\/em>, bible du p\u00e9dago, <a href=\"http:\/\/www.cafepedagogique.net\/lexpresso\/Pages\/2015\/12\/14122015Article635856578489324990.aspx\">s&rsquo;en sont enthousiasm\u00e9s<\/a>. \u00c0 propos, \u00e7a avance, cette suppression de subvention ?<\/p>\n<p>Notez que ce n\u2019est pas plus d\u00e9lirant que la proposition faite par une prof du lyc\u00e9e de l\u2019Iroise, \u00e0 Brest \u2014 qui travaillant sur <em>le Jeu de l\u2019amour et du hasard<\/em>, a sugg\u00e9r\u00e9 \u00e0 ses \u00e9l\u00e8ves de <a href=\"http:\/\/i-voix.net\/2018\/04\/presentation-le-jeu-de-l-amour-et-des-smartphones.html\">doter les personnages d\u2019un Smartphone<\/a> et de modifier l\u2019\u0153uvre en fonction de ce param\u00e8tre auquel cet abruti de Marivaux n\u2019avait pas pens\u00e9 en 1730. S\u00fbr que c\u2019\u00e9tait trop compliqu\u00e9 de les initier au marivaudage, au rococo et aux m\u0153urs de l\u2019apr\u00e8s-R\u00e9gence, quand Louis XV laissait le cardinal de Fleury gouverner pour pouvoir s\u2019amuser tout \u00e0 son aise. Je suis ravi que la plate-forme officielle EDUSCOL recommande l&rsquo;id\u00e9e. Il n&rsquo;y en a pas de meilleure.<a href=\"https:\/\/blog.causeur.fr\/bonnetdane\/c-de-classiques-002187.html\/capture-decran-2018-05-04-a-02-41-44\" rel=\"attachment wp-att-2198\"><img loading=\"lazy\" decoding=\"async\" class=\"aligncenter size-medium wp-image-2198\" src=\"https:\/\/blog.causeur.fr\/bonnetdane\/files\/2018\/05\/Capture-d\u2019\u00e9cran-2018-05-04-\u00e0-02.41.44-249x300.png\" alt=\"Capture d\u2019\u00e9cran 2018-05-04 \u00e0 02.41.44\" width=\"249\" height=\"300\" srcset=\"https:\/\/blog.causeur.fr\/bonnetdane\/wp-content\/uploads\/sites\/25\/2018\/05\/Capture-d\u2019\u00e9cran-2018-05-04-\u00e0-02.41.44-249x300.png 249w, https:\/\/blog.causeur.fr\/bonnetdane\/wp-content\/uploads\/sites\/25\/2018\/05\/Capture-d\u2019\u00e9cran-2018-05-04-\u00e0-02.41.44.png 510w\" sizes=\"auto, (max-width: 249px) 100vw, 249px\" \/><\/a><\/p>\n<p>D\u2019autant qu\u2019il n\u2019y a pas de raison de s\u2019arr\u00eater l\u00e0. On peut aussi institutionnaliser le contresens, histoire de faire mode. <a href=\"https:\/\/blog.causeur.fr\/bonnetdane\/faites-vous-mal-lisez-le-nouveau-magazine-litteraire-002124.html\">J\u2019ai racont\u00e9<\/a>, en rendant compte des horreurs imprim\u00e9es dans le <em>Nouveau magazine Litt\u00e9raire<\/em> (command\u00e9 dans tous les CDI qui se respectent) comment une enseignante de Paris III, Sophie Rabau, sugg\u00e8re de traquer dans la litt\u00e9rature toutes les traces de viol ant\u00e9rieures aux histoires que racontent les \u0153uvres. Si. M\u00e9d\u00e9e ? Viol\u00e9e \u2014 c\u2019est pour \u00e7a qu\u2019elle c\u00e8de \u00e0 Jason. Ne c\u00e8dent sans doute que des femmes pr\u00e9-viol\u00e9es. Nausicaa ? Viol\u00e9e itou \u2014 par Ulysse, aussi d\u00e9sempar\u00e9 soit-il quand il aborde les c\u00f4tes ph\u00e9aciennes. M\u00e9lisande ? Viol\u00e9e \u2014 c\u2019est pour \u00e7a qu\u2019on la prend aux cheveux sans doute\u2026 Et Manon Lescaut, et la C\u00e9lim\u00e8ne du <em>Misanthrope<\/em>, toutes viol\u00e9es ant\u00e9rieurement\u2026\u2028Et Carmen, dont Leo Muscato, \u00e0 Florence, a revisit\u00e9 l\u2019op\u00e9ra avec le succ\u00e8s que l\u2019on sait ? Viol\u00e9e aussi \u2014 chez les Gitans, hein\u2026<br \/>\nEt notre universitaire (auteur d\u2019une Carmen comme \u00ab figure queer \u00bb \u2014 pourquoi diable se g\u00eaner, M\u00e9rim\u00e9e ne portera plus plainte) de sugg\u00e9rer qu\u2019une \u00ab action collective des lecteurs lectrices et personnages mette au jour la violence enfouie dans les pages de la litt\u00e9rature mondiale \u00bb. En attendant sans doute de les r\u00e9\u00e9crire \u2014 voir ci-dessus. Voir ci-dessous.<\/p>\n<p>Pour cela, prenez les conseils de Patrice Jean dans <em>l\u2019Homme surnum\u00e9raire<\/em>, <a href=\"https:\/\/blog.causeur.fr\/bonnetdane\/lhomme-surnumeraire-de-patrice-jean-editions-rue-fromentin-002005.html\">dont j\u2019ai rendu compte ici-m\u00eame<\/a>. Le h\u00e9ros est charg\u00e9 de supprimer des \u0153uvres tout ce qui pourrait choquer le politiquement correct, en les r\u00e9duisant \u00e0 des proportions acceptables en nos temps fr\u00e9n\u00e9tiques. Ainsi C\u00e9line. \u00ab Lorsque Beaussant m\u2019informait qu\u2019il avait <em>c\u00e9lin\u00e9<\/em> une \u0153uvre, c\u2019est qu\u2019il n\u2019en restait, dans le volume et dans l\u2019esprit, presque rien. Le verbe, on l\u2019aura compris, se r\u00e9f\u00e9rait \u00e0 C\u00e9line : <em>Voyage au bout de la nuit<\/em>, gros roman de plus de six cents pages, avait subi une cure d\u2019amaigrissement, de sorte qu\u2019il se pr\u00e9sentait, dans notre collection, sous la forme d\u2019une petite plaquette d\u2019\u00e0 peine vingt pages, dont le contenu printanier, guilleret et fleuri, n\u2019aurait pas choqu\u00e9 les s\u00e9ides les plus soumis au politiquement correct. \u00bb<\/p>\n<p>Voil\u00e0 qui devrait satisfaire le collectif <em>Lettres vives<\/em>, <a href=\"https:\/\/www.questionsdeclasses.org\/?Naissance-du-collectif-Lettres-vives-pour-un-autre-enseignement-du-francais\">qui vient de se fendre d\u2019un manifeste de protestation<\/a> contre les diktats (quel autre mot, pour ces gens-l\u00e0, qui ont la libert\u00e9 p\u00e9dagogique \u00e0 sens unique \u2014 le leur ?) de Jean-Michel Blanquer, et sugg\u00e8rent, \u00e0 rebours des bonnes intentions minist\u00e9rielles (qui ne mangent pas de pain ni de cr\u00e9dits nouveaux) d\u2019enseigner \u2014 comme eux \u2014 de fa\u00e7on dynamique et surtout pas \u00ab testamentaire \u00bb :<br \/>\n\u00ab C\u2019est d\u2019abord la curiosit\u00e9 des \u00e9l\u00e8ves, leur finesse, leur capacit\u00e9 \u00e0 se mettre \u00e0 la place de l\u2019autre qui nous interpellent et que nous voudrions partager et souligner. Ce sont des paroles sur le cours, sur la litt\u00e9rature ; des paroles sur la culture, leurs cultures ; des paroles sur la vie, le monde, la soci\u00e9t\u00e9, sur l\u2019histoire\u2026 pour qui veut bien les accueillir. \u00c0 la mani\u00e8re des auteur.e.s qu\u2019ils c\u00f4toient \u2013 avec ou sans nous \u2013, les \u00e9l\u00e8ves savent faire rire, faire r\u00e9fl\u00e9chir, \u00e9mouvoir, interroger, bousculer, etc.<br \/>\n\u00ab La langue est un objet vivant, une r\u00e9invention permanente de nous-m\u00eames et de notre relation \u00e0 l\u2019autre et au monde. Son enseignement ne se r\u00e9duit pas \u00e0 une vis\u00e9e utilitaire ou testamentaire.<br \/>\n\u00ab Point d\u2019id\u00e9alisation ni d\u2019ang\u00e9lisme de notre part. Et m\u00eame s\u2019il faut avouer que, entre brouhaha et mutisme, lib\u00e9rer cette \u00e9nergie n\u2019est pas facile tous les jours, nous savons aussi qu\u2019\u00e9mergent des paroles pr\u00e9cieuses, des textes vifs et des textes \u00e0 vif\u2026<br \/>\n\u00ab Notre projet est de \u00ab vivifier \u00bb les contenus et les pratiques en ne limitant pas l\u2019enseignement des lettres \u00e0 une \u00ab histoire nationale de la litt\u00e9rature \u00bb. La place des femmes dans les programmes, celle des domin\u00e9.e.s, des exploit\u00e9.e.s, etc. abord\u00e9es dans une perspective sociale et politique, la lutte contre le discours dominant, etc. tels sont les enjeux dont les \u00e9l\u00e8ves doivent s\u2019emparer. \u00bb<br \/>\nC\u2019est beau. C\u2019est tr\u00e8s beau. L\u2019effet discret d\u2019\u00e9criture inclusive aussi. Les auteur.e.s. Magnifique. \u00ab Tu fais quoi dans la vie ? \u00bb \u00ab Je suis auteure et professeure, peuch\u00e8re\u2026 \u00bb Quant aux domin\u00e9.e.s et exploit\u00e9.e.s, on sent dans la graphie impronon\u00e7able une sensibilit\u00e9 de gauche qui permet de sonder le pass\u00e9 de Nausicaa (allez, fillette, balance ton porc !) et de M\u00e9d\u00e9e (tu n\u2019aurais pas \u00e9t\u00e9 viol\u00e9e par ton fr\u00e8re, toi ? C\u2019est pour \u00e7a que tu l\u2019as d\u00e9coup\u00e9 en morceaux, hein \u2014 bien fait pour sa gueule !).<br \/>\nJe conseille au ministre de jeter un \u0153il sur la liste des signataires : il y trouvera une cohorte d\u2019enseignants d\u2019ESPE (virons-les !), et Viviane Youx, la responsable de l\u2019AFEF (Association Fran\u00e7aise des Enseignants de Fran\u00e7ais), ce groupuscule qui ne repr\u00e9sente que lui-m\u00eame, et <a href=\"http:\/\/www.cafepedagogique.net\/lexpresso\/Pages\/2018\/02\/08022018Article636536710063850294.aspx\">s\u2019indigne, ces derniers jours, de la suppression au Bac de \u00ab l\u2019\u00e9criture d\u2019invention \u00bb<\/a>, cette horreur p\u00e9dagogique. Comment ? L\u2019AFEF re\u00e7oit encore une subvention ? Allez, un bon mouvement, accordez-lui le droit de se financer sur ses fonds propres. Soyez lib\u00e9ral, Monsieur le Ministre !<\/p>\n<p>Soyons s\u00e9rieux un instant. On apprend \u00e0 peindre en recopiant, inlassablement. Plut\u00f4t que d\u2019inciter des adolescents \u00e0 \u00e9taler leurs \u00e9tats d\u2019\u00e2me (c\u2019est toujours un peu r\u00e9pugnant, un \u00e9tat d\u2019\u00e2me acn\u00e9ique) en leur faisant croire qu\u2019ils valent bien Rimbaud, on devrait leur faire recopier <a href=\"https:\/\/fr.wikisource.org\/wiki\/Les_Liaisons_dangereuses\/Lettre_81\">la lettre 81 des <em>Liaisons dangereuses<\/em><\/a>, qui est le plus grand texte f\u00e9ministe jamais \u00e9crit \u2014 ah mince, il a \u00e9t\u00e9 r\u00e9dig\u00e9 par un homme.<br \/>\nSalauds d\u2019hommes. Ils sont partout.<\/p>\n<p>Jean-Paul Brighelli<\/p>\n","protected":false},"excerpt":{"rendered":"<p>\u00ab Qu\u2019est-ce qu\u2019un Classique ? \u00bb est depuis Sainte-Beuve (priez pour moi !) l\u2019un des sujets les plus donn\u00e9s en Lettres, les plus comment\u00e9s sur le Web. J\u2019ai gard\u00e9 dans mes archives une bonne copie d\u2019\u00e9l\u00e8ve qui commence ainsi : \u00ab \u00ab J\u2019esp\u00e8re un jour ne plus \u00eatre \u00e0 la mode pour devenir un classique [&hellip;]<\/p>\n","protected":false},"author":6,"featured_media":0,"comment_status":"open","ping_status":"open","sticky":false,"template":"","format":"standard","meta":{"footnotes":""},"categories":[1],"tags":[1464,1463,1354,1462,1427,1465],"class_list":{"0":"post-2187","1":"post","2":"type-post","3":"status-publish","4":"format-standard","6":"category-non-classe","7":"tag-florence-charravin","8":"tag-jeu-de-lamour-et-du-hasard","9":"tag-patrice-jean","10":"tag-princesse-de-cleves","11":"tag-sophie-rabau","12":"tag-viu-viane-youx"},"_links":{"self":[{"href":"https:\/\/blog.causeur.fr\/bonnetdane\/wp-json\/wp\/v2\/posts\/2187","targetHints":{"allow":["GET"]}}],"collection":[{"href":"https:\/\/blog.causeur.fr\/bonnetdane\/wp-json\/wp\/v2\/posts"}],"about":[{"href":"https:\/\/blog.causeur.fr\/bonnetdane\/wp-json\/wp\/v2\/types\/post"}],"author":[{"embeddable":true,"href":"https:\/\/blog.causeur.fr\/bonnetdane\/wp-json\/wp\/v2\/users\/6"}],"replies":[{"embeddable":true,"href":"https:\/\/blog.causeur.fr\/bonnetdane\/wp-json\/wp\/v2\/comments?post=2187"}],"version-history":[{"count":0,"href":"https:\/\/blog.causeur.fr\/bonnetdane\/wp-json\/wp\/v2\/posts\/2187\/revisions"}],"wp:attachment":[{"href":"https:\/\/blog.causeur.fr\/bonnetdane\/wp-json\/wp\/v2\/media?parent=2187"}],"wp:term":[{"taxonomy":"category","embeddable":true,"href":"https:\/\/blog.causeur.fr\/bonnetdane\/wp-json\/wp\/v2\/categories?post=2187"},{"taxonomy":"post_tag","embeddable":true,"href":"https:\/\/blog.causeur.fr\/bonnetdane\/wp-json\/wp\/v2\/tags?post=2187"}],"curies":[{"name":"wp","href":"https:\/\/api.w.org\/{rel}","templated":true}]}}