{"id":220,"date":"2009-08-24T12:56:01","date_gmt":"2009-08-24T12:56:01","guid":{"rendered":"http:\/\/blog.causeur.fr\/bonnetdane\/?p=220"},"modified":"2021-04-22T18:53:23","modified_gmt":"2021-04-22T16:53:23","slug":"haro-sur-les-parents","status":"publish","type":"post","link":"https:\/\/blog.causeur.fr\/bonnetdane\/haro-sur-les-parents-220","title":{"rendered":"Haro sur les parents"},"content":{"rendered":"<p>\u00ab&nbsp;<em>C<\/em><em>e pel\u00e9, ce galeux, d\u2019o\u00f9 venait tout le mal\u2026&nbsp;<\/em>\u00bb Le parent d\u2019\u00e9l\u00e8ve est-il l\u2019\u00e2ne de la fable&nbsp;? Bouc \u00e9missaire des dysfonctionnements \u2013 ou vrai malfaisant&nbsp;?<\/p>\n<p class=\"MsoNormal\">Peut-\u00eatre y a-t-il du vrai dans ce que l\u2019on reproche commun\u00e9ment aux \u00ab&nbsp;g\u00e9niteurs d\u2019apprenants&nbsp;\u00bb. Poliment invit\u00e9s \u00e0 mettre un pied dans les \u00e9tablissements apr\u00e8s 68, ils s\u2019y sont install\u00e9s, ils y ont pris leurs aises. Ils sont d\u00e9sormais pr\u00e9sents d\u2019un bout \u00e0 l\u2019autre des conseils de classe et p\u00e8sent sur les d\u00e9cisions. Membres de puissantes f\u00e9d\u00e9rations qui ont des agendas et des id\u00e9ologies sp\u00e9cifiques, ils sont devenus pour certains enseignants des rivaux \u2013 surtout depuis que l\u2019Education est la mission premi\u00e8re d\u2019une Ecole jamais vou\u00e9e \u00e0 l\u2019Instruction -, des concurrents souvent (que d\u2019id\u00e9es re\u00e7ues rapport\u00e9es en classe par Aliz\u00e9e ou Zin\u00e9dine\u2026), des boxeurs survolt\u00e9s ou des plaideurs irascibles quelquefois.<\/p>\n<p class=\"MsoNormal\">L\u2019administration appr\u00e9hende les col\u00e8res de ces \u00e9lecteurs en puissance de votes et d\u2019enfants. Les ministres les cajolent, les directeurs d\u2019\u00e9coles, principaux de coll\u00e8ges ou proviseurs de lyc\u00e9es les craignent. Et les CPE sont la courroie de transmission docile entre les parents, courrouc\u00e9s par les r\u00e9primandes adress\u00e9es \u00e0 Monch\u00e9ri ou les notes mises \u00e0 Moncoeur, et les enseignants pr\u00e9sum\u00e9s coupables \u2013 de cruaut\u00e9 mentale ou de p\u00e9dagogies abusivement directives\u2026<\/p>\n<p class=\"MsoNormal\">Mais ce que je viens d\u2019\u00e9noncer ci-dessus est peut-\u00eatre une caricature\u2026 Je connais nombre de parents respectueux du travail des enseignants qui doublent, \u00e0 la maison, les punitions donn\u00e9es en classe, ou les compl\u00e8tent d\u2019une taloche \u00e0 l\u2019ancienne, lorsque la moutarde du m\u00eame nom leur monte au nez.<\/p>\n<p class=\"MsoNormal\">Des parents qui jugent que les enseignants sont des sp\u00e9cialistes, et pas eux. Et quelques autres qui se rappellent avec d\u00e9lices les coups de r\u00e8gle sur les doigts, la r\u00e8gle de trois ou les \u00ab&nbsp;<em>sanglots longs des violons de l\u2019automne\u2026<\/em>&nbsp;\u00bb &#8211; et souvent qu\u2019un dur apprentissage engendre, \u00e0 terme, plus d\u2019amusants souvenirs que de traumatismes.<\/p>\n<p class=\"MsoNormal\">J\u2019en connais m\u00eame qui, comme Condorcet, estiment que l\u2019Education est de leur ressort, et non de celui de l\u2019Institution. Mais ceux-l\u00e0 sont de plus en plus rares\u2026<\/p>\n<p class=\"MsoNormal\">Une \u00e9minente journaliste, qui est d\u2019ailleurs, \u00e0 l\u2019origine, prof de lettres, et a \u00e9crit l\u2019un des meilleurs ouvrages sur la d\u00e9liquescence de l\u2019Ecole de la R\u00e9publique<a name=\"_ftnref1\" href=\"#_ftn1\"><\/a><span class=\"MsoFootnoteReference\"><span>[1]<\/span><\/span>, cherche des t\u00e9moignages sur les divers aspects de la relation complexe, ou conflictuelle, entre enseignants et parents. Ces derniers seraient-ils l\u2019un de ces fl\u00e9aux modernes qui, mieux que les sauterelles \u00e9gyptiennes, porteraient la responsabilit\u00e9 de la mort programm\u00e9e de l\u2019Ecole&nbsp;? Parents, p\u00e9dagogues, id\u00e9ologues, m\u00eame combat&nbsp;?<\/p>\n<p class=\"MsoNormal\">En-dehors des r\u00e9actions imm\u00e9diates que ce blog enregistrera avec l\u2019impartialit\u00e9 qui est la sienne, n\u2019h\u00e9sitez pas \u00e0 lui donner en priv\u00e9 les d\u00e9tails que l\u2019on n\u2019affiche pas sur un site public, en adressant vos mails \u00e0 <a href=\"mailto:npolony@lefigaro.fr\">npolony@lefigaro.fr<\/a><\/p>\n<p class=\"MsoNormal\">D\u2019avance, merci pour elle, et \u00e0 vos claviers,<\/p>\n<p class=\"MsoNormal\">Jean-Paul Brighelli.<\/p>\n<div><br clear=\"all\" \/><\/p>\n<hr align=\"left\" size=\"1\" width=\"33%\" \/>\n<div id=\"ftn1\">\n<p class=\"MsoFootnoteText\"><a name=\"_ftn1\" href=\"#_ftnref1\"><\/a><span class=\"MsoFootnoteReference\"><span>[1]<\/span><\/span> Natacha Polony, <em>Nos enfants g\u00e2ch\u00e9s<\/em><span>, JC Latt\u00e8s, Mars 2005.<\/span><\/p>\n<\/div>\n<\/div>\n<p><!--EndFragment--><\/p>\n","protected":false},"excerpt":{"rendered":"<p>\u00ab&nbsp;Ce pel\u00e9, ce galeux, d\u2019o\u00f9 venait tout le mal\u2026&nbsp;\u00bb Le parent d\u2019\u00e9l\u00e8ve est-il l\u2019\u00e2ne de la fable&nbsp;? Bouc \u00e9missaire des dysfonctionnements \u2013 ou vrai malfaisant&nbsp;? Peut-\u00eatre y a-t-il du vrai dans ce que l\u2019on reproche commun\u00e9ment aux \u00ab&nbsp;g\u00e9niteurs d\u2019apprenants&nbsp;\u00bb. Poliment invit\u00e9s \u00e0 mettre un pied dans les \u00e9tablissements apr\u00e8s 68, ils s\u2019y sont install\u00e9s, ils [&hellip;]<\/p>\n","protected":false},"author":6,"featured_media":0,"comment_status":"open","ping_status":"open","sticky":false,"template":"","format":"standard","meta":{"footnotes":""},"categories":[1],"tags":[],"class_list":{"0":"post-220","1":"post","2":"type-post","3":"status-publish","4":"format-standard","6":"category-non-classe"},"_links":{"self":[{"href":"https:\/\/blog.causeur.fr\/bonnetdane\/wp-json\/wp\/v2\/posts\/220","targetHints":{"allow":["GET"]}}],"collection":[{"href":"https:\/\/blog.causeur.fr\/bonnetdane\/wp-json\/wp\/v2\/posts"}],"about":[{"href":"https:\/\/blog.causeur.fr\/bonnetdane\/wp-json\/wp\/v2\/types\/post"}],"author":[{"embeddable":true,"href":"https:\/\/blog.causeur.fr\/bonnetdane\/wp-json\/wp\/v2\/users\/6"}],"replies":[{"embeddable":true,"href":"https:\/\/blog.causeur.fr\/bonnetdane\/wp-json\/wp\/v2\/comments?post=220"}],"version-history":[{"count":0,"href":"https:\/\/blog.causeur.fr\/bonnetdane\/wp-json\/wp\/v2\/posts\/220\/revisions"}],"wp:attachment":[{"href":"https:\/\/blog.causeur.fr\/bonnetdane\/wp-json\/wp\/v2\/media?parent=220"}],"wp:term":[{"taxonomy":"category","embeddable":true,"href":"https:\/\/blog.causeur.fr\/bonnetdane\/wp-json\/wp\/v2\/categories?post=220"},{"taxonomy":"post_tag","embeddable":true,"href":"https:\/\/blog.causeur.fr\/bonnetdane\/wp-json\/wp\/v2\/tags?post=220"}],"curies":[{"name":"wp","href":"https:\/\/api.w.org\/{rel}","templated":true}]}}